{"id":77038,"date":"2013-12-09T17:40:50","date_gmt":"2013-12-09T16:40:50","guid":{"rendered":"http:\/\/www.visit-ulcinj.com\/blog\/?p=77038"},"modified":"2013-12-10T19:44:02","modified_gmt":"2013-12-10T18:44:02","slug":"muzeu-ulqinit-dyer-te-mbyllura-ne-greve-foto","status":"publish","type":"post","link":"https:\/\/www.visit-ulcinj.com\/blog\/2013\/12\/09\/muzeu-ulqinit-dyer-te-mbyllura-ne-greve-foto\/","title":{"rendered":"Muzeu i Ulqinit me dyer t\u00eb mbyllura n\u00eb  grev\u00eb + Foto"},"content":{"rendered":"<p><a href=\"http:\/\/www.visit-ulcinj.com\/blog\/wp-content\/uploads\/2013\/12\/Muzeu-i-Ulqinit-me-dyer-t\u00eb-mbyllura-n\u00eb-grev\u00eb.jpg\"><img loading=\"lazy\" class=\"alignleft  wp-image-77039\" alt=\"Muzeu i Ulqinit me dyer t\u00eb mbyllura n\u00eb  grev\u00eb\" src=\"http:\/\/www.visit-ulcinj.com\/blog\/wp-content\/uploads\/2013\/12\/Muzeu-i-Ulqinit-me-dyer-t\u00eb-mbyllura-n\u00eb-grev\u00eb.jpg\" width=\"508\" height=\"360\" \/><\/a>Ismet Karamanaga problemin e k\u00ebtij muzeu e solli n\u00eb qend\u00ebr t\u00eb v\u00ebmendjes t\u00eb publikut vendas dhe atyre republikan. Muzeu ka nj\u00eb fond t\u00eb konsideruesh\u00ebm republikan q\u00eb \u00ebsht\u00eb v\u00ebn\u00eb n\u00eb dispozicion, q\u00eb parashikonte rikonstruksionin e Muzeut dhe nd\u00ebrtimin e\u00a0 \u00e7atis\u00eb s\u00eb tij\u00eb.<\/p>\n<p><a href=\"http:\/\/www.visit-ulcinj.com\/blog\/wp-content\/uploads\/2013\/12\/Muzeu-i-Ulqinit-me-dyer-t\u00eb-mbyllura-n\u00eb-grev\u00eb_catia.jpg\"><img loading=\"lazy\" class=\"alignleft  wp-image-77040\" alt=\"Muzeu i Ulqinit me dyer t\u00eb mbyllura n\u00eb  grev\u00eb_catia\" src=\"http:\/\/www.visit-ulcinj.com\/blog\/wp-content\/uploads\/2013\/12\/Muzeu-i-Ulqinit-me-dyer-t\u00eb-mbyllura-n\u00eb-grev\u00eb_catia.jpg\" width=\"508\" height=\"360\" \/><\/a><\/p>\n<p>Nd\u00ebrkaq shihet se \u00e7atia e Muzeut t\u00eb Ulqinit\u00a0 vazhdon t\u00eb jet\u00eb e \u00e7elur duke ditur se n\u00ebse ka rreshje shiut do p\u00ebsoje deme t\u00eb m\u00ebdha\u00a0 duke l\u00ebn\u00eb nj\u00eb imazh shum\u00eb t\u00eb keq p\u00ebr kalimtar\u00ebt dhe turist\u00ebt.<\/p>\n<p>Por tashm\u00eb p\u00ebrpara syve kemi vet\u00ebm k\u00ebt\u00eb imazh \u00e7atisia e \u00e7elur t\u00eb muzeut\u00a0 dhe askush nuk e di me siguri se kur do t\u00eb hapen dyert e Muzeut t\u00eb Ulqinit me orar\u00eb narmal t\u00eb pun\u00ebs.<\/p>\n<p><a href=\"http:\/\/www.visit-ulcinj.com\/blog\/wp-content\/uploads\/2013\/12\/catia-e-muzeut.jpg\"><img loading=\"lazy\" class=\"alignleft  wp-image-77041\" alt=\"catia e muzeut\" src=\"http:\/\/www.visit-ulcinj.com\/blog\/wp-content\/uploads\/2013\/12\/catia-e-muzeut.jpg\" width=\"508\" height=\"360\" \/><\/a><\/p>\n<p>Q\u00eb mos t\u00eb rrim\u00eb pas dyerve t\u00eb mbyllura t\u00eb muzeut t\u00eb Ulqinit, duhet t\u00eb pyesim kur dhe si do t\u00eb behej rikonstruksioni i \u00e7atis\u00eb s\u00eb Muzeut t\u00eb Ulqinit duke ruajtur n\u00eb t\u00eb njajt\u00ebn koh\u00eb mbrojtjen dhe sigurin e turist\u00ebve.\/Lajme nga Ulqini\/<\/p>\n<p><strong>Foto: <a id=\"js_113\" href=\"https:\/\/www.facebook.com\/ismet.karamanaga?hc_location=timeline\" data-hovercard=\"\/ajax\/hovercard\/user.php?id=1359492972&amp;extragetparams=%7B%22hc_location%22%3A%22timeline%22%7D\">Ismet Karamanaga<\/a> Facebook<\/strong><\/p>\n","protected":false},"excerpt":{"rendered":"<p>Ismet Karamanaga problemin e k\u00ebtij muzeu e solli n\u00eb qend\u00ebr t\u00eb v\u00ebmendjes t\u00eb publikut vendas dhe atyre republikan. Muzeu ka nj\u00eb fond t\u00eb konsideruesh\u00ebm republikan q\u00eb \u00ebsht\u00eb v\u00ebn\u00eb n\u00eb dispozicion, q\u00eb parashikonte rikonstruksionin e Muzeut dhe nd\u00ebrtimin e\u00a0 \u00e7atis\u00eb s\u00eb tij\u00eb. Nd\u00ebrkaq shihet se \u00e7atia e Muzeut t\u00eb Ulqinit\u00a0 vazhdon t\u00eb jet\u00eb e \u00e7elur duke [&hellip;]<\/p>\n","protected":false},"author":1,"featured_media":0,"comment_status":"closed","ping_status":"closed","sticky":false,"template":"","format":"standard","meta":{"spay_email":"","jetpack_publicize_message":"","jetpack_is_tweetstorm":false,"jetpack_publicize_feature_enabled":true},"categories":[1,11],"tags":[],"jetpack_publicize_connections":[],"yoast_head":"<!-- This site is optimized with the Yoast SEO plugin v19.1 - https:\/\/yoast.com\/wordpress\/plugins\/seo\/ -->\n<title>Muzeu i Ulqinit me dyer t\u00eb mbyllura n\u00eb grev\u00eb + Foto - Lajme nga Ulqini<\/title>\n<meta name=\"description\" content=\"Ismet Karamanaga problemin e k\u00ebtij muzeu e solli n\u00eb qend\u00ebr t\u00eb v\u00ebmendjes t\u00eb publikut vendas dhe atyre republikan. Muzeu ka nj\u00eb fond t\u00eb konsideruesh\u00ebm\" \/>\n<meta name=\"robots\" content=\"index, follow, max-snippet:-1, max-image-preview:large, max-video-preview:-1\" \/>\n<link rel=\"canonical\" href=\"https:\/\/www.visit-ulcinj.com\/blog\/2013\/12\/09\/muzeu-ulqinit-dyer-te-mbyllura-ne-greve-foto\/\" \/>\n<meta property=\"og:locale\" content=\"en_US\" \/>\n<meta property=\"og:type\" content=\"article\" \/>\n<meta property=\"og:title\" content=\"Muzeu i Ulqinit me dyer t\u00eb mbyllura n\u00eb grev\u00eb + Foto - Lajme nga Ulqini\" \/>\n<meta property=\"og:description\" content=\"Ismet Karamanaga problemin e k\u00ebtij muzeu e solli n\u00eb qend\u00ebr t\u00eb v\u00ebmendjes t\u00eb publikut vendas dhe atyre republikan. Muzeu ka nj\u00eb fond t\u00eb konsideruesh\u00ebm\" \/>\n<meta property=\"og:url\" content=\"https:\/\/www.visit-ulcinj.com\/blog\/2013\/12\/09\/muzeu-ulqinit-dyer-te-mbyllura-ne-greve-foto\/\" \/>\n<meta property=\"og:site_name\" content=\"Lajme nga Ulqini\" \/>\n<meta property=\"article:published_time\" content=\"2013-12-09T16:40:50+00:00\" \/>\n<meta property=\"article:modified_time\" content=\"2013-12-10T18:44:02+00:00\" \/>\n<meta property=\"og:image\" content=\"http:\/\/www.visit-ulcinj.com\/blog\/wp-content\/uploads\/2013\/12\/catia-e-muzeut.jpg\" \/>\n<meta name=\"twitter:label1\" content=\"Written by\" \/>\n\t<meta name=\"twitter:data1\" content=\"ulqini\" \/>\n\t<meta name=\"twitter:label2\" content=\"Est. reading time\" \/>\n\t<meta name=\"twitter:data2\" content=\"1 minute\" \/>\n<script type=\"application\/ld+json\" class=\"yoast-schema-graph\">{\"@context\":\"https:\/\/schema.org\",\"@graph\":[{\"@type\":\"WebSite\",\"@id\":\"https:\/\/www.visit-ulcinj.com\/blog\/#website\",\"url\":\"https:\/\/www.visit-ulcinj.com\/blog\/\",\"name\":\"Lajme nga Ulqini\",\"description\":\"Lajme,Vijesti,Ulqini,Ulqin,Crna Gora,Mali i Zi\",\"potentialAction\":[{\"@type\":\"SearchAction\",\"target\":{\"@type\":\"EntryPoint\",\"urlTemplate\":\"https:\/\/www.visit-ulcinj.com\/blog\/?s={search_term_string}\"},\"query-input\":\"required name=search_term_string\"}],\"inLanguage\":\"en-US\"},{\"@type\":\"ImageObject\",\"inLanguage\":\"en-US\",\"@id\":\"https:\/\/www.visit-ulcinj.com\/blog\/2013\/12\/09\/muzeu-ulqinit-dyer-te-mbyllura-ne-greve-foto\/#primaryimage\",\"url\":\"https:\/\/www.visit-ulcinj.com\/blog\/wp-content\/uploads\/2013\/12\/catia-e-muzeut.jpg\",\"contentUrl\":\"https:\/\/www.visit-ulcinj.com\/blog\/wp-content\/uploads\/2013\/12\/catia-e-muzeut.jpg\",\"width\":960,\"height\":720},{\"@type\":\"WebPage\",\"@id\":\"https:\/\/www.visit-ulcinj.com\/blog\/2013\/12\/09\/muzeu-ulqinit-dyer-te-mbyllura-ne-greve-foto\/#webpage\",\"url\":\"https:\/\/www.visit-ulcinj.com\/blog\/2013\/12\/09\/muzeu-ulqinit-dyer-te-mbyllura-ne-greve-foto\/\",\"name\":\"Muzeu i Ulqinit me dyer t\u00eb mbyllura n\u00eb grev\u00eb + Foto - Lajme nga Ulqini\",\"isPartOf\":{\"@id\":\"https:\/\/www.visit-ulcinj.com\/blog\/#website\"},\"primaryImageOfPage\":{\"@id\":\"https:\/\/www.visit-ulcinj.com\/blog\/2013\/12\/09\/muzeu-ulqinit-dyer-te-mbyllura-ne-greve-foto\/#primaryimage\"},\"datePublished\":\"2013-12-09T16:40:50+00:00\",\"dateModified\":\"2013-12-10T18:44:02+00:00\",\"author\":{\"@id\":\"https:\/\/www.visit-ulcinj.com\/blog\/#\/schema\/person\/dcab619c614d3038751c63bc2aadc06d\"},\"description\":\"Ismet Karamanaga problemin e k\u00ebtij muzeu e solli n\u00eb qend\u00ebr t\u00eb v\u00ebmendjes t\u00eb publikut vendas dhe atyre republikan. Muzeu ka nj\u00eb fond t\u00eb konsideruesh\u00ebm\",\"breadcrumb\":{\"@id\":\"https:\/\/www.visit-ulcinj.com\/blog\/2013\/12\/09\/muzeu-ulqinit-dyer-te-mbyllura-ne-greve-foto\/#breadcrumb\"},\"inLanguage\":\"en-US\",\"potentialAction\":[{\"@type\":\"ReadAction\",\"target\":[\"https:\/\/www.visit-ulcinj.com\/blog\/2013\/12\/09\/muzeu-ulqinit-dyer-te-mbyllura-ne-greve-foto\/\"]}]},{\"@type\":\"BreadcrumbList\",\"@id\":\"https:\/\/www.visit-ulcinj.com\/blog\/2013\/12\/09\/muzeu-ulqinit-dyer-te-mbyllura-ne-greve-foto\/#breadcrumb\",\"itemListElement\":[{\"@type\":\"ListItem\",\"position\":1,\"name\":\"Muzeu i Ulqinit me dyer t\u00eb mbyllura n\u00eb grev\u00eb + Foto\"}]},{\"@type\":\"Person\",\"@id\":\"https:\/\/www.visit-ulcinj.com\/blog\/#\/schema\/person\/dcab619c614d3038751c63bc2aadc06d\",\"name\":\"ulqini\",\"sameAs\":[\"http:\/\/www.visit-ulcinj.com\"],\"url\":\"https:\/\/www.visit-ulcinj.com\/blog\/author\/admin\/\"}]}<\/script>\n<!-- \/ Yoast SEO plugin. -->","yoast_head_json":{"title":"Muzeu i Ulqinit me dyer t\u00eb mbyllura n\u00eb grev\u00eb + Foto - Lajme nga Ulqini","description":"Ismet Karamanaga problemin e k\u00ebtij muzeu e solli n\u00eb qend\u00ebr t\u00eb v\u00ebmendjes t\u00eb publikut vendas dhe atyre republikan. Muzeu ka nj\u00eb fond t\u00eb konsideruesh\u00ebm","robots":{"index":"index","follow":"follow","max-snippet":"max-snippet:-1","max-image-preview":"max-image-preview:large","max-video-preview":"max-video-preview:-1"},"canonical":"https:\/\/www.visit-ulcinj.com\/blog\/2013\/12\/09\/muzeu-ulqinit-dyer-te-mbyllura-ne-greve-foto\/","og_locale":"en_US","og_type":"article","og_title":"Muzeu i Ulqinit me dyer t\u00eb mbyllura n\u00eb grev\u00eb + Foto - Lajme nga Ulqini","og_description":"Ismet Karamanaga problemin e k\u00ebtij muzeu e solli n\u00eb qend\u00ebr t\u00eb v\u00ebmendjes t\u00eb publikut vendas dhe atyre republikan. Muzeu ka nj\u00eb fond t\u00eb konsideruesh\u00ebm","og_url":"https:\/\/www.visit-ulcinj.com\/blog\/2013\/12\/09\/muzeu-ulqinit-dyer-te-mbyllura-ne-greve-foto\/","og_site_name":"Lajme nga Ulqini","article_published_time":"2013-12-09T16:40:50+00:00","article_modified_time":"2013-12-10T18:44:02+00:00","og_image":[{"url":"http:\/\/www.visit-ulcinj.com\/blog\/wp-content\/uploads\/2013\/12\/catia-e-muzeut.jpg"}],"twitter_misc":{"Written by":"ulqini","Est. reading time":"1 minute"},"schema":{"@context":"https:\/\/schema.org","@graph":[{"@type":"WebSite","@id":"https:\/\/www.visit-ulcinj.com\/blog\/#website","url":"https:\/\/www.visit-ulcinj.com\/blog\/","name":"Lajme nga Ulqini","description":"Lajme,Vijesti,Ulqini,Ulqin,Crna Gora,Mali i Zi","potentialAction":[{"@type":"SearchAction","target":{"@type":"EntryPoint","urlTemplate":"https:\/\/www.visit-ulcinj.com\/blog\/?s={search_term_string}"},"query-input":"required name=search_term_string"}],"inLanguage":"en-US"},{"@type":"ImageObject","inLanguage":"en-US","@id":"https:\/\/www.visit-ulcinj.com\/blog\/2013\/12\/09\/muzeu-ulqinit-dyer-te-mbyllura-ne-greve-foto\/#primaryimage","url":"https:\/\/www.visit-ulcinj.com\/blog\/wp-content\/uploads\/2013\/12\/catia-e-muzeut.jpg","contentUrl":"https:\/\/www.visit-ulcinj.com\/blog\/wp-content\/uploads\/2013\/12\/catia-e-muzeut.jpg","width":960,"height":720},{"@type":"WebPage","@id":"https:\/\/www.visit-ulcinj.com\/blog\/2013\/12\/09\/muzeu-ulqinit-dyer-te-mbyllura-ne-greve-foto\/#webpage","url":"https:\/\/www.visit-ulcinj.com\/blog\/2013\/12\/09\/muzeu-ulqinit-dyer-te-mbyllura-ne-greve-foto\/","name":"Muzeu i Ulqinit me dyer t\u00eb mbyllura n\u00eb grev\u00eb + Foto - Lajme nga Ulqini","isPartOf":{"@id":"https:\/\/www.visit-ulcinj.com\/blog\/#website"},"primaryImageOfPage":{"@id":"https:\/\/www.visit-ulcinj.com\/blog\/2013\/12\/09\/muzeu-ulqinit-dyer-te-mbyllura-ne-greve-foto\/#primaryimage"},"datePublished":"2013-12-09T16:40:50+00:00","dateModified":"2013-12-10T18:44:02+00:00","author":{"@id":"https:\/\/www.visit-ulcinj.com\/blog\/#\/schema\/person\/dcab619c614d3038751c63bc2aadc06d"},"description":"Ismet Karamanaga problemin e k\u00ebtij muzeu e solli n\u00eb qend\u00ebr t\u00eb v\u00ebmendjes t\u00eb publikut vendas dhe atyre republikan. Muzeu ka nj\u00eb fond t\u00eb konsideruesh\u00ebm","breadcrumb":{"@id":"https:\/\/www.visit-ulcinj.com\/blog\/2013\/12\/09\/muzeu-ulqinit-dyer-te-mbyllura-ne-greve-foto\/#breadcrumb"},"inLanguage":"en-US","potentialAction":[{"@type":"ReadAction","target":["https:\/\/www.visit-ulcinj.com\/blog\/2013\/12\/09\/muzeu-ulqinit-dyer-te-mbyllura-ne-greve-foto\/"]}]},{"@type":"BreadcrumbList","@id":"https:\/\/www.visit-ulcinj.com\/blog\/2013\/12\/09\/muzeu-ulqinit-dyer-te-mbyllura-ne-greve-foto\/#breadcrumb","itemListElement":[{"@type":"ListItem","position":1,"name":"Muzeu i Ulqinit me dyer t\u00eb mbyllura n\u00eb grev\u00eb + Foto"}]},{"@type":"Person","@id":"https:\/\/www.visit-ulcinj.com\/blog\/#\/schema\/person\/dcab619c614d3038751c63bc2aadc06d","name":"ulqini","sameAs":["http:\/\/www.visit-ulcinj.com"],"url":"https:\/\/www.visit-ulcinj.com\/blog\/author\/admin\/"}]}},"jetpack_featured_media_url":"","jetpack_sharing_enabled":true,"jetpack_shortlink":"https:\/\/wp.me\/pe6lTn-k2y","_links":{"self":[{"href":"https:\/\/www.visit-ulcinj.com\/blog\/wp-json\/wp\/v2\/posts\/77038"}],"collection":[{"href":"https:\/\/www.visit-ulcinj.com\/blog\/wp-json\/wp\/v2\/posts"}],"about":[{"href":"https:\/\/www.visit-ulcinj.com\/blog\/wp-json\/wp\/v2\/types\/post"}],"author":[{"embeddable":true,"href":"https:\/\/www.visit-ulcinj.com\/blog\/wp-json\/wp\/v2\/users\/1"}],"replies":[{"embeddable":true,"href":"https:\/\/www.visit-ulcinj.com\/blog\/wp-json\/wp\/v2\/comments?post=77038"}],"version-history":[{"count":2,"href":"https:\/\/www.visit-ulcinj.com\/blog\/wp-json\/wp\/v2\/posts\/77038\/revisions"}],"predecessor-version":[{"id":77043,"href":"https:\/\/www.visit-ulcinj.com\/blog\/wp-json\/wp\/v2\/posts\/77038\/revisions\/77043"}],"wp:attachment":[{"href":"https:\/\/www.visit-ulcinj.com\/blog\/wp-json\/wp\/v2\/media?parent=77038"}],"wp:term":[{"taxonomy":"category","embeddable":true,"href":"https:\/\/www.visit-ulcinj.com\/blog\/wp-json\/wp\/v2\/categories?post=77038"},{"taxonomy":"post_tag","embeddable":true,"href":"https:\/\/www.visit-ulcinj.com\/blog\/wp-json\/wp\/v2\/tags?post=77038"}],"curies":[{"name":"wp","href":"https:\/\/api.w.org\/{rel}","templated":true}]}}