{"id":7705,"date":"2008-12-27T09:54:38","date_gmt":"2008-12-27T08:54:38","guid":{"rendered":"http:\/\/www.visit-ulcinj.com\/blog\/?p=7705"},"modified":"2008-12-30T18:45:48","modified_gmt":"2008-12-30T17:45:48","slug":"ulcinj-planirani-budzet-16-miliona","status":"publish","type":"post","link":"https:\/\/www.visit-ulcinj.com\/blog\/2008\/12\/27\/ulcinj-planirani-budzet-16-miliona\/","title":{"rendered":"Video &#8211; Ulcinj: Planirani bud\u017eet 16 miliona"},"content":{"rendered":"<p><img loading=\"lazy\" class=\"size-full wp-image-3695 alignleft\" title=\"fatmir-gjeka\" src=\"http:\/\/www.visit-ulcinj.com\/blog\/wp-content\/uploads\/2008\/09\/fatmir-gjeka.jpg\" alt=\"SEKRETAR ZA BUD\u017dET ULCINJA FATMIR ?EKA\" width=\"319\" height=\"301\" srcset=\"https:\/\/www.visit-ulcinj.com\/blog\/wp-content\/uploads\/2008\/09\/fatmir-gjeka.jpg 372w, https:\/\/www.visit-ulcinj.com\/blog\/wp-content\/uploads\/2008\/09\/fatmir-gjeka-300x283.jpg 300w\" sizes=\"(max-width: 319px) 100vw, 319px\" \/><\/p>\n<p><strong>Po prvi put u posljednjih 18 godina kapitalni dio ve?i od operativnog i iznosi preko devet miliona <\/strong><br \/>\nULCINj \u2013 Skup\u0161tina op\u0161tine Ulcinj po?ela je ju?e raspravu o Predlogu bud\u017eeta za 2009. godinu, ali je zbog nedostatka kvoruma izja\u0161njavanje o najvi\u0161em finansijskom aktu op\u0161tine odlo\u017eeno za 29. novembar. Naime, na zahtjev opozicione albanske partije Forca data je pauza kako bi se nadle\u017ena op\u0161tinska komisija izjasnila povodom amandmana koje je ta partija dala na predlog bud\u017eeta, ali su se nakon vi\u0161esatne pauze u skup\u0161tinskoj sali pojavili samo odbornici vladaju?e koalicije, kojih nije bilo dovoljno za nastavak sjednice. Odbornik DPS-a i predsjednik OO te partije Lui? \u0160krelja, optu\u017eio je opoziciju za nekorektnost i nepo\u0161tovanje dogovora. \u2013 Mislim da gra?ani vide ko ovdje radi za njihovo dobro. Po\u0161tuju?i demokratske principe sa?eka?emo opoziciju, koja ima toliko toga da ka\u017ee, pa ?emo zajedno, nadam se, usvojiti bud\u017eet za narednu godinu \u2013 rekao je \u0160krelja. Prethodno je predlaga? bud\u017eeta sekretar Sekretarijata za bud\u017eet i finansije Fatmir ?eka upoznao odbornike sa finansijskim planom za narednu godinu. ?eka je kazao da je lokalna samouprava planirala da u narednoj godini ostvari 16 miliona i 170 hiljada eura prihoda. Najvi\u0161e novca u 2009. godini o?ekuje se od prodaje op\u0161tinske imovine, ?ak osam miliona i 250 hiljada eura. Slijede prihodi od poreza, taksi i op\u0161tinskih naknada za gradsko-gra?evinsko zemlji\u0161te. Za kapitalne investicije predvi?eno je devet miliona i 127 hiljada eura ?ime je po prvi put kapitalni dio bud\u017eeta ve?i od operativnog \u2013 kazao je, izme?u ostalog, ?eka. Tokom ju?era\u0161njeg zasjedanja ve?inom glasova Koalicije &#8220;Za evropski Ulcinj&#8221; usvojen je rebalans bud\u017eeta za 2008. godinu, a tim povodom Skup\u0161tini se obratio i predsjednik op\u0161tine Gzim Hajdinaga koji je istakao da se, uprkos pote\u0161ko?ama i ekonomskoj krizi koja je nastupila, pro\u0161logodi\u0161nji bud\u017eet mo\u017ee smatrati pozitivnim, iako nije ostvaren u punom iznosu. \u2013 Bud\u017eet nismo ostvarili jer nismo uspjeli da prodamo zemlji\u0161te koje smo planirali, me?utim, mo\u017eda je tako i bolje, jer ?e nakon \u0161to usvojimo GUP i detaljne planove to zemlji\u0161te vrijedjeti i ?etiri puta vi\u0161e. I pored toga smatram da je tokom 2008. godine ura?eno mnogo na svim nivoima. Mora se uzeti u obzir da smo naslijedili dugove, i da smo za ove dvije godine uspjeli da do?emo do pozitivnih bilansa. Samo zluradi prenebregavaju ?injenicu da je ostvaren veliki napredak, za razliku od prethodne garniture vlasti koja je ostavila samo velike dugove. Moglo je mo\u017eda i bolje, ali ima vremena da do kraja mandata ispunimo sva obe?anja koja smo dali gra?anima, pa ?ak i vi\u0161e \u2013 istakao je Hajdinaga.<br \/>\n<strong>M.K.<br \/>\nIzvor \/ Dan<\/strong><br \/>\n<!--YouTube Error: bad URL entered--><\/p>\n","protected":false},"excerpt":{"rendered":"<p>Po prvi put u posljednjih 18 godina kapitalni dio ve?i od operativnog i iznosi preko devet miliona ULCINj \u2013 Skup\u0161tina op\u0161tine Ulcinj po?ela je ju?e raspravu o Predlogu bud\u017eeta za 2009. godinu, ali je zbog nedostatka kvoruma izja\u0161njavanje o najvi\u0161em finansijskom aktu op\u0161tine odlo\u017eeno za 29. novembar. Naime, na zahtjev opozicione albanske partije Forca data [&hellip;]<\/p>\n","protected":false},"author":1,"featured_media":0,"comment_status":"open","ping_status":"closed","sticky":false,"template":"","format":"standard","meta":{"spay_email":"","jetpack_publicize_message":"","jetpack_is_tweetstorm":false,"jetpack_publicize_feature_enabled":true},"categories":[6],"tags":[117,140,5390,5335,5391],"jetpack_publicize_connections":[],"yoast_head":"<!-- This site is optimized with the Yoast SEO plugin v19.1 - https:\/\/yoast.com\/wordpress\/plugins\/seo\/ -->\n<title>Video - Ulcinj: Planirani bud\u017eet 16 miliona - Lajme nga Ulqini<\/title>\n<meta name=\"description\" content=\"Po prvi put u posljednjih 18 godina kapitalni dio ve?i od operativnog i iznosi preko devet miliona ULCINj \u2013 Skup\u0161tina op\u0161tine Ulcinj po?ela je ju?e\" \/>\n<meta name=\"robots\" content=\"index, follow, max-snippet:-1, max-image-preview:large, max-video-preview:-1\" \/>\n<link rel=\"canonical\" href=\"https:\/\/www.visit-ulcinj.com\/blog\/2008\/12\/27\/ulcinj-planirani-budzet-16-miliona\/\" \/>\n<meta property=\"og:locale\" content=\"en_US\" \/>\n<meta property=\"og:type\" content=\"article\" \/>\n<meta property=\"og:title\" content=\"Video - Ulcinj: Planirani bud\u017eet 16 miliona - Lajme nga Ulqini\" \/>\n<meta property=\"og:description\" content=\"Po prvi put u posljednjih 18 godina kapitalni dio ve?i od operativnog i iznosi preko devet miliona ULCINj \u2013 Skup\u0161tina op\u0161tine Ulcinj po?ela je ju?e\" \/>\n<meta property=\"og:url\" content=\"https:\/\/www.visit-ulcinj.com\/blog\/2008\/12\/27\/ulcinj-planirani-budzet-16-miliona\/\" \/>\n<meta property=\"og:site_name\" content=\"Lajme nga Ulqini\" \/>\n<meta property=\"article:published_time\" content=\"2008-12-27T08:54:38+00:00\" \/>\n<meta property=\"article:modified_time\" content=\"2008-12-30T17:45:48+00:00\" \/>\n<meta property=\"og:image\" content=\"http:\/\/www.visit-ulcinj.com\/blog\/wp-content\/uploads\/2008\/09\/fatmir-gjeka.jpg\" \/>\n<meta name=\"twitter:label1\" content=\"Written by\" \/>\n\t<meta name=\"twitter:data1\" content=\"ulqini\" \/>\n\t<meta name=\"twitter:label2\" content=\"Est. reading time\" \/>\n\t<meta name=\"twitter:data2\" content=\"2 minutes\" \/>\n<script type=\"application\/ld+json\" class=\"yoast-schema-graph\">{\"@context\":\"https:\/\/schema.org\",\"@graph\":[{\"@type\":\"WebSite\",\"@id\":\"https:\/\/www.visit-ulcinj.com\/blog\/#website\",\"url\":\"https:\/\/www.visit-ulcinj.com\/blog\/\",\"name\":\"Lajme nga Ulqini\",\"description\":\"Lajme,Vijesti,Ulqini,Ulqin,Crna Gora,Mali i Zi\",\"potentialAction\":[{\"@type\":\"SearchAction\",\"target\":{\"@type\":\"EntryPoint\",\"urlTemplate\":\"https:\/\/www.visit-ulcinj.com\/blog\/?s={search_term_string}\"},\"query-input\":\"required name=search_term_string\"}],\"inLanguage\":\"en-US\"},{\"@type\":\"ImageObject\",\"inLanguage\":\"en-US\",\"@id\":\"https:\/\/www.visit-ulcinj.com\/blog\/2008\/12\/27\/ulcinj-planirani-budzet-16-miliona\/#primaryimage\",\"url\":\"http:\/\/www.visit-ulcinj.com\/blog\/wp-content\/uploads\/2008\/09\/fatmir-gjeka.jpg\",\"contentUrl\":\"http:\/\/www.visit-ulcinj.com\/blog\/wp-content\/uploads\/2008\/09\/fatmir-gjeka.jpg\"},{\"@type\":\"WebPage\",\"@id\":\"https:\/\/www.visit-ulcinj.com\/blog\/2008\/12\/27\/ulcinj-planirani-budzet-16-miliona\/#webpage\",\"url\":\"https:\/\/www.visit-ulcinj.com\/blog\/2008\/12\/27\/ulcinj-planirani-budzet-16-miliona\/\",\"name\":\"Video - Ulcinj: Planirani bud\u017eet 16 miliona - Lajme nga Ulqini\",\"isPartOf\":{\"@id\":\"https:\/\/www.visit-ulcinj.com\/blog\/#website\"},\"primaryImageOfPage\":{\"@id\":\"https:\/\/www.visit-ulcinj.com\/blog\/2008\/12\/27\/ulcinj-planirani-budzet-16-miliona\/#primaryimage\"},\"datePublished\":\"2008-12-27T08:54:38+00:00\",\"dateModified\":\"2008-12-30T17:45:48+00:00\",\"author\":{\"@id\":\"https:\/\/www.visit-ulcinj.com\/blog\/#\/schema\/person\/dcab619c614d3038751c63bc2aadc06d\"},\"description\":\"Po prvi put u posljednjih 18 godina kapitalni dio ve?i od operativnog i iznosi preko devet miliona ULCINj \u2013 Skup\u0161tina op\u0161tine Ulcinj po?ela je ju?e\",\"breadcrumb\":{\"@id\":\"https:\/\/www.visit-ulcinj.com\/blog\/2008\/12\/27\/ulcinj-planirani-budzet-16-miliona\/#breadcrumb\"},\"inLanguage\":\"en-US\",\"potentialAction\":[{\"@type\":\"ReadAction\",\"target\":[\"https:\/\/www.visit-ulcinj.com\/blog\/2008\/12\/27\/ulcinj-planirani-budzet-16-miliona\/\"]}]},{\"@type\":\"BreadcrumbList\",\"@id\":\"https:\/\/www.visit-ulcinj.com\/blog\/2008\/12\/27\/ulcinj-planirani-budzet-16-miliona\/#breadcrumb\",\"itemListElement\":[{\"@type\":\"ListItem\",\"position\":1,\"name\":\"Video &#8211; Ulcinj: Planirani bud\u017eet 16 miliona\"}]},{\"@type\":\"Person\",\"@id\":\"https:\/\/www.visit-ulcinj.com\/blog\/#\/schema\/person\/dcab619c614d3038751c63bc2aadc06d\",\"name\":\"ulqini\",\"sameAs\":[\"http:\/\/www.visit-ulcinj.com\"],\"url\":\"https:\/\/www.visit-ulcinj.com\/blog\/author\/admin\/\"}]}<\/script>\n<!-- \/ Yoast SEO plugin. -->","yoast_head_json":{"title":"Video - Ulcinj: Planirani bud\u017eet 16 miliona - Lajme nga Ulqini","description":"Po prvi put u posljednjih 18 godina kapitalni dio ve?i od operativnog i iznosi preko devet miliona ULCINj \u2013 Skup\u0161tina op\u0161tine Ulcinj po?ela je ju?e","robots":{"index":"index","follow":"follow","max-snippet":"max-snippet:-1","max-image-preview":"max-image-preview:large","max-video-preview":"max-video-preview:-1"},"canonical":"https:\/\/www.visit-ulcinj.com\/blog\/2008\/12\/27\/ulcinj-planirani-budzet-16-miliona\/","og_locale":"en_US","og_type":"article","og_title":"Video - Ulcinj: Planirani bud\u017eet 16 miliona - Lajme nga Ulqini","og_description":"Po prvi put u posljednjih 18 godina kapitalni dio ve?i od operativnog i iznosi preko devet miliona ULCINj \u2013 Skup\u0161tina op\u0161tine Ulcinj po?ela je ju?e","og_url":"https:\/\/www.visit-ulcinj.com\/blog\/2008\/12\/27\/ulcinj-planirani-budzet-16-miliona\/","og_site_name":"Lajme nga Ulqini","article_published_time":"2008-12-27T08:54:38+00:00","article_modified_time":"2008-12-30T17:45:48+00:00","og_image":[{"url":"http:\/\/www.visit-ulcinj.com\/blog\/wp-content\/uploads\/2008\/09\/fatmir-gjeka.jpg"}],"twitter_misc":{"Written by":"ulqini","Est. reading time":"2 minutes"},"schema":{"@context":"https:\/\/schema.org","@graph":[{"@type":"WebSite","@id":"https:\/\/www.visit-ulcinj.com\/blog\/#website","url":"https:\/\/www.visit-ulcinj.com\/blog\/","name":"Lajme nga Ulqini","description":"Lajme,Vijesti,Ulqini,Ulqin,Crna Gora,Mali i Zi","potentialAction":[{"@type":"SearchAction","target":{"@type":"EntryPoint","urlTemplate":"https:\/\/www.visit-ulcinj.com\/blog\/?s={search_term_string}"},"query-input":"required name=search_term_string"}],"inLanguage":"en-US"},{"@type":"ImageObject","inLanguage":"en-US","@id":"https:\/\/www.visit-ulcinj.com\/blog\/2008\/12\/27\/ulcinj-planirani-budzet-16-miliona\/#primaryimage","url":"http:\/\/www.visit-ulcinj.com\/blog\/wp-content\/uploads\/2008\/09\/fatmir-gjeka.jpg","contentUrl":"http:\/\/www.visit-ulcinj.com\/blog\/wp-content\/uploads\/2008\/09\/fatmir-gjeka.jpg"},{"@type":"WebPage","@id":"https:\/\/www.visit-ulcinj.com\/blog\/2008\/12\/27\/ulcinj-planirani-budzet-16-miliona\/#webpage","url":"https:\/\/www.visit-ulcinj.com\/blog\/2008\/12\/27\/ulcinj-planirani-budzet-16-miliona\/","name":"Video - Ulcinj: Planirani bud\u017eet 16 miliona - Lajme nga Ulqini","isPartOf":{"@id":"https:\/\/www.visit-ulcinj.com\/blog\/#website"},"primaryImageOfPage":{"@id":"https:\/\/www.visit-ulcinj.com\/blog\/2008\/12\/27\/ulcinj-planirani-budzet-16-miliona\/#primaryimage"},"datePublished":"2008-12-27T08:54:38+00:00","dateModified":"2008-12-30T17:45:48+00:00","author":{"@id":"https:\/\/www.visit-ulcinj.com\/blog\/#\/schema\/person\/dcab619c614d3038751c63bc2aadc06d"},"description":"Po prvi put u posljednjih 18 godina kapitalni dio ve?i od operativnog i iznosi preko devet miliona ULCINj \u2013 Skup\u0161tina op\u0161tine Ulcinj po?ela je ju?e","breadcrumb":{"@id":"https:\/\/www.visit-ulcinj.com\/blog\/2008\/12\/27\/ulcinj-planirani-budzet-16-miliona\/#breadcrumb"},"inLanguage":"en-US","potentialAction":[{"@type":"ReadAction","target":["https:\/\/www.visit-ulcinj.com\/blog\/2008\/12\/27\/ulcinj-planirani-budzet-16-miliona\/"]}]},{"@type":"BreadcrumbList","@id":"https:\/\/www.visit-ulcinj.com\/blog\/2008\/12\/27\/ulcinj-planirani-budzet-16-miliona\/#breadcrumb","itemListElement":[{"@type":"ListItem","position":1,"name":"Video &#8211; Ulcinj: Planirani bud\u017eet 16 miliona"}]},{"@type":"Person","@id":"https:\/\/www.visit-ulcinj.com\/blog\/#\/schema\/person\/dcab619c614d3038751c63bc2aadc06d","name":"ulqini","sameAs":["http:\/\/www.visit-ulcinj.com"],"url":"https:\/\/www.visit-ulcinj.com\/blog\/author\/admin\/"}]}},"jetpack_featured_media_url":"","jetpack_sharing_enabled":true,"jetpack_shortlink":"https:\/\/wp.me\/pe6lTn-20h","_links":{"self":[{"href":"https:\/\/www.visit-ulcinj.com\/blog\/wp-json\/wp\/v2\/posts\/7705"}],"collection":[{"href":"https:\/\/www.visit-ulcinj.com\/blog\/wp-json\/wp\/v2\/posts"}],"about":[{"href":"https:\/\/www.visit-ulcinj.com\/blog\/wp-json\/wp\/v2\/types\/post"}],"author":[{"embeddable":true,"href":"https:\/\/www.visit-ulcinj.com\/blog\/wp-json\/wp\/v2\/users\/1"}],"replies":[{"embeddable":true,"href":"https:\/\/www.visit-ulcinj.com\/blog\/wp-json\/wp\/v2\/comments?post=7705"}],"version-history":[{"count":0,"href":"https:\/\/www.visit-ulcinj.com\/blog\/wp-json\/wp\/v2\/posts\/7705\/revisions"}],"wp:attachment":[{"href":"https:\/\/www.visit-ulcinj.com\/blog\/wp-json\/wp\/v2\/media?parent=7705"}],"wp:term":[{"taxonomy":"category","embeddable":true,"href":"https:\/\/www.visit-ulcinj.com\/blog\/wp-json\/wp\/v2\/categories?post=7705"},{"taxonomy":"post_tag","embeddable":true,"href":"https:\/\/www.visit-ulcinj.com\/blog\/wp-json\/wp\/v2\/tags?post=7705"}],"curies":[{"name":"wp","href":"https:\/\/api.w.org\/{rel}","templated":true}]}}