{"id":77065,"date":"2013-12-10T21:46:21","date_gmt":"2013-12-10T20:46:21","guid":{"rendered":"http:\/\/www.visit-ulcinj.com\/blog\/?p=77065"},"modified":"2013-12-10T21:46:21","modified_gmt":"2013-12-10T20:46:21","slug":"memoriam-nikola-nilovic","status":"publish","type":"post","link":"https:\/\/www.visit-ulcinj.com\/blog\/2013\/12\/10\/memoriam-nikola-nilovic\/","title":{"rendered":"In Memoriam : Nikola NILOVI\u0106"},"content":{"rendered":"<p><a href=\"http:\/\/www.visit-ulcinj.com\/blog\/wp-content\/uploads\/2013\/12\/In-Memoriam-Nikola-NILOVIC.jpg\"><img loading=\"lazy\" class=\"alignleft  wp-image-77066\" alt=\"In Memoriam - Nikola NILOVIC\" src=\"http:\/\/www.visit-ulcinj.com\/blog\/wp-content\/uploads\/2013\/12\/In-Memoriam-Nikola-NILOVIC.jpg\" width=\"508\" height=\"600\" \/><\/a>Sa posebnim pijetetom i po\u0161tovanjem, \u017eelim da se oprostim od jednog izuzetnog \u010dovjeka, \u010dovjeka koji je dao veliki doprinos ugostiteljstvu i turizmu na\u0161eg grada. Vijest o smrti jo\u0161 jednog iz one plejade starih ugostiteljskih radnika odjeknula je bolno, me\u0111u svim gra\u0111anima Ulcinja i okoline. Nikola je uz Bima Kaharija, \u0106azima -\u0106aka \u0106uka, Ismaila Bu\u0161atija i jo\u0161 nekoliko drugih iz one stare plejade turisti\u010dkih radnika i ugostiteljaca, ostavio dubok i neizbrisiv trag u turizmu i ugostiteljstvu kod nas. Svi se mi mla\u0111i, rado i sa nostalgijom se sje\u0107amo tih zlatnih vremena po\u010detka na\u0161eg turizma, \u010diji su sto\u017eeri i nosioci, bili upravo oni. Gospodin Nikola Nilovi\u0107 je jedan od njih, i van svake sumnje osta\u0107e upam\u0107en kao \u010dovjek, koji je svoje iskustvo nosio u svojim genima, sve do svoje smrti. Nama mla\u0111ima je bio uzor, svakodnevno smo i\u0161li u hotel&#8221; Republiku&#8221; na samoj pjeni od mora, da gledamo prve strance. Prve strance su upravo slu\u017eilii na\u0161i konobari, konobari tipa Nikole Nilovi\u0107a. Divili smo se njihovoj eleganciji i njihovim virtuoznim pokretima.. Crne pantalone, bijela ko\u0161ulja i leptir ma\u0161na su krasile ove metuzaleme na\u0161eg turizma i na\u0161eg ugostiteljstva, za razliku od danas, gdje konobari slu\u017ee u keceljama, i gdje su kravata ili leptir ma\u0161na mislene imenice. Ja sam jo\u0161 kao dijete, i mladi\u0107 sa svojim dru\u0161tvom skoro svakodnevno dolazio do vratiju hotela &#8220;Republika&#8221;, jer u ta vremena nije bilo tako lako u\u0107i u hotel, i moram priznati da nam je Nikola uvijek dozvoljavao da napravimo krug do \u0161anka&#8230;Bila su to divna stara vremena i prvi po\u010deci na\u0161eg turizma, koji \u0107e svoju kulminaciju do\u017eivjeti izme\u0111u 70 &#8211; 90 godina pro\u0161log vijeka. Zbog toga, svi mi govorimo sa nostalgijom o tim zlatnim vremenima. Tvrdim, i mislim da dijelim mi\u0161ljenje ve\u0107ine gra\u0111ana da smo imali i privilegiju da do\u017eivimo takav turizam i to vrijeme.<br \/>\nSvakako, gospodin Nilkola Nilovi\u0107 je dio tog vremena i mi smo mu svi zahvalni zbog toga. Nikola je po\u010deo da radi i da se usavr\u0161ava jo\u0161 kao mladi\u0107 u Beogradu. Kao mladi\u0107 od 18 godina po\u010deo je da radi u japanskoj ambasadi kao konobar, gdje je u\u010dio prve korake u elitnom turizmu. Me\u0111utim, rodni kraj i nostalgija ga je natjerala da se vrati u Ulcinj, gdje po\u010dinje da radi u hotelu &#8220;Republika&#8221;. Veoma je brzo zapa\u017een i Nikola je, kako nam je ponekad pri\u010dao slu\u017eio ne samo elitne goste, ve\u0107 mu je uvijek povjeravano, da slu\u017ei politi\u010dare i ljude iz svijeta filma. Podsje\u0107am da su se u to vrijeme kod nas u Ulcinju i okolini, sniamali filmovi svjetskog kalibra, Dugi brodovi, Sedmi kontinent, Vinetu , sa gluma\u010dkim zvijezdama, tipa Ri\u010darda Vidmarka, Rasa Tamblina, Bebe Lon\u010dar, Pjer Brisa i drugih. Svi oni su boravili u hotelu &#8220;Republika, a jedan od onih koji je znao i jezike, i koji je znao da bude ne samo konobar, ve\u0107 mnogo vi\u0161e od toga, bio je i gospodin Nikola Nilovi\u0107. Ulcinj je tada, kao ja to \u010desto ka\u017eem i blia druga varo\u0161 Crne Gore, a u turizmu svakako prva. U Ulcinju je Nikola do\u017eivio punu afirmaciju, ali vremena su se mijenjala i 70 godina pro\u0161log vijeka, Nikola odlazi u \u0160vajcarskoj gdje u kantonu Bern do\u017eivljava pravu kulminaciju. Iz Ulcinja je poneo svoj kosmopolitizam i svaki gra\u0111anin ovog grada, koji je kasnije godinama dolazio do \u0160vajcarske i Berna, u Nikoli Nilovi\u0107a je uvijek imao pomo\u0107 i oslonac. Nema tog \u010dovjeka, bilo koje vjere ili nacije kome Nikola nije pru\u017eio pomo\u0107. Ulcinj je grad u kojemu su uvijek \u017eivjeli, i a i danas \u017eive u jednoj fantasti\u010dnoj harmoniji sve tri konfesije i sve nacije. Nikola Nilovi\u0107 poti\u010de iz porodice, gdje je to vjekovima njegovano. Danas taj gen i te osobine gaje i njegovi naslednici, i to se prenosi generacijama kod nas u Ulcinju. Nikola je to dokazivao i u dalekoj \u0160vajcarskoj, gdje je svojim radom stvorio imid\u017e sebi i svojoj porodici. \u010cak je u Bernu i jedna ulica nazvana imenom njegovog oca. Moram jo\u0161 ne\u0161to dodati, prije nego \u0161to se oprostim od ovog divnog \u010dovjeka i humaniste. Nikola je volio svoj rodni kraj, svaka njegova misao je zapo\u010dinjala i zavr\u0161avala se sa rodnim krajem, malim selom na samo par stotina metara od Ulcinja, Braticom. Tu je volio da radi u ba\u0161ti, divio se i u\u017eivao u jutrima i Suncu, koje se tu upravo i ra\u0111alo. Dok sam i\u0161ao da se oprostim od njega od njegove porodivce i prijatelja, snimio sam par fotografija, kako bih prenio dio velike ljubavi, koje je ovaj divni \u010dovjek gajio prema rodnom kraju. Beskrajno zelenilo, njegovano njegovim rukama, plenio je poglede sviju onih koji su po\u0161tovali i voleli ovog dragog \u010dovjeka. Lijepo je sje\u0107ati se ljudi tipa Nikole Nilovi\u0107a. Dobro je to za generacije koje \u0107e do\u0107i iza nas, jer kad tad, vremena \u0107e se promijeniti i prave vrijednosti \u0107e se znati po\u0161tovati i njegovati. Divan i svetao primjer onih pravih vrijednosti, je svakako i jedan od najboljih ugostiteljskih i turisti\u010dkih radnika kod nas, gospodin Nikola Nilovi\u0107.<\/p>\n<p data-ft=\"{&quot;tn&quot;:&quot;C&quot;}\"><strong><a id=\"js_115\" href=\"https:\/\/www.facebook.com\/ismet.karamanaga\" data-hovercard=\"\/ajax\/hovercard\/user.php?id=1359492972\">Ismet Karamanaga Facebook<\/a><\/strong><\/p>\n","protected":false},"excerpt":{"rendered":"<p>Sa posebnim pijetetom i po\u0161tovanjem, \u017eelim da se oprostim od jednog izuzetnog \u010dovjeka, \u010dovjeka koji je dao veliki doprinos ugostiteljstvu i turizmu na\u0161eg grada. Vijest o smrti jo\u0161 jednog iz one plejade starih ugostiteljskih radnika odjeknula je bolno, me\u0111u svim gra\u0111anima Ulcinja i okoline. Nikola je uz Bima Kaharija, \u0106azima -\u0106aka \u0106uka, Ismaila Bu\u0161atija i [&hellip;]<\/p>\n","protected":false},"author":1,"featured_media":0,"comment_status":"closed","ping_status":"closed","sticky":false,"template":"","format":"standard","meta":{"spay_email":"","jetpack_publicize_message":"","jetpack_is_tweetstorm":false,"jetpack_publicize_feature_enabled":true},"categories":[6950],"tags":[],"jetpack_publicize_connections":[],"yoast_head":"<!-- This site is optimized with the Yoast SEO plugin v19.1 - https:\/\/yoast.com\/wordpress\/plugins\/seo\/ -->\n<title>In Memoriam : Nikola NILOVI\u0106 - Lajme nga Ulqini<\/title>\n<meta name=\"description\" content=\"Sa posebnim pijetetom i po\u0161tovanjem, \u017eelim da se oprostim od jednog izuzetnog \u010dovjeka, \u010dovjeka koji je dao veliki doprinos ugostiteljstvu i turizmu na\u0161eg\" \/>\n<meta name=\"robots\" content=\"index, follow, max-snippet:-1, max-image-preview:large, max-video-preview:-1\" \/>\n<link rel=\"canonical\" href=\"https:\/\/www.visit-ulcinj.com\/blog\/2013\/12\/10\/memoriam-nikola-nilovic\/\" \/>\n<meta property=\"og:locale\" content=\"en_US\" \/>\n<meta property=\"og:type\" content=\"article\" \/>\n<meta property=\"og:title\" content=\"In Memoriam : Nikola NILOVI\u0106 - Lajme nga Ulqini\" \/>\n<meta property=\"og:description\" content=\"Sa posebnim pijetetom i po\u0161tovanjem, \u017eelim da se oprostim od jednog izuzetnog \u010dovjeka, \u010dovjeka koji je dao veliki doprinos ugostiteljstvu i turizmu na\u0161eg\" \/>\n<meta property=\"og:url\" content=\"https:\/\/www.visit-ulcinj.com\/blog\/2013\/12\/10\/memoriam-nikola-nilovic\/\" \/>\n<meta property=\"og:site_name\" content=\"Lajme nga Ulqini\" \/>\n<meta property=\"article:published_time\" content=\"2013-12-10T20:46:21+00:00\" \/>\n<meta property=\"og:image\" content=\"http:\/\/www.visit-ulcinj.com\/blog\/wp-content\/uploads\/2013\/12\/In-Memoriam-Nikola-NILOVIC.jpg\" \/>\n<meta name=\"twitter:label1\" content=\"Written by\" \/>\n\t<meta name=\"twitter:data1\" content=\"ulqini\" \/>\n\t<meta name=\"twitter:label2\" content=\"Est. reading time\" \/>\n\t<meta name=\"twitter:data2\" content=\"4 minutes\" \/>\n<script type=\"application\/ld+json\" class=\"yoast-schema-graph\">{\"@context\":\"https:\/\/schema.org\",\"@graph\":[{\"@type\":\"WebSite\",\"@id\":\"https:\/\/www.visit-ulcinj.com\/blog\/#website\",\"url\":\"https:\/\/www.visit-ulcinj.com\/blog\/\",\"name\":\"Lajme nga Ulqini\",\"description\":\"Lajme,Vijesti,Ulqini,Ulqin,Crna Gora,Mali i Zi\",\"potentialAction\":[{\"@type\":\"SearchAction\",\"target\":{\"@type\":\"EntryPoint\",\"urlTemplate\":\"https:\/\/www.visit-ulcinj.com\/blog\/?s={search_term_string}\"},\"query-input\":\"required name=search_term_string\"}],\"inLanguage\":\"en-US\"},{\"@type\":\"ImageObject\",\"inLanguage\":\"en-US\",\"@id\":\"https:\/\/www.visit-ulcinj.com\/blog\/2013\/12\/10\/memoriam-nikola-nilovic\/#primaryimage\",\"url\":\"https:\/\/www.visit-ulcinj.com\/blog\/wp-content\/uploads\/2013\/12\/In-Memoriam-Nikola-NILOVIC.jpg\",\"contentUrl\":\"https:\/\/www.visit-ulcinj.com\/blog\/wp-content\/uploads\/2013\/12\/In-Memoriam-Nikola-NILOVIC.jpg\",\"width\":720,\"height\":960},{\"@type\":\"WebPage\",\"@id\":\"https:\/\/www.visit-ulcinj.com\/blog\/2013\/12\/10\/memoriam-nikola-nilovic\/#webpage\",\"url\":\"https:\/\/www.visit-ulcinj.com\/blog\/2013\/12\/10\/memoriam-nikola-nilovic\/\",\"name\":\"In Memoriam : Nikola NILOVI\u0106 - Lajme nga Ulqini\",\"isPartOf\":{\"@id\":\"https:\/\/www.visit-ulcinj.com\/blog\/#website\"},\"primaryImageOfPage\":{\"@id\":\"https:\/\/www.visit-ulcinj.com\/blog\/2013\/12\/10\/memoriam-nikola-nilovic\/#primaryimage\"},\"datePublished\":\"2013-12-10T20:46:21+00:00\",\"dateModified\":\"2013-12-10T20:46:21+00:00\",\"author\":{\"@id\":\"https:\/\/www.visit-ulcinj.com\/blog\/#\/schema\/person\/dcab619c614d3038751c63bc2aadc06d\"},\"description\":\"Sa posebnim pijetetom i po\u0161tovanjem, \u017eelim da se oprostim od jednog izuzetnog \u010dovjeka, \u010dovjeka koji je dao veliki doprinos ugostiteljstvu i turizmu na\u0161eg\",\"breadcrumb\":{\"@id\":\"https:\/\/www.visit-ulcinj.com\/blog\/2013\/12\/10\/memoriam-nikola-nilovic\/#breadcrumb\"},\"inLanguage\":\"en-US\",\"potentialAction\":[{\"@type\":\"ReadAction\",\"target\":[\"https:\/\/www.visit-ulcinj.com\/blog\/2013\/12\/10\/memoriam-nikola-nilovic\/\"]}]},{\"@type\":\"BreadcrumbList\",\"@id\":\"https:\/\/www.visit-ulcinj.com\/blog\/2013\/12\/10\/memoriam-nikola-nilovic\/#breadcrumb\",\"itemListElement\":[{\"@type\":\"ListItem\",\"position\":1,\"name\":\"In Memoriam : Nikola NILOVI\u0106\"}]},{\"@type\":\"Person\",\"@id\":\"https:\/\/www.visit-ulcinj.com\/blog\/#\/schema\/person\/dcab619c614d3038751c63bc2aadc06d\",\"name\":\"ulqini\",\"sameAs\":[\"http:\/\/www.visit-ulcinj.com\"],\"url\":\"https:\/\/www.visit-ulcinj.com\/blog\/author\/admin\/\"}]}<\/script>\n<!-- \/ Yoast SEO plugin. -->","yoast_head_json":{"title":"In Memoriam : Nikola NILOVI\u0106 - Lajme nga Ulqini","description":"Sa posebnim pijetetom i po\u0161tovanjem, \u017eelim da se oprostim od jednog izuzetnog \u010dovjeka, \u010dovjeka koji je dao veliki doprinos ugostiteljstvu i turizmu na\u0161eg","robots":{"index":"index","follow":"follow","max-snippet":"max-snippet:-1","max-image-preview":"max-image-preview:large","max-video-preview":"max-video-preview:-1"},"canonical":"https:\/\/www.visit-ulcinj.com\/blog\/2013\/12\/10\/memoriam-nikola-nilovic\/","og_locale":"en_US","og_type":"article","og_title":"In Memoriam : Nikola NILOVI\u0106 - Lajme nga Ulqini","og_description":"Sa posebnim pijetetom i po\u0161tovanjem, \u017eelim da se oprostim od jednog izuzetnog \u010dovjeka, \u010dovjeka koji je dao veliki doprinos ugostiteljstvu i turizmu na\u0161eg","og_url":"https:\/\/www.visit-ulcinj.com\/blog\/2013\/12\/10\/memoriam-nikola-nilovic\/","og_site_name":"Lajme nga Ulqini","article_published_time":"2013-12-10T20:46:21+00:00","og_image":[{"url":"http:\/\/www.visit-ulcinj.com\/blog\/wp-content\/uploads\/2013\/12\/In-Memoriam-Nikola-NILOVIC.jpg"}],"twitter_misc":{"Written by":"ulqini","Est. reading time":"4 minutes"},"schema":{"@context":"https:\/\/schema.org","@graph":[{"@type":"WebSite","@id":"https:\/\/www.visit-ulcinj.com\/blog\/#website","url":"https:\/\/www.visit-ulcinj.com\/blog\/","name":"Lajme nga Ulqini","description":"Lajme,Vijesti,Ulqini,Ulqin,Crna Gora,Mali i Zi","potentialAction":[{"@type":"SearchAction","target":{"@type":"EntryPoint","urlTemplate":"https:\/\/www.visit-ulcinj.com\/blog\/?s={search_term_string}"},"query-input":"required name=search_term_string"}],"inLanguage":"en-US"},{"@type":"ImageObject","inLanguage":"en-US","@id":"https:\/\/www.visit-ulcinj.com\/blog\/2013\/12\/10\/memoriam-nikola-nilovic\/#primaryimage","url":"https:\/\/www.visit-ulcinj.com\/blog\/wp-content\/uploads\/2013\/12\/In-Memoriam-Nikola-NILOVIC.jpg","contentUrl":"https:\/\/www.visit-ulcinj.com\/blog\/wp-content\/uploads\/2013\/12\/In-Memoriam-Nikola-NILOVIC.jpg","width":720,"height":960},{"@type":"WebPage","@id":"https:\/\/www.visit-ulcinj.com\/blog\/2013\/12\/10\/memoriam-nikola-nilovic\/#webpage","url":"https:\/\/www.visit-ulcinj.com\/blog\/2013\/12\/10\/memoriam-nikola-nilovic\/","name":"In Memoriam : Nikola NILOVI\u0106 - Lajme nga Ulqini","isPartOf":{"@id":"https:\/\/www.visit-ulcinj.com\/blog\/#website"},"primaryImageOfPage":{"@id":"https:\/\/www.visit-ulcinj.com\/blog\/2013\/12\/10\/memoriam-nikola-nilovic\/#primaryimage"},"datePublished":"2013-12-10T20:46:21+00:00","dateModified":"2013-12-10T20:46:21+00:00","author":{"@id":"https:\/\/www.visit-ulcinj.com\/blog\/#\/schema\/person\/dcab619c614d3038751c63bc2aadc06d"},"description":"Sa posebnim pijetetom i po\u0161tovanjem, \u017eelim da se oprostim od jednog izuzetnog \u010dovjeka, \u010dovjeka koji je dao veliki doprinos ugostiteljstvu i turizmu na\u0161eg","breadcrumb":{"@id":"https:\/\/www.visit-ulcinj.com\/blog\/2013\/12\/10\/memoriam-nikola-nilovic\/#breadcrumb"},"inLanguage":"en-US","potentialAction":[{"@type":"ReadAction","target":["https:\/\/www.visit-ulcinj.com\/blog\/2013\/12\/10\/memoriam-nikola-nilovic\/"]}]},{"@type":"BreadcrumbList","@id":"https:\/\/www.visit-ulcinj.com\/blog\/2013\/12\/10\/memoriam-nikola-nilovic\/#breadcrumb","itemListElement":[{"@type":"ListItem","position":1,"name":"In Memoriam : Nikola NILOVI\u0106"}]},{"@type":"Person","@id":"https:\/\/www.visit-ulcinj.com\/blog\/#\/schema\/person\/dcab619c614d3038751c63bc2aadc06d","name":"ulqini","sameAs":["http:\/\/www.visit-ulcinj.com"],"url":"https:\/\/www.visit-ulcinj.com\/blog\/author\/admin\/"}]}},"jetpack_featured_media_url":"","jetpack_sharing_enabled":true,"jetpack_shortlink":"https:\/\/wp.me\/pe6lTn-k2Z","_links":{"self":[{"href":"https:\/\/www.visit-ulcinj.com\/blog\/wp-json\/wp\/v2\/posts\/77065"}],"collection":[{"href":"https:\/\/www.visit-ulcinj.com\/blog\/wp-json\/wp\/v2\/posts"}],"about":[{"href":"https:\/\/www.visit-ulcinj.com\/blog\/wp-json\/wp\/v2\/types\/post"}],"author":[{"embeddable":true,"href":"https:\/\/www.visit-ulcinj.com\/blog\/wp-json\/wp\/v2\/users\/1"}],"replies":[{"embeddable":true,"href":"https:\/\/www.visit-ulcinj.com\/blog\/wp-json\/wp\/v2\/comments?post=77065"}],"version-history":[{"count":1,"href":"https:\/\/www.visit-ulcinj.com\/blog\/wp-json\/wp\/v2\/posts\/77065\/revisions"}],"predecessor-version":[{"id":77067,"href":"https:\/\/www.visit-ulcinj.com\/blog\/wp-json\/wp\/v2\/posts\/77065\/revisions\/77067"}],"wp:attachment":[{"href":"https:\/\/www.visit-ulcinj.com\/blog\/wp-json\/wp\/v2\/media?parent=77065"}],"wp:term":[{"taxonomy":"category","embeddable":true,"href":"https:\/\/www.visit-ulcinj.com\/blog\/wp-json\/wp\/v2\/categories?post=77065"},{"taxonomy":"post_tag","embeddable":true,"href":"https:\/\/www.visit-ulcinj.com\/blog\/wp-json\/wp\/v2\/tags?post=77065"}],"curies":[{"name":"wp","href":"https:\/\/api.w.org\/{rel}","templated":true}]}}