{"id":77068,"date":"2013-12-11T08:10:23","date_gmt":"2013-12-11T07:10:23","guid":{"rendered":"http:\/\/www.visit-ulcinj.com\/blog\/?p=77068"},"modified":"2013-12-11T08:10:23","modified_gmt":"2013-12-11T07:10:23","slug":"cedem-nje-ne-pese-malazeze-nuk-deshiron-te-jetoje-ne-nje-shtet-shqiptaret","status":"publish","type":"post","link":"https:\/\/www.visit-ulcinj.com\/blog\/2013\/12\/11\/cedem-nje-ne-pese-malazeze-nuk-deshiron-te-jetoje-ne-nje-shtet-shqiptaret\/","title":{"rendered":"CEDEM: Nj\u00eb n\u00eb pes\u00eb malazez\u00eb nuk d\u00ebshiron t\u00eb jetoj\u00eb n\u00eb nj\u00eb shtet me shqiptar\u00ebt"},"content":{"rendered":"<p><b><a href=\"http:\/\/www.visit-ulcinj.com\/blog\/wp-content\/uploads\/2013\/12\/Milos-Besic-CEDEM.jpg\"><img loading=\"lazy\" class=\"alignleft  wp-image-77069\" alt=\"Milos Besic-CEDEM\" src=\"http:\/\/www.visit-ulcinj.com\/blog\/wp-content\/uploads\/2013\/12\/Milos-Besic-CEDEM.jpg\" width=\"508\" height=\"360\" \/><\/a>Anketa<\/b><\/p>\n<p><b>Podgoric\u00eb, 10 dhjetor 2013<\/b> \u2013 Hulumtimi mbi distanc\u00ebn etnike n\u00eb Mal t\u00eb Zi, t\u00eb cilin e b\u00ebri Qendra p\u00ebr demokraci dhe t\u00eb drejtat e njeriut (CEDEM), tregon q\u00eb njer\u00ebzit n\u00eb Mal t\u00eb Zi v\u00ebshtir\u00eb pranojn\u00eb q\u00eb dikush i cili nuk \u00ebsht\u00eb i komb\u00ebsis\u00eb s\u00eb tyre t\u00eb ket\u00eb pozicion drejtues n\u00eb shtet.<\/p>\n<p>Metodologu Milos Besic ka shpjeguar q\u00eb distanca mesatare ndaj t\u00eb gjitha grupeve etnike v\u00ebrteton q\u00eb distanca m\u00eb e madhe etnike \u00ebsht\u00eb ndaj rom\u00ebve, sepse m\u00eb shum\u00eb se 46 p\u00ebr qind e qytetar\u00ebve ka at\u00eb distanc\u00eb ndaj p\u00ebrfaq\u00ebsuesve t\u00eb tyre.<\/p>\n<p>\u201cNdaj shqiptar\u00ebve kjo vler\u00eb \u00ebsht\u00eb 39.4 p\u00ebr qind, nd\u00ebrsa ndaj kroat\u00ebve 35,6 p\u00ebr qind. K\u00ebto jan\u00eb vlera shum\u00eb t\u00eb larta.<\/p>\n<p>N\u00eb Mal t\u00eb Zi njer\u00ebzit \u201ctoleranc\u00ebn etnike\u201d e kuptojn\u00eb n\u00ebp\u00ebrmjet shoq\u00ebrimit dhe komunikimit. Gati 43 p\u00ebr qind e t\u00eb anketuarve nuk do t\u00eb d\u00ebshironte t\u00eb shoq\u00ebrohet dhe t\u00eb takohet me rom\u00ebt, 34.6 p\u00ebr qind me shqiptar\u00ebt, nd\u00ebrsa rreth 31 p\u00ebr qind me kroat\u00ebt.\u201c\u00c7do i pesti qytetar apo qytetare e Malit t\u00eb Zi, nuk do t\u00eb d\u00ebshironte t\u00eb jetonte me shqiptarin n\u00eb nj\u00eb shtet\u201d, tha Besic.<\/p>\n<p><strong>(B.Salihu)<\/strong><\/p>\n<p><strong>illyriapress<\/strong><\/p>\n","protected":false},"excerpt":{"rendered":"<p>Anketa Podgoric\u00eb, 10 dhjetor 2013 \u2013 Hulumtimi mbi distanc\u00ebn etnike n\u00eb Mal t\u00eb Zi, t\u00eb cilin e b\u00ebri Qendra p\u00ebr demokraci dhe t\u00eb drejtat e njeriut (CEDEM), tregon q\u00eb njer\u00ebzit n\u00eb Mal t\u00eb Zi v\u00ebshtir\u00eb pranojn\u00eb q\u00eb dikush i cili nuk \u00ebsht\u00eb i komb\u00ebsis\u00eb s\u00eb tyre t\u00eb ket\u00eb pozicion drejtues n\u00eb shtet. Metodologu Milos Besic [&hellip;]<\/p>\n","protected":false},"author":1,"featured_media":0,"comment_status":"closed","ping_status":"closed","sticky":false,"template":"","format":"standard","meta":{"spay_email":"","jetpack_publicize_message":"","jetpack_is_tweetstorm":false,"jetpack_publicize_feature_enabled":true},"categories":[14],"tags":[],"jetpack_publicize_connections":[],"yoast_head":"<!-- This site is optimized with the Yoast SEO plugin v19.1 - https:\/\/yoast.com\/wordpress\/plugins\/seo\/ -->\n<title>CEDEM: Nj\u00eb n\u00eb pes\u00eb malazez\u00eb nuk d\u00ebshiron t\u00eb jetoj\u00eb n\u00eb nj\u00eb shtet me shqiptar\u00ebt - Lajme nga Ulqini<\/title>\n<meta name=\"description\" content=\"Anketa Podgoric\u00eb, 10 dhjetor 2013 \u2013 Hulumtimi mbi distanc\u00ebn etnike n\u00eb Mal t\u00eb Zi, t\u00eb cilin e b\u00ebri Qendra p\u00ebr demokraci dhe t\u00eb drejtat e njeriut (CEDEM),\" \/>\n<meta name=\"robots\" content=\"index, follow, max-snippet:-1, max-image-preview:large, max-video-preview:-1\" \/>\n<link rel=\"canonical\" href=\"https:\/\/www.visit-ulcinj.com\/blog\/2013\/12\/11\/cedem-nje-ne-pese-malazeze-nuk-deshiron-te-jetoje-ne-nje-shtet-shqiptaret\/\" \/>\n<meta property=\"og:locale\" content=\"en_US\" \/>\n<meta property=\"og:type\" content=\"article\" \/>\n<meta property=\"og:title\" content=\"CEDEM: Nj\u00eb n\u00eb pes\u00eb malazez\u00eb nuk d\u00ebshiron t\u00eb jetoj\u00eb n\u00eb nj\u00eb shtet me shqiptar\u00ebt - Lajme nga Ulqini\" \/>\n<meta property=\"og:description\" content=\"Anketa Podgoric\u00eb, 10 dhjetor 2013 \u2013 Hulumtimi mbi distanc\u00ebn etnike n\u00eb Mal t\u00eb Zi, t\u00eb cilin e b\u00ebri Qendra p\u00ebr demokraci dhe t\u00eb drejtat e njeriut (CEDEM),\" \/>\n<meta property=\"og:url\" content=\"https:\/\/www.visit-ulcinj.com\/blog\/2013\/12\/11\/cedem-nje-ne-pese-malazeze-nuk-deshiron-te-jetoje-ne-nje-shtet-shqiptaret\/\" \/>\n<meta property=\"og:site_name\" content=\"Lajme nga Ulqini\" \/>\n<meta property=\"article:published_time\" content=\"2013-12-11T07:10:23+00:00\" \/>\n<meta property=\"og:image\" content=\"http:\/\/www.visit-ulcinj.com\/blog\/wp-content\/uploads\/2013\/12\/Milos-Besic-CEDEM.jpg\" \/>\n<meta name=\"twitter:label1\" content=\"Written by\" \/>\n\t<meta name=\"twitter:data1\" content=\"ulqini\" \/>\n\t<meta name=\"twitter:label2\" content=\"Est. reading time\" \/>\n\t<meta name=\"twitter:data2\" content=\"1 minute\" \/>\n<script type=\"application\/ld+json\" class=\"yoast-schema-graph\">{\"@context\":\"https:\/\/schema.org\",\"@graph\":[{\"@type\":\"WebSite\",\"@id\":\"https:\/\/www.visit-ulcinj.com\/blog\/#website\",\"url\":\"https:\/\/www.visit-ulcinj.com\/blog\/\",\"name\":\"Lajme nga Ulqini\",\"description\":\"Lajme,Vijesti,Ulqini,Ulqin,Crna Gora,Mali i Zi\",\"potentialAction\":[{\"@type\":\"SearchAction\",\"target\":{\"@type\":\"EntryPoint\",\"urlTemplate\":\"https:\/\/www.visit-ulcinj.com\/blog\/?s={search_term_string}\"},\"query-input\":\"required name=search_term_string\"}],\"inLanguage\":\"en-US\"},{\"@type\":\"ImageObject\",\"inLanguage\":\"en-US\",\"@id\":\"https:\/\/www.visit-ulcinj.com\/blog\/2013\/12\/11\/cedem-nje-ne-pese-malazeze-nuk-deshiron-te-jetoje-ne-nje-shtet-shqiptaret\/#primaryimage\",\"url\":\"https:\/\/www.visit-ulcinj.com\/blog\/wp-content\/uploads\/2013\/12\/Milos-Besic-CEDEM.jpg\",\"contentUrl\":\"https:\/\/www.visit-ulcinj.com\/blog\/wp-content\/uploads\/2013\/12\/Milos-Besic-CEDEM.jpg\",\"width\":811,\"height\":554},{\"@type\":\"WebPage\",\"@id\":\"https:\/\/www.visit-ulcinj.com\/blog\/2013\/12\/11\/cedem-nje-ne-pese-malazeze-nuk-deshiron-te-jetoje-ne-nje-shtet-shqiptaret\/#webpage\",\"url\":\"https:\/\/www.visit-ulcinj.com\/blog\/2013\/12\/11\/cedem-nje-ne-pese-malazeze-nuk-deshiron-te-jetoje-ne-nje-shtet-shqiptaret\/\",\"name\":\"CEDEM: Nj\u00eb n\u00eb pes\u00eb malazez\u00eb nuk d\u00ebshiron t\u00eb jetoj\u00eb n\u00eb nj\u00eb shtet me shqiptar\u00ebt - Lajme nga Ulqini\",\"isPartOf\":{\"@id\":\"https:\/\/www.visit-ulcinj.com\/blog\/#website\"},\"primaryImageOfPage\":{\"@id\":\"https:\/\/www.visit-ulcinj.com\/blog\/2013\/12\/11\/cedem-nje-ne-pese-malazeze-nuk-deshiron-te-jetoje-ne-nje-shtet-shqiptaret\/#primaryimage\"},\"datePublished\":\"2013-12-11T07:10:23+00:00\",\"dateModified\":\"2013-12-11T07:10:23+00:00\",\"author\":{\"@id\":\"https:\/\/www.visit-ulcinj.com\/blog\/#\/schema\/person\/dcab619c614d3038751c63bc2aadc06d\"},\"description\":\"Anketa Podgoric\u00eb, 10 dhjetor 2013 \u2013 Hulumtimi mbi distanc\u00ebn etnike n\u00eb Mal t\u00eb Zi, t\u00eb cilin e b\u00ebri Qendra p\u00ebr demokraci dhe t\u00eb drejtat e njeriut (CEDEM),\",\"breadcrumb\":{\"@id\":\"https:\/\/www.visit-ulcinj.com\/blog\/2013\/12\/11\/cedem-nje-ne-pese-malazeze-nuk-deshiron-te-jetoje-ne-nje-shtet-shqiptaret\/#breadcrumb\"},\"inLanguage\":\"en-US\",\"potentialAction\":[{\"@type\":\"ReadAction\",\"target\":[\"https:\/\/www.visit-ulcinj.com\/blog\/2013\/12\/11\/cedem-nje-ne-pese-malazeze-nuk-deshiron-te-jetoje-ne-nje-shtet-shqiptaret\/\"]}]},{\"@type\":\"BreadcrumbList\",\"@id\":\"https:\/\/www.visit-ulcinj.com\/blog\/2013\/12\/11\/cedem-nje-ne-pese-malazeze-nuk-deshiron-te-jetoje-ne-nje-shtet-shqiptaret\/#breadcrumb\",\"itemListElement\":[{\"@type\":\"ListItem\",\"position\":1,\"name\":\"CEDEM: Nj\u00eb n\u00eb pes\u00eb malazez\u00eb nuk d\u00ebshiron t\u00eb jetoj\u00eb n\u00eb nj\u00eb shtet me shqiptar\u00ebt\"}]},{\"@type\":\"Person\",\"@id\":\"https:\/\/www.visit-ulcinj.com\/blog\/#\/schema\/person\/dcab619c614d3038751c63bc2aadc06d\",\"name\":\"ulqini\",\"sameAs\":[\"http:\/\/www.visit-ulcinj.com\"],\"url\":\"https:\/\/www.visit-ulcinj.com\/blog\/author\/admin\/\"}]}<\/script>\n<!-- \/ Yoast SEO plugin. -->","yoast_head_json":{"title":"CEDEM: Nj\u00eb n\u00eb pes\u00eb malazez\u00eb nuk d\u00ebshiron t\u00eb jetoj\u00eb n\u00eb nj\u00eb shtet me shqiptar\u00ebt - Lajme nga Ulqini","description":"Anketa Podgoric\u00eb, 10 dhjetor 2013 \u2013 Hulumtimi mbi distanc\u00ebn etnike n\u00eb Mal t\u00eb Zi, t\u00eb cilin e b\u00ebri Qendra p\u00ebr demokraci dhe t\u00eb drejtat e njeriut (CEDEM),","robots":{"index":"index","follow":"follow","max-snippet":"max-snippet:-1","max-image-preview":"max-image-preview:large","max-video-preview":"max-video-preview:-1"},"canonical":"https:\/\/www.visit-ulcinj.com\/blog\/2013\/12\/11\/cedem-nje-ne-pese-malazeze-nuk-deshiron-te-jetoje-ne-nje-shtet-shqiptaret\/","og_locale":"en_US","og_type":"article","og_title":"CEDEM: Nj\u00eb n\u00eb pes\u00eb malazez\u00eb nuk d\u00ebshiron t\u00eb jetoj\u00eb n\u00eb nj\u00eb shtet me shqiptar\u00ebt - Lajme nga Ulqini","og_description":"Anketa Podgoric\u00eb, 10 dhjetor 2013 \u2013 Hulumtimi mbi distanc\u00ebn etnike n\u00eb Mal t\u00eb Zi, t\u00eb cilin e b\u00ebri Qendra p\u00ebr demokraci dhe t\u00eb drejtat e njeriut (CEDEM),","og_url":"https:\/\/www.visit-ulcinj.com\/blog\/2013\/12\/11\/cedem-nje-ne-pese-malazeze-nuk-deshiron-te-jetoje-ne-nje-shtet-shqiptaret\/","og_site_name":"Lajme nga Ulqini","article_published_time":"2013-12-11T07:10:23+00:00","og_image":[{"url":"http:\/\/www.visit-ulcinj.com\/blog\/wp-content\/uploads\/2013\/12\/Milos-Besic-CEDEM.jpg"}],"twitter_misc":{"Written by":"ulqini","Est. reading time":"1 minute"},"schema":{"@context":"https:\/\/schema.org","@graph":[{"@type":"WebSite","@id":"https:\/\/www.visit-ulcinj.com\/blog\/#website","url":"https:\/\/www.visit-ulcinj.com\/blog\/","name":"Lajme nga Ulqini","description":"Lajme,Vijesti,Ulqini,Ulqin,Crna Gora,Mali i Zi","potentialAction":[{"@type":"SearchAction","target":{"@type":"EntryPoint","urlTemplate":"https:\/\/www.visit-ulcinj.com\/blog\/?s={search_term_string}"},"query-input":"required name=search_term_string"}],"inLanguage":"en-US"},{"@type":"ImageObject","inLanguage":"en-US","@id":"https:\/\/www.visit-ulcinj.com\/blog\/2013\/12\/11\/cedem-nje-ne-pese-malazeze-nuk-deshiron-te-jetoje-ne-nje-shtet-shqiptaret\/#primaryimage","url":"https:\/\/www.visit-ulcinj.com\/blog\/wp-content\/uploads\/2013\/12\/Milos-Besic-CEDEM.jpg","contentUrl":"https:\/\/www.visit-ulcinj.com\/blog\/wp-content\/uploads\/2013\/12\/Milos-Besic-CEDEM.jpg","width":811,"height":554},{"@type":"WebPage","@id":"https:\/\/www.visit-ulcinj.com\/blog\/2013\/12\/11\/cedem-nje-ne-pese-malazeze-nuk-deshiron-te-jetoje-ne-nje-shtet-shqiptaret\/#webpage","url":"https:\/\/www.visit-ulcinj.com\/blog\/2013\/12\/11\/cedem-nje-ne-pese-malazeze-nuk-deshiron-te-jetoje-ne-nje-shtet-shqiptaret\/","name":"CEDEM: Nj\u00eb n\u00eb pes\u00eb malazez\u00eb nuk d\u00ebshiron t\u00eb jetoj\u00eb n\u00eb nj\u00eb shtet me shqiptar\u00ebt - Lajme nga Ulqini","isPartOf":{"@id":"https:\/\/www.visit-ulcinj.com\/blog\/#website"},"primaryImageOfPage":{"@id":"https:\/\/www.visit-ulcinj.com\/blog\/2013\/12\/11\/cedem-nje-ne-pese-malazeze-nuk-deshiron-te-jetoje-ne-nje-shtet-shqiptaret\/#primaryimage"},"datePublished":"2013-12-11T07:10:23+00:00","dateModified":"2013-12-11T07:10:23+00:00","author":{"@id":"https:\/\/www.visit-ulcinj.com\/blog\/#\/schema\/person\/dcab619c614d3038751c63bc2aadc06d"},"description":"Anketa Podgoric\u00eb, 10 dhjetor 2013 \u2013 Hulumtimi mbi distanc\u00ebn etnike n\u00eb Mal t\u00eb Zi, t\u00eb cilin e b\u00ebri Qendra p\u00ebr demokraci dhe t\u00eb drejtat e njeriut (CEDEM),","breadcrumb":{"@id":"https:\/\/www.visit-ulcinj.com\/blog\/2013\/12\/11\/cedem-nje-ne-pese-malazeze-nuk-deshiron-te-jetoje-ne-nje-shtet-shqiptaret\/#breadcrumb"},"inLanguage":"en-US","potentialAction":[{"@type":"ReadAction","target":["https:\/\/www.visit-ulcinj.com\/blog\/2013\/12\/11\/cedem-nje-ne-pese-malazeze-nuk-deshiron-te-jetoje-ne-nje-shtet-shqiptaret\/"]}]},{"@type":"BreadcrumbList","@id":"https:\/\/www.visit-ulcinj.com\/blog\/2013\/12\/11\/cedem-nje-ne-pese-malazeze-nuk-deshiron-te-jetoje-ne-nje-shtet-shqiptaret\/#breadcrumb","itemListElement":[{"@type":"ListItem","position":1,"name":"CEDEM: Nj\u00eb n\u00eb pes\u00eb malazez\u00eb nuk d\u00ebshiron t\u00eb jetoj\u00eb n\u00eb nj\u00eb shtet me shqiptar\u00ebt"}]},{"@type":"Person","@id":"https:\/\/www.visit-ulcinj.com\/blog\/#\/schema\/person\/dcab619c614d3038751c63bc2aadc06d","name":"ulqini","sameAs":["http:\/\/www.visit-ulcinj.com"],"url":"https:\/\/www.visit-ulcinj.com\/blog\/author\/admin\/"}]}},"jetpack_featured_media_url":"","jetpack_sharing_enabled":true,"jetpack_shortlink":"https:\/\/wp.me\/pe6lTn-k32","_links":{"self":[{"href":"https:\/\/www.visit-ulcinj.com\/blog\/wp-json\/wp\/v2\/posts\/77068"}],"collection":[{"href":"https:\/\/www.visit-ulcinj.com\/blog\/wp-json\/wp\/v2\/posts"}],"about":[{"href":"https:\/\/www.visit-ulcinj.com\/blog\/wp-json\/wp\/v2\/types\/post"}],"author":[{"embeddable":true,"href":"https:\/\/www.visit-ulcinj.com\/blog\/wp-json\/wp\/v2\/users\/1"}],"replies":[{"embeddable":true,"href":"https:\/\/www.visit-ulcinj.com\/blog\/wp-json\/wp\/v2\/comments?post=77068"}],"version-history":[{"count":1,"href":"https:\/\/www.visit-ulcinj.com\/blog\/wp-json\/wp\/v2\/posts\/77068\/revisions"}],"predecessor-version":[{"id":77070,"href":"https:\/\/www.visit-ulcinj.com\/blog\/wp-json\/wp\/v2\/posts\/77068\/revisions\/77070"}],"wp:attachment":[{"href":"https:\/\/www.visit-ulcinj.com\/blog\/wp-json\/wp\/v2\/media?parent=77068"}],"wp:term":[{"taxonomy":"category","embeddable":true,"href":"https:\/\/www.visit-ulcinj.com\/blog\/wp-json\/wp\/v2\/categories?post=77068"},{"taxonomy":"post_tag","embeddable":true,"href":"https:\/\/www.visit-ulcinj.com\/blog\/wp-json\/wp\/v2\/tags?post=77068"}],"curies":[{"name":"wp","href":"https:\/\/api.w.org\/{rel}","templated":true}]}}