{"id":77071,"date":"2013-12-11T08:29:00","date_gmt":"2013-12-11T07:29:00","guid":{"rendered":"http:\/\/www.visit-ulcinj.com\/blog\/?p=77071"},"modified":"2013-12-11T08:29:00","modified_gmt":"2013-12-11T07:29:00","slug":"prvi-gosti-stizu-u-januaru-u-ulcinjskoj-rivijeri","status":"publish","type":"post","link":"https:\/\/www.visit-ulcinj.com\/blog\/2013\/12\/11\/prvi-gosti-stizu-u-januaru-u-ulcinjskoj-rivijeri\/","title":{"rendered":"Prvi gosti sti\u017eu u januaru u Ulcinjskoj rivijeri"},"content":{"rendered":"<p><a href=\"http:\/\/www.visit-ulcinj.com\/blog\/wp-content\/uploads\/2012\/12\/ulcinjska-rivijera.jpg\"><img loading=\"lazy\" class=\"alignleft  wp-image-66885\" alt=\"ulcinjska-rivijera\" src=\"http:\/\/www.visit-ulcinj.com\/blog\/wp-content\/uploads\/2012\/12\/ulcinjska-rivijera.jpg\" width=\"508\" height=\"360\" \/><\/a>ULCINj &#8211; U Hotelsko-turisti\u010dkom preduze\u0107u \u201eUlcinjska rivijera\u201cove zime o\u010dekuju dobru posjetu, a prvi gosti hotela na Velikoj pla\u017ei trebalo bi da budu sportisti.<br \/>\n&#8211; Po\u010detkom januara o\u010dekujemo dolazak fudbalskih ekipa iz Albanije, a krajem januara i tokom februara na pripremama u hotelu \u201eOlimpik\u201d boravi\u0107e fudbalski, atletski i karate klubovi iz Srbije, BiH i Crne Gore, kao i ekipe iz isto\u010dne Evrope \u2013 saop\u0161tila je pi-ar najve\u0107eg turisti\u010dkog preduze\u0107a u Ulcinju Ana \u017divanovi\u0107.<br \/>\nPrema njenin rije\u010dima, poslovodsto preduze\u0107a se maksimalno anga\u017eovalo na pripremama za zimsku sezonu.<br \/>\n&#8211; Fudbalski tereni sa travnatom podlogom su u izuzetno dobrom stanju, a nakon ljetnje sezone osvje\u017een je i izgled hotela &#8211; dodala je \u017divanovi\u0107eva. Pun pansion za fudbalere seniore iznosi 35 eura po osobi dnevno, dok je za mla\u0111e cijena 25 eura. Za atleti\u010dare cijena punog pansiona je 25 eura po osobi dnevno. U navedenu cijenu je ura\u010dunata boravi\u0161na taksa, a u ponudu su uklju\u010deni: pun pansion, kori\u0161\u0107enje bazena, fudbalskih terena, teretane, atletske staze, trim staza, sala za sastanke, TV sala sa aperitiv barom\u2026<br \/>\n<strong>M.K.<\/strong><br \/>\n<strong>Izvor: DAN<\/strong><\/p>\n","protected":false},"excerpt":{"rendered":"<p>ULCINj &#8211; U Hotelsko-turisti\u010dkom preduze\u0107u \u201eUlcinjska rivijera\u201cove zime o\u010dekuju dobru posjetu, a prvi gosti hotela na Velikoj pla\u017ei trebalo bi da budu sportisti. &#8211; Po\u010detkom januara o\u010dekujemo dolazak fudbalskih ekipa iz Albanije, a krajem januara i tokom februara na pripremama u hotelu \u201eOlimpik\u201d boravi\u0107e fudbalski, atletski i karate klubovi iz Srbije, BiH i Crne Gore, [&hellip;]<\/p>\n","protected":false},"author":1,"featured_media":0,"comment_status":"closed","ping_status":"closed","sticky":false,"template":"","format":"standard","meta":{"spay_email":"","jetpack_publicize_message":"","jetpack_is_tweetstorm":false,"jetpack_publicize_feature_enabled":true},"categories":[8337],"tags":[],"jetpack_publicize_connections":[],"yoast_head":"<!-- This site is optimized with the Yoast SEO plugin v19.1 - https:\/\/yoast.com\/wordpress\/plugins\/seo\/ -->\n<title>Prvi gosti sti\u017eu u januaru u Ulcinjskoj rivijeri - Lajme nga Ulqini<\/title>\n<meta name=\"description\" content=\"ULCINj - U Hotelsko-turisti\u010dkom preduze\u0107u \u201eUlcinjska rivijera\u201cove zime o\u010dekuju dobru posjetu, a prvi gosti hotela na Velikoj pla\u017ei trebalo bi da budu\" \/>\n<meta name=\"robots\" content=\"index, follow, max-snippet:-1, max-image-preview:large, max-video-preview:-1\" \/>\n<link rel=\"canonical\" href=\"https:\/\/www.visit-ulcinj.com\/blog\/2013\/12\/11\/prvi-gosti-stizu-u-januaru-u-ulcinjskoj-rivijeri\/\" \/>\n<meta property=\"og:locale\" content=\"en_US\" \/>\n<meta property=\"og:type\" content=\"article\" \/>\n<meta property=\"og:title\" content=\"Prvi gosti sti\u017eu u januaru u Ulcinjskoj rivijeri - Lajme nga Ulqini\" \/>\n<meta property=\"og:description\" content=\"ULCINj - U Hotelsko-turisti\u010dkom preduze\u0107u \u201eUlcinjska rivijera\u201cove zime o\u010dekuju dobru posjetu, a prvi gosti hotela na Velikoj pla\u017ei trebalo bi da budu\" \/>\n<meta property=\"og:url\" content=\"https:\/\/www.visit-ulcinj.com\/blog\/2013\/12\/11\/prvi-gosti-stizu-u-januaru-u-ulcinjskoj-rivijeri\/\" \/>\n<meta property=\"og:site_name\" content=\"Lajme nga Ulqini\" \/>\n<meta property=\"article:published_time\" content=\"2013-12-11T07:29:00+00:00\" \/>\n<meta property=\"og:image\" content=\"http:\/\/www.visit-ulcinj.com\/blog\/wp-content\/uploads\/2012\/12\/ulcinjska-rivijera.jpg\" \/>\n<meta name=\"twitter:label1\" content=\"Written by\" \/>\n\t<meta name=\"twitter:data1\" content=\"ulqini\" \/>\n\t<meta name=\"twitter:label2\" content=\"Est. reading time\" \/>\n\t<meta name=\"twitter:data2\" content=\"1 minute\" \/>\n<script type=\"application\/ld+json\" class=\"yoast-schema-graph\">{\"@context\":\"https:\/\/schema.org\",\"@graph\":[{\"@type\":\"WebSite\",\"@id\":\"https:\/\/www.visit-ulcinj.com\/blog\/#website\",\"url\":\"https:\/\/www.visit-ulcinj.com\/blog\/\",\"name\":\"Lajme nga Ulqini\",\"description\":\"Lajme,Vijesti,Ulqini,Ulqin,Crna Gora,Mali i Zi\",\"potentialAction\":[{\"@type\":\"SearchAction\",\"target\":{\"@type\":\"EntryPoint\",\"urlTemplate\":\"https:\/\/www.visit-ulcinj.com\/blog\/?s={search_term_string}\"},\"query-input\":\"required name=search_term_string\"}],\"inLanguage\":\"en-US\"},{\"@type\":\"ImageObject\",\"inLanguage\":\"en-US\",\"@id\":\"https:\/\/www.visit-ulcinj.com\/blog\/2013\/12\/11\/prvi-gosti-stizu-u-januaru-u-ulcinjskoj-rivijeri\/#primaryimage\",\"url\":\"https:\/\/www.visit-ulcinj.com\/blog\/wp-content\/uploads\/2012\/12\/ulcinjska-rivijera.jpg\",\"contentUrl\":\"https:\/\/www.visit-ulcinj.com\/blog\/wp-content\/uploads\/2012\/12\/ulcinjska-rivijera.jpg\",\"width\":640,\"height\":480},{\"@type\":\"WebPage\",\"@id\":\"https:\/\/www.visit-ulcinj.com\/blog\/2013\/12\/11\/prvi-gosti-stizu-u-januaru-u-ulcinjskoj-rivijeri\/#webpage\",\"url\":\"https:\/\/www.visit-ulcinj.com\/blog\/2013\/12\/11\/prvi-gosti-stizu-u-januaru-u-ulcinjskoj-rivijeri\/\",\"name\":\"Prvi gosti sti\u017eu u januaru u Ulcinjskoj rivijeri - Lajme nga Ulqini\",\"isPartOf\":{\"@id\":\"https:\/\/www.visit-ulcinj.com\/blog\/#website\"},\"primaryImageOfPage\":{\"@id\":\"https:\/\/www.visit-ulcinj.com\/blog\/2013\/12\/11\/prvi-gosti-stizu-u-januaru-u-ulcinjskoj-rivijeri\/#primaryimage\"},\"datePublished\":\"2013-12-11T07:29:00+00:00\",\"dateModified\":\"2013-12-11T07:29:00+00:00\",\"author\":{\"@id\":\"https:\/\/www.visit-ulcinj.com\/blog\/#\/schema\/person\/dcab619c614d3038751c63bc2aadc06d\"},\"description\":\"ULCINj - U Hotelsko-turisti\u010dkom preduze\u0107u \u201eUlcinjska rivijera\u201cove zime o\u010dekuju dobru posjetu, a prvi gosti hotela na Velikoj pla\u017ei trebalo bi da budu\",\"breadcrumb\":{\"@id\":\"https:\/\/www.visit-ulcinj.com\/blog\/2013\/12\/11\/prvi-gosti-stizu-u-januaru-u-ulcinjskoj-rivijeri\/#breadcrumb\"},\"inLanguage\":\"en-US\",\"potentialAction\":[{\"@type\":\"ReadAction\",\"target\":[\"https:\/\/www.visit-ulcinj.com\/blog\/2013\/12\/11\/prvi-gosti-stizu-u-januaru-u-ulcinjskoj-rivijeri\/\"]}]},{\"@type\":\"BreadcrumbList\",\"@id\":\"https:\/\/www.visit-ulcinj.com\/blog\/2013\/12\/11\/prvi-gosti-stizu-u-januaru-u-ulcinjskoj-rivijeri\/#breadcrumb\",\"itemListElement\":[{\"@type\":\"ListItem\",\"position\":1,\"name\":\"Prvi gosti sti\u017eu u januaru u Ulcinjskoj rivijeri\"}]},{\"@type\":\"Person\",\"@id\":\"https:\/\/www.visit-ulcinj.com\/blog\/#\/schema\/person\/dcab619c614d3038751c63bc2aadc06d\",\"name\":\"ulqini\",\"sameAs\":[\"http:\/\/www.visit-ulcinj.com\"],\"url\":\"https:\/\/www.visit-ulcinj.com\/blog\/author\/admin\/\"}]}<\/script>\n<!-- \/ Yoast SEO plugin. -->","yoast_head_json":{"title":"Prvi gosti sti\u017eu u januaru u Ulcinjskoj rivijeri - Lajme nga Ulqini","description":"ULCINj - U Hotelsko-turisti\u010dkom preduze\u0107u \u201eUlcinjska rivijera\u201cove zime o\u010dekuju dobru posjetu, a prvi gosti hotela na Velikoj pla\u017ei trebalo bi da budu","robots":{"index":"index","follow":"follow","max-snippet":"max-snippet:-1","max-image-preview":"max-image-preview:large","max-video-preview":"max-video-preview:-1"},"canonical":"https:\/\/www.visit-ulcinj.com\/blog\/2013\/12\/11\/prvi-gosti-stizu-u-januaru-u-ulcinjskoj-rivijeri\/","og_locale":"en_US","og_type":"article","og_title":"Prvi gosti sti\u017eu u januaru u Ulcinjskoj rivijeri - Lajme nga Ulqini","og_description":"ULCINj - U Hotelsko-turisti\u010dkom preduze\u0107u \u201eUlcinjska rivijera\u201cove zime o\u010dekuju dobru posjetu, a prvi gosti hotela na Velikoj pla\u017ei trebalo bi da budu","og_url":"https:\/\/www.visit-ulcinj.com\/blog\/2013\/12\/11\/prvi-gosti-stizu-u-januaru-u-ulcinjskoj-rivijeri\/","og_site_name":"Lajme nga Ulqini","article_published_time":"2013-12-11T07:29:00+00:00","og_image":[{"url":"http:\/\/www.visit-ulcinj.com\/blog\/wp-content\/uploads\/2012\/12\/ulcinjska-rivijera.jpg"}],"twitter_misc":{"Written by":"ulqini","Est. reading time":"1 minute"},"schema":{"@context":"https:\/\/schema.org","@graph":[{"@type":"WebSite","@id":"https:\/\/www.visit-ulcinj.com\/blog\/#website","url":"https:\/\/www.visit-ulcinj.com\/blog\/","name":"Lajme nga Ulqini","description":"Lajme,Vijesti,Ulqini,Ulqin,Crna Gora,Mali i Zi","potentialAction":[{"@type":"SearchAction","target":{"@type":"EntryPoint","urlTemplate":"https:\/\/www.visit-ulcinj.com\/blog\/?s={search_term_string}"},"query-input":"required name=search_term_string"}],"inLanguage":"en-US"},{"@type":"ImageObject","inLanguage":"en-US","@id":"https:\/\/www.visit-ulcinj.com\/blog\/2013\/12\/11\/prvi-gosti-stizu-u-januaru-u-ulcinjskoj-rivijeri\/#primaryimage","url":"https:\/\/www.visit-ulcinj.com\/blog\/wp-content\/uploads\/2012\/12\/ulcinjska-rivijera.jpg","contentUrl":"https:\/\/www.visit-ulcinj.com\/blog\/wp-content\/uploads\/2012\/12\/ulcinjska-rivijera.jpg","width":640,"height":480},{"@type":"WebPage","@id":"https:\/\/www.visit-ulcinj.com\/blog\/2013\/12\/11\/prvi-gosti-stizu-u-januaru-u-ulcinjskoj-rivijeri\/#webpage","url":"https:\/\/www.visit-ulcinj.com\/blog\/2013\/12\/11\/prvi-gosti-stizu-u-januaru-u-ulcinjskoj-rivijeri\/","name":"Prvi gosti sti\u017eu u januaru u Ulcinjskoj rivijeri - Lajme nga Ulqini","isPartOf":{"@id":"https:\/\/www.visit-ulcinj.com\/blog\/#website"},"primaryImageOfPage":{"@id":"https:\/\/www.visit-ulcinj.com\/blog\/2013\/12\/11\/prvi-gosti-stizu-u-januaru-u-ulcinjskoj-rivijeri\/#primaryimage"},"datePublished":"2013-12-11T07:29:00+00:00","dateModified":"2013-12-11T07:29:00+00:00","author":{"@id":"https:\/\/www.visit-ulcinj.com\/blog\/#\/schema\/person\/dcab619c614d3038751c63bc2aadc06d"},"description":"ULCINj - U Hotelsko-turisti\u010dkom preduze\u0107u \u201eUlcinjska rivijera\u201cove zime o\u010dekuju dobru posjetu, a prvi gosti hotela na Velikoj pla\u017ei trebalo bi da budu","breadcrumb":{"@id":"https:\/\/www.visit-ulcinj.com\/blog\/2013\/12\/11\/prvi-gosti-stizu-u-januaru-u-ulcinjskoj-rivijeri\/#breadcrumb"},"inLanguage":"en-US","potentialAction":[{"@type":"ReadAction","target":["https:\/\/www.visit-ulcinj.com\/blog\/2013\/12\/11\/prvi-gosti-stizu-u-januaru-u-ulcinjskoj-rivijeri\/"]}]},{"@type":"BreadcrumbList","@id":"https:\/\/www.visit-ulcinj.com\/blog\/2013\/12\/11\/prvi-gosti-stizu-u-januaru-u-ulcinjskoj-rivijeri\/#breadcrumb","itemListElement":[{"@type":"ListItem","position":1,"name":"Prvi gosti sti\u017eu u januaru u Ulcinjskoj rivijeri"}]},{"@type":"Person","@id":"https:\/\/www.visit-ulcinj.com\/blog\/#\/schema\/person\/dcab619c614d3038751c63bc2aadc06d","name":"ulqini","sameAs":["http:\/\/www.visit-ulcinj.com"],"url":"https:\/\/www.visit-ulcinj.com\/blog\/author\/admin\/"}]}},"jetpack_featured_media_url":"","jetpack_sharing_enabled":true,"jetpack_shortlink":"https:\/\/wp.me\/pe6lTn-k35","_links":{"self":[{"href":"https:\/\/www.visit-ulcinj.com\/blog\/wp-json\/wp\/v2\/posts\/77071"}],"collection":[{"href":"https:\/\/www.visit-ulcinj.com\/blog\/wp-json\/wp\/v2\/posts"}],"about":[{"href":"https:\/\/www.visit-ulcinj.com\/blog\/wp-json\/wp\/v2\/types\/post"}],"author":[{"embeddable":true,"href":"https:\/\/www.visit-ulcinj.com\/blog\/wp-json\/wp\/v2\/users\/1"}],"replies":[{"embeddable":true,"href":"https:\/\/www.visit-ulcinj.com\/blog\/wp-json\/wp\/v2\/comments?post=77071"}],"version-history":[{"count":1,"href":"https:\/\/www.visit-ulcinj.com\/blog\/wp-json\/wp\/v2\/posts\/77071\/revisions"}],"predecessor-version":[{"id":77072,"href":"https:\/\/www.visit-ulcinj.com\/blog\/wp-json\/wp\/v2\/posts\/77071\/revisions\/77072"}],"wp:attachment":[{"href":"https:\/\/www.visit-ulcinj.com\/blog\/wp-json\/wp\/v2\/media?parent=77071"}],"wp:term":[{"taxonomy":"category","embeddable":true,"href":"https:\/\/www.visit-ulcinj.com\/blog\/wp-json\/wp\/v2\/categories?post=77071"},{"taxonomy":"post_tag","embeddable":true,"href":"https:\/\/www.visit-ulcinj.com\/blog\/wp-json\/wp\/v2\/tags?post=77071"}],"curies":[{"name":"wp","href":"https:\/\/api.w.org\/{rel}","templated":true}]}}