{"id":77073,"date":"2013-12-11T08:34:51","date_gmt":"2013-12-11T07:34:51","guid":{"rendered":"http:\/\/www.visit-ulcinj.com\/blog\/?p=77073"},"modified":"2013-12-11T08:34:51","modified_gmt":"2013-12-11T07:34:51","slug":"cedem-crna-gora-etnicki-tolerantnija-nego-prethodnih-godina","status":"publish","type":"post","link":"https:\/\/www.visit-ulcinj.com\/blog\/2013\/12\/11\/cedem-crna-gora-etnicki-tolerantnija-nego-prethodnih-godina\/","title":{"rendered":"CEDEM: Crna Gora etni\u010dki tolerantnija nego prethodnih godina"},"content":{"rendered":"<p><a href=\"http:\/\/www.visit-ulcinj.com\/blog\/wp-content\/uploads\/2013\/12\/Milos-Besic.jpg\"><img loading=\"lazy\" class=\"alignleft  wp-image-77075\" alt=\"Milos Besic\" src=\"http:\/\/www.visit-ulcinj.com\/blog\/wp-content\/uploads\/2013\/12\/Milos-Besic.jpg\" width=\"508\" height=\"360\" \/><\/a>Istra\u017eivanje o etni\u010dkoj distanci u Crnoj Gori, koje je sproveo Centar za demokratiju i ljudska prava (CEDEM) uz podr\u0161ku Centra za evropske studije (CES) iz Brisela, pokazuje da je na\u0161a dr\u017eava\u00a0 tolerantnije dru\u0161tvo u odnosu na 2004. kada je ovakvo istra\u017eivanje prvi put ra\u0111eno. Isto istra\u017eivanje pokazuje da \u201eljudi u Crnoj Gori te\u0161ko prihvataju da neko ko nije njihove nacionalnosti ima rukovode\u0107i polo\u017eaj\u201c.<\/p>\n<p>Skoro tre\u0107ina gra\u0111ana Crne Gore (31,8 odsto) ne bi \u017eeljela da bude saradnik na poslu pripadniku romske nacionalnosti, pokazalo je istra\u017eivanje o etni\u010dkoj distanci u Crnoj Gori.<\/p>\n<p>\u201eKada je rije\u010d da pripadnik druge etni\u010dke skupine bude pretpostavljeni na poslu ispitanicima, prema Crnogorcima je distanca 7,3, Srbima 12,5, Bo\u0161njacima\/Muslimanima 24,2, Albancima 36,8, Hrvatima 31,1 i Romima 43,5 odsto\u201c, obja\u0161njava metodolog CEDEM-a Milo\u0161 Be\u0161i\u0107 i dodaje da \u201eljudi u Crnoj Gori te\u0161ko prihvataju da neko ko nije njihove nacionalnosti ima rukovode\u0107i polo\u017eaj\u201c, kazao Milo\u0161 Be\u0161i\u0107.<\/p>\n<p>Kao jedno od osjetljivih pitanja, prema rezultatima istra\u017eivanja, ispostavilo se i pitanje vaspitanja djece, tj. nacionalna pripadnost vaspita\u010da.<\/p>\n<p>\u201eSkoro svaki drugi gra\u0111anin Crne Gore (46,1 odsto)\u00a0 ima problem da neko ko pripada albanskoj nacionalnosti bude vaspita\u010d djeci u \u0161koli\u201c, obja\u0161njava Be\u0161i\u0107 i dodaje da vrijednosti rastu i kada se radi o stranim nacijama.<\/p>\n<p>U Crnoj Gori, kako je pokazalo istra\u017eivanje CEDEM-a, ljudi \u201eetni\u010dku toleranciju\u201c shvataju kroz dru\u017eenje i komunikaciju.<\/p>\n<p>Gotovo 43 odsto ispitanika ne bi \u017eeljelo da se dru\u017ei i posje\u0107uje sa Romima, 34,6 odsto sa Albancima a oko 31 odsto sa Hrvatima.<\/p>\n<p>\u201eSvaki peti gra\u0111anin ili gra\u0111anka Crne Gore, ne bi \u017eelio da \u017eivi sa Albancem u istoj dr\u017eavi\u201c, obja\u0161njava Be\u0161i\u0107 rezultate istra\u017eivanja.<\/p>\n<p>Visok stepen distanciranja, na pitanje \u017eivota u istoj dr\u017eavi, ispitanici imaju prema Romima \u2013 22,5, Hrvatima \u2013 19,9 i Bo\u0161njacima\/Muslimanima \u2013 12,7.<\/p>\n<p>Distanciranje se nastavlja i kada je u pitanju \u017eivot u susjedstvu ili u istoj zgradi, tj. radi se o sli\u010dnim vrijednostima kao i u prethodnom pitanju.<\/p>\n<p>\u201e2,4 odsto je distanciranje u odnosu na Crnogorce, 8 u odnosu na Srbe, 15,4 \u2013 Bo\u0161njake. Opet vrijednosti u odnosu na Hrvate i Albance rastu. 24,9 odsto gra\u0111ana Crne Gore ne bi \u017eeljelo da u kom\u0161iluku ima Albance, odnosno 24,1 \u2013 Hrvate. Za Rome ve\u0107 vrijednost ide na 31,5 odsto. Nema nikakve sumnje da se prema Romima pravi najve\u0107i mogu\u0107i stepen distance\u201c, obja\u0161njava metodolog CEDEM-a.<\/p>\n<p>Vi\u0161e od 64 odsto ispitanika ne bi \u017eeljelo da bude u daljem srodstvu putem braka sa pripadnicima romske nacionalnosti, oko 53 odsto sa Albancima a 46,5 odsto sa Hrvatima. Gotovo 70 odsto ispitanika ne bi stupilo u brak sa pripadnikom romske populacije niti bi \u017eeljelo da njihova djeca to u\u010dine, oko 63 odsto isto misli za Albance, a oko 56 odsto za Hrvate.<\/p>\n<p>Metodolog Milo\u0161 Be\u0161i\u0107 je objasnio da prosje\u010dna distanca u odnosu na sve etni\u010dke skupine potvr\u0111uje da je najve\u0107a etni\u010dka distanca prema Romima, jer vi\u0161e od 46 odsto gra\u0111ana ima tu distancu prema pripadnicima romske populacije.<\/p>\n<p>\u201ePrema Albancima je ta vrijednost 39,4 odsto, a prema Hrvatima 35,6 odsto. To su vrlo visoke vrijednosti, \u010dak su prema pripadnicima stranih nacija ne\u0161to ni\u017ee, do 31,5 koliko je ta vrijednost za Amerikance\u201c, naveo je Be\u0161i\u0107.<\/p>\n<p>On je dodao da je najmanja prosje\u010dna distanca prema Crnogorcima &#8211; 7,4 i prema Srbima &#8211; 13,2.<\/p>\n<p>Be\u0161i\u0107 je kazao da su, prema njegovom mi\u0161ljenju, najva\u017eniji podaci o me\u0111uetni\u010dkom distanciranju, koji su izra\u017eeni na skali od nula do devet.<\/p>\n<p>Ti podaci pokazuju da je me\u0111uetni\u010dka distanca Crnogoraca prema Srbima 0,7 a Srba prema Crnogorcima 0,9. Distanca Crnogoraca prema Bo\u0161njacima\/Muslimanima je 2,3, a njihova prema Crnogorcima 1,5.<\/p>\n<p>Distanca Crnogoraca prema Albancima je 3,3, dok je distanca Albanaca prema Crnogorcima 0,6.<\/p>\n<p>\u201eAlbanci prema Crnogorcima ne grade distancu, ali Crnogorci prema Albancima \u2013 i te kako\u201c, naglasio je Be\u0161i\u0107.<\/p>\n<p>Najve\u0107u distancu pokazuju Srbi prema Albancima &#8211; 5,1, dok Albanci prema Srbima imaju distancu 3. Srbi imaju visoku vrijednost distance i prema Bo\u0161njacima\/Muslimanima, i ona iznosi 4, dok je distanca Bo\u0161njaka\/Muslimana prema Srbima 2,7.<\/p>\n<p>Bo\u0161njaci\/Muslimani imaju ve\u0107u distancu prema Albancima nego obratno, 2,9 u odnosu na 1,4.<\/p>\n<p>Ukupni podaci pokazuju da je etni\u010dka netolerancija kod Crnogoraca 2,22, kod Srba 3,43, kod Bo\u0161njaka\/Muslimana 2,4 a kod Albanaca 2,28.<\/p>\n<p>\u201eDakle, Srbi pokazuju najve\u0107i stepen distanciranja u odnosu na druge etni\u010dke skupine. Razlike nisu drasti\u010dne, ali oni pokazuju najve\u0107i nivo distanciranja\u201c, naveo je Be\u0161i\u0107.<\/p>\n<p>On je podsjetio na podatke iz 2007. godine, kada je istra\u017eivanje dalo mnogo ve\u0107e vrijednosti nego dana\u0161nje.<\/p>\n<p>\u201eTe godine su sve ove vrijednosti bile mnogo vi\u0161e nego \u0161to su danas, i bili smo, sa stanovi\u0161ta mjerenja, u situcaiji kad je etni\u010dko distanciranje moglo da napravi ozbiljnu prepreku normalnom funkcionisanju dru\u0161tva\u201c, pojasnio je Be\u0161i\u0107.<\/p>\n<p><img loading=\"lazy\" alt=\"1012distanca2\" src=\"http:\/\/www.visit-ulcinj.com\/blog\/wp-content\/uploads\/2013\/12\/e218_1012distanca2.jpg\" width=\"429\" height=\"282\" \/><\/p>\n<p>On je kazao da novi podaci o distanciranju u odnosu na sve etni\u010dke skupine pokazuju da su te vrijednosti znatno ni\u017ee nego 2007. godine, i da su ni\u017ee i od onih iz 2004. \u0160to, kako je naveo, govori o pozitivnim trendovima.<\/p>\n<p>\u201eSvaka pojedina\u010dno nacionalna skupina je tolerantnija nego \u0161to je bila 2004. i 2007. godine, osim Bo\u0161njaka\/Muslimana. Jedino se pripadnici te skupine u prosjeku vi\u0161e distanciraju u odnosu na ostale, nego \u0161to je to bio slu\u010daj 2004. godine, dok kod svih ostalih imamo pozitivne trendove\u201c, naveo je Be\u0161i\u0107.<\/p>\n<p>On je precizirao da je vrijednost ukupne etni\u010dke distance 2004. godine bila 3,14, tri godine kasnije 3,83, dok je ove godine 2,6.<\/p>\n<p>\u201eGeneralno, koliko god nas brinule pojedina\u010dne relacije i odnosi izme\u0111u razli\u010ditih etni\u010dkih skupina, mo\u017eemo re\u0107i da je ove godine Crna Gora etni\u010dki tolerantnija nego \u0161to je bila 2007. ali i 2004. godine kad su te vrijednosti bile ni\u017ee\u201c, zaklju\u010dio je Be\u0161i\u0107.<\/p>\n<p>On je, na konferenciji za medije, objasnio da \u201ejedine empirijske podatke o etni\u010dkom distanciranju i odnosima izme\u0111u etni\u010dkih skupina u Crnoj Gori daje ovo istra\u017eivanje\u201c. Be\u0161i\u0107 dodaje da se u svim dr\u017eavama koje su demokratske ali i multietni\u010dke, etni\u010dka distanca mjeri.<\/p>\n<p>\u201eOdnosi izme\u0111u etniciteta i nacionalnih skupina, u multietni\u010dkim dr\u017eavama, i njihov stepen slaganja, s jedne strane jeste mjera demokratije, s druge strane mjera stabilnosti sistema\u201c, objasnio je metodolog CEDEM-a va\u017enost istra\u017eivanja o etni\u010dkoj distanci.<\/p>\n<p>U istra\u017eivanju je kori\u0161\u0107ena me\u0111unarodno priznata Bogardusova skala za mjerenje socijalne odnosno etni\u010dke distance.<\/p>\n<p>Kako je saop\u0161teno na konferenciji uzorak je reprezentativan za sve punoljetne gra\u0111ane Crne Gore. Realizovan je u 16 sljede\u0107ih op\u0161tina: Bijelo Polje, Berane, Pljevlja, Podgorica, Nik\u0161i\u0107, Cetinje, Herceg Novi, Ulcinj, Bar, Budva, Tivat, Kotor, Ro\u017eaje, Plav, \u017dabljak i Kola\u0161in.<\/p>\n<p>U istra\u017eivanju je u\u010destvovalo ukupno 790 ispitanika, uzorak je dvostruko stratifikovani sa slu\u010dajnim izborom ispitanika u okviru definisanih popisnih krugova. Standardna statisti\u010dka gre\u0161ka mjerenja iznosi +\/-3,5 odsto. Istra\u017eivanje je realizovano u periodu od 12. do 30. novembra 2013.godine.<\/p>\n<p><strong>Izvor: Analitika &#8211; Informativni Portal<\/strong><\/p>\n","protected":false},"excerpt":{"rendered":"<p>Istra\u017eivanje o etni\u010dkoj distanci u Crnoj Gori, koje je sproveo Centar za demokratiju i ljudska prava (CEDEM) uz podr\u0161ku Centra za evropske studije (CES) iz Brisela, pokazuje da je na\u0161a dr\u017eava\u00a0 tolerantnije dru\u0161tvo u odnosu na 2004. kada je ovakvo istra\u017eivanje prvi put ra\u0111eno. Isto istra\u017eivanje pokazuje da \u201eljudi u Crnoj Gori te\u0161ko prihvataju da [&hellip;]<\/p>\n","protected":false},"author":1,"featured_media":0,"comment_status":"closed","ping_status":"closed","sticky":false,"template":"","format":"standard","meta":{"spay_email":"","jetpack_publicize_message":"","jetpack_is_tweetstorm":false,"jetpack_publicize_feature_enabled":true},"categories":[6950],"tags":[],"jetpack_publicize_connections":[],"yoast_head":"<!-- This site is optimized with the Yoast SEO plugin v19.1 - https:\/\/yoast.com\/wordpress\/plugins\/seo\/ -->\n<title>CEDEM: Crna Gora etni\u010dki tolerantnija nego prethodnih godina - Lajme nga Ulqini<\/title>\n<meta name=\"description\" content=\"Istra\u017eivanje o etni\u010dkoj distanci u Crnoj Gori, koje je sproveo Centar za demokratiju i ljudska prava (CEDEM) uz podr\u0161ku Centra za evropske studije (CES)\" \/>\n<meta name=\"robots\" content=\"index, follow, max-snippet:-1, max-image-preview:large, max-video-preview:-1\" \/>\n<link rel=\"canonical\" href=\"https:\/\/www.visit-ulcinj.com\/blog\/2013\/12\/11\/cedem-crna-gora-etnicki-tolerantnija-nego-prethodnih-godina\/\" \/>\n<meta property=\"og:locale\" content=\"en_US\" \/>\n<meta property=\"og:type\" content=\"article\" \/>\n<meta property=\"og:title\" content=\"CEDEM: Crna Gora etni\u010dki tolerantnija nego prethodnih godina - Lajme nga Ulqini\" \/>\n<meta property=\"og:description\" content=\"Istra\u017eivanje o etni\u010dkoj distanci u Crnoj Gori, koje je sproveo Centar za demokratiju i ljudska prava (CEDEM) uz podr\u0161ku Centra za evropske studije (CES)\" \/>\n<meta property=\"og:url\" content=\"https:\/\/www.visit-ulcinj.com\/blog\/2013\/12\/11\/cedem-crna-gora-etnicki-tolerantnija-nego-prethodnih-godina\/\" \/>\n<meta property=\"og:site_name\" content=\"Lajme nga Ulqini\" \/>\n<meta property=\"article:published_time\" content=\"2013-12-11T07:34:51+00:00\" \/>\n<meta property=\"og:image\" content=\"http:\/\/www.visit-ulcinj.com\/blog\/wp-content\/uploads\/2013\/12\/Milos-Besic.jpg\" \/>\n<meta name=\"twitter:label1\" content=\"Written by\" \/>\n\t<meta name=\"twitter:data1\" content=\"ulqini\" \/>\n\t<meta name=\"twitter:label2\" content=\"Est. reading time\" \/>\n\t<meta name=\"twitter:data2\" content=\"6 minutes\" \/>\n<script type=\"application\/ld+json\" class=\"yoast-schema-graph\">{\"@context\":\"https:\/\/schema.org\",\"@graph\":[{\"@type\":\"WebSite\",\"@id\":\"https:\/\/www.visit-ulcinj.com\/blog\/#website\",\"url\":\"https:\/\/www.visit-ulcinj.com\/blog\/\",\"name\":\"Lajme nga Ulqini\",\"description\":\"Lajme,Vijesti,Ulqini,Ulqin,Crna Gora,Mali i Zi\",\"potentialAction\":[{\"@type\":\"SearchAction\",\"target\":{\"@type\":\"EntryPoint\",\"urlTemplate\":\"https:\/\/www.visit-ulcinj.com\/blog\/?s={search_term_string}\"},\"query-input\":\"required name=search_term_string\"}],\"inLanguage\":\"en-US\"},{\"@type\":\"ImageObject\",\"inLanguage\":\"en-US\",\"@id\":\"https:\/\/www.visit-ulcinj.com\/blog\/2013\/12\/11\/cedem-crna-gora-etnicki-tolerantnija-nego-prethodnih-godina\/#primaryimage\",\"url\":\"https:\/\/www.visit-ulcinj.com\/blog\/wp-content\/uploads\/2013\/12\/Milos-Besic.jpg\",\"contentUrl\":\"https:\/\/www.visit-ulcinj.com\/blog\/wp-content\/uploads\/2013\/12\/Milos-Besic.jpg\",\"width\":1024,\"height\":576},{\"@type\":\"WebPage\",\"@id\":\"https:\/\/www.visit-ulcinj.com\/blog\/2013\/12\/11\/cedem-crna-gora-etnicki-tolerantnija-nego-prethodnih-godina\/#webpage\",\"url\":\"https:\/\/www.visit-ulcinj.com\/blog\/2013\/12\/11\/cedem-crna-gora-etnicki-tolerantnija-nego-prethodnih-godina\/\",\"name\":\"CEDEM: Crna Gora etni\u010dki tolerantnija nego prethodnih godina - Lajme nga Ulqini\",\"isPartOf\":{\"@id\":\"https:\/\/www.visit-ulcinj.com\/blog\/#website\"},\"primaryImageOfPage\":{\"@id\":\"https:\/\/www.visit-ulcinj.com\/blog\/2013\/12\/11\/cedem-crna-gora-etnicki-tolerantnija-nego-prethodnih-godina\/#primaryimage\"},\"datePublished\":\"2013-12-11T07:34:51+00:00\",\"dateModified\":\"2013-12-11T07:34:51+00:00\",\"author\":{\"@id\":\"https:\/\/www.visit-ulcinj.com\/blog\/#\/schema\/person\/dcab619c614d3038751c63bc2aadc06d\"},\"description\":\"Istra\u017eivanje o etni\u010dkoj distanci u Crnoj Gori, koje je sproveo Centar za demokratiju i ljudska prava (CEDEM) uz podr\u0161ku Centra za evropske studije (CES)\",\"breadcrumb\":{\"@id\":\"https:\/\/www.visit-ulcinj.com\/blog\/2013\/12\/11\/cedem-crna-gora-etnicki-tolerantnija-nego-prethodnih-godina\/#breadcrumb\"},\"inLanguage\":\"en-US\",\"potentialAction\":[{\"@type\":\"ReadAction\",\"target\":[\"https:\/\/www.visit-ulcinj.com\/blog\/2013\/12\/11\/cedem-crna-gora-etnicki-tolerantnija-nego-prethodnih-godina\/\"]}]},{\"@type\":\"BreadcrumbList\",\"@id\":\"https:\/\/www.visit-ulcinj.com\/blog\/2013\/12\/11\/cedem-crna-gora-etnicki-tolerantnija-nego-prethodnih-godina\/#breadcrumb\",\"itemListElement\":[{\"@type\":\"ListItem\",\"position\":1,\"name\":\"CEDEM: Crna Gora etni\u010dki tolerantnija nego prethodnih godina\"}]},{\"@type\":\"Person\",\"@id\":\"https:\/\/www.visit-ulcinj.com\/blog\/#\/schema\/person\/dcab619c614d3038751c63bc2aadc06d\",\"name\":\"ulqini\",\"sameAs\":[\"http:\/\/www.visit-ulcinj.com\"],\"url\":\"https:\/\/www.visit-ulcinj.com\/blog\/author\/admin\/\"}]}<\/script>\n<!-- \/ Yoast SEO plugin. -->","yoast_head_json":{"title":"CEDEM: Crna Gora etni\u010dki tolerantnija nego prethodnih godina - Lajme nga Ulqini","description":"Istra\u017eivanje o etni\u010dkoj distanci u Crnoj Gori, koje je sproveo Centar za demokratiju i ljudska prava (CEDEM) uz podr\u0161ku Centra za evropske studije (CES)","robots":{"index":"index","follow":"follow","max-snippet":"max-snippet:-1","max-image-preview":"max-image-preview:large","max-video-preview":"max-video-preview:-1"},"canonical":"https:\/\/www.visit-ulcinj.com\/blog\/2013\/12\/11\/cedem-crna-gora-etnicki-tolerantnija-nego-prethodnih-godina\/","og_locale":"en_US","og_type":"article","og_title":"CEDEM: Crna Gora etni\u010dki tolerantnija nego prethodnih godina - Lajme nga Ulqini","og_description":"Istra\u017eivanje o etni\u010dkoj distanci u Crnoj Gori, koje je sproveo Centar za demokratiju i ljudska prava (CEDEM) uz podr\u0161ku Centra za evropske studije (CES)","og_url":"https:\/\/www.visit-ulcinj.com\/blog\/2013\/12\/11\/cedem-crna-gora-etnicki-tolerantnija-nego-prethodnih-godina\/","og_site_name":"Lajme nga Ulqini","article_published_time":"2013-12-11T07:34:51+00:00","og_image":[{"url":"http:\/\/www.visit-ulcinj.com\/blog\/wp-content\/uploads\/2013\/12\/Milos-Besic.jpg"}],"twitter_misc":{"Written by":"ulqini","Est. reading time":"6 minutes"},"schema":{"@context":"https:\/\/schema.org","@graph":[{"@type":"WebSite","@id":"https:\/\/www.visit-ulcinj.com\/blog\/#website","url":"https:\/\/www.visit-ulcinj.com\/blog\/","name":"Lajme nga Ulqini","description":"Lajme,Vijesti,Ulqini,Ulqin,Crna Gora,Mali i Zi","potentialAction":[{"@type":"SearchAction","target":{"@type":"EntryPoint","urlTemplate":"https:\/\/www.visit-ulcinj.com\/blog\/?s={search_term_string}"},"query-input":"required name=search_term_string"}],"inLanguage":"en-US"},{"@type":"ImageObject","inLanguage":"en-US","@id":"https:\/\/www.visit-ulcinj.com\/blog\/2013\/12\/11\/cedem-crna-gora-etnicki-tolerantnija-nego-prethodnih-godina\/#primaryimage","url":"https:\/\/www.visit-ulcinj.com\/blog\/wp-content\/uploads\/2013\/12\/Milos-Besic.jpg","contentUrl":"https:\/\/www.visit-ulcinj.com\/blog\/wp-content\/uploads\/2013\/12\/Milos-Besic.jpg","width":1024,"height":576},{"@type":"WebPage","@id":"https:\/\/www.visit-ulcinj.com\/blog\/2013\/12\/11\/cedem-crna-gora-etnicki-tolerantnija-nego-prethodnih-godina\/#webpage","url":"https:\/\/www.visit-ulcinj.com\/blog\/2013\/12\/11\/cedem-crna-gora-etnicki-tolerantnija-nego-prethodnih-godina\/","name":"CEDEM: Crna Gora etni\u010dki tolerantnija nego prethodnih godina - Lajme nga Ulqini","isPartOf":{"@id":"https:\/\/www.visit-ulcinj.com\/blog\/#website"},"primaryImageOfPage":{"@id":"https:\/\/www.visit-ulcinj.com\/blog\/2013\/12\/11\/cedem-crna-gora-etnicki-tolerantnija-nego-prethodnih-godina\/#primaryimage"},"datePublished":"2013-12-11T07:34:51+00:00","dateModified":"2013-12-11T07:34:51+00:00","author":{"@id":"https:\/\/www.visit-ulcinj.com\/blog\/#\/schema\/person\/dcab619c614d3038751c63bc2aadc06d"},"description":"Istra\u017eivanje o etni\u010dkoj distanci u Crnoj Gori, koje je sproveo Centar za demokratiju i ljudska prava (CEDEM) uz podr\u0161ku Centra za evropske studije (CES)","breadcrumb":{"@id":"https:\/\/www.visit-ulcinj.com\/blog\/2013\/12\/11\/cedem-crna-gora-etnicki-tolerantnija-nego-prethodnih-godina\/#breadcrumb"},"inLanguage":"en-US","potentialAction":[{"@type":"ReadAction","target":["https:\/\/www.visit-ulcinj.com\/blog\/2013\/12\/11\/cedem-crna-gora-etnicki-tolerantnija-nego-prethodnih-godina\/"]}]},{"@type":"BreadcrumbList","@id":"https:\/\/www.visit-ulcinj.com\/blog\/2013\/12\/11\/cedem-crna-gora-etnicki-tolerantnija-nego-prethodnih-godina\/#breadcrumb","itemListElement":[{"@type":"ListItem","position":1,"name":"CEDEM: Crna Gora etni\u010dki tolerantnija nego prethodnih godina"}]},{"@type":"Person","@id":"https:\/\/www.visit-ulcinj.com\/blog\/#\/schema\/person\/dcab619c614d3038751c63bc2aadc06d","name":"ulqini","sameAs":["http:\/\/www.visit-ulcinj.com"],"url":"https:\/\/www.visit-ulcinj.com\/blog\/author\/admin\/"}]}},"jetpack_featured_media_url":"","jetpack_sharing_enabled":true,"jetpack_shortlink":"https:\/\/wp.me\/pe6lTn-k37","_links":{"self":[{"href":"https:\/\/www.visit-ulcinj.com\/blog\/wp-json\/wp\/v2\/posts\/77073"}],"collection":[{"href":"https:\/\/www.visit-ulcinj.com\/blog\/wp-json\/wp\/v2\/posts"}],"about":[{"href":"https:\/\/www.visit-ulcinj.com\/blog\/wp-json\/wp\/v2\/types\/post"}],"author":[{"embeddable":true,"href":"https:\/\/www.visit-ulcinj.com\/blog\/wp-json\/wp\/v2\/users\/1"}],"replies":[{"embeddable":true,"href":"https:\/\/www.visit-ulcinj.com\/blog\/wp-json\/wp\/v2\/comments?post=77073"}],"version-history":[{"count":1,"href":"https:\/\/www.visit-ulcinj.com\/blog\/wp-json\/wp\/v2\/posts\/77073\/revisions"}],"predecessor-version":[{"id":77077,"href":"https:\/\/www.visit-ulcinj.com\/blog\/wp-json\/wp\/v2\/posts\/77073\/revisions\/77077"}],"wp:attachment":[{"href":"https:\/\/www.visit-ulcinj.com\/blog\/wp-json\/wp\/v2\/media?parent=77073"}],"wp:term":[{"taxonomy":"category","embeddable":true,"href":"https:\/\/www.visit-ulcinj.com\/blog\/wp-json\/wp\/v2\/categories?post=77073"},{"taxonomy":"post_tag","embeddable":true,"href":"https:\/\/www.visit-ulcinj.com\/blog\/wp-json\/wp\/v2\/tags?post=77073"}],"curies":[{"name":"wp","href":"https:\/\/api.w.org\/{rel}","templated":true}]}}