{"id":7709,"date":"2008-12-27T10:12:44","date_gmt":"2008-12-27T09:12:44","guid":{"rendered":"http:\/\/www.visit-ulcinj.com\/blog\/?p=7709"},"modified":"2008-12-27T10:15:45","modified_gmt":"2008-12-27T09:15:45","slug":"durkovic-do-kraja-sezone-u-ulcinju","status":"publish","type":"post","link":"https:\/\/www.visit-ulcinj.com\/blog\/2008\/12\/27\/durkovic-do-kraja-sezone-u-ulcinju\/","title":{"rendered":"?urkovi? do kraja sezone u Ulcinju"},"content":{"rendered":"<p><a href=\"http:\/\/www.visit-ulcinj.com\/blog\/wp-content\/uploads\/2008\/09\/kk_ulcinj.jpg\" target=\"_self\"><img loading=\"lazy\" class=\"alignleft size-full wp-image-3443\" title=\"kk_ulcinj\" src=\"http:\/\/www.visit-ulcinj.com\/blog\/wp-content\/uploads\/2008\/09\/kk_ulcinj.jpg\" alt=\"kk_ulcinj\" width=\"163\" height=\"185\" \/><\/a>Me?u onima koji su itekako bili pogo?eni nedavnom odlukom komesara KSCG Miomira Mugo\u0161e o isklju?ivanju KK Ibona iz Prve lige, bio je i kapiten Nik\u0161i?ana Radoje ?urkovi?, koji zbog godina nije mogao da nastupa za drugi tim svog mati?nog kluba. Za jednog od najboljih centara Oportjuniti lige mnogi su prvoliga\u0161i pokazali interesovanje, ali najbr\u017ei su bili Ulcinjani. Dva kluba postigli su dogovor da ?urkovi? do kraja sezone nastupa za Ulcinj.<br \/>\n-I na nedavno odr\u017eanoj konferenciji istakao sam da mi je izuzetno \u017eao \u0161to je Ibon isklju?en iz Prve lige. Svi moji planovi u ovoj sezoni bili su vezani za Nik\u0161i?, jer se radi o izuzetno zdravoj sportskoj sredini, u kojoj uz stru?njaka kakav je Bo\u0161ko ?oki?, ko\u0161arka\u0161 mo\u017ee mnogo da nau?i i da napreduje. Me?utim sportisti su neophodne i utakmice, pa sam bio prinu?en, nadam se, barem za kratko vrijeme da napustim Ibon. Odlu?io sam se za Ulcinj, za jedan jak kolektiv, za klub koji je jesenji dio sezone okon?ao sa odli?nim u?inkom od 7-2. Nadam se da ?u u Ulcinju iskazati svoje ko\u0161arka\u0161ko znanje i donositi osmjehe na licima simpatizera ovog kluba. &#8211; poru?io je Radoje ?urkovi?.<br \/>\n<strong>B.K.<br \/>\nIzvor \/ Dan<\/strong><\/p>\n","protected":false},"excerpt":{"rendered":"<p>Me?u onima koji su itekako bili pogo?eni nedavnom odlukom komesara KSCG Miomira Mugo\u0161e o isklju?ivanju KK Ibona iz Prve lige, bio je i kapiten Nik\u0161i?ana Radoje ?urkovi?, koji zbog godina nije mogao da nastupa za drugi tim svog mati?nog kluba. Za jednog od najboljih centara Oportjuniti lige mnogi su prvoliga\u0161i pokazali interesovanje, ali najbr\u017ei su [&hellip;]<\/p>\n","protected":false},"author":1,"featured_media":0,"comment_status":"open","ping_status":"closed","sticky":false,"template":"","format":"standard","meta":{"spay_email":"","jetpack_publicize_message":"","jetpack_is_tweetstorm":false,"jetpack_publicize_feature_enabled":true},"categories":[3],"tags":[5394,4572,5392,5393],"jetpack_publicize_connections":[],"yoast_head":"<!-- This site is optimized with the Yoast SEO plugin v19.1 - https:\/\/yoast.com\/wordpress\/plugins\/seo\/ -->\n<title>?urkovi? do kraja sezone u Ulcinju - Lajme nga Ulqini<\/title>\n<meta name=\"description\" content=\"Me?u onima koji su itekako bili pogo?eni nedavnom odlukom komesara KSCG Miomira Mugo\u0161e o isklju?ivanju KK Ibona iz Prve lige, bio je i kapiten Nik\u0161i?ana\" \/>\n<meta name=\"robots\" content=\"index, follow, max-snippet:-1, max-image-preview:large, max-video-preview:-1\" \/>\n<link rel=\"canonical\" href=\"https:\/\/www.visit-ulcinj.com\/blog\/2008\/12\/27\/durkovic-do-kraja-sezone-u-ulcinju\/\" \/>\n<meta property=\"og:locale\" content=\"en_US\" \/>\n<meta property=\"og:type\" content=\"article\" \/>\n<meta property=\"og:title\" content=\"?urkovi? do kraja sezone u Ulcinju - Lajme nga Ulqini\" \/>\n<meta property=\"og:description\" content=\"Me?u onima koji su itekako bili pogo?eni nedavnom odlukom komesara KSCG Miomira Mugo\u0161e o isklju?ivanju KK Ibona iz Prve lige, bio je i kapiten Nik\u0161i?ana\" \/>\n<meta property=\"og:url\" content=\"https:\/\/www.visit-ulcinj.com\/blog\/2008\/12\/27\/durkovic-do-kraja-sezone-u-ulcinju\/\" \/>\n<meta property=\"og:site_name\" content=\"Lajme nga Ulqini\" \/>\n<meta property=\"article:published_time\" content=\"2008-12-27T09:12:44+00:00\" \/>\n<meta property=\"article:modified_time\" content=\"2008-12-27T09:15:45+00:00\" \/>\n<meta property=\"og:image\" content=\"http:\/\/www.visit-ulcinj.com\/blog\/wp-content\/uploads\/2008\/09\/kk_ulcinj.jpg\" \/>\n<meta name=\"twitter:label1\" content=\"Written by\" \/>\n\t<meta name=\"twitter:data1\" content=\"ulqini\" \/>\n\t<meta name=\"twitter:label2\" content=\"Est. reading time\" \/>\n\t<meta name=\"twitter:data2\" content=\"1 minute\" \/>\n<script type=\"application\/ld+json\" class=\"yoast-schema-graph\">{\"@context\":\"https:\/\/schema.org\",\"@graph\":[{\"@type\":\"WebSite\",\"@id\":\"https:\/\/www.visit-ulcinj.com\/blog\/#website\",\"url\":\"https:\/\/www.visit-ulcinj.com\/blog\/\",\"name\":\"Lajme nga Ulqini\",\"description\":\"Lajme,Vijesti,Ulqini,Ulqin,Crna Gora,Mali i Zi\",\"potentialAction\":[{\"@type\":\"SearchAction\",\"target\":{\"@type\":\"EntryPoint\",\"urlTemplate\":\"https:\/\/www.visit-ulcinj.com\/blog\/?s={search_term_string}\"},\"query-input\":\"required name=search_term_string\"}],\"inLanguage\":\"en-US\"},{\"@type\":\"ImageObject\",\"inLanguage\":\"en-US\",\"@id\":\"https:\/\/www.visit-ulcinj.com\/blog\/2008\/12\/27\/durkovic-do-kraja-sezone-u-ulcinju\/#primaryimage\",\"url\":\"http:\/\/www.visit-ulcinj.com\/blog\/wp-content\/uploads\/2008\/09\/kk_ulcinj.jpg\",\"contentUrl\":\"http:\/\/www.visit-ulcinj.com\/blog\/wp-content\/uploads\/2008\/09\/kk_ulcinj.jpg\"},{\"@type\":\"WebPage\",\"@id\":\"https:\/\/www.visit-ulcinj.com\/blog\/2008\/12\/27\/durkovic-do-kraja-sezone-u-ulcinju\/#webpage\",\"url\":\"https:\/\/www.visit-ulcinj.com\/blog\/2008\/12\/27\/durkovic-do-kraja-sezone-u-ulcinju\/\",\"name\":\"?urkovi? do kraja sezone u Ulcinju - Lajme nga Ulqini\",\"isPartOf\":{\"@id\":\"https:\/\/www.visit-ulcinj.com\/blog\/#website\"},\"primaryImageOfPage\":{\"@id\":\"https:\/\/www.visit-ulcinj.com\/blog\/2008\/12\/27\/durkovic-do-kraja-sezone-u-ulcinju\/#primaryimage\"},\"datePublished\":\"2008-12-27T09:12:44+00:00\",\"dateModified\":\"2008-12-27T09:15:45+00:00\",\"author\":{\"@id\":\"https:\/\/www.visit-ulcinj.com\/blog\/#\/schema\/person\/dcab619c614d3038751c63bc2aadc06d\"},\"description\":\"Me?u onima koji su itekako bili pogo?eni nedavnom odlukom komesara KSCG Miomira Mugo\u0161e o isklju?ivanju KK Ibona iz Prve lige, bio je i kapiten Nik\u0161i?ana\",\"breadcrumb\":{\"@id\":\"https:\/\/www.visit-ulcinj.com\/blog\/2008\/12\/27\/durkovic-do-kraja-sezone-u-ulcinju\/#breadcrumb\"},\"inLanguage\":\"en-US\",\"potentialAction\":[{\"@type\":\"ReadAction\",\"target\":[\"https:\/\/www.visit-ulcinj.com\/blog\/2008\/12\/27\/durkovic-do-kraja-sezone-u-ulcinju\/\"]}]},{\"@type\":\"BreadcrumbList\",\"@id\":\"https:\/\/www.visit-ulcinj.com\/blog\/2008\/12\/27\/durkovic-do-kraja-sezone-u-ulcinju\/#breadcrumb\",\"itemListElement\":[{\"@type\":\"ListItem\",\"position\":1,\"name\":\"?urkovi? do kraja sezone u Ulcinju\"}]},{\"@type\":\"Person\",\"@id\":\"https:\/\/www.visit-ulcinj.com\/blog\/#\/schema\/person\/dcab619c614d3038751c63bc2aadc06d\",\"name\":\"ulqini\",\"sameAs\":[\"http:\/\/www.visit-ulcinj.com\"],\"url\":\"https:\/\/www.visit-ulcinj.com\/blog\/author\/admin\/\"}]}<\/script>\n<!-- \/ Yoast SEO plugin. -->","yoast_head_json":{"title":"?urkovi? do kraja sezone u Ulcinju - Lajme nga Ulqini","description":"Me?u onima koji su itekako bili pogo?eni nedavnom odlukom komesara KSCG Miomira Mugo\u0161e o isklju?ivanju KK Ibona iz Prve lige, bio je i kapiten Nik\u0161i?ana","robots":{"index":"index","follow":"follow","max-snippet":"max-snippet:-1","max-image-preview":"max-image-preview:large","max-video-preview":"max-video-preview:-1"},"canonical":"https:\/\/www.visit-ulcinj.com\/blog\/2008\/12\/27\/durkovic-do-kraja-sezone-u-ulcinju\/","og_locale":"en_US","og_type":"article","og_title":"?urkovi? do kraja sezone u Ulcinju - Lajme nga Ulqini","og_description":"Me?u onima koji su itekako bili pogo?eni nedavnom odlukom komesara KSCG Miomira Mugo\u0161e o isklju?ivanju KK Ibona iz Prve lige, bio je i kapiten Nik\u0161i?ana","og_url":"https:\/\/www.visit-ulcinj.com\/blog\/2008\/12\/27\/durkovic-do-kraja-sezone-u-ulcinju\/","og_site_name":"Lajme nga Ulqini","article_published_time":"2008-12-27T09:12:44+00:00","article_modified_time":"2008-12-27T09:15:45+00:00","og_image":[{"url":"http:\/\/www.visit-ulcinj.com\/blog\/wp-content\/uploads\/2008\/09\/kk_ulcinj.jpg"}],"twitter_misc":{"Written by":"ulqini","Est. reading time":"1 minute"},"schema":{"@context":"https:\/\/schema.org","@graph":[{"@type":"WebSite","@id":"https:\/\/www.visit-ulcinj.com\/blog\/#website","url":"https:\/\/www.visit-ulcinj.com\/blog\/","name":"Lajme nga Ulqini","description":"Lajme,Vijesti,Ulqini,Ulqin,Crna Gora,Mali i Zi","potentialAction":[{"@type":"SearchAction","target":{"@type":"EntryPoint","urlTemplate":"https:\/\/www.visit-ulcinj.com\/blog\/?s={search_term_string}"},"query-input":"required name=search_term_string"}],"inLanguage":"en-US"},{"@type":"ImageObject","inLanguage":"en-US","@id":"https:\/\/www.visit-ulcinj.com\/blog\/2008\/12\/27\/durkovic-do-kraja-sezone-u-ulcinju\/#primaryimage","url":"http:\/\/www.visit-ulcinj.com\/blog\/wp-content\/uploads\/2008\/09\/kk_ulcinj.jpg","contentUrl":"http:\/\/www.visit-ulcinj.com\/blog\/wp-content\/uploads\/2008\/09\/kk_ulcinj.jpg"},{"@type":"WebPage","@id":"https:\/\/www.visit-ulcinj.com\/blog\/2008\/12\/27\/durkovic-do-kraja-sezone-u-ulcinju\/#webpage","url":"https:\/\/www.visit-ulcinj.com\/blog\/2008\/12\/27\/durkovic-do-kraja-sezone-u-ulcinju\/","name":"?urkovi? do kraja sezone u Ulcinju - Lajme nga Ulqini","isPartOf":{"@id":"https:\/\/www.visit-ulcinj.com\/blog\/#website"},"primaryImageOfPage":{"@id":"https:\/\/www.visit-ulcinj.com\/blog\/2008\/12\/27\/durkovic-do-kraja-sezone-u-ulcinju\/#primaryimage"},"datePublished":"2008-12-27T09:12:44+00:00","dateModified":"2008-12-27T09:15:45+00:00","author":{"@id":"https:\/\/www.visit-ulcinj.com\/blog\/#\/schema\/person\/dcab619c614d3038751c63bc2aadc06d"},"description":"Me?u onima koji su itekako bili pogo?eni nedavnom odlukom komesara KSCG Miomira Mugo\u0161e o isklju?ivanju KK Ibona iz Prve lige, bio je i kapiten Nik\u0161i?ana","breadcrumb":{"@id":"https:\/\/www.visit-ulcinj.com\/blog\/2008\/12\/27\/durkovic-do-kraja-sezone-u-ulcinju\/#breadcrumb"},"inLanguage":"en-US","potentialAction":[{"@type":"ReadAction","target":["https:\/\/www.visit-ulcinj.com\/blog\/2008\/12\/27\/durkovic-do-kraja-sezone-u-ulcinju\/"]}]},{"@type":"BreadcrumbList","@id":"https:\/\/www.visit-ulcinj.com\/blog\/2008\/12\/27\/durkovic-do-kraja-sezone-u-ulcinju\/#breadcrumb","itemListElement":[{"@type":"ListItem","position":1,"name":"?urkovi? do kraja sezone u Ulcinju"}]},{"@type":"Person","@id":"https:\/\/www.visit-ulcinj.com\/blog\/#\/schema\/person\/dcab619c614d3038751c63bc2aadc06d","name":"ulqini","sameAs":["http:\/\/www.visit-ulcinj.com"],"url":"https:\/\/www.visit-ulcinj.com\/blog\/author\/admin\/"}]}},"jetpack_featured_media_url":"","jetpack_sharing_enabled":true,"jetpack_shortlink":"https:\/\/wp.me\/pe6lTn-20l","_links":{"self":[{"href":"https:\/\/www.visit-ulcinj.com\/blog\/wp-json\/wp\/v2\/posts\/7709"}],"collection":[{"href":"https:\/\/www.visit-ulcinj.com\/blog\/wp-json\/wp\/v2\/posts"}],"about":[{"href":"https:\/\/www.visit-ulcinj.com\/blog\/wp-json\/wp\/v2\/types\/post"}],"author":[{"embeddable":true,"href":"https:\/\/www.visit-ulcinj.com\/blog\/wp-json\/wp\/v2\/users\/1"}],"replies":[{"embeddable":true,"href":"https:\/\/www.visit-ulcinj.com\/blog\/wp-json\/wp\/v2\/comments?post=7709"}],"version-history":[{"count":0,"href":"https:\/\/www.visit-ulcinj.com\/blog\/wp-json\/wp\/v2\/posts\/7709\/revisions"}],"wp:attachment":[{"href":"https:\/\/www.visit-ulcinj.com\/blog\/wp-json\/wp\/v2\/media?parent=7709"}],"wp:term":[{"taxonomy":"category","embeddable":true,"href":"https:\/\/www.visit-ulcinj.com\/blog\/wp-json\/wp\/v2\/categories?post=7709"},{"taxonomy":"post_tag","embeddable":true,"href":"https:\/\/www.visit-ulcinj.com\/blog\/wp-json\/wp\/v2\/tags?post=7709"}],"curies":[{"name":"wp","href":"https:\/\/api.w.org\/{rel}","templated":true}]}}