{"id":77101,"date":"2013-12-12T20:58:31","date_gmt":"2013-12-12T19:58:31","guid":{"rendered":"http:\/\/www.visit-ulcinj.com\/blog\/?p=77101"},"modified":"2013-12-12T20:58:58","modified_gmt":"2013-12-12T19:58:58","slug":"dritan-abazovic-zakoni-nijesu-problem-vec-njihova-primjena","status":"publish","type":"post","link":"https:\/\/www.visit-ulcinj.com\/blog\/2013\/12\/12\/dritan-abazovic-zakoni-nijesu-problem-vec-njihova-primjena\/","title":{"rendered":"Dritan Abazovi\u0107: Zakoni nijesu problem ve\u0107 njihova primjena"},"content":{"rendered":"<p><a href=\"http:\/\/www.visit-ulcinj.com\/blog\/wp-content\/uploads\/2013\/12\/Dritan-Abazovic-Strazbur.jpg\"><img loading=\"lazy\" class=\"alignleft  wp-image-77102\" alt=\"Dritan Abazovic-Strazbur\" src=\"http:\/\/www.visit-ulcinj.com\/blog\/wp-content\/uploads\/2013\/12\/Dritan-Abazovic-Strazbur.jpg\" width=\"508\" height=\"360\" \/><\/a>Poslanik Pozitivne Crne Gore Dritan Abazovi\u0107 je, govore\u0107i o ljudskim pravima na sjednici Parlamentarnog odbora Evropske unije i Crne Gore za stabilizaciju i pridru\u017eivanje (POSP) u Strazburu rekao da su u Crnoj Gori zakoni dobri ali da je njihova primjena nikakva.<\/p>\n<p>On je kazao da su napadi na novinare, paljenje auta i neistra\u017eena ubistva specifikum Crne Gore. Veliki problem su dr\u017eavni mediji (javni servisi) smatra Abazovi\u0107.<\/p>\n<p>\u201ePoseban problem\u00a0 je Pobjeda koja slu\u017ei kao oglasna tabla DPS-a i koja neumoljivo blati svoje polit\u010dke protivnike kr\u0161e\u0107i svaki novinarski kodeks i etiku,, tvrdi Abazovi\u0107.<\/p>\n<p>Poslanik Pozitivne Crne Gore smatra da je u Crnoj Gori na sceni i politi\u010dka diskriminacija koja doti\u010de sve kategorije dru\u0161tva.<\/p>\n<p>\u201eRegije i gradovi u kojima \u017eive manjine, najsiroma\u0161nije su u Crnoj Gori, a iseljevanje iz tih prostora najve\u0107e\u2013 \u0161to je vrlo jasan indikator za moju tvrdnju \u201c, ka\u017ee Abazovi\u0107.<\/p>\n<p>&nbsp;<\/p>\n<p><strong>Izvor: Pozitivna Crna Gora<\/strong><\/p>\n","protected":false},"excerpt":{"rendered":"<p>Poslanik Pozitivne Crne Gore Dritan Abazovi\u0107 je, govore\u0107i o ljudskim pravima na sjednici Parlamentarnog odbora Evropske unije i Crne Gore za stabilizaciju i pridru\u017eivanje (POSP) u Strazburu rekao da su u Crnoj Gori zakoni dobri ali da je njihova primjena nikakva. On je kazao da su napadi na novinare, paljenje auta i neistra\u017eena ubistva specifikum [&hellip;]<\/p>\n","protected":false},"author":1,"featured_media":0,"comment_status":"closed","ping_status":"closed","sticky":false,"template":"","format":"standard","meta":{"spay_email":"","jetpack_publicize_message":"","jetpack_is_tweetstorm":false,"jetpack_publicize_feature_enabled":true},"categories":[8337],"tags":[],"jetpack_publicize_connections":[],"yoast_head":"<!-- This site is optimized with the Yoast SEO plugin v19.1 - https:\/\/yoast.com\/wordpress\/plugins\/seo\/ -->\n<title>Dritan Abazovi\u0107: Zakoni nijesu problem ve\u0107 njihova primjena - Lajme nga Ulqini<\/title>\n<meta name=\"description\" content=\"Poslanik Pozitivne Crne Gore Dritan Abazovi\u0107 je, govore\u0107i o ljudskim pravima na sjednici Parlamentarnog odbora Evropske unije i Crne Gore za stabilizaciju\" \/>\n<meta name=\"robots\" content=\"index, follow, max-snippet:-1, max-image-preview:large, max-video-preview:-1\" \/>\n<link rel=\"canonical\" href=\"https:\/\/www.visit-ulcinj.com\/blog\/2013\/12\/12\/dritan-abazovic-zakoni-nijesu-problem-vec-njihova-primjena\/\" \/>\n<meta property=\"og:locale\" content=\"en_US\" \/>\n<meta property=\"og:type\" content=\"article\" \/>\n<meta property=\"og:title\" content=\"Dritan Abazovi\u0107: Zakoni nijesu problem ve\u0107 njihova primjena - Lajme nga Ulqini\" \/>\n<meta property=\"og:description\" content=\"Poslanik Pozitivne Crne Gore Dritan Abazovi\u0107 je, govore\u0107i o ljudskim pravima na sjednici Parlamentarnog odbora Evropske unije i Crne Gore za stabilizaciju\" \/>\n<meta property=\"og:url\" content=\"https:\/\/www.visit-ulcinj.com\/blog\/2013\/12\/12\/dritan-abazovic-zakoni-nijesu-problem-vec-njihova-primjena\/\" \/>\n<meta property=\"og:site_name\" content=\"Lajme nga Ulqini\" \/>\n<meta property=\"article:published_time\" content=\"2013-12-12T19:58:31+00:00\" \/>\n<meta property=\"article:modified_time\" content=\"2013-12-12T19:58:58+00:00\" \/>\n<meta property=\"og:image\" content=\"http:\/\/www.visit-ulcinj.com\/blog\/wp-content\/uploads\/2013\/12\/Dritan-Abazovic-Strazbur.jpg\" \/>\n<meta name=\"twitter:label1\" content=\"Written by\" \/>\n\t<meta name=\"twitter:data1\" content=\"ulqini\" \/>\n\t<meta name=\"twitter:label2\" content=\"Est. reading time\" \/>\n\t<meta name=\"twitter:data2\" content=\"1 minute\" \/>\n<script type=\"application\/ld+json\" class=\"yoast-schema-graph\">{\"@context\":\"https:\/\/schema.org\",\"@graph\":[{\"@type\":\"WebSite\",\"@id\":\"https:\/\/www.visit-ulcinj.com\/blog\/#website\",\"url\":\"https:\/\/www.visit-ulcinj.com\/blog\/\",\"name\":\"Lajme nga Ulqini\",\"description\":\"Lajme,Vijesti,Ulqini,Ulqin,Crna Gora,Mali i Zi\",\"potentialAction\":[{\"@type\":\"SearchAction\",\"target\":{\"@type\":\"EntryPoint\",\"urlTemplate\":\"https:\/\/www.visit-ulcinj.com\/blog\/?s={search_term_string}\"},\"query-input\":\"required name=search_term_string\"}],\"inLanguage\":\"en-US\"},{\"@type\":\"ImageObject\",\"inLanguage\":\"en-US\",\"@id\":\"https:\/\/www.visit-ulcinj.com\/blog\/2013\/12\/12\/dritan-abazovic-zakoni-nijesu-problem-vec-njihova-primjena\/#primaryimage\",\"url\":\"https:\/\/www.visit-ulcinj.com\/blog\/wp-content\/uploads\/2013\/12\/Dritan-Abazovic-Strazbur.jpg\",\"contentUrl\":\"https:\/\/www.visit-ulcinj.com\/blog\/wp-content\/uploads\/2013\/12\/Dritan-Abazovic-Strazbur.jpg\",\"width\":640,\"height\":480},{\"@type\":\"WebPage\",\"@id\":\"https:\/\/www.visit-ulcinj.com\/blog\/2013\/12\/12\/dritan-abazovic-zakoni-nijesu-problem-vec-njihova-primjena\/#webpage\",\"url\":\"https:\/\/www.visit-ulcinj.com\/blog\/2013\/12\/12\/dritan-abazovic-zakoni-nijesu-problem-vec-njihova-primjena\/\",\"name\":\"Dritan Abazovi\u0107: Zakoni nijesu problem ve\u0107 njihova primjena - Lajme nga Ulqini\",\"isPartOf\":{\"@id\":\"https:\/\/www.visit-ulcinj.com\/blog\/#website\"},\"primaryImageOfPage\":{\"@id\":\"https:\/\/www.visit-ulcinj.com\/blog\/2013\/12\/12\/dritan-abazovic-zakoni-nijesu-problem-vec-njihova-primjena\/#primaryimage\"},\"datePublished\":\"2013-12-12T19:58:31+00:00\",\"dateModified\":\"2013-12-12T19:58:58+00:00\",\"author\":{\"@id\":\"https:\/\/www.visit-ulcinj.com\/blog\/#\/schema\/person\/dcab619c614d3038751c63bc2aadc06d\"},\"description\":\"Poslanik Pozitivne Crne Gore Dritan Abazovi\u0107 je, govore\u0107i o ljudskim pravima na sjednici Parlamentarnog odbora Evropske unije i Crne Gore za stabilizaciju\",\"breadcrumb\":{\"@id\":\"https:\/\/www.visit-ulcinj.com\/blog\/2013\/12\/12\/dritan-abazovic-zakoni-nijesu-problem-vec-njihova-primjena\/#breadcrumb\"},\"inLanguage\":\"en-US\",\"potentialAction\":[{\"@type\":\"ReadAction\",\"target\":[\"https:\/\/www.visit-ulcinj.com\/blog\/2013\/12\/12\/dritan-abazovic-zakoni-nijesu-problem-vec-njihova-primjena\/\"]}]},{\"@type\":\"BreadcrumbList\",\"@id\":\"https:\/\/www.visit-ulcinj.com\/blog\/2013\/12\/12\/dritan-abazovic-zakoni-nijesu-problem-vec-njihova-primjena\/#breadcrumb\",\"itemListElement\":[{\"@type\":\"ListItem\",\"position\":1,\"name\":\"Dritan Abazovi\u0107: Zakoni nijesu problem ve\u0107 njihova primjena\"}]},{\"@type\":\"Person\",\"@id\":\"https:\/\/www.visit-ulcinj.com\/blog\/#\/schema\/person\/dcab619c614d3038751c63bc2aadc06d\",\"name\":\"ulqini\",\"sameAs\":[\"http:\/\/www.visit-ulcinj.com\"],\"url\":\"https:\/\/www.visit-ulcinj.com\/blog\/author\/admin\/\"}]}<\/script>\n<!-- \/ Yoast SEO plugin. -->","yoast_head_json":{"title":"Dritan Abazovi\u0107: Zakoni nijesu problem ve\u0107 njihova primjena - Lajme nga Ulqini","description":"Poslanik Pozitivne Crne Gore Dritan Abazovi\u0107 je, govore\u0107i o ljudskim pravima na sjednici Parlamentarnog odbora Evropske unije i Crne Gore za stabilizaciju","robots":{"index":"index","follow":"follow","max-snippet":"max-snippet:-1","max-image-preview":"max-image-preview:large","max-video-preview":"max-video-preview:-1"},"canonical":"https:\/\/www.visit-ulcinj.com\/blog\/2013\/12\/12\/dritan-abazovic-zakoni-nijesu-problem-vec-njihova-primjena\/","og_locale":"en_US","og_type":"article","og_title":"Dritan Abazovi\u0107: Zakoni nijesu problem ve\u0107 njihova primjena - Lajme nga Ulqini","og_description":"Poslanik Pozitivne Crne Gore Dritan Abazovi\u0107 je, govore\u0107i o ljudskim pravima na sjednici Parlamentarnog odbora Evropske unije i Crne Gore za stabilizaciju","og_url":"https:\/\/www.visit-ulcinj.com\/blog\/2013\/12\/12\/dritan-abazovic-zakoni-nijesu-problem-vec-njihova-primjena\/","og_site_name":"Lajme nga Ulqini","article_published_time":"2013-12-12T19:58:31+00:00","article_modified_time":"2013-12-12T19:58:58+00:00","og_image":[{"url":"http:\/\/www.visit-ulcinj.com\/blog\/wp-content\/uploads\/2013\/12\/Dritan-Abazovic-Strazbur.jpg"}],"twitter_misc":{"Written by":"ulqini","Est. reading time":"1 minute"},"schema":{"@context":"https:\/\/schema.org","@graph":[{"@type":"WebSite","@id":"https:\/\/www.visit-ulcinj.com\/blog\/#website","url":"https:\/\/www.visit-ulcinj.com\/blog\/","name":"Lajme nga Ulqini","description":"Lajme,Vijesti,Ulqini,Ulqin,Crna Gora,Mali i Zi","potentialAction":[{"@type":"SearchAction","target":{"@type":"EntryPoint","urlTemplate":"https:\/\/www.visit-ulcinj.com\/blog\/?s={search_term_string}"},"query-input":"required name=search_term_string"}],"inLanguage":"en-US"},{"@type":"ImageObject","inLanguage":"en-US","@id":"https:\/\/www.visit-ulcinj.com\/blog\/2013\/12\/12\/dritan-abazovic-zakoni-nijesu-problem-vec-njihova-primjena\/#primaryimage","url":"https:\/\/www.visit-ulcinj.com\/blog\/wp-content\/uploads\/2013\/12\/Dritan-Abazovic-Strazbur.jpg","contentUrl":"https:\/\/www.visit-ulcinj.com\/blog\/wp-content\/uploads\/2013\/12\/Dritan-Abazovic-Strazbur.jpg","width":640,"height":480},{"@type":"WebPage","@id":"https:\/\/www.visit-ulcinj.com\/blog\/2013\/12\/12\/dritan-abazovic-zakoni-nijesu-problem-vec-njihova-primjena\/#webpage","url":"https:\/\/www.visit-ulcinj.com\/blog\/2013\/12\/12\/dritan-abazovic-zakoni-nijesu-problem-vec-njihova-primjena\/","name":"Dritan Abazovi\u0107: Zakoni nijesu problem ve\u0107 njihova primjena - Lajme nga Ulqini","isPartOf":{"@id":"https:\/\/www.visit-ulcinj.com\/blog\/#website"},"primaryImageOfPage":{"@id":"https:\/\/www.visit-ulcinj.com\/blog\/2013\/12\/12\/dritan-abazovic-zakoni-nijesu-problem-vec-njihova-primjena\/#primaryimage"},"datePublished":"2013-12-12T19:58:31+00:00","dateModified":"2013-12-12T19:58:58+00:00","author":{"@id":"https:\/\/www.visit-ulcinj.com\/blog\/#\/schema\/person\/dcab619c614d3038751c63bc2aadc06d"},"description":"Poslanik Pozitivne Crne Gore Dritan Abazovi\u0107 je, govore\u0107i o ljudskim pravima na sjednici Parlamentarnog odbora Evropske unije i Crne Gore za stabilizaciju","breadcrumb":{"@id":"https:\/\/www.visit-ulcinj.com\/blog\/2013\/12\/12\/dritan-abazovic-zakoni-nijesu-problem-vec-njihova-primjena\/#breadcrumb"},"inLanguage":"en-US","potentialAction":[{"@type":"ReadAction","target":["https:\/\/www.visit-ulcinj.com\/blog\/2013\/12\/12\/dritan-abazovic-zakoni-nijesu-problem-vec-njihova-primjena\/"]}]},{"@type":"BreadcrumbList","@id":"https:\/\/www.visit-ulcinj.com\/blog\/2013\/12\/12\/dritan-abazovic-zakoni-nijesu-problem-vec-njihova-primjena\/#breadcrumb","itemListElement":[{"@type":"ListItem","position":1,"name":"Dritan Abazovi\u0107: Zakoni nijesu problem ve\u0107 njihova primjena"}]},{"@type":"Person","@id":"https:\/\/www.visit-ulcinj.com\/blog\/#\/schema\/person\/dcab619c614d3038751c63bc2aadc06d","name":"ulqini","sameAs":["http:\/\/www.visit-ulcinj.com"],"url":"https:\/\/www.visit-ulcinj.com\/blog\/author\/admin\/"}]}},"jetpack_featured_media_url":"","jetpack_sharing_enabled":true,"jetpack_shortlink":"https:\/\/wp.me\/pe6lTn-k3z","_links":{"self":[{"href":"https:\/\/www.visit-ulcinj.com\/blog\/wp-json\/wp\/v2\/posts\/77101"}],"collection":[{"href":"https:\/\/www.visit-ulcinj.com\/blog\/wp-json\/wp\/v2\/posts"}],"about":[{"href":"https:\/\/www.visit-ulcinj.com\/blog\/wp-json\/wp\/v2\/types\/post"}],"author":[{"embeddable":true,"href":"https:\/\/www.visit-ulcinj.com\/blog\/wp-json\/wp\/v2\/users\/1"}],"replies":[{"embeddable":true,"href":"https:\/\/www.visit-ulcinj.com\/blog\/wp-json\/wp\/v2\/comments?post=77101"}],"version-history":[{"count":2,"href":"https:\/\/www.visit-ulcinj.com\/blog\/wp-json\/wp\/v2\/posts\/77101\/revisions"}],"predecessor-version":[{"id":77104,"href":"https:\/\/www.visit-ulcinj.com\/blog\/wp-json\/wp\/v2\/posts\/77101\/revisions\/77104"}],"wp:attachment":[{"href":"https:\/\/www.visit-ulcinj.com\/blog\/wp-json\/wp\/v2\/media?parent=77101"}],"wp:term":[{"taxonomy":"category","embeddable":true,"href":"https:\/\/www.visit-ulcinj.com\/blog\/wp-json\/wp\/v2\/categories?post=77101"},{"taxonomy":"post_tag","embeddable":true,"href":"https:\/\/www.visit-ulcinj.com\/blog\/wp-json\/wp\/v2\/tags?post=77101"}],"curies":[{"name":"wp","href":"https:\/\/api.w.org\/{rel}","templated":true}]}}