{"id":77105,"date":"2013-12-12T21:07:43","date_gmt":"2013-12-12T20:07:43","guid":{"rendered":"http:\/\/www.visit-ulcinj.com\/blog\/?p=77105"},"modified":"2013-12-12T21:08:01","modified_gmt":"2013-12-12T20:08:01","slug":"zeneli-martesa-e-pa-deshiruarpa-dyshim-qe-shkon-drejt-divorcit","status":"publish","type":"post","link":"https:\/\/www.visit-ulcinj.com\/blog\/2013\/12\/12\/zeneli-martesa-e-pa-deshiruarpa-dyshim-qe-shkon-drejt-divorcit\/","title":{"rendered":"Zeneli: \u201cMartesa e pa d\u00ebshiruar\u201dpa dyshim q\u00eb shkon drejt divorcit"},"content":{"rendered":"<p><a href=\"http:\/\/www.visit-ulcinj.com\/blog\/wp-content\/uploads\/2013\/12\/Haxhi-Zeneli.jpg\"><img loading=\"lazy\" class=\"alignleft  wp-image-77106\" alt=\"Haxhi-Zeneli\" src=\"http:\/\/www.visit-ulcinj.com\/blog\/wp-content\/uploads\/2013\/12\/Haxhi-Zeneli.jpg\" width=\"300\" height=\"350\" \/><\/a>Virus\u00ebt jan\u00eb smundje ngjit\u00ebse,po q\u00eb se nuk sh\u00ebroh\u00ebn me koh\u00eb,ato shkatrrojn individin dhe nj\u00eb shoq\u00ebri t\u00eb t\u00ebr\u00eb,dhe mund t\u00eb jen\u00eb fatale p\u00ebr nj\u00eb popull,n\u00eb t\u00ebrsi dhe mund ta shfarosin at\u00eb,fjala \u00ebsht\u00eb p\u00ebr nj\u00eb virus q\u00eb disa nga shtetet Ballkanike vuajn me shekuj,dhe q\u00eb kan\u00eb v\u00ebshtirsi t\u00eb gjejn ila\u00e7in e caktuar p\u00ebr trajtimin e k\u00ebti virusi mesjetar q\u00eb quhet \u201currejtje\u201d\u00e7ka do t\u00eb thot q\u00eb t\u00eb urresh t\u00eb gjith ato njerz q\u00eb nuk kan\u00eb gjuh\u00ebn,komb\u00ebsin dhe religjionin e ti.<\/p>\n<p>Anketa e cila u b\u00eb per vitin 2013,tregon qartas se populli Malazez \u00ebsht\u00eb nj\u00eb popull i cili ende ka urrejtje n\u00eb baza etnike,dhe nacionale \u00e7ka na jep t\u00eb kuptojm se k\u00ebtu kemi t\u00eb b\u00ebjm me shovenizmin klasik,ku nuk deshirojn askush tjeter te jen\u00eb pjes\u00eb p\u00ebrb\u00ebrse e shtetit p\u00ebrve\u00e7 atyre q\u00eb jan\u00eb Malazez,sipas qytetar\u00ebve t\u00eb anketuar n\u00eb k\u00ebt\u00eb shtet,shifet qartazi vizioni i k\u00ebti kombi t\u00eb vog\u00ebl q\u00eb dita dit\u00ebs lufton p\u00ebr t\u00eb mbijetuar si komb duke shtypur dhe mohuar t\u00eb drejtat e t\u00eb tjer\u00ebve ku pa dyshim se psikologjia e k\u00ebti populli kaq t\u00eb vog\u00ebl \u00ebsht\u00eb p\u00ebr tu studijuar,p\u00ebrse ende nuk mund t\u00eb sh\u00ebroh\u00ebt nga smundja shekullore (urrejtja)pas shp\u00ebrb\u00ebrjes s\u00eb Jugosllavis,ky shtet pranoj demokracin por aspak nuk e ka ne zem\u00ebr demokracin por vazhdimisht vazhdon t\u00eb ushqej sindromin e smundjes ndaj shqiptar\u00ebve ku sipas anke t\u00ebs s\u00eb b\u00ebr nga qendra p\u00ebr demokracin e njeriut,shqiptaret zejn vendin e dyt\u00eb si popull m\u00eb i urryar n\u00eb Mal t\u00eb Zi .Shqiptar\u00ebt nuk e meritojn k\u00ebt tretman nga malazez\u00ebt,\u00ebsht\u00eb p\u00ebr tu habitur q\u00eb ende malazezet nuk e kuptojn k\u00ebte pjes\u00eb t\u00eb k\u00ebsaj historie t\u00eb hidhur,apo b\u00ebhen sikur s\u2019kuptojn,q\u00eb shqiptar\u00ebt jan\u00eb pa d\u00ebshir\u00eb t\u00eb lidhur n\u00eb k\u00ebt\u00eb martes\u00eb e cila u b\u00eb me shkusi ku nj\u00eb fjal\u00eb popullore thot:\u201dtek djali han\u00eb e pin\u00eb kurse tek vajz asgja nuk din\u00eb\u201dk\u00ebshtu ndodhi edhe me shqiptar\u00ebt q\u00eb askush nuk i pyeti,a doni t\u00eb bashk\u00ebjetoni me malazez\u00ebt,apo me popullin tuaj t\u00eb nj\u00eb gjaku?por kjo ishte nj\u00eb martes\u00eb e dhunshme,nga shkusit e disa shteteve t\u00eb fuqishme t\u00eb asaj kohe,q\u00eb u b\u00ebn\u00eb n\u00eb d\u00ebm\u00eb t\u00eb nj\u00eb populli t\u00eb pa fuqish\u00ebm t\u00eb cilin Perandoria Osmane e la n\u00eb rrug\u00eb t\u00eb madhe ,pa sht\u00ebpi dhe katandi kurse sot jemi komb i urryar pa fajin ton\u00eb nga ky shtet,po \u00e7far te presish nga nj\u00eb shtet korruptues dhe dembelash,q\u00eb me shekuj jan krijuar batuta si nj\u00eb popull ma dembel n\u00eb bot\u00eb dhe ne shqiptarve na priu fati i zi q\u00eb dikush na lidhi kunor\u00ebn e martes\u00ebs me k\u00ebto njerz q\u00eb krijuan pasiguri dhe infioritet tek kombi yn\u00eb.Shqiptar\u00ebt gjat ter\u00eb historis i kan\u00eb ndihmuar t\u00eb mbijetojn,duke ja vaditur gjakun e tyre p\u00ebrher\u00eb me gjakun ton\u00eb Iliro-shqiptar n\u00eb shekuj a thu se ishte faji i shqiptar\u00ebve p\u00ebr k\u00ebt histori t\u00eb dhimb\u00ebshme dhe t\u00eb pa drejt\u00eb q\u00eb e n\u2019dan nga m\u00ebma e tyre.Malazezet kur okupuan trevat e banuara me shqip\u00ebtar ata duheshin ta dinin se duhet te jetonin me k\u00ebt popull perndryshe mos ti kishin pranuar tokat e tyre kuptohet se po t\u00eb kishin nj\u00eb zgjidhje qe ato toka do ti donin pa shqip\u00ebtar,dhe pas k\u00ebsaj ata planifikuan asgjesimin dhe shkomb\u00ebtarizimin e k\u00ebti populli t\u00eb lasht\u00eb n\u00eb troje t\u00eb veta,ku pjes\u00ebrisht ja kan\u00eb arritur qellimit por jo n\u00eb tersi,ku koh\u00ebt e fundit mundohen ta pershpejtojn k\u00ebt\u00eb proces me mekanizmat ma primitive dhe t\u00eb vjetruara.Pikrisht kjo \u00ebsht\u00eb nj\u00eb nga arsyet kryesore q\u00eb sot gjindemi n\u00eb k\u00ebt gjendje t\u00eb diskriminuar nga ky shtet,po thuaj n\u00eb t\u00eb gjitha aspektet ekonomike,kulturore dhe komb\u00ebtare,\u00ebsht\u00eb p\u00ebr tu habitur q\u00eb shqiptar\u00ebt nuk jan\u00eb infektuar nga smundja e malazez\u00ebve,dhe s\u2019mund t\u00eb kuptojm q\u00eb akoma vetem shqiptar\u00ebt b\u00ebjn pjes\u00eb n\u00eb partit malazeze dhe nuk gjejm Malazez n\u00eb parti shqiptare nuk mund ta marri me mend se si shqiptar\u00ebt ende japin vot\u00ebn e tyre pa kurrfar p\u00ebrgjegj\u00ebsia n\u00eb partit malazeze,ato parti q\u00eb ende s\u2019mund t\u00eb sh\u00ebrojn popullin e tyre nga smundja e urrejtjes shekullore ndaj shqiptar\u00ebve, pra faktet tregojn fare mir\u00eb n\u00eb k\u00ebt\u00eb anket\u00eb se \u00e7far\u00eb mendojnmalazez\u00ebt p\u00ebr Shqiptar\u00ebt!.Pas t\u00eb gjitha k\u2019tyre,Malit t\u00eb zi nuk i mbetet gj\u00eb tjeter,q\u00eb t\u00eb shp\u00ebtoj nga stresi i urrejtjes s\u00eb m\u00ebtutjeshme ndaj shqiptar\u00ebve,ata duhet t\u00eb kerkojn devorcim,dhe ate ta lypin nga nderkombetar\u00ebt.<\/p>\n<p><strong>Haxhi Zeneli<\/strong><\/p>\n<p>&nbsp;<\/p>\n<p><strong>Nj\u00eb n\u00eb pes\u00eb malazez\u00eb nuk d\u00ebshiron t\u00eb jetoj\u00eb n\u00eb nj\u00eb shtet me shqiptar\u00ebt<\/strong><\/p>\n<p><strong> Anketa<\/strong><\/p>\n<p>Podgoric\u00eb, 10 dhjetor 2013 \u2013 Hulumtimi mbi distanc\u00ebn etnike n\u00eb Mal t\u00eb Zi, t\u00eb cilin e b\u00ebri Qendra p\u00ebr demokraci dhe t\u00eb drejtat e njeriut (CEDEM), tregon q\u00eb njer\u00ebzit n\u00eb Mal t\u00eb Zi v\u00ebshtir\u00eb pranojn\u00eb q\u00eb dikush i cili nuk \u00ebsht\u00eb i komb\u00ebsis\u00eb s\u00eb tyre t\u00eb ket\u00eb pozicion drejtues n\u00eb shtet.Metodologu Milos Besic ka shpjeguar q\u00eb distanca mesatare ndaj t\u00eb gjitha grupeve etnike v\u00ebrteton q\u00eb distanca m\u00eb e madhe etnike \u00ebsht\u00eb ndaj rom\u00ebve, sepse m\u00eb shum\u00eb se 46 p\u00ebr qind e qytetar\u00ebve ka at\u00eb distanc\u00eb ndaj p\u00ebrfaq\u00ebsuesve t\u00eb tyre.\u201cNdaj shqiptar\u00ebve kjo vler\u00eb \u00ebsht\u00eb 39.4 p\u00ebr qind, nd\u00ebrsa ndaj kroat\u00ebve 35,6 p\u00ebr qind. K\u00ebto jan\u00eb vlera shum\u00eb t\u00eb larta.N\u00eb Mal t\u00eb Zi njer\u00ebzit \u201ctoleranc\u00ebn etnike\u201d e kuptojn\u00eb n\u00ebp\u00ebrmjet shoq\u00ebrimit dhe komunikimit. Gati 43 p\u00ebr qind e t\u00eb anketuarve nuk do t\u00eb d\u00ebshironte t\u00eb shoq\u00ebrohet dhe t\u00eb takohet me rom\u00ebt, 34.6 p\u00ebr qind me shqiptar\u00ebt, nd\u00ebrsa rreth 31 p\u00ebr qind me kroat\u00ebt.\u201c\u00c7do i pesti qytetar apo qytetare e Malit t\u00eb Zi, nuk do t\u00eb d\u00ebshironte t\u00eb jetonte me shqiptarin n\u00eb nj\u00eb shtet\u201d, tha Besic.<\/p>\n<p>(B.Salihu) -illyriapress<\/p>\n","protected":false},"excerpt":{"rendered":"<p>Virus\u00ebt jan\u00eb smundje ngjit\u00ebse,po q\u00eb se nuk sh\u00ebroh\u00ebn me koh\u00eb,ato shkatrrojn individin dhe nj\u00eb shoq\u00ebri t\u00eb t\u00ebr\u00eb,dhe mund t\u00eb jen\u00eb fatale p\u00ebr nj\u00eb popull,n\u00eb t\u00ebrsi dhe mund ta shfarosin at\u00eb,fjala \u00ebsht\u00eb p\u00ebr nj\u00eb virus q\u00eb disa nga shtetet Ballkanike vuajn me shekuj,dhe q\u00eb kan\u00eb v\u00ebshtirsi t\u00eb gjejn ila\u00e7in e caktuar p\u00ebr trajtimin e k\u00ebti virusi [&hellip;]<\/p>\n","protected":false},"author":1,"featured_media":0,"comment_status":"closed","ping_status":"closed","sticky":false,"template":"","format":"standard","meta":{"spay_email":"","jetpack_publicize_message":"","jetpack_is_tweetstorm":false,"jetpack_publicize_feature_enabled":true},"categories":[13],"tags":[],"jetpack_publicize_connections":[],"yoast_head":"<!-- This site is optimized with the Yoast SEO plugin v19.1 - https:\/\/yoast.com\/wordpress\/plugins\/seo\/ -->\n<title>Zeneli: \u201cMartesa e pa d\u00ebshiruar\u201dpa dyshim q\u00eb shkon drejt divorcit - Lajme nga Ulqini<\/title>\n<meta name=\"description\" content=\"Virus\u00ebt jan\u00eb smundje ngjit\u00ebse,po q\u00eb se nuk sh\u00ebroh\u00ebn me koh\u00eb,ato shkatrrojn individin dhe nj\u00eb shoq\u00ebri t\u00eb t\u00ebr\u00eb,dhe mund t\u00eb jen\u00eb fatale p\u00ebr nj\u00eb popull,n\u00eb\" \/>\n<meta name=\"robots\" content=\"index, follow, max-snippet:-1, max-image-preview:large, max-video-preview:-1\" \/>\n<link rel=\"canonical\" href=\"https:\/\/www.visit-ulcinj.com\/blog\/2013\/12\/12\/zeneli-martesa-e-pa-deshiruarpa-dyshim-qe-shkon-drejt-divorcit\/\" \/>\n<meta property=\"og:locale\" content=\"en_US\" \/>\n<meta property=\"og:type\" content=\"article\" \/>\n<meta property=\"og:title\" content=\"Zeneli: \u201cMartesa e pa d\u00ebshiruar\u201dpa dyshim q\u00eb shkon drejt divorcit - Lajme nga Ulqini\" \/>\n<meta property=\"og:description\" content=\"Virus\u00ebt jan\u00eb smundje ngjit\u00ebse,po q\u00eb se nuk sh\u00ebroh\u00ebn me koh\u00eb,ato shkatrrojn individin dhe nj\u00eb shoq\u00ebri t\u00eb t\u00ebr\u00eb,dhe mund t\u00eb jen\u00eb fatale p\u00ebr nj\u00eb popull,n\u00eb\" \/>\n<meta property=\"og:url\" content=\"https:\/\/www.visit-ulcinj.com\/blog\/2013\/12\/12\/zeneli-martesa-e-pa-deshiruarpa-dyshim-qe-shkon-drejt-divorcit\/\" \/>\n<meta property=\"og:site_name\" content=\"Lajme nga Ulqini\" \/>\n<meta property=\"article:published_time\" content=\"2013-12-12T20:07:43+00:00\" \/>\n<meta property=\"article:modified_time\" content=\"2013-12-12T20:08:01+00:00\" \/>\n<meta property=\"og:image\" content=\"http:\/\/www.visit-ulcinj.com\/blog\/wp-content\/uploads\/2013\/12\/Haxhi-Zeneli.jpg\" \/>\n<meta name=\"twitter:label1\" content=\"Written by\" \/>\n\t<meta name=\"twitter:data1\" content=\"ulqini\" \/>\n\t<meta name=\"twitter:label2\" content=\"Est. reading time\" \/>\n\t<meta name=\"twitter:data2\" content=\"5 minutes\" \/>\n<script type=\"application\/ld+json\" class=\"yoast-schema-graph\">{\"@context\":\"https:\/\/schema.org\",\"@graph\":[{\"@type\":\"WebSite\",\"@id\":\"https:\/\/www.visit-ulcinj.com\/blog\/#website\",\"url\":\"https:\/\/www.visit-ulcinj.com\/blog\/\",\"name\":\"Lajme nga Ulqini\",\"description\":\"Lajme,Vijesti,Ulqini,Ulqin,Crna Gora,Mali i Zi\",\"potentialAction\":[{\"@type\":\"SearchAction\",\"target\":{\"@type\":\"EntryPoint\",\"urlTemplate\":\"https:\/\/www.visit-ulcinj.com\/blog\/?s={search_term_string}\"},\"query-input\":\"required name=search_term_string\"}],\"inLanguage\":\"en-US\"},{\"@type\":\"ImageObject\",\"inLanguage\":\"en-US\",\"@id\":\"https:\/\/www.visit-ulcinj.com\/blog\/2013\/12\/12\/zeneli-martesa-e-pa-deshiruarpa-dyshim-qe-shkon-drejt-divorcit\/#primaryimage\",\"url\":\"https:\/\/www.visit-ulcinj.com\/blog\/wp-content\/uploads\/2013\/12\/Haxhi-Zeneli.jpg\",\"contentUrl\":\"https:\/\/www.visit-ulcinj.com\/blog\/wp-content\/uploads\/2013\/12\/Haxhi-Zeneli.jpg\",\"width\":562,\"height\":675},{\"@type\":\"WebPage\",\"@id\":\"https:\/\/www.visit-ulcinj.com\/blog\/2013\/12\/12\/zeneli-martesa-e-pa-deshiruarpa-dyshim-qe-shkon-drejt-divorcit\/#webpage\",\"url\":\"https:\/\/www.visit-ulcinj.com\/blog\/2013\/12\/12\/zeneli-martesa-e-pa-deshiruarpa-dyshim-qe-shkon-drejt-divorcit\/\",\"name\":\"Zeneli: \u201cMartesa e pa d\u00ebshiruar\u201dpa dyshim q\u00eb shkon drejt divorcit - Lajme nga Ulqini\",\"isPartOf\":{\"@id\":\"https:\/\/www.visit-ulcinj.com\/blog\/#website\"},\"primaryImageOfPage\":{\"@id\":\"https:\/\/www.visit-ulcinj.com\/blog\/2013\/12\/12\/zeneli-martesa-e-pa-deshiruarpa-dyshim-qe-shkon-drejt-divorcit\/#primaryimage\"},\"datePublished\":\"2013-12-12T20:07:43+00:00\",\"dateModified\":\"2013-12-12T20:08:01+00:00\",\"author\":{\"@id\":\"https:\/\/www.visit-ulcinj.com\/blog\/#\/schema\/person\/dcab619c614d3038751c63bc2aadc06d\"},\"description\":\"Virus\u00ebt jan\u00eb smundje ngjit\u00ebse,po q\u00eb se nuk sh\u00ebroh\u00ebn me koh\u00eb,ato shkatrrojn individin dhe nj\u00eb shoq\u00ebri t\u00eb t\u00ebr\u00eb,dhe mund t\u00eb jen\u00eb fatale p\u00ebr nj\u00eb popull,n\u00eb\",\"breadcrumb\":{\"@id\":\"https:\/\/www.visit-ulcinj.com\/blog\/2013\/12\/12\/zeneli-martesa-e-pa-deshiruarpa-dyshim-qe-shkon-drejt-divorcit\/#breadcrumb\"},\"inLanguage\":\"en-US\",\"potentialAction\":[{\"@type\":\"ReadAction\",\"target\":[\"https:\/\/www.visit-ulcinj.com\/blog\/2013\/12\/12\/zeneli-martesa-e-pa-deshiruarpa-dyshim-qe-shkon-drejt-divorcit\/\"]}]},{\"@type\":\"BreadcrumbList\",\"@id\":\"https:\/\/www.visit-ulcinj.com\/blog\/2013\/12\/12\/zeneli-martesa-e-pa-deshiruarpa-dyshim-qe-shkon-drejt-divorcit\/#breadcrumb\",\"itemListElement\":[{\"@type\":\"ListItem\",\"position\":1,\"name\":\"Zeneli: \u201cMartesa e pa d\u00ebshiruar\u201dpa dyshim q\u00eb shkon drejt divorcit\"}]},{\"@type\":\"Person\",\"@id\":\"https:\/\/www.visit-ulcinj.com\/blog\/#\/schema\/person\/dcab619c614d3038751c63bc2aadc06d\",\"name\":\"ulqini\",\"sameAs\":[\"http:\/\/www.visit-ulcinj.com\"],\"url\":\"https:\/\/www.visit-ulcinj.com\/blog\/author\/admin\/\"}]}<\/script>\n<!-- \/ Yoast SEO plugin. -->","yoast_head_json":{"title":"Zeneli: \u201cMartesa e pa d\u00ebshiruar\u201dpa dyshim q\u00eb shkon drejt divorcit - Lajme nga Ulqini","description":"Virus\u00ebt jan\u00eb smundje ngjit\u00ebse,po q\u00eb se nuk sh\u00ebroh\u00ebn me koh\u00eb,ato shkatrrojn individin dhe nj\u00eb shoq\u00ebri t\u00eb t\u00ebr\u00eb,dhe mund t\u00eb jen\u00eb fatale p\u00ebr nj\u00eb popull,n\u00eb","robots":{"index":"index","follow":"follow","max-snippet":"max-snippet:-1","max-image-preview":"max-image-preview:large","max-video-preview":"max-video-preview:-1"},"canonical":"https:\/\/www.visit-ulcinj.com\/blog\/2013\/12\/12\/zeneli-martesa-e-pa-deshiruarpa-dyshim-qe-shkon-drejt-divorcit\/","og_locale":"en_US","og_type":"article","og_title":"Zeneli: \u201cMartesa e pa d\u00ebshiruar\u201dpa dyshim q\u00eb shkon drejt divorcit - Lajme nga Ulqini","og_description":"Virus\u00ebt jan\u00eb smundje ngjit\u00ebse,po q\u00eb se nuk sh\u00ebroh\u00ebn me koh\u00eb,ato shkatrrojn individin dhe nj\u00eb shoq\u00ebri t\u00eb t\u00ebr\u00eb,dhe mund t\u00eb jen\u00eb fatale p\u00ebr nj\u00eb popull,n\u00eb","og_url":"https:\/\/www.visit-ulcinj.com\/blog\/2013\/12\/12\/zeneli-martesa-e-pa-deshiruarpa-dyshim-qe-shkon-drejt-divorcit\/","og_site_name":"Lajme nga Ulqini","article_published_time":"2013-12-12T20:07:43+00:00","article_modified_time":"2013-12-12T20:08:01+00:00","og_image":[{"url":"http:\/\/www.visit-ulcinj.com\/blog\/wp-content\/uploads\/2013\/12\/Haxhi-Zeneli.jpg"}],"twitter_misc":{"Written by":"ulqini","Est. reading time":"5 minutes"},"schema":{"@context":"https:\/\/schema.org","@graph":[{"@type":"WebSite","@id":"https:\/\/www.visit-ulcinj.com\/blog\/#website","url":"https:\/\/www.visit-ulcinj.com\/blog\/","name":"Lajme nga Ulqini","description":"Lajme,Vijesti,Ulqini,Ulqin,Crna Gora,Mali i Zi","potentialAction":[{"@type":"SearchAction","target":{"@type":"EntryPoint","urlTemplate":"https:\/\/www.visit-ulcinj.com\/blog\/?s={search_term_string}"},"query-input":"required name=search_term_string"}],"inLanguage":"en-US"},{"@type":"ImageObject","inLanguage":"en-US","@id":"https:\/\/www.visit-ulcinj.com\/blog\/2013\/12\/12\/zeneli-martesa-e-pa-deshiruarpa-dyshim-qe-shkon-drejt-divorcit\/#primaryimage","url":"https:\/\/www.visit-ulcinj.com\/blog\/wp-content\/uploads\/2013\/12\/Haxhi-Zeneli.jpg","contentUrl":"https:\/\/www.visit-ulcinj.com\/blog\/wp-content\/uploads\/2013\/12\/Haxhi-Zeneli.jpg","width":562,"height":675},{"@type":"WebPage","@id":"https:\/\/www.visit-ulcinj.com\/blog\/2013\/12\/12\/zeneli-martesa-e-pa-deshiruarpa-dyshim-qe-shkon-drejt-divorcit\/#webpage","url":"https:\/\/www.visit-ulcinj.com\/blog\/2013\/12\/12\/zeneli-martesa-e-pa-deshiruarpa-dyshim-qe-shkon-drejt-divorcit\/","name":"Zeneli: \u201cMartesa e pa d\u00ebshiruar\u201dpa dyshim q\u00eb shkon drejt divorcit - Lajme nga Ulqini","isPartOf":{"@id":"https:\/\/www.visit-ulcinj.com\/blog\/#website"},"primaryImageOfPage":{"@id":"https:\/\/www.visit-ulcinj.com\/blog\/2013\/12\/12\/zeneli-martesa-e-pa-deshiruarpa-dyshim-qe-shkon-drejt-divorcit\/#primaryimage"},"datePublished":"2013-12-12T20:07:43+00:00","dateModified":"2013-12-12T20:08:01+00:00","author":{"@id":"https:\/\/www.visit-ulcinj.com\/blog\/#\/schema\/person\/dcab619c614d3038751c63bc2aadc06d"},"description":"Virus\u00ebt jan\u00eb smundje ngjit\u00ebse,po q\u00eb se nuk sh\u00ebroh\u00ebn me koh\u00eb,ato shkatrrojn individin dhe nj\u00eb shoq\u00ebri t\u00eb t\u00ebr\u00eb,dhe mund t\u00eb jen\u00eb fatale p\u00ebr nj\u00eb popull,n\u00eb","breadcrumb":{"@id":"https:\/\/www.visit-ulcinj.com\/blog\/2013\/12\/12\/zeneli-martesa-e-pa-deshiruarpa-dyshim-qe-shkon-drejt-divorcit\/#breadcrumb"},"inLanguage":"en-US","potentialAction":[{"@type":"ReadAction","target":["https:\/\/www.visit-ulcinj.com\/blog\/2013\/12\/12\/zeneli-martesa-e-pa-deshiruarpa-dyshim-qe-shkon-drejt-divorcit\/"]}]},{"@type":"BreadcrumbList","@id":"https:\/\/www.visit-ulcinj.com\/blog\/2013\/12\/12\/zeneli-martesa-e-pa-deshiruarpa-dyshim-qe-shkon-drejt-divorcit\/#breadcrumb","itemListElement":[{"@type":"ListItem","position":1,"name":"Zeneli: \u201cMartesa e pa d\u00ebshiruar\u201dpa dyshim q\u00eb shkon drejt divorcit"}]},{"@type":"Person","@id":"https:\/\/www.visit-ulcinj.com\/blog\/#\/schema\/person\/dcab619c614d3038751c63bc2aadc06d","name":"ulqini","sameAs":["http:\/\/www.visit-ulcinj.com"],"url":"https:\/\/www.visit-ulcinj.com\/blog\/author\/admin\/"}]}},"jetpack_featured_media_url":"","jetpack_sharing_enabled":true,"jetpack_shortlink":"https:\/\/wp.me\/pe6lTn-k3D","_links":{"self":[{"href":"https:\/\/www.visit-ulcinj.com\/blog\/wp-json\/wp\/v2\/posts\/77105"}],"collection":[{"href":"https:\/\/www.visit-ulcinj.com\/blog\/wp-json\/wp\/v2\/posts"}],"about":[{"href":"https:\/\/www.visit-ulcinj.com\/blog\/wp-json\/wp\/v2\/types\/post"}],"author":[{"embeddable":true,"href":"https:\/\/www.visit-ulcinj.com\/blog\/wp-json\/wp\/v2\/users\/1"}],"replies":[{"embeddable":true,"href":"https:\/\/www.visit-ulcinj.com\/blog\/wp-json\/wp\/v2\/comments?post=77105"}],"version-history":[{"count":2,"href":"https:\/\/www.visit-ulcinj.com\/blog\/wp-json\/wp\/v2\/posts\/77105\/revisions"}],"predecessor-version":[{"id":77108,"href":"https:\/\/www.visit-ulcinj.com\/blog\/wp-json\/wp\/v2\/posts\/77105\/revisions\/77108"}],"wp:attachment":[{"href":"https:\/\/www.visit-ulcinj.com\/blog\/wp-json\/wp\/v2\/media?parent=77105"}],"wp:term":[{"taxonomy":"category","embeddable":true,"href":"https:\/\/www.visit-ulcinj.com\/blog\/wp-json\/wp\/v2\/categories?post=77105"},{"taxonomy":"post_tag","embeddable":true,"href":"https:\/\/www.visit-ulcinj.com\/blog\/wp-json\/wp\/v2\/tags?post=77105"}],"curies":[{"name":"wp","href":"https:\/\/api.w.org\/{rel}","templated":true}]}}