{"id":77109,"date":"2013-12-12T21:22:32","date_gmt":"2013-12-12T20:22:32","guid":{"rendered":"http:\/\/www.visit-ulcinj.com\/blog\/?p=77109"},"modified":"2013-12-12T21:23:43","modified_gmt":"2013-12-12T20:23:43","slug":"radnici-centra-za-kulturu-ulcinj","status":"publish","type":"post","link":"https:\/\/www.visit-ulcinj.com\/blog\/2013\/12\/12\/radnici-centra-za-kulturu-ulcinj\/","title":{"rendered":"Radnici Centra za kulturu Ulcinj stupaju u \u0161trajk gla\u0111u"},"content":{"rendered":"<div id=\"attachment_77110\" style=\"width: 518px\" class=\"wp-caption alignleft\"><a href=\"http:\/\/www.visit-ulcinj.com\/blog\/wp-content\/uploads\/2013\/12\/Centar-za-kulturu-Ulcinj.jpg\"><img aria-describedby=\"caption-attachment-77110\" loading=\"lazy\" class=\" wp-image-77110\" alt=\"Centar-za-kulturu-Ulcinj\" src=\"http:\/\/www.visit-ulcinj.com\/blog\/wp-content\/uploads\/2013\/12\/Centar-za-kulturu-Ulcinj.jpg\" width=\"508\" height=\"360\" \/><\/a><p id=\"caption-attachment-77110\" class=\"wp-caption-text\"><strong>Foto: Dnevne Novine<\/strong><\/p><\/div>\n<p><strong>Nema plata, nema ni predizbornih skupova<\/strong><\/p>\n<p>ULCINj \u2013 Radnici Centra za kulturu u Ulcinju, njih 26, stupi\u0107e danas u 11 \u010dasova u \u0161trajk gla\u0111u, jer im Op\u0161tina duguje devet plata, a ve\u0107 39 mjeseci im nijesu upla\u0107ivani doprinosi, odlu\u010deno je ju\u010de nakon sastanka predstavnika sindikalne organizacije tog preduze\u0107a sa predsjedikom Op\u0161tine Ulcinj Nazifom Cunguom, predsjednikom OSP \u0160efkijem Kekom Ljamovi\u0107em i predsjednikom Sindikata kulture SSCG \u017deljkom Kalezi\u0107em. Zaposleni tvrde da su dovedeni u izuzetno nezavidan polo\u017eaj i da je njihovom strpljenju do\u0161ao kraj.<br \/>\n\u2013 Postavili smo uslov da nam se obezbijedi bar \u0161est zaostalih li\u010dnih dohodaka. Smatramo da to nijesu velika sredstva i da Op\u0161tina mo\u017ee da ih obezbijedi. Ukoliko se na\u0161 uslov ne ispuni, prinu\u0111eni smo da \u0161trajkujemo gla\u0111u, kako bismo se izborili za svoja prava, jer se nalazimo u nepodno\u0161ljivoj situaciji. Nedavno smo organizovali \u0161trajkove upozorenja, kako bismo Op\u0161tini dali vremena da po\u010dne da rje\u0161ava probleme u kojima se nalazimo, ali sve do danas niko s nama nije razgovarao. \u010cetiri puta smo \u0161trajkovali, a situacija je sve gora. Predsjednik op\u0161tine nije ispunio ono \u0161to je obe\u0107ao i mi vi\u0161e ne mo\u017eemo da \u010dekamo. Nijesmo u situaciji da sami obezbijedimo plate, jer to u ovoj djelatnosti nije lako \u2013 kazala je predsjednica sindikata Centra za kulturu Ljiljana Janinovi\u0107.<br \/>\nPredsjednik op\u0161tine Nazif Cungu ju\u010de je predstavnicima sindikalne organizacije saop\u0161tio kako \u017eali \u0161to se nalaze u ovakvoj situaciji, istakav\u0161i da finansijska situacija ne daje mogu\u0107nost da se rije\u0161i problem zaostalih zarada.<br \/>\n-Sredstava za isplatu plata, na\u017ealost, nema. U Op\u0161tini je na snazi sanacioni plan, a ja sam obavezan da sprovodim zakon, bud\u017eet i taj plan, kazao je, izme\u0111u ostalog, Cungu poru\u010duju\u0107i radnicima da \u201estegnu kai\u0161\u201d, kao i da je \u201eUlcinj na dobrom putu da iza\u0111e iz krize\u201d.<br \/>\nU Sindikatu Centra za kulturu najavljuju da politi\u010dkim partijama ne\u0107e dozvoliti kori\u0161\u0107enje sale Doma kulture u predizborne svrhe.<br \/>\n\u2013 Sad \u0107e izbori u Ulcinju, pa poru\u010dujemo da \u0107e vrata sale biti zaklju\u010dana. Poslednje dvije godine rijetko nam ko pla\u0107a kori\u0161\u0107enje sale. Prinu\u0111eni smo na taj korak i ne\u0107emo dozvoliti nikome da koristi taj prostor dok traje \u0161trajk \u2013 poru\u010dila je Janinovi\u0107eva.M.K.<\/p>\n<p><strong>Podr\u0161ka sindikalaca i direktora<\/strong><\/p>\n<p>Radnike Centra za kulturu ju\u010de je podr\u017eao predsjednik Sindikata kulture SSCG \u017deljko Kalezi\u0107, koji je sa saradnicima Zoricom Stijepovi\u0107 i Mirkom Krvavcem boravio u najju\u017enijoj op\u0161tini kako bi pomogao da se rije\u0161e problemi sindikalaca.<br \/>\n\u2013 Sindikat kulture \u0107e svim op\u0161tinama odr\u017eati \u0161trajk upozorenja u trajanju od pola sata, koji \u0107e biti podr\u0161ka kolegama iz Ulcinja \u2013 kazao je Kalezi\u0107. Radnike je podr\u017eao i predsjednik Op\u0161tinskog sindikalnog povjereni\u0161tva u Ulcinju \u0160efkija Keko Ljamovi\u0107, kao i direktor Centra Nailj Draga.<\/p>\n<p><strong>Izvor: DAN<\/strong><\/p>\n","protected":false},"excerpt":{"rendered":"<p>Nema plata, nema ni predizbornih skupova ULCINj \u2013 Radnici Centra za kulturu u Ulcinju, njih 26, stupi\u0107e danas u 11 \u010dasova u \u0161trajk gla\u0111u, jer im Op\u0161tina duguje devet plata, a ve\u0107 39 mjeseci im nijesu upla\u0107ivani doprinosi, odlu\u010deno je ju\u010de nakon sastanka predstavnika sindikalne organizacije tog preduze\u0107a sa predsjedikom Op\u0161tine Ulcinj Nazifom Cunguom, predsjednikom [&hellip;]<\/p>\n","protected":false},"author":1,"featured_media":0,"comment_status":"closed","ping_status":"closed","sticky":false,"template":"","format":"standard","meta":{"spay_email":"","jetpack_publicize_message":"","jetpack_is_tweetstorm":false,"jetpack_publicize_feature_enabled":true},"categories":[6950],"tags":[],"jetpack_publicize_connections":[],"yoast_head":"<!-- This site is optimized with the Yoast SEO plugin v19.1 - https:\/\/yoast.com\/wordpress\/plugins\/seo\/ -->\n<title>Radnici Centra za kulturu Ulcinj stupaju u \u0161trajk gla\u0111u - Lajme nga Ulqini<\/title>\n<meta name=\"description\" content=\"Nema plata, nema ni predizbornih skupova ULCINj \u2013 Radnici Centra za kulturu u Ulcinju, njih 26, stupi\u0107e danas u 11 \u010dasova u \u0161trajk gla\u0111u, jer im Op\u0161tina\" \/>\n<meta name=\"robots\" content=\"index, follow, max-snippet:-1, max-image-preview:large, max-video-preview:-1\" \/>\n<link rel=\"canonical\" href=\"https:\/\/www.visit-ulcinj.com\/blog\/2013\/12\/12\/radnici-centra-za-kulturu-ulcinj\/\" \/>\n<meta property=\"og:locale\" content=\"en_US\" \/>\n<meta property=\"og:type\" content=\"article\" \/>\n<meta property=\"og:title\" content=\"Radnici Centra za kulturu Ulcinj stupaju u \u0161trajk gla\u0111u - Lajme nga Ulqini\" \/>\n<meta property=\"og:description\" content=\"Nema plata, nema ni predizbornih skupova ULCINj \u2013 Radnici Centra za kulturu u Ulcinju, njih 26, stupi\u0107e danas u 11 \u010dasova u \u0161trajk gla\u0111u, jer im Op\u0161tina\" \/>\n<meta property=\"og:url\" content=\"https:\/\/www.visit-ulcinj.com\/blog\/2013\/12\/12\/radnici-centra-za-kulturu-ulcinj\/\" \/>\n<meta property=\"og:site_name\" content=\"Lajme nga Ulqini\" \/>\n<meta property=\"article:published_time\" content=\"2013-12-12T20:22:32+00:00\" \/>\n<meta property=\"article:modified_time\" content=\"2013-12-12T20:23:43+00:00\" \/>\n<meta property=\"og:image\" content=\"http:\/\/www.visit-ulcinj.com\/blog\/wp-content\/uploads\/2013\/12\/Centar-za-kulturu-Ulcinj.jpg\" \/>\n<meta name=\"twitter:label1\" content=\"Written by\" \/>\n\t<meta name=\"twitter:data1\" content=\"ulqini\" \/>\n\t<meta name=\"twitter:label2\" content=\"Est. reading time\" \/>\n\t<meta name=\"twitter:data2\" content=\"2 minutes\" \/>\n<script type=\"application\/ld+json\" class=\"yoast-schema-graph\">{\"@context\":\"https:\/\/schema.org\",\"@graph\":[{\"@type\":\"WebSite\",\"@id\":\"https:\/\/www.visit-ulcinj.com\/blog\/#website\",\"url\":\"https:\/\/www.visit-ulcinj.com\/blog\/\",\"name\":\"Lajme nga Ulqini\",\"description\":\"Lajme,Vijesti,Ulqini,Ulqin,Crna Gora,Mali i Zi\",\"potentialAction\":[{\"@type\":\"SearchAction\",\"target\":{\"@type\":\"EntryPoint\",\"urlTemplate\":\"https:\/\/www.visit-ulcinj.com\/blog\/?s={search_term_string}\"},\"query-input\":\"required name=search_term_string\"}],\"inLanguage\":\"en-US\"},{\"@type\":\"ImageObject\",\"inLanguage\":\"en-US\",\"@id\":\"https:\/\/www.visit-ulcinj.com\/blog\/2013\/12\/12\/radnici-centra-za-kulturu-ulcinj\/#primaryimage\",\"url\":\"https:\/\/www.visit-ulcinj.com\/blog\/wp-content\/uploads\/2013\/12\/Centar-za-kulturu-Ulcinj.jpg\",\"contentUrl\":\"https:\/\/www.visit-ulcinj.com\/blog\/wp-content\/uploads\/2013\/12\/Centar-za-kulturu-Ulcinj.jpg\",\"width\":884,\"height\":393},{\"@type\":\"WebPage\",\"@id\":\"https:\/\/www.visit-ulcinj.com\/blog\/2013\/12\/12\/radnici-centra-za-kulturu-ulcinj\/#webpage\",\"url\":\"https:\/\/www.visit-ulcinj.com\/blog\/2013\/12\/12\/radnici-centra-za-kulturu-ulcinj\/\",\"name\":\"Radnici Centra za kulturu Ulcinj stupaju u \u0161trajk gla\u0111u - Lajme nga Ulqini\",\"isPartOf\":{\"@id\":\"https:\/\/www.visit-ulcinj.com\/blog\/#website\"},\"primaryImageOfPage\":{\"@id\":\"https:\/\/www.visit-ulcinj.com\/blog\/2013\/12\/12\/radnici-centra-za-kulturu-ulcinj\/#primaryimage\"},\"datePublished\":\"2013-12-12T20:22:32+00:00\",\"dateModified\":\"2013-12-12T20:23:43+00:00\",\"author\":{\"@id\":\"https:\/\/www.visit-ulcinj.com\/blog\/#\/schema\/person\/dcab619c614d3038751c63bc2aadc06d\"},\"description\":\"Nema plata, nema ni predizbornih skupova ULCINj \u2013 Radnici Centra za kulturu u Ulcinju, njih 26, stupi\u0107e danas u 11 \u010dasova u \u0161trajk gla\u0111u, jer im Op\u0161tina\",\"breadcrumb\":{\"@id\":\"https:\/\/www.visit-ulcinj.com\/blog\/2013\/12\/12\/radnici-centra-za-kulturu-ulcinj\/#breadcrumb\"},\"inLanguage\":\"en-US\",\"potentialAction\":[{\"@type\":\"ReadAction\",\"target\":[\"https:\/\/www.visit-ulcinj.com\/blog\/2013\/12\/12\/radnici-centra-za-kulturu-ulcinj\/\"]}]},{\"@type\":\"BreadcrumbList\",\"@id\":\"https:\/\/www.visit-ulcinj.com\/blog\/2013\/12\/12\/radnici-centra-za-kulturu-ulcinj\/#breadcrumb\",\"itemListElement\":[{\"@type\":\"ListItem\",\"position\":1,\"name\":\"Radnici Centra za kulturu Ulcinj stupaju u \u0161trajk gla\u0111u\"}]},{\"@type\":\"Person\",\"@id\":\"https:\/\/www.visit-ulcinj.com\/blog\/#\/schema\/person\/dcab619c614d3038751c63bc2aadc06d\",\"name\":\"ulqini\",\"sameAs\":[\"http:\/\/www.visit-ulcinj.com\"],\"url\":\"https:\/\/www.visit-ulcinj.com\/blog\/author\/admin\/\"}]}<\/script>\n<!-- \/ Yoast SEO plugin. -->","yoast_head_json":{"title":"Radnici Centra za kulturu Ulcinj stupaju u \u0161trajk gla\u0111u - Lajme nga Ulqini","description":"Nema plata, nema ni predizbornih skupova ULCINj \u2013 Radnici Centra za kulturu u Ulcinju, njih 26, stupi\u0107e danas u 11 \u010dasova u \u0161trajk gla\u0111u, jer im Op\u0161tina","robots":{"index":"index","follow":"follow","max-snippet":"max-snippet:-1","max-image-preview":"max-image-preview:large","max-video-preview":"max-video-preview:-1"},"canonical":"https:\/\/www.visit-ulcinj.com\/blog\/2013\/12\/12\/radnici-centra-za-kulturu-ulcinj\/","og_locale":"en_US","og_type":"article","og_title":"Radnici Centra za kulturu Ulcinj stupaju u \u0161trajk gla\u0111u - Lajme nga Ulqini","og_description":"Nema plata, nema ni predizbornih skupova ULCINj \u2013 Radnici Centra za kulturu u Ulcinju, njih 26, stupi\u0107e danas u 11 \u010dasova u \u0161trajk gla\u0111u, jer im Op\u0161tina","og_url":"https:\/\/www.visit-ulcinj.com\/blog\/2013\/12\/12\/radnici-centra-za-kulturu-ulcinj\/","og_site_name":"Lajme nga Ulqini","article_published_time":"2013-12-12T20:22:32+00:00","article_modified_time":"2013-12-12T20:23:43+00:00","og_image":[{"url":"http:\/\/www.visit-ulcinj.com\/blog\/wp-content\/uploads\/2013\/12\/Centar-za-kulturu-Ulcinj.jpg"}],"twitter_misc":{"Written by":"ulqini","Est. reading time":"2 minutes"},"schema":{"@context":"https:\/\/schema.org","@graph":[{"@type":"WebSite","@id":"https:\/\/www.visit-ulcinj.com\/blog\/#website","url":"https:\/\/www.visit-ulcinj.com\/blog\/","name":"Lajme nga Ulqini","description":"Lajme,Vijesti,Ulqini,Ulqin,Crna Gora,Mali i Zi","potentialAction":[{"@type":"SearchAction","target":{"@type":"EntryPoint","urlTemplate":"https:\/\/www.visit-ulcinj.com\/blog\/?s={search_term_string}"},"query-input":"required name=search_term_string"}],"inLanguage":"en-US"},{"@type":"ImageObject","inLanguage":"en-US","@id":"https:\/\/www.visit-ulcinj.com\/blog\/2013\/12\/12\/radnici-centra-za-kulturu-ulcinj\/#primaryimage","url":"https:\/\/www.visit-ulcinj.com\/blog\/wp-content\/uploads\/2013\/12\/Centar-za-kulturu-Ulcinj.jpg","contentUrl":"https:\/\/www.visit-ulcinj.com\/blog\/wp-content\/uploads\/2013\/12\/Centar-za-kulturu-Ulcinj.jpg","width":884,"height":393},{"@type":"WebPage","@id":"https:\/\/www.visit-ulcinj.com\/blog\/2013\/12\/12\/radnici-centra-za-kulturu-ulcinj\/#webpage","url":"https:\/\/www.visit-ulcinj.com\/blog\/2013\/12\/12\/radnici-centra-za-kulturu-ulcinj\/","name":"Radnici Centra za kulturu Ulcinj stupaju u \u0161trajk gla\u0111u - Lajme nga Ulqini","isPartOf":{"@id":"https:\/\/www.visit-ulcinj.com\/blog\/#website"},"primaryImageOfPage":{"@id":"https:\/\/www.visit-ulcinj.com\/blog\/2013\/12\/12\/radnici-centra-za-kulturu-ulcinj\/#primaryimage"},"datePublished":"2013-12-12T20:22:32+00:00","dateModified":"2013-12-12T20:23:43+00:00","author":{"@id":"https:\/\/www.visit-ulcinj.com\/blog\/#\/schema\/person\/dcab619c614d3038751c63bc2aadc06d"},"description":"Nema plata, nema ni predizbornih skupova ULCINj \u2013 Radnici Centra za kulturu u Ulcinju, njih 26, stupi\u0107e danas u 11 \u010dasova u \u0161trajk gla\u0111u, jer im Op\u0161tina","breadcrumb":{"@id":"https:\/\/www.visit-ulcinj.com\/blog\/2013\/12\/12\/radnici-centra-za-kulturu-ulcinj\/#breadcrumb"},"inLanguage":"en-US","potentialAction":[{"@type":"ReadAction","target":["https:\/\/www.visit-ulcinj.com\/blog\/2013\/12\/12\/radnici-centra-za-kulturu-ulcinj\/"]}]},{"@type":"BreadcrumbList","@id":"https:\/\/www.visit-ulcinj.com\/blog\/2013\/12\/12\/radnici-centra-za-kulturu-ulcinj\/#breadcrumb","itemListElement":[{"@type":"ListItem","position":1,"name":"Radnici Centra za kulturu Ulcinj stupaju u \u0161trajk gla\u0111u"}]},{"@type":"Person","@id":"https:\/\/www.visit-ulcinj.com\/blog\/#\/schema\/person\/dcab619c614d3038751c63bc2aadc06d","name":"ulqini","sameAs":["http:\/\/www.visit-ulcinj.com"],"url":"https:\/\/www.visit-ulcinj.com\/blog\/author\/admin\/"}]}},"jetpack_featured_media_url":"","jetpack_sharing_enabled":true,"jetpack_shortlink":"https:\/\/wp.me\/pe6lTn-k3H","_links":{"self":[{"href":"https:\/\/www.visit-ulcinj.com\/blog\/wp-json\/wp\/v2\/posts\/77109"}],"collection":[{"href":"https:\/\/www.visit-ulcinj.com\/blog\/wp-json\/wp\/v2\/posts"}],"about":[{"href":"https:\/\/www.visit-ulcinj.com\/blog\/wp-json\/wp\/v2\/types\/post"}],"author":[{"embeddable":true,"href":"https:\/\/www.visit-ulcinj.com\/blog\/wp-json\/wp\/v2\/users\/1"}],"replies":[{"embeddable":true,"href":"https:\/\/www.visit-ulcinj.com\/blog\/wp-json\/wp\/v2\/comments?post=77109"}],"version-history":[{"count":3,"href":"https:\/\/www.visit-ulcinj.com\/blog\/wp-json\/wp\/v2\/posts\/77109\/revisions"}],"predecessor-version":[{"id":77113,"href":"https:\/\/www.visit-ulcinj.com\/blog\/wp-json\/wp\/v2\/posts\/77109\/revisions\/77113"}],"wp:attachment":[{"href":"https:\/\/www.visit-ulcinj.com\/blog\/wp-json\/wp\/v2\/media?parent=77109"}],"wp:term":[{"taxonomy":"category","embeddable":true,"href":"https:\/\/www.visit-ulcinj.com\/blog\/wp-json\/wp\/v2\/categories?post=77109"},{"taxonomy":"post_tag","embeddable":true,"href":"https:\/\/www.visit-ulcinj.com\/blog\/wp-json\/wp\/v2\/tags?post=77109"}],"curies":[{"name":"wp","href":"https:\/\/api.w.org\/{rel}","templated":true}]}}