{"id":77136,"date":"2013-12-13T07:54:07","date_gmt":"2013-12-13T06:54:07","guid":{"rendered":"http:\/\/www.visit-ulcinj.com\/blog\/?p=77136"},"modified":"2013-12-13T07:54:07","modified_gmt":"2013-12-13T06:54:07","slug":"pokusaj-otimacine","status":"publish","type":"post","link":"https:\/\/www.visit-ulcinj.com\/blog\/2013\/12\/13\/pokusaj-otimacine\/","title":{"rendered":"Poku\u0161aj otima\u010dine"},"content":{"rendered":"<p><a href=\"http:\/\/www.visit-ulcinj.com\/blog\/wp-content\/uploads\/2013\/12\/Komuna-Ulqinit-NP-Morsko-Dobro-1.jpg\"><img loading=\"lazy\" class=\"alignleft  wp-image-77080\" alt=\"Komuna-Ulqinit-NP-Morsko-Dobro-1\" src=\"http:\/\/www.visit-ulcinj.com\/blog\/wp-content\/uploads\/2013\/12\/Komuna-Ulqinit-NP-Morsko-Dobro-1.jpg\" width=\"508\" height=\"360\" \/><\/a>Ono od \u010dega se ve\u0107 dvije decenije strahovalo na Crnogorskom primorju \u2013 da \u0107e privatna zemlja u zoni tzv. morskog dobra biti fakti\u010dki nacionalizovana, uvedeno je nedavno u pravni sistem zemlje. Vrhovni sud Crne Gore, naime, pro\u0161log je mjeseca donio odluku da ,,pravo kori\u0161\u0107enja zemlji\u0161ta koje predstavlja morsko dobro pripada ranijim vlasnicima samo zaklju\u010denjem ugovora s javnim preduze\u0107em koje upravlja morskim dobrom, u kojem slu\u010daju imaju pre\u010de pravo kori\u0161\u0107enja morskog dobra, za slu\u010daj da konkuri\u0161u za sticanje prava&#8221;.<\/p>\n<p>To zna\u010di da vlasnici zemlji\u0161ta, na primjer, u \u0160toju kod Ulcinja, nijesu vlasnici svoje zemlje, i da bi od Javnog preduze\u0107a za upravljanje morskim dobrom, \u010dije je sjedi\u0161te u Budvi, morali da je uzmu u zakup ako bi htjeli da nastave tradicionalni posao &#8211; sadnju lubenica.<\/p>\n<p>Zbog takvog stava Vrhovnog suda pojedine primorske mjesne zajednice saop\u0161tile su da \u0107e ve\u0107 ovog vikenda organizovati zborove gra\u0111ana kako bi se dogovorile o na\u010dinu na koji \u0107e jedinstveno poku\u0161ati da za\u0161tite svojinska prava, koja im garantuju Ustav Crne Gore i me\u0111unarodni propisi. ,,Ovakvim pravnim stavom dezavui\u0161e se ono na \u010demu stoji \u010ditava zapadna civilizacija i Evropska unija, a to je nepovredivost privatne svojine, ma gdje god se ona nalazila&#8221;, ka\u017ee Ivo Star\u010devi\u0107, jedan od inicijatora zbora gra\u0111ana Krtola, Grblja i Lu\u0161tice. On dodaje da je na sceni klasi\u010dan vid diskriminacije po pitanju svojine, odnosno neki vid nacionalizacije ili konfiskacije.<\/p>\n<p>Sli\u010dne su reakcije iz Ulcinja, op\u0161tine koja ve\u0107 21 godinu ima najvi\u0161e nesuglasica oko morskog dobra. Kako i ne\u0107e kada se \u010dak 56,3 odsto teritorije kojom gazduje JP za upravljanje morskim dobrom nalazi u toj op\u0161tini, odnosno o \u010dak 33 miliona kvadratnih metara najprofitabilnijeg zemlji\u0161ta. Ako bi se ra\u010dunalo da je cijena tog zemlji\u0161ta sto eura po kvadratu, onda je lako izra\u010dunati da je njegova vrijednost 3,3 milijarde eura. Nesumnjivo je da je to ne samo za op\u0161tinu kakva je Ulcinj, ve\u0107 i za cijelu zemlju, ogromna svota.<\/p>\n<p>Jer, \u0161irina za\u0161ti\u0107enog podru\u010dja u Ulcinju u prosjeku iznosi 565 metara, \u0161to je od \u010detiri do deset puta vi\u0161e nego u ostalim op\u0161tinama na Crnogorskom primorju. Zato se, na primjer, de\u0161ava ne\u010duveni paradoks da jedna te ista ku\u0107a koja se nalazi na granici katastarskih parcela op\u0161tina Ulcinj i Bar ima razli\u010diti teret. Onaj dio koji je na teritoriji op\u0161tine Ulcinj je u zoni morskog dobra, a onaj dio koji je na teritoriji barske op\u0161tine nije. ,,Sve to im nije bilo dovoljno nego im je trebala i ova odluka Vrhovnog suda kako bi se 100 odsto stekla kontrola nad najzna\u010dajnijim privrednim resursom grada Ulcinja&#8221;, ka\u017ee predsjednik Demokratske unije Albanaca Mehmed Zenka. Prema rije\u010dima poslanika Pozitivne Crne Gore Dritana Abazovi\u0107a, svega ovoga ne bi bilo kada bi se po\u0161tovala odredba zakona po kojoj se granica morskog dobra ograni\u010dava na ,,\u0161est metara od mjesta gdje dopire najve\u0107i morski talas, za vrijeme najve\u0107e oluje&#8221;. ,,No, jasno je da je ova institucija stvorena ne kao za\u0161titinik obale, nego kao ma\u0161ina za isisavanje novca i izvla\u010denje bogatsva iz primorskih op\u0161tina putem diskriminacije gra\u0111ana&#8221;, isti\u010de on.<\/p>\n<p>O odnosu prema ovom pitanju u svim op\u0161tinama na Primorju, a u Ulcinju pogotovo, odavno postoji gotovo potpuni konsenzus koji je naru\u0161en nakon \u0161to je u prolje\u0107e ove godine D\u017eaudet Cakuli, potpredsjednik Nove demokratske snage \u2013 FORCA Nazifa Cungua, postao predsjednik Upravnog odbora Javnog preduze\u0107a za upravljanje morskim dobrom. On je tako\u0111e bio \u010dlan radne grupe Ministarstva odr\u017eivog razvoja i turizma za izradu prijedloga novog zakona o morskom dobru, koja je u ljeto zavr\u0161ila svoj posao. No, nijedna zna\u010dajna primjedba koju je dala op\u0161tina Ulcinj nije usvojena, posebno ne ona o liniji zahvata morskog dobra. Tek kada je sve okon\u010dano i to na sjednici Skup\u0161tine op\u0161tine Ulcinj, odr\u017eanoj sredinom novembra, na kojoj je skra\u0107en mandat lokalnom parlamentu, Cakuli je izjavio da ,,nije uop\u0161te zadovoljan tretmanom koji Ulcinj ima u tom tijelu&#8221;. Iz SDP-a i DUA stigao mu je prigovor da je o tom problemu morao redovno da informi\u0161e javnost i op\u0161tinsku Skup\u0161tinu, koja je jo\u0161 u decembru 2011. godine jednoglasno usvojila zaklju\u010dke o Nacrtu novog zakona o morskom dobru. Zato su iz Pozitivne Crne Gore pozvali Cakulija da podnese ostavku. ,,Valjda je sada svima jasno da se strate\u0161ki interesi grada ne brane \u0107utanjem, klimanjem glavom, slijeganjem ramenima i primanjem plate. Najmanje korektno prema gra\u0111anima Ulcinja bilo bi ne sjediti na tom mjestu odakle se 20 i vi\u0161e godina plja\u010dka Op\u0161tina i gra\u0111ani Ulcinja, i dati ostavka u radnoj grupi Vlade&#8221;, navodi Abazovi\u0107. Napominju\u0107i da morsko dobro u Ulcinju obuhvata \u010dak 13 odsto op\u0161tinske teritorije, funkcioner SDP-a Skender Elezagi\u0107 ka\u017ee da bi ukoliko odluka Vrhovnog suda ostane na snazi i ne do\u0111e do promjene dosada\u0161nje prakse, to predstavljalo prekrajanje administrativnih granica op\u0161tine Ulcinj. \u201eLokalnoj samoupravi prakti\u010dno se izuzima iz ingerencija 33 miliona kvadratnih metara i onemogu\u0107avaju izvorne funkcije: da donosi prostorne i urbanisti\u010dke planove, planove i programe razvoja, upravlja i raspola\u017ee lokalnom imovinom i od nje ubira prihode, te da ta sredstva usmjerava u razvoj&#8221;, dodaje on. I barski parlament ove je sedmice jednoglasno donio odluku da formira komisiju za ispitivanje granica morskog dobra, koje su, ina\u010de, protivno Zakonu, utvr\u0111ene odlukom jedne Vladine komisije 1993. godine, \u0161to zna\u010di da je to tijelo imalo ve\u0107a ovla\u0161\u0107enja od zakonodavca.<\/p>\n<p>A jo\u0161 od Rimskog prava morsko dobro se defini\u0161e kao op\u0161te dobro, kao stvar izvan pravnog prometa, kao onaj dio kopna na morskoj obali koji po svojoj namjeni slu\u017ei kori\u0161\u0107enju mora. Svako se mo\u017ee slu\u017eiti morskim dobrom kao op\u0161tim dobrom na jednak na\u010din i pod istim uslovima za sve. Stoga: kako, za\u0161to, po \u010demu ne\u010dije privatno poljoprivredno zemlji\u0161te u \u0160toju ili u Krtolama mo\u017ee biti morsko dobro? A za\u0161to to nije ulcinjska Solana? \u201ePa to su pozicije gdje se jo\u0161 uvijek mogu uzeti prili\u010dno velike, da ne ka\u017eem basnoslovne provizije prilikom sklapanja poslova, \u0161to je u modernoj Crnoj Gori jedino i bitno&#8221;, zaklju\u010duje Star\u010devi\u0107.<br \/>\n<a href=\"http:\/\/www.monitor.co.me\/index.php?option=com_content&amp;view=article&amp;id=4831%3Apokuaj-otimaine&amp;catid=3332%3Abroj-1207&amp;Itemid=4592\" target=\"_blank\"><strong>Mustafa CANKA<\/strong><\/a><br \/>\n<a href=\"http:\/\/www.monitor.co.me\/index.php?option=com_content&amp;view=article&amp;id=4831%3Apokuaj-otimaine&amp;catid=3332%3Abroj-1207&amp;Itemid=4592\" target=\"_blank\"><strong>Izvor: MONITOR<\/strong><\/a><\/p>\n","protected":false},"excerpt":{"rendered":"<p>Ono od \u010dega se ve\u0107 dvije decenije strahovalo na Crnogorskom primorju \u2013 da \u0107e privatna zemlja u zoni tzv. morskog dobra biti fakti\u010dki nacionalizovana, uvedeno je nedavno u pravni sistem zemlje. Vrhovni sud Crne Gore, naime, pro\u0161log je mjeseca donio odluku da ,,pravo kori\u0161\u0107enja zemlji\u0161ta koje predstavlja morsko dobro pripada ranijim vlasnicima samo zaklju\u010denjem ugovora [&hellip;]<\/p>\n","protected":false},"author":1,"featured_media":0,"comment_status":"closed","ping_status":"closed","sticky":false,"template":"","format":"standard","meta":{"spay_email":"","jetpack_publicize_message":"","jetpack_is_tweetstorm":false,"jetpack_publicize_feature_enabled":true},"categories":[6950],"tags":[],"jetpack_publicize_connections":[],"yoast_head":"<!-- This site is optimized with the Yoast SEO plugin v19.1 - https:\/\/yoast.com\/wordpress\/plugins\/seo\/ -->\n<title>Poku\u0161aj otima\u010dine - Lajme nga Ulqini<\/title>\n<meta name=\"description\" content=\"Ono od \u010dega se ve\u0107 dvije decenije strahovalo na Crnogorskom primorju \u2013 da \u0107e privatna zemlja u zoni tzv. morskog dobra biti fakti\u010dki nacionalizovana,\" \/>\n<meta name=\"robots\" content=\"index, follow, max-snippet:-1, max-image-preview:large, max-video-preview:-1\" \/>\n<link rel=\"canonical\" href=\"https:\/\/www.visit-ulcinj.com\/blog\/2013\/12\/13\/pokusaj-otimacine\/\" \/>\n<meta property=\"og:locale\" content=\"en_US\" \/>\n<meta property=\"og:type\" content=\"article\" \/>\n<meta property=\"og:title\" content=\"Poku\u0161aj otima\u010dine - Lajme nga Ulqini\" \/>\n<meta property=\"og:description\" content=\"Ono od \u010dega se ve\u0107 dvije decenije strahovalo na Crnogorskom primorju \u2013 da \u0107e privatna zemlja u zoni tzv. morskog dobra biti fakti\u010dki nacionalizovana,\" \/>\n<meta property=\"og:url\" content=\"https:\/\/www.visit-ulcinj.com\/blog\/2013\/12\/13\/pokusaj-otimacine\/\" \/>\n<meta property=\"og:site_name\" content=\"Lajme nga Ulqini\" \/>\n<meta property=\"article:published_time\" content=\"2013-12-13T06:54:07+00:00\" \/>\n<meta property=\"og:image\" content=\"http:\/\/www.visit-ulcinj.com\/blog\/wp-content\/uploads\/2013\/12\/Komuna-Ulqinit-NP-Morsko-Dobro-1.jpg\" \/>\n<meta name=\"twitter:label1\" content=\"Written by\" \/>\n\t<meta name=\"twitter:data1\" content=\"ulqini\" \/>\n\t<meta name=\"twitter:label2\" content=\"Est. reading time\" \/>\n\t<meta name=\"twitter:data2\" content=\"5 minutes\" \/>\n<script type=\"application\/ld+json\" class=\"yoast-schema-graph\">{\"@context\":\"https:\/\/schema.org\",\"@graph\":[{\"@type\":\"WebSite\",\"@id\":\"https:\/\/www.visit-ulcinj.com\/blog\/#website\",\"url\":\"https:\/\/www.visit-ulcinj.com\/blog\/\",\"name\":\"Lajme nga Ulqini\",\"description\":\"Lajme,Vijesti,Ulqini,Ulqin,Crna Gora,Mali i Zi\",\"potentialAction\":[{\"@type\":\"SearchAction\",\"target\":{\"@type\":\"EntryPoint\",\"urlTemplate\":\"https:\/\/www.visit-ulcinj.com\/blog\/?s={search_term_string}\"},\"query-input\":\"required name=search_term_string\"}],\"inLanguage\":\"en-US\"},{\"@type\":\"ImageObject\",\"inLanguage\":\"en-US\",\"@id\":\"https:\/\/www.visit-ulcinj.com\/blog\/2013\/12\/13\/pokusaj-otimacine\/#primaryimage\",\"url\":\"https:\/\/www.visit-ulcinj.com\/blog\/wp-content\/uploads\/2013\/12\/Komuna-Ulqinit-NP-Morsko-Dobro-1.jpg\",\"contentUrl\":\"https:\/\/www.visit-ulcinj.com\/blog\/wp-content\/uploads\/2013\/12\/Komuna-Ulqinit-NP-Morsko-Dobro-1.jpg\",\"width\":768,\"height\":509},{\"@type\":\"WebPage\",\"@id\":\"https:\/\/www.visit-ulcinj.com\/blog\/2013\/12\/13\/pokusaj-otimacine\/#webpage\",\"url\":\"https:\/\/www.visit-ulcinj.com\/blog\/2013\/12\/13\/pokusaj-otimacine\/\",\"name\":\"Poku\u0161aj otima\u010dine - Lajme nga Ulqini\",\"isPartOf\":{\"@id\":\"https:\/\/www.visit-ulcinj.com\/blog\/#website\"},\"primaryImageOfPage\":{\"@id\":\"https:\/\/www.visit-ulcinj.com\/blog\/2013\/12\/13\/pokusaj-otimacine\/#primaryimage\"},\"datePublished\":\"2013-12-13T06:54:07+00:00\",\"dateModified\":\"2013-12-13T06:54:07+00:00\",\"author\":{\"@id\":\"https:\/\/www.visit-ulcinj.com\/blog\/#\/schema\/person\/dcab619c614d3038751c63bc2aadc06d\"},\"description\":\"Ono od \u010dega se ve\u0107 dvije decenije strahovalo na Crnogorskom primorju \u2013 da \u0107e privatna zemlja u zoni tzv. morskog dobra biti fakti\u010dki nacionalizovana,\",\"breadcrumb\":{\"@id\":\"https:\/\/www.visit-ulcinj.com\/blog\/2013\/12\/13\/pokusaj-otimacine\/#breadcrumb\"},\"inLanguage\":\"en-US\",\"potentialAction\":[{\"@type\":\"ReadAction\",\"target\":[\"https:\/\/www.visit-ulcinj.com\/blog\/2013\/12\/13\/pokusaj-otimacine\/\"]}]},{\"@type\":\"BreadcrumbList\",\"@id\":\"https:\/\/www.visit-ulcinj.com\/blog\/2013\/12\/13\/pokusaj-otimacine\/#breadcrumb\",\"itemListElement\":[{\"@type\":\"ListItem\",\"position\":1,\"name\":\"Poku\u0161aj otima\u010dine\"}]},{\"@type\":\"Person\",\"@id\":\"https:\/\/www.visit-ulcinj.com\/blog\/#\/schema\/person\/dcab619c614d3038751c63bc2aadc06d\",\"name\":\"ulqini\",\"sameAs\":[\"http:\/\/www.visit-ulcinj.com\"],\"url\":\"https:\/\/www.visit-ulcinj.com\/blog\/author\/admin\/\"}]}<\/script>\n<!-- \/ Yoast SEO plugin. -->","yoast_head_json":{"title":"Poku\u0161aj otima\u010dine - Lajme nga Ulqini","description":"Ono od \u010dega se ve\u0107 dvije decenije strahovalo na Crnogorskom primorju \u2013 da \u0107e privatna zemlja u zoni tzv. morskog dobra biti fakti\u010dki nacionalizovana,","robots":{"index":"index","follow":"follow","max-snippet":"max-snippet:-1","max-image-preview":"max-image-preview:large","max-video-preview":"max-video-preview:-1"},"canonical":"https:\/\/www.visit-ulcinj.com\/blog\/2013\/12\/13\/pokusaj-otimacine\/","og_locale":"en_US","og_type":"article","og_title":"Poku\u0161aj otima\u010dine - Lajme nga Ulqini","og_description":"Ono od \u010dega se ve\u0107 dvije decenije strahovalo na Crnogorskom primorju \u2013 da \u0107e privatna zemlja u zoni tzv. morskog dobra biti fakti\u010dki nacionalizovana,","og_url":"https:\/\/www.visit-ulcinj.com\/blog\/2013\/12\/13\/pokusaj-otimacine\/","og_site_name":"Lajme nga Ulqini","article_published_time":"2013-12-13T06:54:07+00:00","og_image":[{"url":"http:\/\/www.visit-ulcinj.com\/blog\/wp-content\/uploads\/2013\/12\/Komuna-Ulqinit-NP-Morsko-Dobro-1.jpg"}],"twitter_misc":{"Written by":"ulqini","Est. reading time":"5 minutes"},"schema":{"@context":"https:\/\/schema.org","@graph":[{"@type":"WebSite","@id":"https:\/\/www.visit-ulcinj.com\/blog\/#website","url":"https:\/\/www.visit-ulcinj.com\/blog\/","name":"Lajme nga Ulqini","description":"Lajme,Vijesti,Ulqini,Ulqin,Crna Gora,Mali i Zi","potentialAction":[{"@type":"SearchAction","target":{"@type":"EntryPoint","urlTemplate":"https:\/\/www.visit-ulcinj.com\/blog\/?s={search_term_string}"},"query-input":"required name=search_term_string"}],"inLanguage":"en-US"},{"@type":"ImageObject","inLanguage":"en-US","@id":"https:\/\/www.visit-ulcinj.com\/blog\/2013\/12\/13\/pokusaj-otimacine\/#primaryimage","url":"https:\/\/www.visit-ulcinj.com\/blog\/wp-content\/uploads\/2013\/12\/Komuna-Ulqinit-NP-Morsko-Dobro-1.jpg","contentUrl":"https:\/\/www.visit-ulcinj.com\/blog\/wp-content\/uploads\/2013\/12\/Komuna-Ulqinit-NP-Morsko-Dobro-1.jpg","width":768,"height":509},{"@type":"WebPage","@id":"https:\/\/www.visit-ulcinj.com\/blog\/2013\/12\/13\/pokusaj-otimacine\/#webpage","url":"https:\/\/www.visit-ulcinj.com\/blog\/2013\/12\/13\/pokusaj-otimacine\/","name":"Poku\u0161aj otima\u010dine - Lajme nga Ulqini","isPartOf":{"@id":"https:\/\/www.visit-ulcinj.com\/blog\/#website"},"primaryImageOfPage":{"@id":"https:\/\/www.visit-ulcinj.com\/blog\/2013\/12\/13\/pokusaj-otimacine\/#primaryimage"},"datePublished":"2013-12-13T06:54:07+00:00","dateModified":"2013-12-13T06:54:07+00:00","author":{"@id":"https:\/\/www.visit-ulcinj.com\/blog\/#\/schema\/person\/dcab619c614d3038751c63bc2aadc06d"},"description":"Ono od \u010dega se ve\u0107 dvije decenije strahovalo na Crnogorskom primorju \u2013 da \u0107e privatna zemlja u zoni tzv. morskog dobra biti fakti\u010dki nacionalizovana,","breadcrumb":{"@id":"https:\/\/www.visit-ulcinj.com\/blog\/2013\/12\/13\/pokusaj-otimacine\/#breadcrumb"},"inLanguage":"en-US","potentialAction":[{"@type":"ReadAction","target":["https:\/\/www.visit-ulcinj.com\/blog\/2013\/12\/13\/pokusaj-otimacine\/"]}]},{"@type":"BreadcrumbList","@id":"https:\/\/www.visit-ulcinj.com\/blog\/2013\/12\/13\/pokusaj-otimacine\/#breadcrumb","itemListElement":[{"@type":"ListItem","position":1,"name":"Poku\u0161aj otima\u010dine"}]},{"@type":"Person","@id":"https:\/\/www.visit-ulcinj.com\/blog\/#\/schema\/person\/dcab619c614d3038751c63bc2aadc06d","name":"ulqini","sameAs":["http:\/\/www.visit-ulcinj.com"],"url":"https:\/\/www.visit-ulcinj.com\/blog\/author\/admin\/"}]}},"jetpack_featured_media_url":"","jetpack_sharing_enabled":true,"jetpack_shortlink":"https:\/\/wp.me\/pe6lTn-k48","_links":{"self":[{"href":"https:\/\/www.visit-ulcinj.com\/blog\/wp-json\/wp\/v2\/posts\/77136"}],"collection":[{"href":"https:\/\/www.visit-ulcinj.com\/blog\/wp-json\/wp\/v2\/posts"}],"about":[{"href":"https:\/\/www.visit-ulcinj.com\/blog\/wp-json\/wp\/v2\/types\/post"}],"author":[{"embeddable":true,"href":"https:\/\/www.visit-ulcinj.com\/blog\/wp-json\/wp\/v2\/users\/1"}],"replies":[{"embeddable":true,"href":"https:\/\/www.visit-ulcinj.com\/blog\/wp-json\/wp\/v2\/comments?post=77136"}],"version-history":[{"count":1,"href":"https:\/\/www.visit-ulcinj.com\/blog\/wp-json\/wp\/v2\/posts\/77136\/revisions"}],"predecessor-version":[{"id":77137,"href":"https:\/\/www.visit-ulcinj.com\/blog\/wp-json\/wp\/v2\/posts\/77136\/revisions\/77137"}],"wp:attachment":[{"href":"https:\/\/www.visit-ulcinj.com\/blog\/wp-json\/wp\/v2\/media?parent=77136"}],"wp:term":[{"taxonomy":"category","embeddable":true,"href":"https:\/\/www.visit-ulcinj.com\/blog\/wp-json\/wp\/v2\/categories?post=77136"},{"taxonomy":"post_tag","embeddable":true,"href":"https:\/\/www.visit-ulcinj.com\/blog\/wp-json\/wp\/v2\/tags?post=77136"}],"curies":[{"name":"wp","href":"https:\/\/api.w.org\/{rel}","templated":true}]}}