{"id":77138,"date":"2013-12-13T08:03:06","date_gmt":"2013-12-13T07:03:06","guid":{"rendered":"http:\/\/www.visit-ulcinj.com\/blog\/?p=77138"},"modified":"2013-12-13T17:12:54","modified_gmt":"2013-12-13T16:12:54","slug":"snp-sijacima-magle-u-ulcinj-26-januara-reci-ne","status":"publish","type":"post","link":"https:\/\/www.visit-ulcinj.com\/blog\/2013\/12\/13\/snp-sijacima-magle-u-ulcinj-26-januara-reci-ne\/","title":{"rendered":"SNP: Sija\u010dima magle u Ulcinj, 26. januara re\u0107i NE"},"content":{"rendered":"<p><a href=\"http:\/\/www.visit-ulcinj.com\/blog\/wp-content\/uploads\/2013\/12\/SNP-ULCINJ.jpg\"><img loading=\"lazy\" class=\"alignleft  wp-image-77139\" alt=\"SNP-ULCINJ\" src=\"http:\/\/www.visit-ulcinj.com\/blog\/wp-content\/uploads\/2013\/12\/SNP-ULCINJ.jpg\" width=\"508\" height=\"360\" \/><\/a>Op\u0161tinski odbor SNP Ulcinj ukazuje na \u010dinjenicu da ovih dana v.d. op\u0161tinski sekretari i savjetnici, predano rade na terenu, poku\u0161avaju\u0107i da nadomjeste ono \u0161to u prethodne dvije godine nijesu uradili u Ulcinju. Signal da se rastr\u010de po Ulcinju bila je nedavna Odluka o skra\u0107enju mandata obornicima Skup\u0161tine op\u0161tine Ulcinj, tako da te njihove poslove sada, niko ne mo\u017ee kontrolisati. S druge strane oni te poslove rade tokom izborne kampanje, i na taj na\u010din zloupotrebljavaju resurse Op\u0161tine u partijske svrhe. Oni ovih dana izvode radove samo u djelovima na\u0161e Op\u0161tine gdje su prete\u017eno zastupljeni nelegalni graditelji. Zapravo, to su oni divlji graditelji koji i pored toga \u0161to su za neka od tih podru\u010dja doneseni Detaljni urbanisti\u010dki planovi, nijesu ni poku\u0161ali da naprave dogovor sa Op\u0161tinom o pla\u0107anju komunalne takse, koja se po Zakonu koristi za komunalno opremanje zemlji\u0161ta.<\/p>\n<p>Jasno je da se sve ovo radi kako bi se na taj na\u010din dobili glasovi, dok u drugim djelovima na\u0161eg grada, tamo gdje stanuju savjesni gra\u0111ani koji izmiruju sve obaveze prema dr\u017eavi i lokalnoj samoupravi, vlada potpuno sivilo.<\/p>\n<p>Za razliku od odlaze\u0107e lokalne vlasti, koja radi selektivno, \u0161to je i bila njena osnovna karakteristika proteklih 26 mjeseci, aktivisti DPS ovih dana \u0161alju pozive za odr\u017eavanje sastanaka svojih partijskih mjesnih odbora, u prostorijama dr\u017eavnih javnih preduze\u0107a.<\/p>\n<p>To su na\u017ealost ustaljeni metodi DPS-a i na dr\u017eavnom i na lokalnom nivou. Sve njihove kampanje i do sada su se zasnivale na zloupotrebama dr\u017eavnih i lokalnih resursa i zloupotrebama slu\u017ebenog polo\u017eaja \u010delnika. Gra\u0111ani Ulcinja to dobro znaju.<\/p>\n<p>Zbog nerada i zloupotreba lokalne vlasti, SNP je uo\u010di skra\u0107enja mandata SO Ulcinj, podnijela inicijativu za razrje\u0161enje Predsjednika Op\u0161tine, koju svojim potpisom nije podr\u017eao dovoljan broj odbornika. Podsje\u0107amo da inicijativu nijesu potpisali mnogi \u201eopozicioni\u201c odbornici, prije svega oni koji su bili obavezni da to urade.<\/p>\n<p>Posljedice ovakvog pona\u0161anja nekih \u201eopozicionara\u201c \u0107e biti dugoro\u010dne, a razlozi za takvo njihovo pona\u0161anje bi\u0107e jasno vidljivi tek kada se skinu maske.<\/p>\n<p>Op\u0161tinski odbor SNP Ulcinj vjeruje da gra\u0111ani ovog grada uo\u010davaju kakve se zakulisne igre de\u0161avaju u na\u0161oj Op\u0161tini, i da \u0107e sija\u010dima magle, 26. januara 2014. godine, jasno re\u0107i \u0161to misle o njima.<br \/>\n<strong>Izvor: Socijalisti\u010dka narodna partija Crne Gore Ulcinj<\/strong><\/p>\n","protected":false},"excerpt":{"rendered":"<p>Op\u0161tinski odbor SNP Ulcinj ukazuje na \u010dinjenicu da ovih dana v.d. op\u0161tinski sekretari i savjetnici, predano rade na terenu, poku\u0161avaju\u0107i da nadomjeste ono \u0161to u prethodne dvije godine nijesu uradili u Ulcinju. Signal da se rastr\u010de po Ulcinju bila je nedavna Odluka o skra\u0107enju mandata obornicima Skup\u0161tine op\u0161tine Ulcinj, tako da te njihove poslove sada, [&hellip;]<\/p>\n","protected":false},"author":1,"featured_media":0,"comment_status":"closed","ping_status":"closed","sticky":false,"template":"","format":"standard","meta":{"spay_email":"","jetpack_publicize_message":"","jetpack_is_tweetstorm":false,"jetpack_publicize_feature_enabled":true},"categories":[8337],"tags":[],"jetpack_publicize_connections":[],"yoast_head":"<!-- This site is optimized with the Yoast SEO plugin v19.1 - https:\/\/yoast.com\/wordpress\/plugins\/seo\/ -->\n<title>SNP: Sija\u010dima magle u Ulcinj, 26. januara re\u0107i NE - Lajme nga Ulqini<\/title>\n<meta name=\"description\" content=\"Op\u0161tinski odbor SNP Ulcinj ukazuje na \u010dinjenicu da ovih dana v.d. op\u0161tinski sekretari i savjetnici, predano rade na terenu, poku\u0161avaju\u0107i da nadomjeste ono\" \/>\n<meta name=\"robots\" content=\"index, follow, max-snippet:-1, max-image-preview:large, max-video-preview:-1\" \/>\n<link rel=\"canonical\" href=\"https:\/\/www.visit-ulcinj.com\/blog\/2013\/12\/13\/snp-sijacima-magle-u-ulcinj-26-januara-reci-ne\/\" \/>\n<meta property=\"og:locale\" content=\"en_US\" \/>\n<meta property=\"og:type\" content=\"article\" \/>\n<meta property=\"og:title\" content=\"SNP: Sija\u010dima magle u Ulcinj, 26. januara re\u0107i NE - Lajme nga Ulqini\" \/>\n<meta property=\"og:description\" content=\"Op\u0161tinski odbor SNP Ulcinj ukazuje na \u010dinjenicu da ovih dana v.d. op\u0161tinski sekretari i savjetnici, predano rade na terenu, poku\u0161avaju\u0107i da nadomjeste ono\" \/>\n<meta property=\"og:url\" content=\"https:\/\/www.visit-ulcinj.com\/blog\/2013\/12\/13\/snp-sijacima-magle-u-ulcinj-26-januara-reci-ne\/\" \/>\n<meta property=\"og:site_name\" content=\"Lajme nga Ulqini\" \/>\n<meta property=\"article:published_time\" content=\"2013-12-13T07:03:06+00:00\" \/>\n<meta property=\"article:modified_time\" content=\"2013-12-13T16:12:54+00:00\" \/>\n<meta property=\"og:image\" content=\"http:\/\/www.visit-ulcinj.com\/blog\/wp-content\/uploads\/2013\/12\/SNP-ULCINJ.jpg\" \/>\n<meta name=\"twitter:label1\" content=\"Written by\" \/>\n\t<meta name=\"twitter:data1\" content=\"ulqini\" \/>\n\t<meta name=\"twitter:label2\" content=\"Est. reading time\" \/>\n\t<meta name=\"twitter:data2\" content=\"2 minutes\" \/>\n<script type=\"application\/ld+json\" class=\"yoast-schema-graph\">{\"@context\":\"https:\/\/schema.org\",\"@graph\":[{\"@type\":\"WebSite\",\"@id\":\"https:\/\/www.visit-ulcinj.com\/blog\/#website\",\"url\":\"https:\/\/www.visit-ulcinj.com\/blog\/\",\"name\":\"Lajme nga Ulqini\",\"description\":\"Lajme,Vijesti,Ulqini,Ulqin,Crna Gora,Mali i Zi\",\"potentialAction\":[{\"@type\":\"SearchAction\",\"target\":{\"@type\":\"EntryPoint\",\"urlTemplate\":\"https:\/\/www.visit-ulcinj.com\/blog\/?s={search_term_string}\"},\"query-input\":\"required name=search_term_string\"}],\"inLanguage\":\"en-US\"},{\"@type\":\"ImageObject\",\"inLanguage\":\"en-US\",\"@id\":\"https:\/\/www.visit-ulcinj.com\/blog\/2013\/12\/13\/snp-sijacima-magle-u-ulcinj-26-januara-reci-ne\/#primaryimage\",\"url\":\"https:\/\/www.visit-ulcinj.com\/blog\/wp-content\/uploads\/2013\/12\/SNP-ULCINJ.jpg\",\"contentUrl\":\"https:\/\/www.visit-ulcinj.com\/blog\/wp-content\/uploads\/2013\/12\/SNP-ULCINJ.jpg\",\"width\":960,\"height\":640},{\"@type\":\"WebPage\",\"@id\":\"https:\/\/www.visit-ulcinj.com\/blog\/2013\/12\/13\/snp-sijacima-magle-u-ulcinj-26-januara-reci-ne\/#webpage\",\"url\":\"https:\/\/www.visit-ulcinj.com\/blog\/2013\/12\/13\/snp-sijacima-magle-u-ulcinj-26-januara-reci-ne\/\",\"name\":\"SNP: Sija\u010dima magle u Ulcinj, 26. januara re\u0107i NE - Lajme nga Ulqini\",\"isPartOf\":{\"@id\":\"https:\/\/www.visit-ulcinj.com\/blog\/#website\"},\"primaryImageOfPage\":{\"@id\":\"https:\/\/www.visit-ulcinj.com\/blog\/2013\/12\/13\/snp-sijacima-magle-u-ulcinj-26-januara-reci-ne\/#primaryimage\"},\"datePublished\":\"2013-12-13T07:03:06+00:00\",\"dateModified\":\"2013-12-13T16:12:54+00:00\",\"author\":{\"@id\":\"https:\/\/www.visit-ulcinj.com\/blog\/#\/schema\/person\/dcab619c614d3038751c63bc2aadc06d\"},\"description\":\"Op\u0161tinski odbor SNP Ulcinj ukazuje na \u010dinjenicu da ovih dana v.d. op\u0161tinski sekretari i savjetnici, predano rade na terenu, poku\u0161avaju\u0107i da nadomjeste ono\",\"breadcrumb\":{\"@id\":\"https:\/\/www.visit-ulcinj.com\/blog\/2013\/12\/13\/snp-sijacima-magle-u-ulcinj-26-januara-reci-ne\/#breadcrumb\"},\"inLanguage\":\"en-US\",\"potentialAction\":[{\"@type\":\"ReadAction\",\"target\":[\"https:\/\/www.visit-ulcinj.com\/blog\/2013\/12\/13\/snp-sijacima-magle-u-ulcinj-26-januara-reci-ne\/\"]}]},{\"@type\":\"BreadcrumbList\",\"@id\":\"https:\/\/www.visit-ulcinj.com\/blog\/2013\/12\/13\/snp-sijacima-magle-u-ulcinj-26-januara-reci-ne\/#breadcrumb\",\"itemListElement\":[{\"@type\":\"ListItem\",\"position\":1,\"name\":\"SNP: Sija\u010dima magle u Ulcinj, 26. januara re\u0107i NE\"}]},{\"@type\":\"Person\",\"@id\":\"https:\/\/www.visit-ulcinj.com\/blog\/#\/schema\/person\/dcab619c614d3038751c63bc2aadc06d\",\"name\":\"ulqini\",\"sameAs\":[\"http:\/\/www.visit-ulcinj.com\"],\"url\":\"https:\/\/www.visit-ulcinj.com\/blog\/author\/admin\/\"}]}<\/script>\n<!-- \/ Yoast SEO plugin. -->","yoast_head_json":{"title":"SNP: Sija\u010dima magle u Ulcinj, 26. januara re\u0107i NE - Lajme nga Ulqini","description":"Op\u0161tinski odbor SNP Ulcinj ukazuje na \u010dinjenicu da ovih dana v.d. op\u0161tinski sekretari i savjetnici, predano rade na terenu, poku\u0161avaju\u0107i da nadomjeste ono","robots":{"index":"index","follow":"follow","max-snippet":"max-snippet:-1","max-image-preview":"max-image-preview:large","max-video-preview":"max-video-preview:-1"},"canonical":"https:\/\/www.visit-ulcinj.com\/blog\/2013\/12\/13\/snp-sijacima-magle-u-ulcinj-26-januara-reci-ne\/","og_locale":"en_US","og_type":"article","og_title":"SNP: Sija\u010dima magle u Ulcinj, 26. januara re\u0107i NE - Lajme nga Ulqini","og_description":"Op\u0161tinski odbor SNP Ulcinj ukazuje na \u010dinjenicu da ovih dana v.d. op\u0161tinski sekretari i savjetnici, predano rade na terenu, poku\u0161avaju\u0107i da nadomjeste ono","og_url":"https:\/\/www.visit-ulcinj.com\/blog\/2013\/12\/13\/snp-sijacima-magle-u-ulcinj-26-januara-reci-ne\/","og_site_name":"Lajme nga Ulqini","article_published_time":"2013-12-13T07:03:06+00:00","article_modified_time":"2013-12-13T16:12:54+00:00","og_image":[{"url":"http:\/\/www.visit-ulcinj.com\/blog\/wp-content\/uploads\/2013\/12\/SNP-ULCINJ.jpg"}],"twitter_misc":{"Written by":"ulqini","Est. reading time":"2 minutes"},"schema":{"@context":"https:\/\/schema.org","@graph":[{"@type":"WebSite","@id":"https:\/\/www.visit-ulcinj.com\/blog\/#website","url":"https:\/\/www.visit-ulcinj.com\/blog\/","name":"Lajme nga Ulqini","description":"Lajme,Vijesti,Ulqini,Ulqin,Crna Gora,Mali i Zi","potentialAction":[{"@type":"SearchAction","target":{"@type":"EntryPoint","urlTemplate":"https:\/\/www.visit-ulcinj.com\/blog\/?s={search_term_string}"},"query-input":"required name=search_term_string"}],"inLanguage":"en-US"},{"@type":"ImageObject","inLanguage":"en-US","@id":"https:\/\/www.visit-ulcinj.com\/blog\/2013\/12\/13\/snp-sijacima-magle-u-ulcinj-26-januara-reci-ne\/#primaryimage","url":"https:\/\/www.visit-ulcinj.com\/blog\/wp-content\/uploads\/2013\/12\/SNP-ULCINJ.jpg","contentUrl":"https:\/\/www.visit-ulcinj.com\/blog\/wp-content\/uploads\/2013\/12\/SNP-ULCINJ.jpg","width":960,"height":640},{"@type":"WebPage","@id":"https:\/\/www.visit-ulcinj.com\/blog\/2013\/12\/13\/snp-sijacima-magle-u-ulcinj-26-januara-reci-ne\/#webpage","url":"https:\/\/www.visit-ulcinj.com\/blog\/2013\/12\/13\/snp-sijacima-magle-u-ulcinj-26-januara-reci-ne\/","name":"SNP: Sija\u010dima magle u Ulcinj, 26. januara re\u0107i NE - Lajme nga Ulqini","isPartOf":{"@id":"https:\/\/www.visit-ulcinj.com\/blog\/#website"},"primaryImageOfPage":{"@id":"https:\/\/www.visit-ulcinj.com\/blog\/2013\/12\/13\/snp-sijacima-magle-u-ulcinj-26-januara-reci-ne\/#primaryimage"},"datePublished":"2013-12-13T07:03:06+00:00","dateModified":"2013-12-13T16:12:54+00:00","author":{"@id":"https:\/\/www.visit-ulcinj.com\/blog\/#\/schema\/person\/dcab619c614d3038751c63bc2aadc06d"},"description":"Op\u0161tinski odbor SNP Ulcinj ukazuje na \u010dinjenicu da ovih dana v.d. op\u0161tinski sekretari i savjetnici, predano rade na terenu, poku\u0161avaju\u0107i da nadomjeste ono","breadcrumb":{"@id":"https:\/\/www.visit-ulcinj.com\/blog\/2013\/12\/13\/snp-sijacima-magle-u-ulcinj-26-januara-reci-ne\/#breadcrumb"},"inLanguage":"en-US","potentialAction":[{"@type":"ReadAction","target":["https:\/\/www.visit-ulcinj.com\/blog\/2013\/12\/13\/snp-sijacima-magle-u-ulcinj-26-januara-reci-ne\/"]}]},{"@type":"BreadcrumbList","@id":"https:\/\/www.visit-ulcinj.com\/blog\/2013\/12\/13\/snp-sijacima-magle-u-ulcinj-26-januara-reci-ne\/#breadcrumb","itemListElement":[{"@type":"ListItem","position":1,"name":"SNP: Sija\u010dima magle u Ulcinj, 26. januara re\u0107i NE"}]},{"@type":"Person","@id":"https:\/\/www.visit-ulcinj.com\/blog\/#\/schema\/person\/dcab619c614d3038751c63bc2aadc06d","name":"ulqini","sameAs":["http:\/\/www.visit-ulcinj.com"],"url":"https:\/\/www.visit-ulcinj.com\/blog\/author\/admin\/"}]}},"jetpack_featured_media_url":"","jetpack_sharing_enabled":true,"jetpack_shortlink":"https:\/\/wp.me\/pe6lTn-k4a","_links":{"self":[{"href":"https:\/\/www.visit-ulcinj.com\/blog\/wp-json\/wp\/v2\/posts\/77138"}],"collection":[{"href":"https:\/\/www.visit-ulcinj.com\/blog\/wp-json\/wp\/v2\/posts"}],"about":[{"href":"https:\/\/www.visit-ulcinj.com\/blog\/wp-json\/wp\/v2\/types\/post"}],"author":[{"embeddable":true,"href":"https:\/\/www.visit-ulcinj.com\/blog\/wp-json\/wp\/v2\/users\/1"}],"replies":[{"embeddable":true,"href":"https:\/\/www.visit-ulcinj.com\/blog\/wp-json\/wp\/v2\/comments?post=77138"}],"version-history":[{"count":1,"href":"https:\/\/www.visit-ulcinj.com\/blog\/wp-json\/wp\/v2\/posts\/77138\/revisions"}],"predecessor-version":[{"id":77140,"href":"https:\/\/www.visit-ulcinj.com\/blog\/wp-json\/wp\/v2\/posts\/77138\/revisions\/77140"}],"wp:attachment":[{"href":"https:\/\/www.visit-ulcinj.com\/blog\/wp-json\/wp\/v2\/media?parent=77138"}],"wp:term":[{"taxonomy":"category","embeddable":true,"href":"https:\/\/www.visit-ulcinj.com\/blog\/wp-json\/wp\/v2\/categories?post=77138"},{"taxonomy":"post_tag","embeddable":true,"href":"https:\/\/www.visit-ulcinj.com\/blog\/wp-json\/wp\/v2\/tags?post=77138"}],"curies":[{"name":"wp","href":"https:\/\/api.w.org\/{rel}","templated":true}]}}