{"id":77148,"date":"2013-12-13T19:28:45","date_gmt":"2013-12-13T18:28:45","guid":{"rendered":"http:\/\/www.visit-ulcinj.com\/blog\/?p=77148"},"modified":"2013-12-13T19:28:45","modified_gmt":"2013-12-13T18:28:45","slug":"elezagic-para-ima-ali-one-idu-za-asfaltiranje-ulica","status":"publish","type":"post","link":"https:\/\/www.visit-ulcinj.com\/blog\/2013\/12\/13\/elezagic-para-ima-ali-one-idu-za-asfaltiranje-ulica\/","title":{"rendered":"Elezagi\u0107: Para ima, ali one idu za asfaltiranje ulica"},"content":{"rendered":"<p><a href=\"http:\/\/www.visit-ulcinj.com\/blog\/wp-content\/uploads\/2011\/12\/SKENDER-ELEZAGIC_ULCINJ.jpg\"><img loading=\"lazy\" class=\"alignleft  wp-image-54395\" alt=\"SKENDER ELEZAGIC_ULCINJ\" src=\"http:\/\/www.visit-ulcinj.com\/blog\/wp-content\/uploads\/2011\/12\/SKENDER-ELEZAGIC_ULCINJ.jpg\" width=\"508\" height=\"360\" \/><\/a>Elezagi\u0107 je podsjetio da je prva ta\u010dka koalicionog sporazuma odlaze\u0107e vlasti bila upravo analiza i konsolidacija finansijskog stanja u op\u0161tini.<br \/>\n\u2013 Trebalo je odmah vidjeti gdje to gori i koje su najosnovnije potrebe i na\u0107i na\u010din da se \u0161to prije obezbijede sredstva. Mi kasnimo dvije godine sa uvo\u0111enjem sanacionog programa i zbog toga je stanje sve te\u017ee. Uostalom, zbog toga, odnosno zbog \u010dinjenice da nijesmo mogli da sprovedemo ono \u0161to treba u skup\u0161tini, a to je nadzor organa uprave i javnih preduze\u0107a, sada idemo na vanredne izbore \u2013 kazao je Elezagi\u0107 i dodao da vjeruje kako op\u0161tina na ra\u010dunu ima dovoljno sredstva za isplatu \u0161est plata.<br \/>\n\u2013 Para na ra\u010dunu ima sigurno, ali su one potrebne da se sada pred izbore asfaltiraju putevi, a tro\u0161e se za druge predizborne aktivnosti. Samo od dva poslednja putovanja na sajmove (Njema\u010dka i Saudijska Arabija), koja nijesu ni predvi\u0111ena bud\u017eetom, moglo se obezbijediti pola sredstava koja vi tra\u017eite \u2013 naglasio je Elezagi\u0107.<\/p>\n<p><strong>Izvor: DAN<\/strong><\/p>\n","protected":false},"excerpt":{"rendered":"<p>Elezagi\u0107 je podsjetio da je prva ta\u010dka koalicionog sporazuma odlaze\u0107e vlasti bila upravo analiza i konsolidacija finansijskog stanja u op\u0161tini. \u2013 Trebalo je odmah vidjeti gdje to gori i koje su najosnovnije potrebe i na\u0107i na\u010din da se \u0161to prije obezbijede sredstva. Mi kasnimo dvije godine sa uvo\u0111enjem sanacionog programa i zbog toga je stanje [&hellip;]<\/p>\n","protected":false},"author":1,"featured_media":0,"comment_status":"closed","ping_status":"closed","sticky":false,"template":"","format":"standard","meta":{"spay_email":"","jetpack_publicize_message":"","jetpack_is_tweetstorm":false,"jetpack_publicize_feature_enabled":true},"categories":[8337],"tags":[],"jetpack_publicize_connections":[],"yoast_head":"<!-- This site is optimized with the Yoast SEO plugin v19.1 - https:\/\/yoast.com\/wordpress\/plugins\/seo\/ -->\n<title>Elezagi\u0107: Para ima, ali one idu za asfaltiranje ulica - Lajme nga Ulqini<\/title>\n<meta name=\"description\" content=\"Elezagi\u0107 je podsjetio da je prva ta\u010dka koalicionog sporazuma odlaze\u0107e vlasti bila upravo analiza i konsolidacija finansijskog stanja u op\u0161tini. \u2013 Trebalo\" \/>\n<meta name=\"robots\" content=\"index, follow, max-snippet:-1, max-image-preview:large, max-video-preview:-1\" \/>\n<link rel=\"canonical\" href=\"https:\/\/www.visit-ulcinj.com\/blog\/2013\/12\/13\/elezagic-para-ima-ali-one-idu-za-asfaltiranje-ulica\/\" \/>\n<meta property=\"og:locale\" content=\"en_US\" \/>\n<meta property=\"og:type\" content=\"article\" \/>\n<meta property=\"og:title\" content=\"Elezagi\u0107: Para ima, ali one idu za asfaltiranje ulica - Lajme nga Ulqini\" \/>\n<meta property=\"og:description\" content=\"Elezagi\u0107 je podsjetio da je prva ta\u010dka koalicionog sporazuma odlaze\u0107e vlasti bila upravo analiza i konsolidacija finansijskog stanja u op\u0161tini. \u2013 Trebalo\" \/>\n<meta property=\"og:url\" content=\"https:\/\/www.visit-ulcinj.com\/blog\/2013\/12\/13\/elezagic-para-ima-ali-one-idu-za-asfaltiranje-ulica\/\" \/>\n<meta property=\"og:site_name\" content=\"Lajme nga Ulqini\" \/>\n<meta property=\"article:published_time\" content=\"2013-12-13T18:28:45+00:00\" \/>\n<meta property=\"og:image\" content=\"http:\/\/www.visit-ulcinj.com\/blog\/wp-content\/uploads\/2011\/12\/SKENDER-ELEZAGIC_ULCINJ.jpg\" \/>\n<meta name=\"twitter:label1\" content=\"Written by\" \/>\n\t<meta name=\"twitter:data1\" content=\"ulqini\" \/>\n\t<meta name=\"twitter:label2\" content=\"Est. reading time\" \/>\n\t<meta name=\"twitter:data2\" content=\"1 minute\" \/>\n<script type=\"application\/ld+json\" class=\"yoast-schema-graph\">{\"@context\":\"https:\/\/schema.org\",\"@graph\":[{\"@type\":\"WebSite\",\"@id\":\"https:\/\/www.visit-ulcinj.com\/blog\/#website\",\"url\":\"https:\/\/www.visit-ulcinj.com\/blog\/\",\"name\":\"Lajme nga Ulqini\",\"description\":\"Lajme,Vijesti,Ulqini,Ulqin,Crna Gora,Mali i Zi\",\"potentialAction\":[{\"@type\":\"SearchAction\",\"target\":{\"@type\":\"EntryPoint\",\"urlTemplate\":\"https:\/\/www.visit-ulcinj.com\/blog\/?s={search_term_string}\"},\"query-input\":\"required name=search_term_string\"}],\"inLanguage\":\"en-US\"},{\"@type\":\"ImageObject\",\"inLanguage\":\"en-US\",\"@id\":\"https:\/\/www.visit-ulcinj.com\/blog\/2013\/12\/13\/elezagic-para-ima-ali-one-idu-za-asfaltiranje-ulica\/#primaryimage\",\"url\":\"https:\/\/www.visit-ulcinj.com\/blog\/wp-content\/uploads\/2011\/12\/SKENDER-ELEZAGIC_ULCINJ.jpg\",\"contentUrl\":\"https:\/\/www.visit-ulcinj.com\/blog\/wp-content\/uploads\/2011\/12\/SKENDER-ELEZAGIC_ULCINJ.jpg\",\"width\":\"720\",\"height\":\"489\"},{\"@type\":\"WebPage\",\"@id\":\"https:\/\/www.visit-ulcinj.com\/blog\/2013\/12\/13\/elezagic-para-ima-ali-one-idu-za-asfaltiranje-ulica\/#webpage\",\"url\":\"https:\/\/www.visit-ulcinj.com\/blog\/2013\/12\/13\/elezagic-para-ima-ali-one-idu-za-asfaltiranje-ulica\/\",\"name\":\"Elezagi\u0107: Para ima, ali one idu za asfaltiranje ulica - Lajme nga Ulqini\",\"isPartOf\":{\"@id\":\"https:\/\/www.visit-ulcinj.com\/blog\/#website\"},\"primaryImageOfPage\":{\"@id\":\"https:\/\/www.visit-ulcinj.com\/blog\/2013\/12\/13\/elezagic-para-ima-ali-one-idu-za-asfaltiranje-ulica\/#primaryimage\"},\"datePublished\":\"2013-12-13T18:28:45+00:00\",\"dateModified\":\"2013-12-13T18:28:45+00:00\",\"author\":{\"@id\":\"https:\/\/www.visit-ulcinj.com\/blog\/#\/schema\/person\/dcab619c614d3038751c63bc2aadc06d\"},\"description\":\"Elezagi\u0107 je podsjetio da je prva ta\u010dka koalicionog sporazuma odlaze\u0107e vlasti bila upravo analiza i konsolidacija finansijskog stanja u op\u0161tini. \u2013 Trebalo\",\"breadcrumb\":{\"@id\":\"https:\/\/www.visit-ulcinj.com\/blog\/2013\/12\/13\/elezagic-para-ima-ali-one-idu-za-asfaltiranje-ulica\/#breadcrumb\"},\"inLanguage\":\"en-US\",\"potentialAction\":[{\"@type\":\"ReadAction\",\"target\":[\"https:\/\/www.visit-ulcinj.com\/blog\/2013\/12\/13\/elezagic-para-ima-ali-one-idu-za-asfaltiranje-ulica\/\"]}]},{\"@type\":\"BreadcrumbList\",\"@id\":\"https:\/\/www.visit-ulcinj.com\/blog\/2013\/12\/13\/elezagic-para-ima-ali-one-idu-za-asfaltiranje-ulica\/#breadcrumb\",\"itemListElement\":[{\"@type\":\"ListItem\",\"position\":1,\"name\":\"Elezagi\u0107: Para ima, ali one idu za asfaltiranje ulica\"}]},{\"@type\":\"Person\",\"@id\":\"https:\/\/www.visit-ulcinj.com\/blog\/#\/schema\/person\/dcab619c614d3038751c63bc2aadc06d\",\"name\":\"ulqini\",\"sameAs\":[\"http:\/\/www.visit-ulcinj.com\"],\"url\":\"https:\/\/www.visit-ulcinj.com\/blog\/author\/admin\/\"}]}<\/script>\n<!-- \/ Yoast SEO plugin. -->","yoast_head_json":{"title":"Elezagi\u0107: Para ima, ali one idu za asfaltiranje ulica - Lajme nga Ulqini","description":"Elezagi\u0107 je podsjetio da je prva ta\u010dka koalicionog sporazuma odlaze\u0107e vlasti bila upravo analiza i konsolidacija finansijskog stanja u op\u0161tini. \u2013 Trebalo","robots":{"index":"index","follow":"follow","max-snippet":"max-snippet:-1","max-image-preview":"max-image-preview:large","max-video-preview":"max-video-preview:-1"},"canonical":"https:\/\/www.visit-ulcinj.com\/blog\/2013\/12\/13\/elezagic-para-ima-ali-one-idu-za-asfaltiranje-ulica\/","og_locale":"en_US","og_type":"article","og_title":"Elezagi\u0107: Para ima, ali one idu za asfaltiranje ulica - Lajme nga Ulqini","og_description":"Elezagi\u0107 je podsjetio da je prva ta\u010dka koalicionog sporazuma odlaze\u0107e vlasti bila upravo analiza i konsolidacija finansijskog stanja u op\u0161tini. \u2013 Trebalo","og_url":"https:\/\/www.visit-ulcinj.com\/blog\/2013\/12\/13\/elezagic-para-ima-ali-one-idu-za-asfaltiranje-ulica\/","og_site_name":"Lajme nga Ulqini","article_published_time":"2013-12-13T18:28:45+00:00","og_image":[{"url":"http:\/\/www.visit-ulcinj.com\/blog\/wp-content\/uploads\/2011\/12\/SKENDER-ELEZAGIC_ULCINJ.jpg"}],"twitter_misc":{"Written by":"ulqini","Est. reading time":"1 minute"},"schema":{"@context":"https:\/\/schema.org","@graph":[{"@type":"WebSite","@id":"https:\/\/www.visit-ulcinj.com\/blog\/#website","url":"https:\/\/www.visit-ulcinj.com\/blog\/","name":"Lajme nga Ulqini","description":"Lajme,Vijesti,Ulqini,Ulqin,Crna Gora,Mali i Zi","potentialAction":[{"@type":"SearchAction","target":{"@type":"EntryPoint","urlTemplate":"https:\/\/www.visit-ulcinj.com\/blog\/?s={search_term_string}"},"query-input":"required name=search_term_string"}],"inLanguage":"en-US"},{"@type":"ImageObject","inLanguage":"en-US","@id":"https:\/\/www.visit-ulcinj.com\/blog\/2013\/12\/13\/elezagic-para-ima-ali-one-idu-za-asfaltiranje-ulica\/#primaryimage","url":"https:\/\/www.visit-ulcinj.com\/blog\/wp-content\/uploads\/2011\/12\/SKENDER-ELEZAGIC_ULCINJ.jpg","contentUrl":"https:\/\/www.visit-ulcinj.com\/blog\/wp-content\/uploads\/2011\/12\/SKENDER-ELEZAGIC_ULCINJ.jpg","width":"720","height":"489"},{"@type":"WebPage","@id":"https:\/\/www.visit-ulcinj.com\/blog\/2013\/12\/13\/elezagic-para-ima-ali-one-idu-za-asfaltiranje-ulica\/#webpage","url":"https:\/\/www.visit-ulcinj.com\/blog\/2013\/12\/13\/elezagic-para-ima-ali-one-idu-za-asfaltiranje-ulica\/","name":"Elezagi\u0107: Para ima, ali one idu za asfaltiranje ulica - Lajme nga Ulqini","isPartOf":{"@id":"https:\/\/www.visit-ulcinj.com\/blog\/#website"},"primaryImageOfPage":{"@id":"https:\/\/www.visit-ulcinj.com\/blog\/2013\/12\/13\/elezagic-para-ima-ali-one-idu-za-asfaltiranje-ulica\/#primaryimage"},"datePublished":"2013-12-13T18:28:45+00:00","dateModified":"2013-12-13T18:28:45+00:00","author":{"@id":"https:\/\/www.visit-ulcinj.com\/blog\/#\/schema\/person\/dcab619c614d3038751c63bc2aadc06d"},"description":"Elezagi\u0107 je podsjetio da je prva ta\u010dka koalicionog sporazuma odlaze\u0107e vlasti bila upravo analiza i konsolidacija finansijskog stanja u op\u0161tini. \u2013 Trebalo","breadcrumb":{"@id":"https:\/\/www.visit-ulcinj.com\/blog\/2013\/12\/13\/elezagic-para-ima-ali-one-idu-za-asfaltiranje-ulica\/#breadcrumb"},"inLanguage":"en-US","potentialAction":[{"@type":"ReadAction","target":["https:\/\/www.visit-ulcinj.com\/blog\/2013\/12\/13\/elezagic-para-ima-ali-one-idu-za-asfaltiranje-ulica\/"]}]},{"@type":"BreadcrumbList","@id":"https:\/\/www.visit-ulcinj.com\/blog\/2013\/12\/13\/elezagic-para-ima-ali-one-idu-za-asfaltiranje-ulica\/#breadcrumb","itemListElement":[{"@type":"ListItem","position":1,"name":"Elezagi\u0107: Para ima, ali one idu za asfaltiranje ulica"}]},{"@type":"Person","@id":"https:\/\/www.visit-ulcinj.com\/blog\/#\/schema\/person\/dcab619c614d3038751c63bc2aadc06d","name":"ulqini","sameAs":["http:\/\/www.visit-ulcinj.com"],"url":"https:\/\/www.visit-ulcinj.com\/blog\/author\/admin\/"}]}},"jetpack_featured_media_url":"","jetpack_sharing_enabled":true,"jetpack_shortlink":"https:\/\/wp.me\/pe6lTn-k4k","_links":{"self":[{"href":"https:\/\/www.visit-ulcinj.com\/blog\/wp-json\/wp\/v2\/posts\/77148"}],"collection":[{"href":"https:\/\/www.visit-ulcinj.com\/blog\/wp-json\/wp\/v2\/posts"}],"about":[{"href":"https:\/\/www.visit-ulcinj.com\/blog\/wp-json\/wp\/v2\/types\/post"}],"author":[{"embeddable":true,"href":"https:\/\/www.visit-ulcinj.com\/blog\/wp-json\/wp\/v2\/users\/1"}],"replies":[{"embeddable":true,"href":"https:\/\/www.visit-ulcinj.com\/blog\/wp-json\/wp\/v2\/comments?post=77148"}],"version-history":[{"count":1,"href":"https:\/\/www.visit-ulcinj.com\/blog\/wp-json\/wp\/v2\/posts\/77148\/revisions"}],"predecessor-version":[{"id":77149,"href":"https:\/\/www.visit-ulcinj.com\/blog\/wp-json\/wp\/v2\/posts\/77148\/revisions\/77149"}],"wp:attachment":[{"href":"https:\/\/www.visit-ulcinj.com\/blog\/wp-json\/wp\/v2\/media?parent=77148"}],"wp:term":[{"taxonomy":"category","embeddable":true,"href":"https:\/\/www.visit-ulcinj.com\/blog\/wp-json\/wp\/v2\/categories?post=77148"},{"taxonomy":"post_tag","embeddable":true,"href":"https:\/\/www.visit-ulcinj.com\/blog\/wp-json\/wp\/v2\/tags?post=77148"}],"curies":[{"name":"wp","href":"https:\/\/api.w.org\/{rel}","templated":true}]}}