{"id":77153,"date":"2013-12-13T19:44:59","date_gmt":"2013-12-13T18:44:59","guid":{"rendered":"http:\/\/www.visit-ulcinj.com\/blog\/?p=77153"},"modified":"2013-12-13T19:44:59","modified_gmt":"2013-12-13T18:44:59","slug":"ljiljana-duraskovic-poslednji-vapaj","status":"publish","type":"post","link":"https:\/\/www.visit-ulcinj.com\/blog\/2013\/12\/13\/ljiljana-duraskovic-poslednji-vapaj\/","title":{"rendered":"Ljiljana \u0110ura\u0161kovi\u0107: Poslednji vapaj"},"content":{"rendered":"<p><a href=\"http:\/\/www.visit-ulcinj.com\/blog\/wp-content\/uploads\/2013\/12\/Ljiljana-Djuraskovic-Ulcinj.jpg\"><img loading=\"lazy\" class=\"alignleft  wp-image-77154\" alt=\"Ljiljana Djuraskovic-Ulcinj\" src=\"http:\/\/www.visit-ulcinj.com\/blog\/wp-content\/uploads\/2013\/12\/Ljiljana-Djuraskovic-Ulcinj.jpg\" width=\"508\" height=\"360\" \/><\/a>Poslanik Demokratskog fronta iz Ulcinja Ljiljana \u0110ura\u0161kovi\u0107 podr\u017eala je zahtjeve radnika da im se isplate zaostale zarade. Ona je kazala da duboko \u017eali \u0161to radnici Centra za kulturu \u0161trajkom moraju da ostvaruju svoja Ustavom zagarantovana prava.<br \/>\n\u2013 Odnos prema zaposlenima u ovoj instituciji je realna slika odnosa na\u0161eg dru\u0161tva prema kulturi koja predstavlja cjelokupni niz materijalnih i duhovnih dobara stvaranih generacijama. Zaposleni su odavno ukazivali na lo\u0161e uslove rada i te\u0161ku materijalnu situaciju, ali niko nije reagovao. Sada su prinu\u0111eni na poslednji vapaj \u2013 \u0161trajk gla\u0111u \u2013 kazala je \u0110ura\u0161kovi\u0107eva.<\/p>\n<p><strong> Izvinjenje gra\u0111anima, posebno \u0111acima<\/strong><br \/>\nVi\u0161e gra\u0111ana i u\u010denika vratilo se ju\u010de neobavljena posla iz biblioteke. Nai\u0161li su na zaklju\u010dana vrata i natpis da je u toku generalni \u0161trajk i da Centar za kulturu, odnosno biblioteka, ne radi.<br \/>\n\u2013 Najvi\u0161e nam je \u017eao gra\u0111ana. Posebno se izvinjavamo djeci, odnosno u\u010denicima koji dolaze da posude knjige, a ne mogu to da u\u010dine \u2013 kazala je predsjednica Sindikata Ljiljana Janinovi\u0107.<\/p>\n<p><strong>Izvor: DAN<\/strong><\/p>\n","protected":false},"excerpt":{"rendered":"<p>Poslanik Demokratskog fronta iz Ulcinja Ljiljana \u0110ura\u0161kovi\u0107 podr\u017eala je zahtjeve radnika da im se isplate zaostale zarade. Ona je kazala da duboko \u017eali \u0161to radnici Centra za kulturu \u0161trajkom moraju da ostvaruju svoja Ustavom zagarantovana prava. \u2013 Odnos prema zaposlenima u ovoj instituciji je realna slika odnosa na\u0161eg dru\u0161tva prema kulturi koja predstavlja cjelokupni niz [&hellip;]<\/p>\n","protected":false},"author":1,"featured_media":0,"comment_status":"closed","ping_status":"closed","sticky":false,"template":"","format":"standard","meta":{"spay_email":"","jetpack_publicize_message":"","jetpack_is_tweetstorm":false,"jetpack_publicize_feature_enabled":true},"categories":[6950],"tags":[],"jetpack_publicize_connections":[],"yoast_head":"<!-- This site is optimized with the Yoast SEO plugin v19.1 - https:\/\/yoast.com\/wordpress\/plugins\/seo\/ -->\n<title>Ljiljana \u0110ura\u0161kovi\u0107: Poslednji vapaj - Lajme nga Ulqini<\/title>\n<meta name=\"description\" content=\"Poslanik Demokratskog fronta iz Ulcinja Ljiljana \u0110ura\u0161kovi\u0107 podr\u017eala je zahtjeve radnika da im se isplate zaostale zarade. Ona je kazala da duboko \u017eali\" \/>\n<meta name=\"robots\" content=\"index, follow, max-snippet:-1, max-image-preview:large, max-video-preview:-1\" \/>\n<link rel=\"canonical\" href=\"https:\/\/www.visit-ulcinj.com\/blog\/2013\/12\/13\/ljiljana-duraskovic-poslednji-vapaj\/\" \/>\n<meta property=\"og:locale\" content=\"en_US\" \/>\n<meta property=\"og:type\" content=\"article\" \/>\n<meta property=\"og:title\" content=\"Ljiljana \u0110ura\u0161kovi\u0107: Poslednji vapaj - Lajme nga Ulqini\" \/>\n<meta property=\"og:description\" content=\"Poslanik Demokratskog fronta iz Ulcinja Ljiljana \u0110ura\u0161kovi\u0107 podr\u017eala je zahtjeve radnika da im se isplate zaostale zarade. Ona je kazala da duboko \u017eali\" \/>\n<meta property=\"og:url\" content=\"https:\/\/www.visit-ulcinj.com\/blog\/2013\/12\/13\/ljiljana-duraskovic-poslednji-vapaj\/\" \/>\n<meta property=\"og:site_name\" content=\"Lajme nga Ulqini\" \/>\n<meta property=\"article:published_time\" content=\"2013-12-13T18:44:59+00:00\" \/>\n<meta property=\"og:image\" content=\"http:\/\/www.visit-ulcinj.com\/blog\/wp-content\/uploads\/2013\/12\/Ljiljana-Djuraskovic-Ulcinj.jpg\" \/>\n<meta name=\"twitter:label1\" content=\"Written by\" \/>\n\t<meta name=\"twitter:data1\" content=\"ulqini\" \/>\n\t<meta name=\"twitter:label2\" content=\"Est. reading time\" \/>\n\t<meta name=\"twitter:data2\" content=\"1 minute\" \/>\n<script type=\"application\/ld+json\" class=\"yoast-schema-graph\">{\"@context\":\"https:\/\/schema.org\",\"@graph\":[{\"@type\":\"WebSite\",\"@id\":\"https:\/\/www.visit-ulcinj.com\/blog\/#website\",\"url\":\"https:\/\/www.visit-ulcinj.com\/blog\/\",\"name\":\"Lajme nga Ulqini\",\"description\":\"Lajme,Vijesti,Ulqini,Ulqin,Crna Gora,Mali i Zi\",\"potentialAction\":[{\"@type\":\"SearchAction\",\"target\":{\"@type\":\"EntryPoint\",\"urlTemplate\":\"https:\/\/www.visit-ulcinj.com\/blog\/?s={search_term_string}\"},\"query-input\":\"required name=search_term_string\"}],\"inLanguage\":\"en-US\"},{\"@type\":\"ImageObject\",\"inLanguage\":\"en-US\",\"@id\":\"https:\/\/www.visit-ulcinj.com\/blog\/2013\/12\/13\/ljiljana-duraskovic-poslednji-vapaj\/#primaryimage\",\"url\":\"https:\/\/www.visit-ulcinj.com\/blog\/wp-content\/uploads\/2013\/12\/Ljiljana-Djuraskovic-Ulcinj.jpg\",\"contentUrl\":\"https:\/\/www.visit-ulcinj.com\/blog\/wp-content\/uploads\/2013\/12\/Ljiljana-Djuraskovic-Ulcinj.jpg\",\"width\":640,\"height\":480},{\"@type\":\"WebPage\",\"@id\":\"https:\/\/www.visit-ulcinj.com\/blog\/2013\/12\/13\/ljiljana-duraskovic-poslednji-vapaj\/#webpage\",\"url\":\"https:\/\/www.visit-ulcinj.com\/blog\/2013\/12\/13\/ljiljana-duraskovic-poslednji-vapaj\/\",\"name\":\"Ljiljana \u0110ura\u0161kovi\u0107: Poslednji vapaj - Lajme nga Ulqini\",\"isPartOf\":{\"@id\":\"https:\/\/www.visit-ulcinj.com\/blog\/#website\"},\"primaryImageOfPage\":{\"@id\":\"https:\/\/www.visit-ulcinj.com\/blog\/2013\/12\/13\/ljiljana-duraskovic-poslednji-vapaj\/#primaryimage\"},\"datePublished\":\"2013-12-13T18:44:59+00:00\",\"dateModified\":\"2013-12-13T18:44:59+00:00\",\"author\":{\"@id\":\"https:\/\/www.visit-ulcinj.com\/blog\/#\/schema\/person\/dcab619c614d3038751c63bc2aadc06d\"},\"description\":\"Poslanik Demokratskog fronta iz Ulcinja Ljiljana \u0110ura\u0161kovi\u0107 podr\u017eala je zahtjeve radnika da im se isplate zaostale zarade. Ona je kazala da duboko \u017eali\",\"breadcrumb\":{\"@id\":\"https:\/\/www.visit-ulcinj.com\/blog\/2013\/12\/13\/ljiljana-duraskovic-poslednji-vapaj\/#breadcrumb\"},\"inLanguage\":\"en-US\",\"potentialAction\":[{\"@type\":\"ReadAction\",\"target\":[\"https:\/\/www.visit-ulcinj.com\/blog\/2013\/12\/13\/ljiljana-duraskovic-poslednji-vapaj\/\"]}]},{\"@type\":\"BreadcrumbList\",\"@id\":\"https:\/\/www.visit-ulcinj.com\/blog\/2013\/12\/13\/ljiljana-duraskovic-poslednji-vapaj\/#breadcrumb\",\"itemListElement\":[{\"@type\":\"ListItem\",\"position\":1,\"name\":\"Ljiljana \u0110ura\u0161kovi\u0107: Poslednji vapaj\"}]},{\"@type\":\"Person\",\"@id\":\"https:\/\/www.visit-ulcinj.com\/blog\/#\/schema\/person\/dcab619c614d3038751c63bc2aadc06d\",\"name\":\"ulqini\",\"sameAs\":[\"http:\/\/www.visit-ulcinj.com\"],\"url\":\"https:\/\/www.visit-ulcinj.com\/blog\/author\/admin\/\"}]}<\/script>\n<!-- \/ Yoast SEO plugin. -->","yoast_head_json":{"title":"Ljiljana \u0110ura\u0161kovi\u0107: Poslednji vapaj - Lajme nga Ulqini","description":"Poslanik Demokratskog fronta iz Ulcinja Ljiljana \u0110ura\u0161kovi\u0107 podr\u017eala je zahtjeve radnika da im se isplate zaostale zarade. Ona je kazala da duboko \u017eali","robots":{"index":"index","follow":"follow","max-snippet":"max-snippet:-1","max-image-preview":"max-image-preview:large","max-video-preview":"max-video-preview:-1"},"canonical":"https:\/\/www.visit-ulcinj.com\/blog\/2013\/12\/13\/ljiljana-duraskovic-poslednji-vapaj\/","og_locale":"en_US","og_type":"article","og_title":"Ljiljana \u0110ura\u0161kovi\u0107: Poslednji vapaj - Lajme nga Ulqini","og_description":"Poslanik Demokratskog fronta iz Ulcinja Ljiljana \u0110ura\u0161kovi\u0107 podr\u017eala je zahtjeve radnika da im se isplate zaostale zarade. Ona je kazala da duboko \u017eali","og_url":"https:\/\/www.visit-ulcinj.com\/blog\/2013\/12\/13\/ljiljana-duraskovic-poslednji-vapaj\/","og_site_name":"Lajme nga Ulqini","article_published_time":"2013-12-13T18:44:59+00:00","og_image":[{"url":"http:\/\/www.visit-ulcinj.com\/blog\/wp-content\/uploads\/2013\/12\/Ljiljana-Djuraskovic-Ulcinj.jpg"}],"twitter_misc":{"Written by":"ulqini","Est. reading time":"1 minute"},"schema":{"@context":"https:\/\/schema.org","@graph":[{"@type":"WebSite","@id":"https:\/\/www.visit-ulcinj.com\/blog\/#website","url":"https:\/\/www.visit-ulcinj.com\/blog\/","name":"Lajme nga Ulqini","description":"Lajme,Vijesti,Ulqini,Ulqin,Crna Gora,Mali i Zi","potentialAction":[{"@type":"SearchAction","target":{"@type":"EntryPoint","urlTemplate":"https:\/\/www.visit-ulcinj.com\/blog\/?s={search_term_string}"},"query-input":"required name=search_term_string"}],"inLanguage":"en-US"},{"@type":"ImageObject","inLanguage":"en-US","@id":"https:\/\/www.visit-ulcinj.com\/blog\/2013\/12\/13\/ljiljana-duraskovic-poslednji-vapaj\/#primaryimage","url":"https:\/\/www.visit-ulcinj.com\/blog\/wp-content\/uploads\/2013\/12\/Ljiljana-Djuraskovic-Ulcinj.jpg","contentUrl":"https:\/\/www.visit-ulcinj.com\/blog\/wp-content\/uploads\/2013\/12\/Ljiljana-Djuraskovic-Ulcinj.jpg","width":640,"height":480},{"@type":"WebPage","@id":"https:\/\/www.visit-ulcinj.com\/blog\/2013\/12\/13\/ljiljana-duraskovic-poslednji-vapaj\/#webpage","url":"https:\/\/www.visit-ulcinj.com\/blog\/2013\/12\/13\/ljiljana-duraskovic-poslednji-vapaj\/","name":"Ljiljana \u0110ura\u0161kovi\u0107: Poslednji vapaj - Lajme nga Ulqini","isPartOf":{"@id":"https:\/\/www.visit-ulcinj.com\/blog\/#website"},"primaryImageOfPage":{"@id":"https:\/\/www.visit-ulcinj.com\/blog\/2013\/12\/13\/ljiljana-duraskovic-poslednji-vapaj\/#primaryimage"},"datePublished":"2013-12-13T18:44:59+00:00","dateModified":"2013-12-13T18:44:59+00:00","author":{"@id":"https:\/\/www.visit-ulcinj.com\/blog\/#\/schema\/person\/dcab619c614d3038751c63bc2aadc06d"},"description":"Poslanik Demokratskog fronta iz Ulcinja Ljiljana \u0110ura\u0161kovi\u0107 podr\u017eala je zahtjeve radnika da im se isplate zaostale zarade. Ona je kazala da duboko \u017eali","breadcrumb":{"@id":"https:\/\/www.visit-ulcinj.com\/blog\/2013\/12\/13\/ljiljana-duraskovic-poslednji-vapaj\/#breadcrumb"},"inLanguage":"en-US","potentialAction":[{"@type":"ReadAction","target":["https:\/\/www.visit-ulcinj.com\/blog\/2013\/12\/13\/ljiljana-duraskovic-poslednji-vapaj\/"]}]},{"@type":"BreadcrumbList","@id":"https:\/\/www.visit-ulcinj.com\/blog\/2013\/12\/13\/ljiljana-duraskovic-poslednji-vapaj\/#breadcrumb","itemListElement":[{"@type":"ListItem","position":1,"name":"Ljiljana \u0110ura\u0161kovi\u0107: Poslednji vapaj"}]},{"@type":"Person","@id":"https:\/\/www.visit-ulcinj.com\/blog\/#\/schema\/person\/dcab619c614d3038751c63bc2aadc06d","name":"ulqini","sameAs":["http:\/\/www.visit-ulcinj.com"],"url":"https:\/\/www.visit-ulcinj.com\/blog\/author\/admin\/"}]}},"jetpack_featured_media_url":"","jetpack_sharing_enabled":true,"jetpack_shortlink":"https:\/\/wp.me\/pe6lTn-k4p","_links":{"self":[{"href":"https:\/\/www.visit-ulcinj.com\/blog\/wp-json\/wp\/v2\/posts\/77153"}],"collection":[{"href":"https:\/\/www.visit-ulcinj.com\/blog\/wp-json\/wp\/v2\/posts"}],"about":[{"href":"https:\/\/www.visit-ulcinj.com\/blog\/wp-json\/wp\/v2\/types\/post"}],"author":[{"embeddable":true,"href":"https:\/\/www.visit-ulcinj.com\/blog\/wp-json\/wp\/v2\/users\/1"}],"replies":[{"embeddable":true,"href":"https:\/\/www.visit-ulcinj.com\/blog\/wp-json\/wp\/v2\/comments?post=77153"}],"version-history":[{"count":1,"href":"https:\/\/www.visit-ulcinj.com\/blog\/wp-json\/wp\/v2\/posts\/77153\/revisions"}],"predecessor-version":[{"id":77155,"href":"https:\/\/www.visit-ulcinj.com\/blog\/wp-json\/wp\/v2\/posts\/77153\/revisions\/77155"}],"wp:attachment":[{"href":"https:\/\/www.visit-ulcinj.com\/blog\/wp-json\/wp\/v2\/media?parent=77153"}],"wp:term":[{"taxonomy":"category","embeddable":true,"href":"https:\/\/www.visit-ulcinj.com\/blog\/wp-json\/wp\/v2\/categories?post=77153"},{"taxonomy":"post_tag","embeddable":true,"href":"https:\/\/www.visit-ulcinj.com\/blog\/wp-json\/wp\/v2\/tags?post=77153"}],"curies":[{"name":"wp","href":"https:\/\/api.w.org\/{rel}","templated":true}]}}