{"id":77156,"date":"2013-12-13T19:56:58","date_gmt":"2013-12-13T18:56:58","guid":{"rendered":"http:\/\/www.visit-ulcinj.com\/blog\/?p=77156"},"modified":"2013-12-13T20:05:26","modified_gmt":"2013-12-13T19:05:26","slug":"radnici-centra-za-kulturu-u-ulcinju-stupili-u-strajk-gladu","status":"publish","type":"post","link":"https:\/\/www.visit-ulcinj.com\/blog\/2013\/12\/13\/radnici-centra-za-kulturu-u-ulcinju-stupili-u-strajk-gladu\/","title":{"rendered":"Radnici Centra za kulturu u Ulcinju, stupili u \u0161trajk gla\u0111u"},"content":{"rendered":"<p><strong><a href=\"http:\/\/www.visit-ulcinj.com\/blog\/wp-content\/uploads\/2013\/12\/Ljiljana-Janinovic-Ulcinj.jpg\"><img loading=\"lazy\" class=\"alignleft  wp-image-77157\" alt=\"Ljiljana Janinovic Ulcinj\" src=\"http:\/\/www.visit-ulcinj.com\/blog\/wp-content\/uploads\/2013\/12\/Ljiljana-Janinovic-Ulcinj.jpg\" width=\"508\" height=\"360\" \/><\/a>Da ste\u017eemo kai\u0161 ne mo\u017eemo, jer na njemu vi\u0161e nema rupa<\/strong><\/p>\n<p>Radnici Centra za kulturu u Ulcinju, njih 26, stupili su ju\u010de u \u0161trajk gla\u0111u, jer im Op\u0161tina duguje devet plata, a ve\u0107 39 mjeseci im nijesu upla\u0107ivani doprinosi. Kao \u0161to su dan ranije i najavili, zaposleni su do 11 \u010dasova \u010dekali da li \u0107e im uplatiti \u0161est zaostalih plata \u0161to je bio uslov da se odustane od \u0161trajka. Kako do roka koji su dali Op\u0161tini da im uplati zarade nije bilo nikakvih informacija, radnici su zaklju\u010dali prostorije i odlu\u010dili da se gladovanjem bore za svoja prava, i to je prvi put u istoriji Ulcinja da su se zaposleni u nekoj instituciji ili preduze\u0107u odlu\u010dili na ovako radikalan korak.<br \/>\n\u2013 Nije nam preostalo ni\u0161ta drugo nego da ovim postupkom poku\u0161amo da ostvarimo na\u0161a prava. Poku\u0161ali smo sve. Pisali smo predsjednicima Op\u0161tine i Skup\u0161tine, sekretarima, sindikatu&#8230; Najavili smo i organizovali \u0161trajk upozorenja, ali sve to nije dalo nikakve rezultate. Jednostavno, mi ne mo\u017eemo ovako dalje. S obzirom na to da je Op\u0161tina bud\u017eetom predvidjela 180 hiljada eura Centru za kulturu, a upla\u0107eno je oko 100 hiljada, pitamo gdje je ostatak novca jer smo dobijali samo neto platu ili polovinu tih para. Mjese\u010dne obaveze samo za plate i doprinose iznose oko 20 hiljada eura, pa iako imamo sopstvene prihode to nije dovoljno. Na\u0161i i \u017eivoti na\u0161ih porodica pre\u010di su od predizborne kamanje i slu\u017ebenih putovanja po svijetu \u2013 kazala je predsjednica Sindikata Centra za kulturu Ljiljana Janinovi\u0107 i naglasila da su radnici odlu\u010dni i da \u0107e istrajati u zahtjevima.<br \/>\nRadnici su ogor\u010deni i \u0161to nemaju isti tretman kao i ostali bud\u017eetski korisnici.<br \/>\n\u2013 Njima se ne duguje ovoliko plata. Oni primaju, a mi ne. Za\u0161to se nijednom nijesu odrekli uplate u na\u0161u korist. I mi imamo porodice, \u0111ake i studenete, kredite&#8230; Zbog \u010dega nijesmo jednako tretirani iako smo na bud\u017eetu. Ta\u010dno je da imamo prihode, ali su oni nedovoljni da izmirujemo zarade. \u010clanarine u biblioteci su pet eura, a ulaznica u Muzej ko\u0161ta euro. I od zakupnina nemamo dovoljno sredstava, a koristimo ih da bismo pokrili tro\u0161kove. Bez pomo\u0107i Op\u0161tine ne mo\u017eemo opstati. Da ste\u017eemo kai\u0161 ne mo\u017eemo, jer na njemu vi\u0161e nema rupa \u2013 poru\u010dili su ogor\u010deni radnici.<br \/>\n<a href=\"http:\/\/www.visit-ulcinj.com\/blog\/wp-content\/uploads\/2013\/12\/selim-resulbegovic.jpg\"><img loading=\"lazy\" class=\"alignleft  wp-image-77159\" alt=\"selim resulbegovic\" src=\"http:\/\/www.visit-ulcinj.com\/blog\/wp-content\/uploads\/2013\/12\/selim-resulbegovic.jpg\" width=\"508\" height=\"360\" \/><\/a><br \/>\nPodr\u0161ku zaposlenima pru\u017eili su potpredsjednik op\u0161tine i predsjednik OO SDP-a Selim Resulbegovi\u0107 i doskora\u0161nji odbornik te partije u lokalnom parlamentu Skender Elezagi\u0107. Resulbegovi\u0107 je izrazio \u017ealjenje zbog situacije u kojoj su se na\u0161li zaposleni. Prema njegovim rije\u010dima, do \u0161trajka gla\u0111u ne bi ni do\u0161lo da nijesu propu\u0161tene brojne \u0161anse za punjenje bud\u017eeta Op\u0161tine.<br \/>\n\u2013 Moglo je biti dovoljno novca da i vi i sve javne ustanove budu podmirene i \u0161to se ti\u010de plata i doprinosa. Za ove dvije godine propustili smo da u bud\u017eet prihodujemo najmanje \u0161est miliona eura. Krivac \u0161to to nije tako je predsjednik op\u0161tine Nazif Cungu, koji savjete koalicionih partnera nije htio da sprovede u djelo. Da je bilo druga\u010dije, u ovim kriznim godinama ne bi imali potrebe za sanacionim planom. Mi smo ga za to prozvali, stavku po stavku, i to nije ni\u0161ta novo. Na\u017ealost, jedna od posledica takvog pona\u0161anja je i ova situacija. Sramno je \u0161to nam je kultura na marginama, a radnici se \u0161trajkom gla\u0111u bore za svoje zara\u0111ene plate \u2013 podvukao je Resulbegovi\u0107.<br \/>\nU znak solidarnosti sa kolegama u Ulcinju, ju\u010de su sve institucije kulture \u0161irom Crne Gore na pola sata obustavile rad.<br \/>\n<strong> M.Kne\u017eevi\u0107<\/strong><br \/>\n<strong>Izvor: DAN<\/strong><\/p>\n","protected":false},"excerpt":{"rendered":"<p>Da ste\u017eemo kai\u0161 ne mo\u017eemo, jer na njemu vi\u0161e nema rupa Radnici Centra za kulturu u Ulcinju, njih 26, stupili su ju\u010de u \u0161trajk gla\u0111u, jer im Op\u0161tina duguje devet plata, a ve\u0107 39 mjeseci im nijesu upla\u0107ivani doprinosi. Kao \u0161to su dan ranije i najavili, zaposleni su do 11 \u010dasova \u010dekali da li \u0107e [&hellip;]<\/p>\n","protected":false},"author":1,"featured_media":0,"comment_status":"closed","ping_status":"closed","sticky":false,"template":"","format":"standard","meta":{"spay_email":"","jetpack_publicize_message":"","jetpack_is_tweetstorm":false,"jetpack_publicize_feature_enabled":true},"categories":[8337],"tags":[],"jetpack_publicize_connections":[],"yoast_head":"<!-- This site is optimized with the Yoast SEO plugin v19.1 - https:\/\/yoast.com\/wordpress\/plugins\/seo\/ -->\n<title>Radnici Centra za kulturu u Ulcinju, stupili u \u0161trajk gla\u0111u - Lajme nga Ulqini<\/title>\n<meta name=\"description\" content=\"Da ste\u017eemo kai\u0161 ne mo\u017eemo, jer na njemu vi\u0161e nema rupa Radnici Centra za kulturu u Ulcinju, njih 26, stupili su ju\u010de u \u0161trajk gla\u0111u, jer im Op\u0161tina duguje\" \/>\n<meta name=\"robots\" content=\"index, follow, max-snippet:-1, max-image-preview:large, max-video-preview:-1\" \/>\n<link rel=\"canonical\" href=\"https:\/\/www.visit-ulcinj.com\/blog\/2013\/12\/13\/radnici-centra-za-kulturu-u-ulcinju-stupili-u-strajk-gladu\/\" \/>\n<meta property=\"og:locale\" content=\"en_US\" \/>\n<meta property=\"og:type\" content=\"article\" \/>\n<meta property=\"og:title\" content=\"Radnici Centra za kulturu u Ulcinju, stupili u \u0161trajk gla\u0111u - Lajme nga Ulqini\" \/>\n<meta property=\"og:description\" content=\"Da ste\u017eemo kai\u0161 ne mo\u017eemo, jer na njemu vi\u0161e nema rupa Radnici Centra za kulturu u Ulcinju, njih 26, stupili su ju\u010de u \u0161trajk gla\u0111u, jer im Op\u0161tina duguje\" \/>\n<meta property=\"og:url\" content=\"https:\/\/www.visit-ulcinj.com\/blog\/2013\/12\/13\/radnici-centra-za-kulturu-u-ulcinju-stupili-u-strajk-gladu\/\" \/>\n<meta property=\"og:site_name\" content=\"Lajme nga Ulqini\" \/>\n<meta property=\"article:published_time\" content=\"2013-12-13T18:56:58+00:00\" \/>\n<meta property=\"article:modified_time\" content=\"2013-12-13T19:05:26+00:00\" \/>\n<meta property=\"og:image\" content=\"http:\/\/www.visit-ulcinj.com\/blog\/wp-content\/uploads\/2013\/12\/Ljiljana-Janinovic-Ulcinj.jpg\" \/>\n<meta name=\"twitter:label1\" content=\"Written by\" \/>\n\t<meta name=\"twitter:data1\" content=\"ulqini\" \/>\n\t<meta name=\"twitter:label2\" content=\"Est. reading time\" \/>\n\t<meta name=\"twitter:data2\" content=\"3 minutes\" \/>\n<script type=\"application\/ld+json\" class=\"yoast-schema-graph\">{\"@context\":\"https:\/\/schema.org\",\"@graph\":[{\"@type\":\"WebSite\",\"@id\":\"https:\/\/www.visit-ulcinj.com\/blog\/#website\",\"url\":\"https:\/\/www.visit-ulcinj.com\/blog\/\",\"name\":\"Lajme nga Ulqini\",\"description\":\"Lajme,Vijesti,Ulqini,Ulqin,Crna Gora,Mali i Zi\",\"potentialAction\":[{\"@type\":\"SearchAction\",\"target\":{\"@type\":\"EntryPoint\",\"urlTemplate\":\"https:\/\/www.visit-ulcinj.com\/blog\/?s={search_term_string}\"},\"query-input\":\"required name=search_term_string\"}],\"inLanguage\":\"en-US\"},{\"@type\":\"ImageObject\",\"inLanguage\":\"en-US\",\"@id\":\"https:\/\/www.visit-ulcinj.com\/blog\/2013\/12\/13\/radnici-centra-za-kulturu-u-ulcinju-stupili-u-strajk-gladu\/#primaryimage\",\"url\":\"https:\/\/www.visit-ulcinj.com\/blog\/wp-content\/uploads\/2013\/12\/Ljiljana-Janinovic-Ulcinj.jpg\",\"contentUrl\":\"https:\/\/www.visit-ulcinj.com\/blog\/wp-content\/uploads\/2013\/12\/Ljiljana-Janinovic-Ulcinj.jpg\",\"width\":717,\"height\":592},{\"@type\":\"WebPage\",\"@id\":\"https:\/\/www.visit-ulcinj.com\/blog\/2013\/12\/13\/radnici-centra-za-kulturu-u-ulcinju-stupili-u-strajk-gladu\/#webpage\",\"url\":\"https:\/\/www.visit-ulcinj.com\/blog\/2013\/12\/13\/radnici-centra-za-kulturu-u-ulcinju-stupili-u-strajk-gladu\/\",\"name\":\"Radnici Centra za kulturu u Ulcinju, stupili u \u0161trajk gla\u0111u - Lajme nga Ulqini\",\"isPartOf\":{\"@id\":\"https:\/\/www.visit-ulcinj.com\/blog\/#website\"},\"primaryImageOfPage\":{\"@id\":\"https:\/\/www.visit-ulcinj.com\/blog\/2013\/12\/13\/radnici-centra-za-kulturu-u-ulcinju-stupili-u-strajk-gladu\/#primaryimage\"},\"datePublished\":\"2013-12-13T18:56:58+00:00\",\"dateModified\":\"2013-12-13T19:05:26+00:00\",\"author\":{\"@id\":\"https:\/\/www.visit-ulcinj.com\/blog\/#\/schema\/person\/dcab619c614d3038751c63bc2aadc06d\"},\"description\":\"Da ste\u017eemo kai\u0161 ne mo\u017eemo, jer na njemu vi\u0161e nema rupa Radnici Centra za kulturu u Ulcinju, njih 26, stupili su ju\u010de u \u0161trajk gla\u0111u, jer im Op\u0161tina duguje\",\"breadcrumb\":{\"@id\":\"https:\/\/www.visit-ulcinj.com\/blog\/2013\/12\/13\/radnici-centra-za-kulturu-u-ulcinju-stupili-u-strajk-gladu\/#breadcrumb\"},\"inLanguage\":\"en-US\",\"potentialAction\":[{\"@type\":\"ReadAction\",\"target\":[\"https:\/\/www.visit-ulcinj.com\/blog\/2013\/12\/13\/radnici-centra-za-kulturu-u-ulcinju-stupili-u-strajk-gladu\/\"]}]},{\"@type\":\"BreadcrumbList\",\"@id\":\"https:\/\/www.visit-ulcinj.com\/blog\/2013\/12\/13\/radnici-centra-za-kulturu-u-ulcinju-stupili-u-strajk-gladu\/#breadcrumb\",\"itemListElement\":[{\"@type\":\"ListItem\",\"position\":1,\"name\":\"Radnici Centra za kulturu u Ulcinju, stupili u \u0161trajk gla\u0111u\"}]},{\"@type\":\"Person\",\"@id\":\"https:\/\/www.visit-ulcinj.com\/blog\/#\/schema\/person\/dcab619c614d3038751c63bc2aadc06d\",\"name\":\"ulqini\",\"sameAs\":[\"http:\/\/www.visit-ulcinj.com\"],\"url\":\"https:\/\/www.visit-ulcinj.com\/blog\/author\/admin\/\"}]}<\/script>\n<!-- \/ Yoast SEO plugin. -->","yoast_head_json":{"title":"Radnici Centra za kulturu u Ulcinju, stupili u \u0161trajk gla\u0111u - Lajme nga Ulqini","description":"Da ste\u017eemo kai\u0161 ne mo\u017eemo, jer na njemu vi\u0161e nema rupa Radnici Centra za kulturu u Ulcinju, njih 26, stupili su ju\u010de u \u0161trajk gla\u0111u, jer im Op\u0161tina duguje","robots":{"index":"index","follow":"follow","max-snippet":"max-snippet:-1","max-image-preview":"max-image-preview:large","max-video-preview":"max-video-preview:-1"},"canonical":"https:\/\/www.visit-ulcinj.com\/blog\/2013\/12\/13\/radnici-centra-za-kulturu-u-ulcinju-stupili-u-strajk-gladu\/","og_locale":"en_US","og_type":"article","og_title":"Radnici Centra za kulturu u Ulcinju, stupili u \u0161trajk gla\u0111u - Lajme nga Ulqini","og_description":"Da ste\u017eemo kai\u0161 ne mo\u017eemo, jer na njemu vi\u0161e nema rupa Radnici Centra za kulturu u Ulcinju, njih 26, stupili su ju\u010de u \u0161trajk gla\u0111u, jer im Op\u0161tina duguje","og_url":"https:\/\/www.visit-ulcinj.com\/blog\/2013\/12\/13\/radnici-centra-za-kulturu-u-ulcinju-stupili-u-strajk-gladu\/","og_site_name":"Lajme nga Ulqini","article_published_time":"2013-12-13T18:56:58+00:00","article_modified_time":"2013-12-13T19:05:26+00:00","og_image":[{"url":"http:\/\/www.visit-ulcinj.com\/blog\/wp-content\/uploads\/2013\/12\/Ljiljana-Janinovic-Ulcinj.jpg"}],"twitter_misc":{"Written by":"ulqini","Est. reading time":"3 minutes"},"schema":{"@context":"https:\/\/schema.org","@graph":[{"@type":"WebSite","@id":"https:\/\/www.visit-ulcinj.com\/blog\/#website","url":"https:\/\/www.visit-ulcinj.com\/blog\/","name":"Lajme nga Ulqini","description":"Lajme,Vijesti,Ulqini,Ulqin,Crna Gora,Mali i Zi","potentialAction":[{"@type":"SearchAction","target":{"@type":"EntryPoint","urlTemplate":"https:\/\/www.visit-ulcinj.com\/blog\/?s={search_term_string}"},"query-input":"required name=search_term_string"}],"inLanguage":"en-US"},{"@type":"ImageObject","inLanguage":"en-US","@id":"https:\/\/www.visit-ulcinj.com\/blog\/2013\/12\/13\/radnici-centra-za-kulturu-u-ulcinju-stupili-u-strajk-gladu\/#primaryimage","url":"https:\/\/www.visit-ulcinj.com\/blog\/wp-content\/uploads\/2013\/12\/Ljiljana-Janinovic-Ulcinj.jpg","contentUrl":"https:\/\/www.visit-ulcinj.com\/blog\/wp-content\/uploads\/2013\/12\/Ljiljana-Janinovic-Ulcinj.jpg","width":717,"height":592},{"@type":"WebPage","@id":"https:\/\/www.visit-ulcinj.com\/blog\/2013\/12\/13\/radnici-centra-za-kulturu-u-ulcinju-stupili-u-strajk-gladu\/#webpage","url":"https:\/\/www.visit-ulcinj.com\/blog\/2013\/12\/13\/radnici-centra-za-kulturu-u-ulcinju-stupili-u-strajk-gladu\/","name":"Radnici Centra za kulturu u Ulcinju, stupili u \u0161trajk gla\u0111u - Lajme nga Ulqini","isPartOf":{"@id":"https:\/\/www.visit-ulcinj.com\/blog\/#website"},"primaryImageOfPage":{"@id":"https:\/\/www.visit-ulcinj.com\/blog\/2013\/12\/13\/radnici-centra-za-kulturu-u-ulcinju-stupili-u-strajk-gladu\/#primaryimage"},"datePublished":"2013-12-13T18:56:58+00:00","dateModified":"2013-12-13T19:05:26+00:00","author":{"@id":"https:\/\/www.visit-ulcinj.com\/blog\/#\/schema\/person\/dcab619c614d3038751c63bc2aadc06d"},"description":"Da ste\u017eemo kai\u0161 ne mo\u017eemo, jer na njemu vi\u0161e nema rupa Radnici Centra za kulturu u Ulcinju, njih 26, stupili su ju\u010de u \u0161trajk gla\u0111u, jer im Op\u0161tina duguje","breadcrumb":{"@id":"https:\/\/www.visit-ulcinj.com\/blog\/2013\/12\/13\/radnici-centra-za-kulturu-u-ulcinju-stupili-u-strajk-gladu\/#breadcrumb"},"inLanguage":"en-US","potentialAction":[{"@type":"ReadAction","target":["https:\/\/www.visit-ulcinj.com\/blog\/2013\/12\/13\/radnici-centra-za-kulturu-u-ulcinju-stupili-u-strajk-gladu\/"]}]},{"@type":"BreadcrumbList","@id":"https:\/\/www.visit-ulcinj.com\/blog\/2013\/12\/13\/radnici-centra-za-kulturu-u-ulcinju-stupili-u-strajk-gladu\/#breadcrumb","itemListElement":[{"@type":"ListItem","position":1,"name":"Radnici Centra za kulturu u Ulcinju, stupili u \u0161trajk gla\u0111u"}]},{"@type":"Person","@id":"https:\/\/www.visit-ulcinj.com\/blog\/#\/schema\/person\/dcab619c614d3038751c63bc2aadc06d","name":"ulqini","sameAs":["http:\/\/www.visit-ulcinj.com"],"url":"https:\/\/www.visit-ulcinj.com\/blog\/author\/admin\/"}]}},"jetpack_featured_media_url":"","jetpack_sharing_enabled":true,"jetpack_shortlink":"https:\/\/wp.me\/pe6lTn-k4s","_links":{"self":[{"href":"https:\/\/www.visit-ulcinj.com\/blog\/wp-json\/wp\/v2\/posts\/77156"}],"collection":[{"href":"https:\/\/www.visit-ulcinj.com\/blog\/wp-json\/wp\/v2\/posts"}],"about":[{"href":"https:\/\/www.visit-ulcinj.com\/blog\/wp-json\/wp\/v2\/types\/post"}],"author":[{"embeddable":true,"href":"https:\/\/www.visit-ulcinj.com\/blog\/wp-json\/wp\/v2\/users\/1"}],"replies":[{"embeddable":true,"href":"https:\/\/www.visit-ulcinj.com\/blog\/wp-json\/wp\/v2\/comments?post=77156"}],"version-history":[{"count":2,"href":"https:\/\/www.visit-ulcinj.com\/blog\/wp-json\/wp\/v2\/posts\/77156\/revisions"}],"predecessor-version":[{"id":77160,"href":"https:\/\/www.visit-ulcinj.com\/blog\/wp-json\/wp\/v2\/posts\/77156\/revisions\/77160"}],"wp:attachment":[{"href":"https:\/\/www.visit-ulcinj.com\/blog\/wp-json\/wp\/v2\/media?parent=77156"}],"wp:term":[{"taxonomy":"category","embeddable":true,"href":"https:\/\/www.visit-ulcinj.com\/blog\/wp-json\/wp\/v2\/categories?post=77156"},{"taxonomy":"post_tag","embeddable":true,"href":"https:\/\/www.visit-ulcinj.com\/blog\/wp-json\/wp\/v2\/tags?post=77156"}],"curies":[{"name":"wp","href":"https:\/\/api.w.org\/{rel}","templated":true}]}}