{"id":77161,"date":"2013-12-13T20:27:06","date_gmt":"2013-12-13T19:27:06","guid":{"rendered":"http:\/\/www.visit-ulcinj.com\/blog\/?p=77161"},"modified":"2013-12-16T18:46:20","modified_gmt":"2013-12-16T17:46:20","slug":"memoriam-nail-kapllanoviq","status":"publish","type":"post","link":"https:\/\/www.visit-ulcinj.com\/blog\/2013\/12\/13\/memoriam-nail-kapllanoviq\/","title":{"rendered":"In Memoriam Nail Kapllanoviq"},"content":{"rendered":"<p><a href=\"http:\/\/www.visit-ulcinj.com\/blog\/wp-content\/uploads\/2013\/12\/Nail-Kapllanoviq-Ulqin.jpg\"><img loading=\"lazy\" class=\"alignleft  wp-image-77162\" alt=\"Nail-Kapllanoviq-Ulqin\" src=\"http:\/\/www.visit-ulcinj.com\/blog\/wp-content\/uploads\/2013\/12\/Nail-Kapllanoviq-Ulqin.jpg\" width=\"508\" height=\"360\" \/><\/a>Njoftojme te gjithe lexuesit qe m\u00eb 08.12.2013,\u00a0 n\u00eb mosh\u00ebn 52 vje\u00e7are u nda nga jeta \u00a0dhe vdes , Nail Kapllanoviqi nga Ulqini.<\/p>\n<p>Vdekja e parakohshme e\u00a0\u00a0Nail Kapllanoviqiit \u00ebsht\u00eb nj\u00eb humbje e madhe p\u00ebr familjen sidomos p\u00ebr djalin e tij\u00eb 16 vje\u00e7ar\u00eb Fredi Kapllanoviq, p\u00ebr shok\u00ebt e miqt\u00eb e tij t\u00eb shumt\u00eb q\u00eb i ka n\u00eb Ulqin por edhe n\u00eb mbar\u00eb bot\u00ebn.<br \/>\nNaili u nda prej nesh, por kujtimi i tij do t\u00eb mbetet i gdhendur n\u00eb mendjen e t\u00eb gjith\u00eb atyre q\u00eb e kan\u00eb njohur, ai do t\u00eb mbetet tek mendjet e zemrat e jona.<\/p>\n<p>Te pikelluarit: Djali Fredi Kapllanoviq, v\u00ebllaj Shyquri\u00a0<em>\u00c7<\/em>ylo Kapllani dhe mbare farefisi.<br \/>\nStafi i Lajmeve nga Ulqini dergon ngushllimet e sinqerta familjes\u00a0 Kapllani nga Ulqini.<\/p>\n\n\t\t<style type=\"text\/css\">\n\t\t\t#gallery-1 {\n\t\t\t\tmargin: auto;\n\t\t\t}\n\t\t\t#gallery-1 .gallery-item {\n\t\t\t\tfloat: left;\n\t\t\t\tmargin-top: 10px;\n\t\t\t\ttext-align: center;\n\t\t\t\twidth: 33%;\n\t\t\t}\n\t\t\t#gallery-1 img {\n\t\t\t\tborder: 2px solid #cfcfcf;\n\t\t\t}\n\t\t\t#gallery-1 .gallery-caption {\n\t\t\t\tmargin-left: 0;\n\t\t\t}\n\t\t\t\/* see gallery_shortcode() in wp-includes\/media.php *\/\n\t\t<\/style>\n\t\t<div id='gallery-1' class='gallery galleryid-77161 gallery-columns-3 gallery-size-thumbnail'><dl class='gallery-item'>\n\t\t\t<dt class='gallery-icon landscape'>\n\t\t\t\t<a href='https:\/\/www.visit-ulcinj.com\/blog\/2013\/12\/13\/memoriam-nail-kapllanoviq\/nail-kapllanoviq-ulqin-1\/'><img width=\"150\" height=\"150\" src=\"https:\/\/www.visit-ulcinj.com\/blog\/wp-content\/uploads\/2013\/12\/Nail-Kapllanoviq-Ulqin-1-150x150.jpg\" class=\"attachment-thumbnail size-thumbnail\" alt=\"\" loading=\"lazy\" srcset=\"https:\/\/www.visit-ulcinj.com\/blog\/wp-content\/uploads\/2013\/12\/Nail-Kapllanoviq-Ulqin-1-150x150.jpg 150w, https:\/\/www.visit-ulcinj.com\/blog\/wp-content\/uploads\/2013\/12\/Nail-Kapllanoviq-Ulqin-1-300x300.jpg 300w, https:\/\/www.visit-ulcinj.com\/blog\/wp-content\/uploads\/2013\/12\/Nail-Kapllanoviq-Ulqin-1.jpg 960w\" sizes=\"(max-width: 150px) 100vw, 150px\" \/><\/a>\n\t\t\t<\/dt><\/dl><dl class='gallery-item'>\n\t\t\t<dt class='gallery-icon portrait'>\n\t\t\t\t<a href='https:\/\/www.visit-ulcinj.com\/blog\/2013\/12\/13\/memoriam-nail-kapllanoviq\/nail-kapllanoviq-ulqin-2\/'><img width=\"150\" height=\"150\" src=\"https:\/\/www.visit-ulcinj.com\/blog\/wp-content\/uploads\/2013\/12\/Nail-Kapllanoviq-Ulqin-2-150x150.jpg\" class=\"attachment-thumbnail size-thumbnail\" alt=\"\" loading=\"lazy\" \/><\/a>\n\t\t\t<\/dt><\/dl><dl class='gallery-item'>\n\t\t\t<dt class='gallery-icon portrait'>\n\t\t\t\t<a href='https:\/\/www.visit-ulcinj.com\/blog\/2013\/12\/13\/memoriam-nail-kapllanoviq\/nail-kapllanoviq-djali-fredi-kapllanoviq-ulqin\/'><img width=\"150\" height=\"150\" src=\"https:\/\/www.visit-ulcinj.com\/blog\/wp-content\/uploads\/2013\/12\/Nail-Kapllanoviq-djali-Fredi-Kapllanoviq-Ulqin-150x150.jpg\" class=\"attachment-thumbnail size-thumbnail\" alt=\"\" loading=\"lazy\" \/><\/a>\n\t\t\t<\/dt><\/dl><br style=\"clear: both\" \/>\n\t\t<\/div>\n\n","protected":false},"excerpt":{"rendered":"<p>Njoftojme te gjithe lexuesit qe m\u00eb 08.12.2013,\u00a0 n\u00eb mosh\u00ebn 52 vje\u00e7are u nda nga jeta \u00a0dhe vdes , Nail Kapllanoviqi nga Ulqini. Vdekja e parakohshme e\u00a0\u00a0Nail Kapllanoviqiit \u00ebsht\u00eb nj\u00eb humbje e madhe p\u00ebr familjen sidomos p\u00ebr djalin e tij\u00eb 16 vje\u00e7ar\u00eb Fredi Kapllanoviq, p\u00ebr shok\u00ebt e miqt\u00eb e tij t\u00eb shumt\u00eb q\u00eb i ka n\u00eb [&hellip;]<\/p>\n","protected":false},"author":1,"featured_media":0,"comment_status":"closed","ping_status":"closed","sticky":false,"template":"","format":"standard","meta":{"spay_email":"","jetpack_publicize_message":"","jetpack_is_tweetstorm":false,"jetpack_publicize_feature_enabled":true},"categories":[5,1],"tags":[],"jetpack_publicize_connections":[],"yoast_head":"<!-- This site is optimized with the Yoast SEO plugin v19.1 - https:\/\/yoast.com\/wordpress\/plugins\/seo\/ -->\n<title>In Memoriam Nail Kapllanoviq - Lajme nga Ulqini<\/title>\n<meta name=\"description\" content=\"Njoftojme te gjithe lexuesit qe m\u00eb 08.12.2013,\u00a0 n\u00eb mosh\u00ebn 52 vje\u00e7are u nda nga jeta \u00a0dhe vdes , Nail Kapllanoviqi nga Ulqini. Vdekja e parakohshme e\u00a0\u00a0Nail\" \/>\n<meta name=\"robots\" content=\"index, follow, max-snippet:-1, max-image-preview:large, max-video-preview:-1\" \/>\n<link rel=\"canonical\" href=\"https:\/\/www.visit-ulcinj.com\/blog\/2013\/12\/13\/memoriam-nail-kapllanoviq\/\" \/>\n<meta property=\"og:locale\" content=\"en_US\" \/>\n<meta property=\"og:type\" content=\"article\" \/>\n<meta property=\"og:title\" content=\"In Memoriam Nail Kapllanoviq - Lajme nga Ulqini\" \/>\n<meta property=\"og:description\" content=\"Njoftojme te gjithe lexuesit qe m\u00eb 08.12.2013,\u00a0 n\u00eb mosh\u00ebn 52 vje\u00e7are u nda nga jeta \u00a0dhe vdes , Nail Kapllanoviqi nga Ulqini. Vdekja e parakohshme e\u00a0\u00a0Nail\" \/>\n<meta property=\"og:url\" content=\"https:\/\/www.visit-ulcinj.com\/blog\/2013\/12\/13\/memoriam-nail-kapllanoviq\/\" \/>\n<meta property=\"og:site_name\" content=\"Lajme nga Ulqini\" \/>\n<meta property=\"article:published_time\" content=\"2013-12-13T19:27:06+00:00\" \/>\n<meta property=\"article:modified_time\" content=\"2013-12-16T17:46:20+00:00\" \/>\n<meta property=\"og:image\" content=\"https:\/\/www.visit-ulcinj.com\/blog\/wp-content\/uploads\/2013\/12\/Nail-Kapllanoviq-Ulqin-1-150x150.jpg\" \/>\n<meta name=\"twitter:label1\" content=\"Written by\" \/>\n\t<meta name=\"twitter:data1\" content=\"ulqini\" \/>\n\t<meta name=\"twitter:label2\" content=\"Est. reading time\" \/>\n\t<meta name=\"twitter:data2\" content=\"1 minute\" \/>\n<script type=\"application\/ld+json\" class=\"yoast-schema-graph\">{\"@context\":\"https:\/\/schema.org\",\"@graph\":[{\"@type\":\"WebSite\",\"@id\":\"https:\/\/www.visit-ulcinj.com\/blog\/#website\",\"url\":\"https:\/\/www.visit-ulcinj.com\/blog\/\",\"name\":\"Lajme nga Ulqini\",\"description\":\"Lajme,Vijesti,Ulqini,Ulqin,Crna Gora,Mali i Zi\",\"potentialAction\":[{\"@type\":\"SearchAction\",\"target\":{\"@type\":\"EntryPoint\",\"urlTemplate\":\"https:\/\/www.visit-ulcinj.com\/blog\/?s={search_term_string}\"},\"query-input\":\"required name=search_term_string\"}],\"inLanguage\":\"en-US\"},{\"@type\":\"ImageObject\",\"inLanguage\":\"en-US\",\"@id\":\"https:\/\/www.visit-ulcinj.com\/blog\/2013\/12\/13\/memoriam-nail-kapllanoviq\/#primaryimage\",\"url\":\"https:\/\/www.visit-ulcinj.com\/blog\/wp-content\/uploads\/2013\/12\/Nail-Kapllanoviq-Ulqin.jpg\",\"contentUrl\":\"https:\/\/www.visit-ulcinj.com\/blog\/wp-content\/uploads\/2013\/12\/Nail-Kapllanoviq-Ulqin.jpg\",\"width\":576,\"height\":485},{\"@type\":\"WebPage\",\"@id\":\"https:\/\/www.visit-ulcinj.com\/blog\/2013\/12\/13\/memoriam-nail-kapllanoviq\/#webpage\",\"url\":\"https:\/\/www.visit-ulcinj.com\/blog\/2013\/12\/13\/memoriam-nail-kapllanoviq\/\",\"name\":\"In Memoriam Nail Kapllanoviq - Lajme nga Ulqini\",\"isPartOf\":{\"@id\":\"https:\/\/www.visit-ulcinj.com\/blog\/#website\"},\"primaryImageOfPage\":{\"@id\":\"https:\/\/www.visit-ulcinj.com\/blog\/2013\/12\/13\/memoriam-nail-kapllanoviq\/#primaryimage\"},\"datePublished\":\"2013-12-13T19:27:06+00:00\",\"dateModified\":\"2013-12-16T17:46:20+00:00\",\"author\":{\"@id\":\"https:\/\/www.visit-ulcinj.com\/blog\/#\/schema\/person\/dcab619c614d3038751c63bc2aadc06d\"},\"description\":\"Njoftojme te gjithe lexuesit qe m\u00eb 08.12.2013,\u00a0 n\u00eb mosh\u00ebn 52 vje\u00e7are u nda nga jeta \u00a0dhe vdes , Nail Kapllanoviqi nga Ulqini. Vdekja e parakohshme e\u00a0\u00a0Nail\",\"breadcrumb\":{\"@id\":\"https:\/\/www.visit-ulcinj.com\/blog\/2013\/12\/13\/memoriam-nail-kapllanoviq\/#breadcrumb\"},\"inLanguage\":\"en-US\",\"potentialAction\":[{\"@type\":\"ReadAction\",\"target\":[\"https:\/\/www.visit-ulcinj.com\/blog\/2013\/12\/13\/memoriam-nail-kapllanoviq\/\"]}]},{\"@type\":\"BreadcrumbList\",\"@id\":\"https:\/\/www.visit-ulcinj.com\/blog\/2013\/12\/13\/memoriam-nail-kapllanoviq\/#breadcrumb\",\"itemListElement\":[{\"@type\":\"ListItem\",\"position\":1,\"name\":\"In Memoriam Nail Kapllanoviq\"}]},{\"@type\":\"Person\",\"@id\":\"https:\/\/www.visit-ulcinj.com\/blog\/#\/schema\/person\/dcab619c614d3038751c63bc2aadc06d\",\"name\":\"ulqini\",\"sameAs\":[\"http:\/\/www.visit-ulcinj.com\"],\"url\":\"https:\/\/www.visit-ulcinj.com\/blog\/author\/admin\/\"}]}<\/script>\n<!-- \/ Yoast SEO plugin. -->","yoast_head_json":{"title":"In Memoriam Nail Kapllanoviq - Lajme nga Ulqini","description":"Njoftojme te gjithe lexuesit qe m\u00eb 08.12.2013,\u00a0 n\u00eb mosh\u00ebn 52 vje\u00e7are u nda nga jeta \u00a0dhe vdes , Nail Kapllanoviqi nga Ulqini. Vdekja e parakohshme e\u00a0\u00a0Nail","robots":{"index":"index","follow":"follow","max-snippet":"max-snippet:-1","max-image-preview":"max-image-preview:large","max-video-preview":"max-video-preview:-1"},"canonical":"https:\/\/www.visit-ulcinj.com\/blog\/2013\/12\/13\/memoriam-nail-kapllanoviq\/","og_locale":"en_US","og_type":"article","og_title":"In Memoriam Nail Kapllanoviq - Lajme nga Ulqini","og_description":"Njoftojme te gjithe lexuesit qe m\u00eb 08.12.2013,\u00a0 n\u00eb mosh\u00ebn 52 vje\u00e7are u nda nga jeta \u00a0dhe vdes , Nail Kapllanoviqi nga Ulqini. Vdekja e parakohshme e\u00a0\u00a0Nail","og_url":"https:\/\/www.visit-ulcinj.com\/blog\/2013\/12\/13\/memoriam-nail-kapllanoviq\/","og_site_name":"Lajme nga Ulqini","article_published_time":"2013-12-13T19:27:06+00:00","article_modified_time":"2013-12-16T17:46:20+00:00","og_image":[{"url":"https:\/\/www.visit-ulcinj.com\/blog\/wp-content\/uploads\/2013\/12\/Nail-Kapllanoviq-Ulqin-1-150x150.jpg"}],"twitter_misc":{"Written by":"ulqini","Est. reading time":"1 minute"},"schema":{"@context":"https:\/\/schema.org","@graph":[{"@type":"WebSite","@id":"https:\/\/www.visit-ulcinj.com\/blog\/#website","url":"https:\/\/www.visit-ulcinj.com\/blog\/","name":"Lajme nga Ulqini","description":"Lajme,Vijesti,Ulqini,Ulqin,Crna Gora,Mali i Zi","potentialAction":[{"@type":"SearchAction","target":{"@type":"EntryPoint","urlTemplate":"https:\/\/www.visit-ulcinj.com\/blog\/?s={search_term_string}"},"query-input":"required name=search_term_string"}],"inLanguage":"en-US"},{"@type":"ImageObject","inLanguage":"en-US","@id":"https:\/\/www.visit-ulcinj.com\/blog\/2013\/12\/13\/memoriam-nail-kapllanoviq\/#primaryimage","url":"https:\/\/www.visit-ulcinj.com\/blog\/wp-content\/uploads\/2013\/12\/Nail-Kapllanoviq-Ulqin.jpg","contentUrl":"https:\/\/www.visit-ulcinj.com\/blog\/wp-content\/uploads\/2013\/12\/Nail-Kapllanoviq-Ulqin.jpg","width":576,"height":485},{"@type":"WebPage","@id":"https:\/\/www.visit-ulcinj.com\/blog\/2013\/12\/13\/memoriam-nail-kapllanoviq\/#webpage","url":"https:\/\/www.visit-ulcinj.com\/blog\/2013\/12\/13\/memoriam-nail-kapllanoviq\/","name":"In Memoriam Nail Kapllanoviq - Lajme nga Ulqini","isPartOf":{"@id":"https:\/\/www.visit-ulcinj.com\/blog\/#website"},"primaryImageOfPage":{"@id":"https:\/\/www.visit-ulcinj.com\/blog\/2013\/12\/13\/memoriam-nail-kapllanoviq\/#primaryimage"},"datePublished":"2013-12-13T19:27:06+00:00","dateModified":"2013-12-16T17:46:20+00:00","author":{"@id":"https:\/\/www.visit-ulcinj.com\/blog\/#\/schema\/person\/dcab619c614d3038751c63bc2aadc06d"},"description":"Njoftojme te gjithe lexuesit qe m\u00eb 08.12.2013,\u00a0 n\u00eb mosh\u00ebn 52 vje\u00e7are u nda nga jeta \u00a0dhe vdes , Nail Kapllanoviqi nga Ulqini. Vdekja e parakohshme e\u00a0\u00a0Nail","breadcrumb":{"@id":"https:\/\/www.visit-ulcinj.com\/blog\/2013\/12\/13\/memoriam-nail-kapllanoviq\/#breadcrumb"},"inLanguage":"en-US","potentialAction":[{"@type":"ReadAction","target":["https:\/\/www.visit-ulcinj.com\/blog\/2013\/12\/13\/memoriam-nail-kapllanoviq\/"]}]},{"@type":"BreadcrumbList","@id":"https:\/\/www.visit-ulcinj.com\/blog\/2013\/12\/13\/memoriam-nail-kapllanoviq\/#breadcrumb","itemListElement":[{"@type":"ListItem","position":1,"name":"In Memoriam Nail Kapllanoviq"}]},{"@type":"Person","@id":"https:\/\/www.visit-ulcinj.com\/blog\/#\/schema\/person\/dcab619c614d3038751c63bc2aadc06d","name":"ulqini","sameAs":["http:\/\/www.visit-ulcinj.com"],"url":"https:\/\/www.visit-ulcinj.com\/blog\/author\/admin\/"}]}},"jetpack_featured_media_url":"","jetpack_sharing_enabled":true,"jetpack_shortlink":"https:\/\/wp.me\/pe6lTn-k4x","_links":{"self":[{"href":"https:\/\/www.visit-ulcinj.com\/blog\/wp-json\/wp\/v2\/posts\/77161"}],"collection":[{"href":"https:\/\/www.visit-ulcinj.com\/blog\/wp-json\/wp\/v2\/posts"}],"about":[{"href":"https:\/\/www.visit-ulcinj.com\/blog\/wp-json\/wp\/v2\/types\/post"}],"author":[{"embeddable":true,"href":"https:\/\/www.visit-ulcinj.com\/blog\/wp-json\/wp\/v2\/users\/1"}],"replies":[{"embeddable":true,"href":"https:\/\/www.visit-ulcinj.com\/blog\/wp-json\/wp\/v2\/comments?post=77161"}],"version-history":[{"count":2,"href":"https:\/\/www.visit-ulcinj.com\/blog\/wp-json\/wp\/v2\/posts\/77161\/revisions"}],"predecessor-version":[{"id":77167,"href":"https:\/\/www.visit-ulcinj.com\/blog\/wp-json\/wp\/v2\/posts\/77161\/revisions\/77167"}],"wp:attachment":[{"href":"https:\/\/www.visit-ulcinj.com\/blog\/wp-json\/wp\/v2\/media?parent=77161"}],"wp:term":[{"taxonomy":"category","embeddable":true,"href":"https:\/\/www.visit-ulcinj.com\/blog\/wp-json\/wp\/v2\/categories?post=77161"},{"taxonomy":"post_tag","embeddable":true,"href":"https:\/\/www.visit-ulcinj.com\/blog\/wp-json\/wp\/v2\/tags?post=77161"}],"curies":[{"name":"wp","href":"https:\/\/api.w.org\/{rel}","templated":true}]}}