{"id":77175,"date":"2013-12-14T19:21:53","date_gmt":"2013-12-14T18:21:53","guid":{"rendered":"http:\/\/www.visit-ulcinj.com\/blog\/?p=77175"},"modified":"2013-12-14T19:21:53","modified_gmt":"2013-12-14T18:21:53","slug":"radnici-centra-za-kulturu-ulcinj-plate-ostavku-cungua","status":"publish","type":"post","link":"https:\/\/www.visit-ulcinj.com\/blog\/2013\/12\/14\/radnici-centra-za-kulturu-ulcinj-plate-ostavku-cungua\/","title":{"rendered":"Radnici Centra za kulturu Ulcinj, plate i ostavku Cungua"},"content":{"rendered":"<p><a href=\"http:\/\/www.visit-ulcinj.com\/blog\/wp-content\/uploads\/2013\/12\/Centar-za-kulturu-Ulcinj.jpg\"><img loading=\"lazy\" class=\"alignleft  wp-image-77110\" alt=\"Centar-za-kulturu-Ulcinj\" src=\"http:\/\/www.visit-ulcinj.com\/blog\/wp-content\/uploads\/2013\/12\/Centar-za-kulturu-Ulcinj.jpg\" width=\"508\" height=\"360\" \/><\/a>Bilo nam je re\u010deno da \u0107emo nakon jedne plate za nekoliko dana dobiti i ostatak, sada nam pri\u010daju drugu pri\u010da, a predsjednik ne \u017eeli da potpisom garantuje isplatu osam zaostalih zarada, pa bi najbolje bilo da \u0161to prije podnese ostavku, istakla je Ljiljana Janinovi\u0107<\/p>\n<p>ULCINj \u2013 Iako im je Op\u0161tina Ulcinj ju\u010de uplatila jednu od \u0161est tra\u017eenih plata, zaposleni u Centru za kulturu jednu nijesu \u017eeljeli da obustave \u0161trajk gla\u0111u, jer predsjednik op\u0161tine Nazif Cungu nije mogao da im garantuje isplatu zaostalih zarada. Radnici Centra za kulturu, njih 26, stupili su prije dva dana u \u0161trajk gla\u0111u jer im lokalna uprava duguje devet zarada, a 39 mjeseci nijesu im upla\u0107eni doprinosi. Cungu je ju\u010de razgovarao sa \u0161trajka\u010dima kako bih ih nagovorio da prekinu \u0161trajk, ali su oni ostali pri zahtjevima. U te\u0161koj i na momente napetoj atmosferi, u prostorijama hola biblioteke, radnici su prvog \u010dovjeka op\u0161tine optu\u017eili da ne haje za njihove probleme, tvrde\u0107i da u op\u0161tinskoj kasi ima novca da im se isplate zarade. Oni su od Cungua, koji ih je posjetio zajedno sa sekretarom za bud\u017eet i finansije Agronom Ibrahimijem, zahtijevali da potpisom garantuje da \u0107e im kada se vrati slu\u017ebenog puta u Saudijsku Arabiju obezbijediti sredstva za jo\u0161 pet zaostalih zarada.<br \/>\n\u2013 Pozivam vas da prekinete \u0161trajk i obe\u0107avam da \u0107u u\u010diniti maksimalne napore da \u0161to prije rije\u0161imo va\u0161e probleme. Moramo se dogovoriti i planirati dinamiku kako i kada \u0107e se izmiriti dugovanja. Ove obaveze prema radnicima ne datiraju od momenta kada sam ja do\u0161ao na mjesto predsjednika. Na\u017ealost, situacija je te\u0161ka i u drugim javnim preduze\u0107ima, pa iako je na snazi sanacioni plan, kreditna sredstva od dva miliona eura, koje nam je Vlada odobrila i kojima smo planirali da rje\u0161avamo najve\u0107e probleme, ne mo\u017eemo da uzmemo jer je Skup\u0161tini skra\u0107en mandat. Podsje\u0107am da je Op\u0161tina samo ove godine preuzela preko 310 hiljada eura obaveza Centra za kulturu. Dio novca je upla\u0107en, a pla\u0107eni su brojni ra\u010duni za vodu i struju, kao i ostali tro\u0161kovi \u2013 naveo je Cungu i dodao da je Op\u0161tina preuzela obavezu pla\u0107anja poreza i doprinosa u roku od pet godina.<br \/>\n\u2013 To smo preuzeli i za ostale javne ustanove. Kada budem dobio odgovor od Ministarstva finansija zna\u0107emo koja sredstva imamo na raspolaganju i koja je dinamika izmirenja obaveza \u2013 pojasnio je Cungu.<br \/>\nNjegova obja\u0161njenja i obe\u0107anja nijesu pokolebala \u0161trajka\u010de, koji su ostali pri zahtjevu da u \u0161to kra\u0107em roku dobiju jo\u0161 pet neispla\u0107enih zarada.<br \/>\n\u2013 Nama je prvobitno re\u010deno da \u0107e nakon jedne plate, koju smo danas dobili, za nekoliko dana biti ispla\u0107en ostatak. Sada nam se pri\u010da drua pri\u010da, a predsjednik ne \u017eeli da potpisom garantuje isplatu. Zbog toga nastavljamo \u0161trajk gla\u0111u, iako je danas Hitna pomo\u0107 \u010dak pet puta intervenisala. Nekoliko zaposleni imalo je visok krvni pritisak i njihovo zdravstveno stanje je jako lo\u0161e. Svi smo iscrpljeni i ljuti. Najmanje \u0161to bi mogao da u\u010dini poslije ovakvog nastupa Cungu bi trebalo da podnese ostavku i mi ga pozivamo da to u\u010dini. To bi bio moralni \u010din \u2013 kazala je predsjednica Sindikata Centra za kulturu Ljiljana Janinovi\u0107.<br \/>\n<strong>M.K.<\/strong><\/p>\n<p><strong>Izvor: DAN<\/strong><\/p>\n","protected":false},"excerpt":{"rendered":"<p>Bilo nam je re\u010deno da \u0107emo nakon jedne plate za nekoliko dana dobiti i ostatak, sada nam pri\u010daju drugu pri\u010da, a predsjednik ne \u017eeli da potpisom garantuje isplatu osam zaostalih zarada, pa bi najbolje bilo da \u0161to prije podnese ostavku, istakla je Ljiljana Janinovi\u0107 ULCINj \u2013 Iako im je Op\u0161tina Ulcinj ju\u010de uplatila jednu od [&hellip;]<\/p>\n","protected":false},"author":1,"featured_media":0,"comment_status":"closed","ping_status":"closed","sticky":false,"template":"","format":"standard","meta":{"spay_email":"","jetpack_publicize_message":"","jetpack_is_tweetstorm":false,"jetpack_publicize_feature_enabled":true},"categories":[8337],"tags":[],"jetpack_publicize_connections":[],"yoast_head":"<!-- This site is optimized with the Yoast SEO plugin v19.1 - https:\/\/yoast.com\/wordpress\/plugins\/seo\/ -->\n<title>Radnici Centra za kulturu Ulcinj, plate i ostavku Cungua - Lajme nga Ulqini<\/title>\n<meta name=\"description\" content=\"Bilo nam je re\u010deno da \u0107emo nakon jedne plate za nekoliko dana dobiti i ostatak, sada nam pri\u010daju drugu pri\u010da, a predsjednik ne \u017eeli da potpisom garantuje\" \/>\n<meta name=\"robots\" content=\"index, follow, max-snippet:-1, max-image-preview:large, max-video-preview:-1\" \/>\n<link rel=\"canonical\" href=\"https:\/\/www.visit-ulcinj.com\/blog\/2013\/12\/14\/radnici-centra-za-kulturu-ulcinj-plate-ostavku-cungua\/\" \/>\n<meta property=\"og:locale\" content=\"en_US\" \/>\n<meta property=\"og:type\" content=\"article\" \/>\n<meta property=\"og:title\" content=\"Radnici Centra za kulturu Ulcinj, plate i ostavku Cungua - Lajme nga Ulqini\" \/>\n<meta property=\"og:description\" content=\"Bilo nam je re\u010deno da \u0107emo nakon jedne plate za nekoliko dana dobiti i ostatak, sada nam pri\u010daju drugu pri\u010da, a predsjednik ne \u017eeli da potpisom garantuje\" \/>\n<meta property=\"og:url\" content=\"https:\/\/www.visit-ulcinj.com\/blog\/2013\/12\/14\/radnici-centra-za-kulturu-ulcinj-plate-ostavku-cungua\/\" \/>\n<meta property=\"og:site_name\" content=\"Lajme nga Ulqini\" \/>\n<meta property=\"article:published_time\" content=\"2013-12-14T18:21:53+00:00\" \/>\n<meta property=\"og:image\" content=\"http:\/\/www.visit-ulcinj.com\/blog\/wp-content\/uploads\/2013\/12\/Centar-za-kulturu-Ulcinj.jpg\" \/>\n<meta name=\"twitter:label1\" content=\"Written by\" \/>\n\t<meta name=\"twitter:data1\" content=\"ulqini\" \/>\n\t<meta name=\"twitter:label2\" content=\"Est. reading time\" \/>\n\t<meta name=\"twitter:data2\" content=\"3 minutes\" \/>\n<script type=\"application\/ld+json\" class=\"yoast-schema-graph\">{\"@context\":\"https:\/\/schema.org\",\"@graph\":[{\"@type\":\"WebSite\",\"@id\":\"https:\/\/www.visit-ulcinj.com\/blog\/#website\",\"url\":\"https:\/\/www.visit-ulcinj.com\/blog\/\",\"name\":\"Lajme nga Ulqini\",\"description\":\"Lajme,Vijesti,Ulqini,Ulqin,Crna Gora,Mali i Zi\",\"potentialAction\":[{\"@type\":\"SearchAction\",\"target\":{\"@type\":\"EntryPoint\",\"urlTemplate\":\"https:\/\/www.visit-ulcinj.com\/blog\/?s={search_term_string}\"},\"query-input\":\"required name=search_term_string\"}],\"inLanguage\":\"en-US\"},{\"@type\":\"ImageObject\",\"inLanguage\":\"en-US\",\"@id\":\"https:\/\/www.visit-ulcinj.com\/blog\/2013\/12\/14\/radnici-centra-za-kulturu-ulcinj-plate-ostavku-cungua\/#primaryimage\",\"url\":\"https:\/\/www.visit-ulcinj.com\/blog\/wp-content\/uploads\/2013\/12\/Centar-za-kulturu-Ulcinj.jpg\",\"contentUrl\":\"https:\/\/www.visit-ulcinj.com\/blog\/wp-content\/uploads\/2013\/12\/Centar-za-kulturu-Ulcinj.jpg\",\"width\":884,\"height\":393},{\"@type\":\"WebPage\",\"@id\":\"https:\/\/www.visit-ulcinj.com\/blog\/2013\/12\/14\/radnici-centra-za-kulturu-ulcinj-plate-ostavku-cungua\/#webpage\",\"url\":\"https:\/\/www.visit-ulcinj.com\/blog\/2013\/12\/14\/radnici-centra-za-kulturu-ulcinj-plate-ostavku-cungua\/\",\"name\":\"Radnici Centra za kulturu Ulcinj, plate i ostavku Cungua - Lajme nga Ulqini\",\"isPartOf\":{\"@id\":\"https:\/\/www.visit-ulcinj.com\/blog\/#website\"},\"primaryImageOfPage\":{\"@id\":\"https:\/\/www.visit-ulcinj.com\/blog\/2013\/12\/14\/radnici-centra-za-kulturu-ulcinj-plate-ostavku-cungua\/#primaryimage\"},\"datePublished\":\"2013-12-14T18:21:53+00:00\",\"dateModified\":\"2013-12-14T18:21:53+00:00\",\"author\":{\"@id\":\"https:\/\/www.visit-ulcinj.com\/blog\/#\/schema\/person\/dcab619c614d3038751c63bc2aadc06d\"},\"description\":\"Bilo nam je re\u010deno da \u0107emo nakon jedne plate za nekoliko dana dobiti i ostatak, sada nam pri\u010daju drugu pri\u010da, a predsjednik ne \u017eeli da potpisom garantuje\",\"breadcrumb\":{\"@id\":\"https:\/\/www.visit-ulcinj.com\/blog\/2013\/12\/14\/radnici-centra-za-kulturu-ulcinj-plate-ostavku-cungua\/#breadcrumb\"},\"inLanguage\":\"en-US\",\"potentialAction\":[{\"@type\":\"ReadAction\",\"target\":[\"https:\/\/www.visit-ulcinj.com\/blog\/2013\/12\/14\/radnici-centra-za-kulturu-ulcinj-plate-ostavku-cungua\/\"]}]},{\"@type\":\"BreadcrumbList\",\"@id\":\"https:\/\/www.visit-ulcinj.com\/blog\/2013\/12\/14\/radnici-centra-za-kulturu-ulcinj-plate-ostavku-cungua\/#breadcrumb\",\"itemListElement\":[{\"@type\":\"ListItem\",\"position\":1,\"name\":\"Radnici Centra za kulturu Ulcinj, plate i ostavku Cungua\"}]},{\"@type\":\"Person\",\"@id\":\"https:\/\/www.visit-ulcinj.com\/blog\/#\/schema\/person\/dcab619c614d3038751c63bc2aadc06d\",\"name\":\"ulqini\",\"sameAs\":[\"http:\/\/www.visit-ulcinj.com\"],\"url\":\"https:\/\/www.visit-ulcinj.com\/blog\/author\/admin\/\"}]}<\/script>\n<!-- \/ Yoast SEO plugin. -->","yoast_head_json":{"title":"Radnici Centra za kulturu Ulcinj, plate i ostavku Cungua - Lajme nga Ulqini","description":"Bilo nam je re\u010deno da \u0107emo nakon jedne plate za nekoliko dana dobiti i ostatak, sada nam pri\u010daju drugu pri\u010da, a predsjednik ne \u017eeli da potpisom garantuje","robots":{"index":"index","follow":"follow","max-snippet":"max-snippet:-1","max-image-preview":"max-image-preview:large","max-video-preview":"max-video-preview:-1"},"canonical":"https:\/\/www.visit-ulcinj.com\/blog\/2013\/12\/14\/radnici-centra-za-kulturu-ulcinj-plate-ostavku-cungua\/","og_locale":"en_US","og_type":"article","og_title":"Radnici Centra za kulturu Ulcinj, plate i ostavku Cungua - Lajme nga Ulqini","og_description":"Bilo nam je re\u010deno da \u0107emo nakon jedne plate za nekoliko dana dobiti i ostatak, sada nam pri\u010daju drugu pri\u010da, a predsjednik ne \u017eeli da potpisom garantuje","og_url":"https:\/\/www.visit-ulcinj.com\/blog\/2013\/12\/14\/radnici-centra-za-kulturu-ulcinj-plate-ostavku-cungua\/","og_site_name":"Lajme nga Ulqini","article_published_time":"2013-12-14T18:21:53+00:00","og_image":[{"url":"http:\/\/www.visit-ulcinj.com\/blog\/wp-content\/uploads\/2013\/12\/Centar-za-kulturu-Ulcinj.jpg"}],"twitter_misc":{"Written by":"ulqini","Est. reading time":"3 minutes"},"schema":{"@context":"https:\/\/schema.org","@graph":[{"@type":"WebSite","@id":"https:\/\/www.visit-ulcinj.com\/blog\/#website","url":"https:\/\/www.visit-ulcinj.com\/blog\/","name":"Lajme nga Ulqini","description":"Lajme,Vijesti,Ulqini,Ulqin,Crna Gora,Mali i Zi","potentialAction":[{"@type":"SearchAction","target":{"@type":"EntryPoint","urlTemplate":"https:\/\/www.visit-ulcinj.com\/blog\/?s={search_term_string}"},"query-input":"required name=search_term_string"}],"inLanguage":"en-US"},{"@type":"ImageObject","inLanguage":"en-US","@id":"https:\/\/www.visit-ulcinj.com\/blog\/2013\/12\/14\/radnici-centra-za-kulturu-ulcinj-plate-ostavku-cungua\/#primaryimage","url":"https:\/\/www.visit-ulcinj.com\/blog\/wp-content\/uploads\/2013\/12\/Centar-za-kulturu-Ulcinj.jpg","contentUrl":"https:\/\/www.visit-ulcinj.com\/blog\/wp-content\/uploads\/2013\/12\/Centar-za-kulturu-Ulcinj.jpg","width":884,"height":393},{"@type":"WebPage","@id":"https:\/\/www.visit-ulcinj.com\/blog\/2013\/12\/14\/radnici-centra-za-kulturu-ulcinj-plate-ostavku-cungua\/#webpage","url":"https:\/\/www.visit-ulcinj.com\/blog\/2013\/12\/14\/radnici-centra-za-kulturu-ulcinj-plate-ostavku-cungua\/","name":"Radnici Centra za kulturu Ulcinj, plate i ostavku Cungua - Lajme nga Ulqini","isPartOf":{"@id":"https:\/\/www.visit-ulcinj.com\/blog\/#website"},"primaryImageOfPage":{"@id":"https:\/\/www.visit-ulcinj.com\/blog\/2013\/12\/14\/radnici-centra-za-kulturu-ulcinj-plate-ostavku-cungua\/#primaryimage"},"datePublished":"2013-12-14T18:21:53+00:00","dateModified":"2013-12-14T18:21:53+00:00","author":{"@id":"https:\/\/www.visit-ulcinj.com\/blog\/#\/schema\/person\/dcab619c614d3038751c63bc2aadc06d"},"description":"Bilo nam je re\u010deno da \u0107emo nakon jedne plate za nekoliko dana dobiti i ostatak, sada nam pri\u010daju drugu pri\u010da, a predsjednik ne \u017eeli da potpisom garantuje","breadcrumb":{"@id":"https:\/\/www.visit-ulcinj.com\/blog\/2013\/12\/14\/radnici-centra-za-kulturu-ulcinj-plate-ostavku-cungua\/#breadcrumb"},"inLanguage":"en-US","potentialAction":[{"@type":"ReadAction","target":["https:\/\/www.visit-ulcinj.com\/blog\/2013\/12\/14\/radnici-centra-za-kulturu-ulcinj-plate-ostavku-cungua\/"]}]},{"@type":"BreadcrumbList","@id":"https:\/\/www.visit-ulcinj.com\/blog\/2013\/12\/14\/radnici-centra-za-kulturu-ulcinj-plate-ostavku-cungua\/#breadcrumb","itemListElement":[{"@type":"ListItem","position":1,"name":"Radnici Centra za kulturu Ulcinj, plate i ostavku Cungua"}]},{"@type":"Person","@id":"https:\/\/www.visit-ulcinj.com\/blog\/#\/schema\/person\/dcab619c614d3038751c63bc2aadc06d","name":"ulqini","sameAs":["http:\/\/www.visit-ulcinj.com"],"url":"https:\/\/www.visit-ulcinj.com\/blog\/author\/admin\/"}]}},"jetpack_featured_media_url":"","jetpack_sharing_enabled":true,"jetpack_shortlink":"https:\/\/wp.me\/pe6lTn-k4L","_links":{"self":[{"href":"https:\/\/www.visit-ulcinj.com\/blog\/wp-json\/wp\/v2\/posts\/77175"}],"collection":[{"href":"https:\/\/www.visit-ulcinj.com\/blog\/wp-json\/wp\/v2\/posts"}],"about":[{"href":"https:\/\/www.visit-ulcinj.com\/blog\/wp-json\/wp\/v2\/types\/post"}],"author":[{"embeddable":true,"href":"https:\/\/www.visit-ulcinj.com\/blog\/wp-json\/wp\/v2\/users\/1"}],"replies":[{"embeddable":true,"href":"https:\/\/www.visit-ulcinj.com\/blog\/wp-json\/wp\/v2\/comments?post=77175"}],"version-history":[{"count":1,"href":"https:\/\/www.visit-ulcinj.com\/blog\/wp-json\/wp\/v2\/posts\/77175\/revisions"}],"predecessor-version":[{"id":77176,"href":"https:\/\/www.visit-ulcinj.com\/blog\/wp-json\/wp\/v2\/posts\/77175\/revisions\/77176"}],"wp:attachment":[{"href":"https:\/\/www.visit-ulcinj.com\/blog\/wp-json\/wp\/v2\/media?parent=77175"}],"wp:term":[{"taxonomy":"category","embeddable":true,"href":"https:\/\/www.visit-ulcinj.com\/blog\/wp-json\/wp\/v2\/categories?post=77175"},{"taxonomy":"post_tag","embeddable":true,"href":"https:\/\/www.visit-ulcinj.com\/blog\/wp-json\/wp\/v2\/tags?post=77175"}],"curies":[{"name":"wp","href":"https:\/\/api.w.org\/{rel}","templated":true}]}}