{"id":77177,"date":"2013-12-14T19:36:27","date_gmt":"2013-12-14T18:36:27","guid":{"rendered":"http:\/\/www.visit-ulcinj.com\/blog\/?p=77177"},"modified":"2013-12-14T19:38:33","modified_gmt":"2013-12-14T18:38:33","slug":"podrska-strajkacima-stize-sa-svih-strana","status":"publish","type":"post","link":"https:\/\/www.visit-ulcinj.com\/blog\/2013\/12\/14\/podrska-strajkacima-stize-sa-svih-strana\/","title":{"rendered":"\u0110eka: Odgovornost za situaciju da snosi Nazif Cungu"},"content":{"rendered":"<p><a href=\"http:\/\/www.visit-ulcinj.com\/blog\/wp-content\/uploads\/2013\/12\/Fatmir-Gjeka.jpg\"><img loading=\"lazy\" class=\"alignleft  wp-image-77178\" alt=\"Fatmir-Gjeka\" src=\"http:\/\/www.visit-ulcinj.com\/blog\/wp-content\/uploads\/2013\/12\/Fatmir-Gjeka.jpg\" width=\"508\" height=\"360\" \/><\/a><strong>Podr\u0161ka \u0161trajka\u010dima sti\u017ee sa svih strana<\/strong><\/p>\n<p>Radnicima u \u0161trajku \u010ditavog dana stizala je podr\u0161ka. Sindikat Doma zdravlja obi\u0161ao je \u0161trajka\u010de i uru\u010dio im nov\u010danu pomo\u0107 kao i sokove i vodu. Medicinski radnici koje je predvodio predsjednik sindikata prim. dr Milan Rolovi\u0107 zamolili su \u0161trajka\u010de da se ne izla\u017eu velikim naporima i da oni slabijeg zdravlja prekinu \u0161trajk u slu\u010daju zdravstvenih tegoba. \u0160trajka\u010de je posjetio i predsjednik OO SNP-a Andrija \u0106etkovi\u0107. On, me\u0111utim, nije \u017eelio da daje izjave, istakav\u0161i da je do\u0161ao u svojstvu gra\u0111anina. Zahtjeve zaposlenih u Centru za kulturu podr\u017eao je i lider DP-a Fatmir \u0110eka, ocijeniv\u0161i da bi odgovornost za situaciju u kojoj se nalaze trebalo da snosi Nazif Cungu.<br \/>\n\u2013 Zdravlje ljudi je najva\u017enije i mora se u\u010diniti sve kako bi se ova te\u0161ka situacija \u0161to prije rije\u0161ila \u2013 poru\u010dio je \u0110eka.<\/p>\n<p><strong>Izvor: DAN<\/strong><\/p>\n","protected":false},"excerpt":{"rendered":"<p>Podr\u0161ka \u0161trajka\u010dima sti\u017ee sa svih strana Radnicima u \u0161trajku \u010ditavog dana stizala je podr\u0161ka. Sindikat Doma zdravlja obi\u0161ao je \u0161trajka\u010de i uru\u010dio im nov\u010danu pomo\u0107 kao i sokove i vodu. Medicinski radnici koje je predvodio predsjednik sindikata prim. dr Milan Rolovi\u0107 zamolili su \u0161trajka\u010de da se ne izla\u017eu velikim naporima i da oni slabijeg zdravlja [&hellip;]<\/p>\n","protected":false},"author":1,"featured_media":0,"comment_status":"closed","ping_status":"closed","sticky":false,"template":"","format":"standard","meta":{"spay_email":"","jetpack_publicize_message":"","jetpack_is_tweetstorm":false,"jetpack_publicize_feature_enabled":true},"categories":[6950],"tags":[],"jetpack_publicize_connections":[],"yoast_head":"<!-- This site is optimized with the Yoast SEO plugin v19.1 - https:\/\/yoast.com\/wordpress\/plugins\/seo\/ -->\n<title>\u0110eka: Odgovornost za situaciju da snosi Nazif Cungu - Lajme nga Ulqini<\/title>\n<meta name=\"description\" content=\"Podr\u0161ka \u0161trajka\u010dima sti\u017ee sa svih strana Radnicima u \u0161trajku \u010ditavog dana stizala je podr\u0161ka. Sindikat Doma zdravlja obi\u0161ao je \u0161trajka\u010de i uru\u010dio im\" \/>\n<meta name=\"robots\" content=\"index, follow, max-snippet:-1, max-image-preview:large, max-video-preview:-1\" \/>\n<link rel=\"canonical\" href=\"https:\/\/www.visit-ulcinj.com\/blog\/2013\/12\/14\/podrska-strajkacima-stize-sa-svih-strana\/\" \/>\n<meta property=\"og:locale\" content=\"en_US\" \/>\n<meta property=\"og:type\" content=\"article\" \/>\n<meta property=\"og:title\" content=\"\u0110eka: Odgovornost za situaciju da snosi Nazif Cungu - Lajme nga Ulqini\" \/>\n<meta property=\"og:description\" content=\"Podr\u0161ka \u0161trajka\u010dima sti\u017ee sa svih strana Radnicima u \u0161trajku \u010ditavog dana stizala je podr\u0161ka. Sindikat Doma zdravlja obi\u0161ao je \u0161trajka\u010de i uru\u010dio im\" \/>\n<meta property=\"og:url\" content=\"https:\/\/www.visit-ulcinj.com\/blog\/2013\/12\/14\/podrska-strajkacima-stize-sa-svih-strana\/\" \/>\n<meta property=\"og:site_name\" content=\"Lajme nga Ulqini\" \/>\n<meta property=\"article:published_time\" content=\"2013-12-14T18:36:27+00:00\" \/>\n<meta property=\"article:modified_time\" content=\"2013-12-14T18:38:33+00:00\" \/>\n<meta property=\"og:image\" content=\"http:\/\/www.visit-ulcinj.com\/blog\/wp-content\/uploads\/2013\/12\/Fatmir-Gjeka.jpg\" \/>\n<meta name=\"twitter:label1\" content=\"Written by\" \/>\n\t<meta name=\"twitter:data1\" content=\"ulqini\" \/>\n\t<meta name=\"twitter:label2\" content=\"Est. reading time\" \/>\n\t<meta name=\"twitter:data2\" content=\"1 minute\" \/>\n<script type=\"application\/ld+json\" class=\"yoast-schema-graph\">{\"@context\":\"https:\/\/schema.org\",\"@graph\":[{\"@type\":\"WebSite\",\"@id\":\"https:\/\/www.visit-ulcinj.com\/blog\/#website\",\"url\":\"https:\/\/www.visit-ulcinj.com\/blog\/\",\"name\":\"Lajme nga Ulqini\",\"description\":\"Lajme,Vijesti,Ulqini,Ulqin,Crna Gora,Mali i Zi\",\"potentialAction\":[{\"@type\":\"SearchAction\",\"target\":{\"@type\":\"EntryPoint\",\"urlTemplate\":\"https:\/\/www.visit-ulcinj.com\/blog\/?s={search_term_string}\"},\"query-input\":\"required name=search_term_string\"}],\"inLanguage\":\"en-US\"},{\"@type\":\"ImageObject\",\"inLanguage\":\"en-US\",\"@id\":\"https:\/\/www.visit-ulcinj.com\/blog\/2013\/12\/14\/podrska-strajkacima-stize-sa-svih-strana\/#primaryimage\",\"url\":\"https:\/\/www.visit-ulcinj.com\/blog\/wp-content\/uploads\/2013\/12\/Fatmir-Gjeka.jpg\",\"contentUrl\":\"https:\/\/www.visit-ulcinj.com\/blog\/wp-content\/uploads\/2013\/12\/Fatmir-Gjeka.jpg\",\"width\":474,\"height\":411},{\"@type\":\"WebPage\",\"@id\":\"https:\/\/www.visit-ulcinj.com\/blog\/2013\/12\/14\/podrska-strajkacima-stize-sa-svih-strana\/#webpage\",\"url\":\"https:\/\/www.visit-ulcinj.com\/blog\/2013\/12\/14\/podrska-strajkacima-stize-sa-svih-strana\/\",\"name\":\"\u0110eka: Odgovornost za situaciju da snosi Nazif Cungu - Lajme nga Ulqini\",\"isPartOf\":{\"@id\":\"https:\/\/www.visit-ulcinj.com\/blog\/#website\"},\"primaryImageOfPage\":{\"@id\":\"https:\/\/www.visit-ulcinj.com\/blog\/2013\/12\/14\/podrska-strajkacima-stize-sa-svih-strana\/#primaryimage\"},\"datePublished\":\"2013-12-14T18:36:27+00:00\",\"dateModified\":\"2013-12-14T18:38:33+00:00\",\"author\":{\"@id\":\"https:\/\/www.visit-ulcinj.com\/blog\/#\/schema\/person\/dcab619c614d3038751c63bc2aadc06d\"},\"description\":\"Podr\u0161ka \u0161trajka\u010dima sti\u017ee sa svih strana Radnicima u \u0161trajku \u010ditavog dana stizala je podr\u0161ka. Sindikat Doma zdravlja obi\u0161ao je \u0161trajka\u010de i uru\u010dio im\",\"breadcrumb\":{\"@id\":\"https:\/\/www.visit-ulcinj.com\/blog\/2013\/12\/14\/podrska-strajkacima-stize-sa-svih-strana\/#breadcrumb\"},\"inLanguage\":\"en-US\",\"potentialAction\":[{\"@type\":\"ReadAction\",\"target\":[\"https:\/\/www.visit-ulcinj.com\/blog\/2013\/12\/14\/podrska-strajkacima-stize-sa-svih-strana\/\"]}]},{\"@type\":\"BreadcrumbList\",\"@id\":\"https:\/\/www.visit-ulcinj.com\/blog\/2013\/12\/14\/podrska-strajkacima-stize-sa-svih-strana\/#breadcrumb\",\"itemListElement\":[{\"@type\":\"ListItem\",\"position\":1,\"name\":\"\u0110eka: Odgovornost za situaciju da snosi Nazif Cungu\"}]},{\"@type\":\"Person\",\"@id\":\"https:\/\/www.visit-ulcinj.com\/blog\/#\/schema\/person\/dcab619c614d3038751c63bc2aadc06d\",\"name\":\"ulqini\",\"sameAs\":[\"http:\/\/www.visit-ulcinj.com\"],\"url\":\"https:\/\/www.visit-ulcinj.com\/blog\/author\/admin\/\"}]}<\/script>\n<!-- \/ Yoast SEO plugin. -->","yoast_head_json":{"title":"\u0110eka: Odgovornost za situaciju da snosi Nazif Cungu - Lajme nga Ulqini","description":"Podr\u0161ka \u0161trajka\u010dima sti\u017ee sa svih strana Radnicima u \u0161trajku \u010ditavog dana stizala je podr\u0161ka. Sindikat Doma zdravlja obi\u0161ao je \u0161trajka\u010de i uru\u010dio im","robots":{"index":"index","follow":"follow","max-snippet":"max-snippet:-1","max-image-preview":"max-image-preview:large","max-video-preview":"max-video-preview:-1"},"canonical":"https:\/\/www.visit-ulcinj.com\/blog\/2013\/12\/14\/podrska-strajkacima-stize-sa-svih-strana\/","og_locale":"en_US","og_type":"article","og_title":"\u0110eka: Odgovornost za situaciju da snosi Nazif Cungu - Lajme nga Ulqini","og_description":"Podr\u0161ka \u0161trajka\u010dima sti\u017ee sa svih strana Radnicima u \u0161trajku \u010ditavog dana stizala je podr\u0161ka. Sindikat Doma zdravlja obi\u0161ao je \u0161trajka\u010de i uru\u010dio im","og_url":"https:\/\/www.visit-ulcinj.com\/blog\/2013\/12\/14\/podrska-strajkacima-stize-sa-svih-strana\/","og_site_name":"Lajme nga Ulqini","article_published_time":"2013-12-14T18:36:27+00:00","article_modified_time":"2013-12-14T18:38:33+00:00","og_image":[{"url":"http:\/\/www.visit-ulcinj.com\/blog\/wp-content\/uploads\/2013\/12\/Fatmir-Gjeka.jpg"}],"twitter_misc":{"Written by":"ulqini","Est. reading time":"1 minute"},"schema":{"@context":"https:\/\/schema.org","@graph":[{"@type":"WebSite","@id":"https:\/\/www.visit-ulcinj.com\/blog\/#website","url":"https:\/\/www.visit-ulcinj.com\/blog\/","name":"Lajme nga Ulqini","description":"Lajme,Vijesti,Ulqini,Ulqin,Crna Gora,Mali i Zi","potentialAction":[{"@type":"SearchAction","target":{"@type":"EntryPoint","urlTemplate":"https:\/\/www.visit-ulcinj.com\/blog\/?s={search_term_string}"},"query-input":"required name=search_term_string"}],"inLanguage":"en-US"},{"@type":"ImageObject","inLanguage":"en-US","@id":"https:\/\/www.visit-ulcinj.com\/blog\/2013\/12\/14\/podrska-strajkacima-stize-sa-svih-strana\/#primaryimage","url":"https:\/\/www.visit-ulcinj.com\/blog\/wp-content\/uploads\/2013\/12\/Fatmir-Gjeka.jpg","contentUrl":"https:\/\/www.visit-ulcinj.com\/blog\/wp-content\/uploads\/2013\/12\/Fatmir-Gjeka.jpg","width":474,"height":411},{"@type":"WebPage","@id":"https:\/\/www.visit-ulcinj.com\/blog\/2013\/12\/14\/podrska-strajkacima-stize-sa-svih-strana\/#webpage","url":"https:\/\/www.visit-ulcinj.com\/blog\/2013\/12\/14\/podrska-strajkacima-stize-sa-svih-strana\/","name":"\u0110eka: Odgovornost za situaciju da snosi Nazif Cungu - Lajme nga Ulqini","isPartOf":{"@id":"https:\/\/www.visit-ulcinj.com\/blog\/#website"},"primaryImageOfPage":{"@id":"https:\/\/www.visit-ulcinj.com\/blog\/2013\/12\/14\/podrska-strajkacima-stize-sa-svih-strana\/#primaryimage"},"datePublished":"2013-12-14T18:36:27+00:00","dateModified":"2013-12-14T18:38:33+00:00","author":{"@id":"https:\/\/www.visit-ulcinj.com\/blog\/#\/schema\/person\/dcab619c614d3038751c63bc2aadc06d"},"description":"Podr\u0161ka \u0161trajka\u010dima sti\u017ee sa svih strana Radnicima u \u0161trajku \u010ditavog dana stizala je podr\u0161ka. Sindikat Doma zdravlja obi\u0161ao je \u0161trajka\u010de i uru\u010dio im","breadcrumb":{"@id":"https:\/\/www.visit-ulcinj.com\/blog\/2013\/12\/14\/podrska-strajkacima-stize-sa-svih-strana\/#breadcrumb"},"inLanguage":"en-US","potentialAction":[{"@type":"ReadAction","target":["https:\/\/www.visit-ulcinj.com\/blog\/2013\/12\/14\/podrska-strajkacima-stize-sa-svih-strana\/"]}]},{"@type":"BreadcrumbList","@id":"https:\/\/www.visit-ulcinj.com\/blog\/2013\/12\/14\/podrska-strajkacima-stize-sa-svih-strana\/#breadcrumb","itemListElement":[{"@type":"ListItem","position":1,"name":"\u0110eka: Odgovornost za situaciju da snosi Nazif Cungu"}]},{"@type":"Person","@id":"https:\/\/www.visit-ulcinj.com\/blog\/#\/schema\/person\/dcab619c614d3038751c63bc2aadc06d","name":"ulqini","sameAs":["http:\/\/www.visit-ulcinj.com"],"url":"https:\/\/www.visit-ulcinj.com\/blog\/author\/admin\/"}]}},"jetpack_featured_media_url":"","jetpack_sharing_enabled":true,"jetpack_shortlink":"https:\/\/wp.me\/pe6lTn-k4N","_links":{"self":[{"href":"https:\/\/www.visit-ulcinj.com\/blog\/wp-json\/wp\/v2\/posts\/77177"}],"collection":[{"href":"https:\/\/www.visit-ulcinj.com\/blog\/wp-json\/wp\/v2\/posts"}],"about":[{"href":"https:\/\/www.visit-ulcinj.com\/blog\/wp-json\/wp\/v2\/types\/post"}],"author":[{"embeddable":true,"href":"https:\/\/www.visit-ulcinj.com\/blog\/wp-json\/wp\/v2\/users\/1"}],"replies":[{"embeddable":true,"href":"https:\/\/www.visit-ulcinj.com\/blog\/wp-json\/wp\/v2\/comments?post=77177"}],"version-history":[{"count":3,"href":"https:\/\/www.visit-ulcinj.com\/blog\/wp-json\/wp\/v2\/posts\/77177\/revisions"}],"predecessor-version":[{"id":77181,"href":"https:\/\/www.visit-ulcinj.com\/blog\/wp-json\/wp\/v2\/posts\/77177\/revisions\/77181"}],"wp:attachment":[{"href":"https:\/\/www.visit-ulcinj.com\/blog\/wp-json\/wp\/v2\/media?parent=77177"}],"wp:term":[{"taxonomy":"category","embeddable":true,"href":"https:\/\/www.visit-ulcinj.com\/blog\/wp-json\/wp\/v2\/categories?post=77177"},{"taxonomy":"post_tag","embeddable":true,"href":"https:\/\/www.visit-ulcinj.com\/blog\/wp-json\/wp\/v2\/tags?post=77177"}],"curies":[{"name":"wp","href":"https:\/\/api.w.org\/{rel}","templated":true}]}}