{"id":77182,"date":"2013-12-14T22:44:54","date_gmt":"2013-12-14T21:44:54","guid":{"rendered":"http:\/\/www.visit-ulcinj.com\/blog\/?p=77182"},"modified":"2013-12-16T17:56:20","modified_gmt":"2013-12-16T16:56:20","slug":"forca-deklarata-per-greven-ne-qenden-per-kulture-ulqin","status":"publish","type":"post","link":"https:\/\/www.visit-ulcinj.com\/blog\/2013\/12\/14\/forca-deklarata-per-greven-ne-qenden-per-kulture-ulqin\/","title":{"rendered":"Forca: Deklarata p\u00ebr grev\u00ebn n\u00eb Qenden per Kulture Ulqin"},"content":{"rendered":"<p><strong><a href=\"http:\/\/www.visit-ulcinj.com\/blog\/wp-content\/uploads\/2013\/05\/forca-logo-ulcinj-ulqin.jpg\"><img loading=\"lazy\" class=\"alignleft  wp-image-71737\" alt=\"forca-logo-ulcinj-ulqin\" src=\"http:\/\/www.visit-ulcinj.com\/blog\/wp-content\/uploads\/2013\/05\/forca-logo-ulcinj-ulqin.jpg\" width=\"508\" height=\"400\" \/><\/a>Greve &#8211; \u00a0Qendra per Kulture Ulqin\u00a0\u00a0\u00a0\u00a0\u00a0\u00a0\u00a0<\/strong><\/p>\n<p>Ulqin, me 14.12.2013<\/p>\n<p>Ne lidhje me greven te cilen e kane filluar punetoret e Qendes per Kulture ne Ulqin javen e kaluar, Forca konsideron se gjendja materijale shume e veshtire ne te cilen ndodhen punetoret rezulton nga\u00a0 keqtrajtimi shume vjecar \u00a0ndaj Qendres per Kulture dhe ndermarrjeve tjera publike ne komunen tone.<\/p>\n<p>MMe kete rast apelojme tek punetoret se vendimi qe kane marre mund te rezultoje me deme te medha shendetsore, andaj \u00a0I ftojme qe ta nderpresin greven e urise dhe te ndermarrin menyra \u00a0tjera te protestes ne menyre qe te paraqesin \u00a0kerkesat dhe pakenaqesite e veta!<\/p>\n<p>Theksojme se puntoreve te Qendes per Kulture I eshte borxh (ky pushtet e gjeti ne borxh prej 8 pagash ne nentore te 2011) e njejta vlere eshte \u00a0edhe sot, si ate dite kur puntoret kane hyre ne greve me tete paga borxh. Kjo do te thote se prapambetja e pagave te trashiguara eshte ne te njejtin nivel dhe se ne dy vitet e fundit jane paguar plotsisht 25 paga mujore!<\/p>\n<p>Komuna dje ka leshuar mjetet edhe per \u00a0pagen e muajit Prill te 2013, me cka borxhi eshte zvogluar ne 7 paga!<\/p>\n<p>Ajo cka nuk eshte e njohur per ne dhe per publik eshte se Qendra per Kulture 20 vite nuk ka bere shlyerjen e borxhit ndaj Ndermarrjes komunale Publike dhe qe 20 mije euro kjo ndermarrje I ka perfituar nga Qendra per Kulture. Nuk ka qene\u00a0 e njohur se kjo ndermarrje nuk ka bere pagesen e rrymes elektrike per 5 vite me radhe ne shumen e 45.000 eurove. Gjithashtu borxhet ndaj Keshillit Drejtues ne periudhen kohore 2007-2011 me vleren prej 40.000 eurove, e qe sot kontestohen ne gjykate nga Qendra per Kulture! Gjithashtu edhe llogarite shume te larta te hoteleve dhe restoranteve ne periudhen deri me vitin 2011 nuk kane qene te njohura, e te cilat duhet shlyer!<\/p>\n<p>Komuna me planin e sanacionit e ka marre persiper nga Ministria e Financave qe te paguaje kontributet ne lartesi prej 250.000 eurove, si dhe te gjitha ndermarrjeve\u00a0 tjera ne periudhen e ardhshme pese vjecare.<\/p>\n<p>E kuptojme se kriza ekonomike eshte shkaku qe puntoret kajne tretur durimin e deritanishem, por nuk e kemi te qarte se si greva nuk eshte ndermarre kur ndermarrjes nuk jane paguar 15 paga ne vere te vitit 2011 kur edhe jane shkaktuar keto borxhe.<\/p>\n<p>Subjekteve politike te cilet pergjegjesin mundohen ti ja mbartin Kryetarit te komunes edhe Forces, ia perkujtojme qe borxhet jane shkaktuar kur ata ishin ne pushtet. E kemi te qarte friken e tyre nga pergjegjsia por nuk mund ta kuptojme qe kane aq pak moral politik qe te keqperdorin situaten e veshtire ne Qender per Kulture.<\/p>\n<p>Me planin e sanacionit do te formohen kushtet qe me ane te kredise te shlyhen rrogat e prapambetura jo vetem punetoreve te Qendres per Kulture por edhe ndermarrjeve te tjera publike. Tani eshte me se e qarte qe plani I cili eshte nenshkruar ne qershor te vitit 2013 ajo cfare i frikson partneret e koalicionit, me fjale tjera situata qe borxhet te shlyhen ne zero andaj edhe e kane ndermarre bojkotin e punes te parlamentit lokal.<\/p>\n<p>Ne fund apelojme tek punetoret qe te nderpresin greven dhe te jene te vetedijshem qe ne periudhen e ardhshme 4 vjecare, pozita e tyre do te jete dukshem e \u00a0permirsuar ne krahasim me vitin 2011.<\/p>\n<p>&nbsp;<\/p>\n<p><strong>Sherbimi per informim<\/strong><\/p>\n<p><strong>Forces se re demokratike<\/strong><\/p>\n","protected":false},"excerpt":{"rendered":"<p>Greve &#8211; \u00a0Qendra per Kulture Ulqin\u00a0\u00a0\u00a0\u00a0\u00a0\u00a0\u00a0 Ulqin, me 14.12.2013 Ne lidhje me greven te cilen e kane filluar punetoret e Qendes per Kulture ne Ulqin javen e kaluar, Forca konsideron se gjendja materijale shume e veshtire ne te cilen ndodhen punetoret rezulton nga\u00a0 keqtrajtimi shume vjecar \u00a0ndaj Qendres per Kulture dhe ndermarrjeve tjera publike ne [&hellip;]<\/p>\n","protected":false},"author":1,"featured_media":0,"comment_status":"closed","ping_status":"closed","sticky":false,"template":"","format":"standard","meta":{"spay_email":"","jetpack_publicize_message":"","jetpack_is_tweetstorm":false,"jetpack_publicize_feature_enabled":true},"categories":[1,12],"tags":[],"jetpack_publicize_connections":[],"yoast_head":"<!-- This site is optimized with the Yoast SEO plugin v19.1 - https:\/\/yoast.com\/wordpress\/plugins\/seo\/ -->\n<title>Forca: Deklarata p\u00ebr grev\u00ebn n\u00eb Qenden per Kulture Ulqin - Lajme nga Ulqini<\/title>\n<meta name=\"description\" content=\"Greve - \u00a0Qendra per Kulture Ulqin\u00a0\u00a0\u00a0\u00a0\u00a0\u00a0\u00a0 Ulqin, me 14.12.2013 Ne lidhje me greven te cilen e kane filluar punetoret e Qendes per Kulture ne Ulqin javen e\" \/>\n<meta name=\"robots\" content=\"index, follow, max-snippet:-1, max-image-preview:large, max-video-preview:-1\" \/>\n<link rel=\"canonical\" href=\"https:\/\/www.visit-ulcinj.com\/blog\/2013\/12\/14\/forca-deklarata-per-greven-ne-qenden-per-kulture-ulqin\/\" \/>\n<meta property=\"og:locale\" content=\"en_US\" \/>\n<meta property=\"og:type\" content=\"article\" \/>\n<meta property=\"og:title\" content=\"Forca: Deklarata p\u00ebr grev\u00ebn n\u00eb Qenden per Kulture Ulqin - Lajme nga Ulqini\" \/>\n<meta property=\"og:description\" content=\"Greve - \u00a0Qendra per Kulture Ulqin\u00a0\u00a0\u00a0\u00a0\u00a0\u00a0\u00a0 Ulqin, me 14.12.2013 Ne lidhje me greven te cilen e kane filluar punetoret e Qendes per Kulture ne Ulqin javen e\" \/>\n<meta property=\"og:url\" content=\"https:\/\/www.visit-ulcinj.com\/blog\/2013\/12\/14\/forca-deklarata-per-greven-ne-qenden-per-kulture-ulqin\/\" \/>\n<meta property=\"og:site_name\" content=\"Lajme nga Ulqini\" \/>\n<meta property=\"article:published_time\" content=\"2013-12-14T21:44:54+00:00\" \/>\n<meta property=\"article:modified_time\" content=\"2013-12-16T16:56:20+00:00\" \/>\n<meta property=\"og:image\" content=\"http:\/\/www.visit-ulcinj.com\/blog\/wp-content\/uploads\/2013\/05\/forca-logo-ulcinj-ulqin.jpg\" \/>\n<meta name=\"twitter:label1\" content=\"Written by\" \/>\n\t<meta name=\"twitter:data1\" content=\"ulqini\" \/>\n\t<meta name=\"twitter:label2\" content=\"Est. reading time\" \/>\n\t<meta name=\"twitter:data2\" content=\"3 minutes\" \/>\n<script type=\"application\/ld+json\" class=\"yoast-schema-graph\">{\"@context\":\"https:\/\/schema.org\",\"@graph\":[{\"@type\":\"WebSite\",\"@id\":\"https:\/\/www.visit-ulcinj.com\/blog\/#website\",\"url\":\"https:\/\/www.visit-ulcinj.com\/blog\/\",\"name\":\"Lajme nga Ulqini\",\"description\":\"Lajme,Vijesti,Ulqini,Ulqin,Crna Gora,Mali i Zi\",\"potentialAction\":[{\"@type\":\"SearchAction\",\"target\":{\"@type\":\"EntryPoint\",\"urlTemplate\":\"https:\/\/www.visit-ulcinj.com\/blog\/?s={search_term_string}\"},\"query-input\":\"required name=search_term_string\"}],\"inLanguage\":\"en-US\"},{\"@type\":\"ImageObject\",\"inLanguage\":\"en-US\",\"@id\":\"https:\/\/www.visit-ulcinj.com\/blog\/2013\/12\/14\/forca-deklarata-per-greven-ne-qenden-per-kulture-ulqin\/#primaryimage\",\"url\":\"https:\/\/www.visit-ulcinj.com\/blog\/wp-content\/uploads\/2013\/05\/forca-logo-ulcinj-ulqin.jpg\",\"contentUrl\":\"https:\/\/www.visit-ulcinj.com\/blog\/wp-content\/uploads\/2013\/05\/forca-logo-ulcinj-ulqin.jpg\",\"width\":500,\"height\":481},{\"@type\":\"WebPage\",\"@id\":\"https:\/\/www.visit-ulcinj.com\/blog\/2013\/12\/14\/forca-deklarata-per-greven-ne-qenden-per-kulture-ulqin\/#webpage\",\"url\":\"https:\/\/www.visit-ulcinj.com\/blog\/2013\/12\/14\/forca-deklarata-per-greven-ne-qenden-per-kulture-ulqin\/\",\"name\":\"Forca: Deklarata p\u00ebr grev\u00ebn n\u00eb Qenden per Kulture Ulqin - Lajme nga Ulqini\",\"isPartOf\":{\"@id\":\"https:\/\/www.visit-ulcinj.com\/blog\/#website\"},\"primaryImageOfPage\":{\"@id\":\"https:\/\/www.visit-ulcinj.com\/blog\/2013\/12\/14\/forca-deklarata-per-greven-ne-qenden-per-kulture-ulqin\/#primaryimage\"},\"datePublished\":\"2013-12-14T21:44:54+00:00\",\"dateModified\":\"2013-12-16T16:56:20+00:00\",\"author\":{\"@id\":\"https:\/\/www.visit-ulcinj.com\/blog\/#\/schema\/person\/dcab619c614d3038751c63bc2aadc06d\"},\"description\":\"Greve - \u00a0Qendra per Kulture Ulqin\u00a0\u00a0\u00a0\u00a0\u00a0\u00a0\u00a0 Ulqin, me 14.12.2013 Ne lidhje me greven te cilen e kane filluar punetoret e Qendes per Kulture ne Ulqin javen e\",\"breadcrumb\":{\"@id\":\"https:\/\/www.visit-ulcinj.com\/blog\/2013\/12\/14\/forca-deklarata-per-greven-ne-qenden-per-kulture-ulqin\/#breadcrumb\"},\"inLanguage\":\"en-US\",\"potentialAction\":[{\"@type\":\"ReadAction\",\"target\":[\"https:\/\/www.visit-ulcinj.com\/blog\/2013\/12\/14\/forca-deklarata-per-greven-ne-qenden-per-kulture-ulqin\/\"]}]},{\"@type\":\"BreadcrumbList\",\"@id\":\"https:\/\/www.visit-ulcinj.com\/blog\/2013\/12\/14\/forca-deklarata-per-greven-ne-qenden-per-kulture-ulqin\/#breadcrumb\",\"itemListElement\":[{\"@type\":\"ListItem\",\"position\":1,\"name\":\"Forca: Deklarata p\u00ebr grev\u00ebn n\u00eb Qenden per Kulture Ulqin\"}]},{\"@type\":\"Person\",\"@id\":\"https:\/\/www.visit-ulcinj.com\/blog\/#\/schema\/person\/dcab619c614d3038751c63bc2aadc06d\",\"name\":\"ulqini\",\"sameAs\":[\"http:\/\/www.visit-ulcinj.com\"],\"url\":\"https:\/\/www.visit-ulcinj.com\/blog\/author\/admin\/\"}]}<\/script>\n<!-- \/ Yoast SEO plugin. -->","yoast_head_json":{"title":"Forca: Deklarata p\u00ebr grev\u00ebn n\u00eb Qenden per Kulture Ulqin - Lajme nga Ulqini","description":"Greve - \u00a0Qendra per Kulture Ulqin\u00a0\u00a0\u00a0\u00a0\u00a0\u00a0\u00a0 Ulqin, me 14.12.2013 Ne lidhje me greven te cilen e kane filluar punetoret e Qendes per Kulture ne Ulqin javen e","robots":{"index":"index","follow":"follow","max-snippet":"max-snippet:-1","max-image-preview":"max-image-preview:large","max-video-preview":"max-video-preview:-1"},"canonical":"https:\/\/www.visit-ulcinj.com\/blog\/2013\/12\/14\/forca-deklarata-per-greven-ne-qenden-per-kulture-ulqin\/","og_locale":"en_US","og_type":"article","og_title":"Forca: Deklarata p\u00ebr grev\u00ebn n\u00eb Qenden per Kulture Ulqin - Lajme nga Ulqini","og_description":"Greve - \u00a0Qendra per Kulture Ulqin\u00a0\u00a0\u00a0\u00a0\u00a0\u00a0\u00a0 Ulqin, me 14.12.2013 Ne lidhje me greven te cilen e kane filluar punetoret e Qendes per Kulture ne Ulqin javen e","og_url":"https:\/\/www.visit-ulcinj.com\/blog\/2013\/12\/14\/forca-deklarata-per-greven-ne-qenden-per-kulture-ulqin\/","og_site_name":"Lajme nga Ulqini","article_published_time":"2013-12-14T21:44:54+00:00","article_modified_time":"2013-12-16T16:56:20+00:00","og_image":[{"url":"http:\/\/www.visit-ulcinj.com\/blog\/wp-content\/uploads\/2013\/05\/forca-logo-ulcinj-ulqin.jpg"}],"twitter_misc":{"Written by":"ulqini","Est. reading time":"3 minutes"},"schema":{"@context":"https:\/\/schema.org","@graph":[{"@type":"WebSite","@id":"https:\/\/www.visit-ulcinj.com\/blog\/#website","url":"https:\/\/www.visit-ulcinj.com\/blog\/","name":"Lajme nga Ulqini","description":"Lajme,Vijesti,Ulqini,Ulqin,Crna Gora,Mali i Zi","potentialAction":[{"@type":"SearchAction","target":{"@type":"EntryPoint","urlTemplate":"https:\/\/www.visit-ulcinj.com\/blog\/?s={search_term_string}"},"query-input":"required name=search_term_string"}],"inLanguage":"en-US"},{"@type":"ImageObject","inLanguage":"en-US","@id":"https:\/\/www.visit-ulcinj.com\/blog\/2013\/12\/14\/forca-deklarata-per-greven-ne-qenden-per-kulture-ulqin\/#primaryimage","url":"https:\/\/www.visit-ulcinj.com\/blog\/wp-content\/uploads\/2013\/05\/forca-logo-ulcinj-ulqin.jpg","contentUrl":"https:\/\/www.visit-ulcinj.com\/blog\/wp-content\/uploads\/2013\/05\/forca-logo-ulcinj-ulqin.jpg","width":500,"height":481},{"@type":"WebPage","@id":"https:\/\/www.visit-ulcinj.com\/blog\/2013\/12\/14\/forca-deklarata-per-greven-ne-qenden-per-kulture-ulqin\/#webpage","url":"https:\/\/www.visit-ulcinj.com\/blog\/2013\/12\/14\/forca-deklarata-per-greven-ne-qenden-per-kulture-ulqin\/","name":"Forca: Deklarata p\u00ebr grev\u00ebn n\u00eb Qenden per Kulture Ulqin - Lajme nga Ulqini","isPartOf":{"@id":"https:\/\/www.visit-ulcinj.com\/blog\/#website"},"primaryImageOfPage":{"@id":"https:\/\/www.visit-ulcinj.com\/blog\/2013\/12\/14\/forca-deklarata-per-greven-ne-qenden-per-kulture-ulqin\/#primaryimage"},"datePublished":"2013-12-14T21:44:54+00:00","dateModified":"2013-12-16T16:56:20+00:00","author":{"@id":"https:\/\/www.visit-ulcinj.com\/blog\/#\/schema\/person\/dcab619c614d3038751c63bc2aadc06d"},"description":"Greve - \u00a0Qendra per Kulture Ulqin\u00a0\u00a0\u00a0\u00a0\u00a0\u00a0\u00a0 Ulqin, me 14.12.2013 Ne lidhje me greven te cilen e kane filluar punetoret e Qendes per Kulture ne Ulqin javen e","breadcrumb":{"@id":"https:\/\/www.visit-ulcinj.com\/blog\/2013\/12\/14\/forca-deklarata-per-greven-ne-qenden-per-kulture-ulqin\/#breadcrumb"},"inLanguage":"en-US","potentialAction":[{"@type":"ReadAction","target":["https:\/\/www.visit-ulcinj.com\/blog\/2013\/12\/14\/forca-deklarata-per-greven-ne-qenden-per-kulture-ulqin\/"]}]},{"@type":"BreadcrumbList","@id":"https:\/\/www.visit-ulcinj.com\/blog\/2013\/12\/14\/forca-deklarata-per-greven-ne-qenden-per-kulture-ulqin\/#breadcrumb","itemListElement":[{"@type":"ListItem","position":1,"name":"Forca: Deklarata p\u00ebr grev\u00ebn n\u00eb Qenden per Kulture Ulqin"}]},{"@type":"Person","@id":"https:\/\/www.visit-ulcinj.com\/blog\/#\/schema\/person\/dcab619c614d3038751c63bc2aadc06d","name":"ulqini","sameAs":["http:\/\/www.visit-ulcinj.com"],"url":"https:\/\/www.visit-ulcinj.com\/blog\/author\/admin\/"}]}},"jetpack_featured_media_url":"","jetpack_sharing_enabled":true,"jetpack_shortlink":"https:\/\/wp.me\/pe6lTn-k4S","_links":{"self":[{"href":"https:\/\/www.visit-ulcinj.com\/blog\/wp-json\/wp\/v2\/posts\/77182"}],"collection":[{"href":"https:\/\/www.visit-ulcinj.com\/blog\/wp-json\/wp\/v2\/posts"}],"about":[{"href":"https:\/\/www.visit-ulcinj.com\/blog\/wp-json\/wp\/v2\/types\/post"}],"author":[{"embeddable":true,"href":"https:\/\/www.visit-ulcinj.com\/blog\/wp-json\/wp\/v2\/users\/1"}],"replies":[{"embeddable":true,"href":"https:\/\/www.visit-ulcinj.com\/blog\/wp-json\/wp\/v2\/comments?post=77182"}],"version-history":[{"count":2,"href":"https:\/\/www.visit-ulcinj.com\/blog\/wp-json\/wp\/v2\/posts\/77182\/revisions"}],"predecessor-version":[{"id":77212,"href":"https:\/\/www.visit-ulcinj.com\/blog\/wp-json\/wp\/v2\/posts\/77182\/revisions\/77212"}],"wp:attachment":[{"href":"https:\/\/www.visit-ulcinj.com\/blog\/wp-json\/wp\/v2\/media?parent=77182"}],"wp:term":[{"taxonomy":"category","embeddable":true,"href":"https:\/\/www.visit-ulcinj.com\/blog\/wp-json\/wp\/v2\/categories?post=77182"},{"taxonomy":"post_tag","embeddable":true,"href":"https:\/\/www.visit-ulcinj.com\/blog\/wp-json\/wp\/v2\/tags?post=77182"}],"curies":[{"name":"wp","href":"https:\/\/api.w.org\/{rel}","templated":true}]}}