{"id":77184,"date":"2013-12-14T22:53:30","date_gmt":"2013-12-14T21:53:30","guid":{"rendered":"http:\/\/www.visit-ulcinj.com\/blog\/?p=77184"},"modified":"2013-12-16T18:21:00","modified_gmt":"2013-12-16T17:21:00","slug":"udsh-sjellja-e-turpshme-e-pushtetit-lokal","status":"publish","type":"post","link":"https:\/\/www.visit-ulcinj.com\/blog\/2013\/12\/14\/udsh-sjellja-e-turpshme-e-pushtetit-lokal\/","title":{"rendered":"UDSH:  Sjellja e turpshme e pushtetit lokal"},"content":{"rendered":"<p><strong><a href=\"http:\/\/www.visit-ulcinj.com\/blog\/wp-content\/uploads\/2013\/12\/UNIONI-DEMOKRATIK-I-SHQIPTAR\u00cbVE.jpg\"><img loading=\"lazy\" class=\"alignleft  wp-image-77185\" alt=\"UNIONI  DEMOKRATIK I SHQIPTAR\u00cbVE\" src=\"http:\/\/www.visit-ulcinj.com\/blog\/wp-content\/uploads\/2013\/12\/UNIONI-DEMOKRATIK-I-SHQIPTAR\u00cbVE.jpg\" width=\"508\" height=\"360\" \/><\/a>Kumtes\u00eb p\u00ebr opinion t\u00eb Unioni Demokratik t\u00eb Shqiptar\u00ebve me rastin e grev\u00ebs s\u00eb pun\u00ebtor\u00ebve n\u00eb Qend\u00ebr p\u00ebr kultur\u00eb<\/strong><\/p>\n<p>Unioni Demokratik i Shqiptar\u00ebve e vler\u00ebson t\u00eb turpshme sjelljen e qeverisjes lokale n\u00eb rastin e grev\u00ebs s\u00eb pun\u00ebtor\u00ebve t\u00eb Qendr\u00ebs p\u00ebr kultur\u00eb. T\u00eb dal\u00ebsh para pun\u00ebtor\u00ebve dhe t\u00eb thuash q\u00eb mos t\u00eb presin asnj\u00eb lloj ndihme edhe pse e din\u00eb q\u00eb p\u00ebrve\u00e7 detyrimit ligjor kan\u00eb dhe detyrim moral t\u00eb jen\u00eb n\u00eb krah\u00eb t\u00eb tyre, sepse n\u00eb fund t\u00eb fundit, k\u00ebto jan\u00eb njer\u00ebzit q\u00eb deri dje i ran\u00eb t\u00eb gjitha k\u00ebmbanave p\u00ebr t\u00eb drejt\u00ebn e pun\u00ebtor\u00ebve p\u00ebr paga, nd\u00ebrsa tani q\u00eb kjo mund\u00ebsi iu dha, sillen sikur kjo absolutisht nuk i shqet\u00ebson.<\/p>\n<p>Me t\u00eb drejt\u00eb pyesim: ku jan\u00eb k\u00ebto premtime q\u00eb \u00e7do t\u00eb parit n\u00eb muaj do t\u00eb jepen pagat, ku humb\u00ebn idet\u00eb shp\u00ebtimtare dhe projektet p\u00ebr shp\u00ebtimin e qytetit ton\u00eb?<\/p>\n<p>Zot\u00ebri pushtetmbajt\u00ebs, silluni kah k\u00ebto pun\u00ebtor\u00eb, sepse ato nuk k\u00ebrkojn\u00eb q\u00eb t\u00eb ju dhurohet gj\u00eb, por k\u00ebrkojn\u00eb at\u00eb \u00e7ka minimale iu takon,\u00a0 k\u00ebrkojn\u00eb at\u00eb \u00e7far\u00eb \u00ebsht\u00eb m\u00eb normalja, e ato jan\u00eb pagat e fituara me nder.<\/p>\n<p>Th\u00ebrrasim zot\u00ebrinjt\u00eb t\u00eb nxjerrin kok\u00ebn nga r\u00ebra dhe t\u00eb merren me problemin e k\u00ebtyre pun\u00ebtor\u00ebve, sepse atje nuk jan\u00eb n\u00eb grev\u00eb Mongol\u00ebt dhe Kinez\u00ebt, por v\u00ebllez\u00ebrit dhe motrat tona, bashk\u00ebqytetar\u00ebt tan\u00eb q\u00eb hi\u00e7 m\u00eb pak se ato kan\u00eb t\u00eb drejt\u00eb p\u00ebr jet\u00eb normale.<\/p>\n<p>Zot\u00ebrinj pushtetmbajt\u00ebs, ju p\u00ebrkujtojm\u00eb q\u00eb n\u00eb Qend\u00ebr p\u00ebr kultur\u00eb pun\u00ebtor\u00ebt jan\u00eb n\u00eb grev\u00eb urie, dhe at\u00eb askush tjet\u00ebr por n\u00ebnat, bashk\u00ebshortet dhe motrat tona. p\u00ebr k\u00ebt\u00eb arsye gjeni zgjidhje sepse nuk b\u00ebhet fjal\u00eb p\u00ebr miliona, por p\u00ebr disa dhjeta mija euro.<\/p>\n<p>Mos u arsyetoni n\u00eb pamund\u00ebsin\u00eb e marrjes s\u00eb kredis\u00eb, por th\u00ebrrisni seanc\u00ebn e kuvendit dhe t\u00eb gjith\u00eb s\u00eb bashku t\u00eb gjejm\u00eb zgjidhje t\u00eb favorshme.<\/p>\n<p><strong>Kryetari i UDSH-s\u00eb,\u00a0\u00a0\u00a0\u00a0\u00a0\u00a0\u00a0\u00a0<\/strong><\/p>\n<p><strong>\u00a0Mehmed Zenka,d.v.<\/strong><\/p>\n","protected":false},"excerpt":{"rendered":"<p>Kumtes\u00eb p\u00ebr opinion t\u00eb Unioni Demokratik t\u00eb Shqiptar\u00ebve me rastin e grev\u00ebs s\u00eb pun\u00ebtor\u00ebve n\u00eb Qend\u00ebr p\u00ebr kultur\u00eb Unioni Demokratik i Shqiptar\u00ebve e vler\u00ebson t\u00eb turpshme sjelljen e qeverisjes lokale n\u00eb rastin e grev\u00ebs s\u00eb pun\u00ebtor\u00ebve t\u00eb Qendr\u00ebs p\u00ebr kultur\u00eb. T\u00eb dal\u00ebsh para pun\u00ebtor\u00ebve dhe t\u00eb thuash q\u00eb mos t\u00eb presin asnj\u00eb lloj ndihme edhe [&hellip;]<\/p>\n","protected":false},"author":1,"featured_media":0,"comment_status":"closed","ping_status":"closed","sticky":false,"template":"","format":"standard","meta":{"spay_email":"","jetpack_publicize_message":"","jetpack_is_tweetstorm":false,"jetpack_publicize_feature_enabled":true},"categories":[6,11],"tags":[],"jetpack_publicize_connections":[],"yoast_head":"<!-- This site is optimized with the Yoast SEO plugin v19.1 - https:\/\/yoast.com\/wordpress\/plugins\/seo\/ -->\n<title>UDSH: Sjellja e turpshme e pushtetit lokal - Lajme nga Ulqini<\/title>\n<meta name=\"description\" content=\"Kumtes\u00eb p\u00ebr opinion t\u00eb Unioni Demokratik t\u00eb Shqiptar\u00ebve me rastin e grev\u00ebs s\u00eb pun\u00ebtor\u00ebve n\u00eb Qend\u00ebr p\u00ebr kultur\u00eb Unioni Demokratik i Shqiptar\u00ebve e vler\u00ebson\" \/>\n<meta name=\"robots\" content=\"index, follow, max-snippet:-1, max-image-preview:large, max-video-preview:-1\" \/>\n<link rel=\"canonical\" href=\"https:\/\/www.visit-ulcinj.com\/blog\/2013\/12\/14\/udsh-sjellja-e-turpshme-e-pushtetit-lokal\/\" \/>\n<meta property=\"og:locale\" content=\"en_US\" \/>\n<meta property=\"og:type\" content=\"article\" \/>\n<meta property=\"og:title\" content=\"UDSH: Sjellja e turpshme e pushtetit lokal - Lajme nga Ulqini\" \/>\n<meta property=\"og:description\" content=\"Kumtes\u00eb p\u00ebr opinion t\u00eb Unioni Demokratik t\u00eb Shqiptar\u00ebve me rastin e grev\u00ebs s\u00eb pun\u00ebtor\u00ebve n\u00eb Qend\u00ebr p\u00ebr kultur\u00eb Unioni Demokratik i Shqiptar\u00ebve e vler\u00ebson\" \/>\n<meta property=\"og:url\" content=\"https:\/\/www.visit-ulcinj.com\/blog\/2013\/12\/14\/udsh-sjellja-e-turpshme-e-pushtetit-lokal\/\" \/>\n<meta property=\"og:site_name\" content=\"Lajme nga Ulqini\" \/>\n<meta property=\"article:published_time\" content=\"2013-12-14T21:53:30+00:00\" \/>\n<meta property=\"article:modified_time\" content=\"2013-12-16T17:21:00+00:00\" \/>\n<meta name=\"twitter:label1\" content=\"Written by\" \/>\n\t<meta name=\"twitter:data1\" content=\"ulqini\" \/>\n\t<meta name=\"twitter:label2\" content=\"Est. reading time\" \/>\n\t<meta name=\"twitter:data2\" content=\"2 minutes\" \/>\n<script type=\"application\/ld+json\" class=\"yoast-schema-graph\">{\"@context\":\"https:\/\/schema.org\",\"@graph\":[{\"@type\":\"WebSite\",\"@id\":\"https:\/\/www.visit-ulcinj.com\/blog\/#website\",\"url\":\"https:\/\/www.visit-ulcinj.com\/blog\/\",\"name\":\"Lajme nga Ulqini\",\"description\":\"Lajme,Vijesti,Ulqini,Ulqin,Crna Gora,Mali i Zi\",\"potentialAction\":[{\"@type\":\"SearchAction\",\"target\":{\"@type\":\"EntryPoint\",\"urlTemplate\":\"https:\/\/www.visit-ulcinj.com\/blog\/?s={search_term_string}\"},\"query-input\":\"required name=search_term_string\"}],\"inLanguage\":\"en-US\"},{\"@type\":\"WebPage\",\"@id\":\"https:\/\/www.visit-ulcinj.com\/blog\/2013\/12\/14\/udsh-sjellja-e-turpshme-e-pushtetit-lokal\/#webpage\",\"url\":\"https:\/\/www.visit-ulcinj.com\/blog\/2013\/12\/14\/udsh-sjellja-e-turpshme-e-pushtetit-lokal\/\",\"name\":\"UDSH: Sjellja e turpshme e pushtetit lokal - Lajme nga Ulqini\",\"isPartOf\":{\"@id\":\"https:\/\/www.visit-ulcinj.com\/blog\/#website\"},\"datePublished\":\"2013-12-14T21:53:30+00:00\",\"dateModified\":\"2013-12-16T17:21:00+00:00\",\"author\":{\"@id\":\"https:\/\/www.visit-ulcinj.com\/blog\/#\/schema\/person\/dcab619c614d3038751c63bc2aadc06d\"},\"description\":\"Kumtes\u00eb p\u00ebr opinion t\u00eb Unioni Demokratik t\u00eb Shqiptar\u00ebve me rastin e grev\u00ebs s\u00eb pun\u00ebtor\u00ebve n\u00eb Qend\u00ebr p\u00ebr kultur\u00eb Unioni Demokratik i Shqiptar\u00ebve e vler\u00ebson\",\"breadcrumb\":{\"@id\":\"https:\/\/www.visit-ulcinj.com\/blog\/2013\/12\/14\/udsh-sjellja-e-turpshme-e-pushtetit-lokal\/#breadcrumb\"},\"inLanguage\":\"en-US\",\"potentialAction\":[{\"@type\":\"ReadAction\",\"target\":[\"https:\/\/www.visit-ulcinj.com\/blog\/2013\/12\/14\/udsh-sjellja-e-turpshme-e-pushtetit-lokal\/\"]}]},{\"@type\":\"BreadcrumbList\",\"@id\":\"https:\/\/www.visit-ulcinj.com\/blog\/2013\/12\/14\/udsh-sjellja-e-turpshme-e-pushtetit-lokal\/#breadcrumb\",\"itemListElement\":[{\"@type\":\"ListItem\",\"position\":1,\"name\":\"UDSH: Sjellja e turpshme e pushtetit lokal\"}]},{\"@type\":\"Person\",\"@id\":\"https:\/\/www.visit-ulcinj.com\/blog\/#\/schema\/person\/dcab619c614d3038751c63bc2aadc06d\",\"name\":\"ulqini\",\"sameAs\":[\"http:\/\/www.visit-ulcinj.com\"],\"url\":\"https:\/\/www.visit-ulcinj.com\/blog\/author\/admin\/\"}]}<\/script>\n<!-- \/ Yoast SEO plugin. -->","yoast_head_json":{"title":"UDSH: Sjellja e turpshme e pushtetit lokal - Lajme nga Ulqini","description":"Kumtes\u00eb p\u00ebr opinion t\u00eb Unioni Demokratik t\u00eb Shqiptar\u00ebve me rastin e grev\u00ebs s\u00eb pun\u00ebtor\u00ebve n\u00eb Qend\u00ebr p\u00ebr kultur\u00eb Unioni Demokratik i Shqiptar\u00ebve e vler\u00ebson","robots":{"index":"index","follow":"follow","max-snippet":"max-snippet:-1","max-image-preview":"max-image-preview:large","max-video-preview":"max-video-preview:-1"},"canonical":"https:\/\/www.visit-ulcinj.com\/blog\/2013\/12\/14\/udsh-sjellja-e-turpshme-e-pushtetit-lokal\/","og_locale":"en_US","og_type":"article","og_title":"UDSH: Sjellja e turpshme e pushtetit lokal - Lajme nga Ulqini","og_description":"Kumtes\u00eb p\u00ebr opinion t\u00eb Unioni Demokratik t\u00eb Shqiptar\u00ebve me rastin e grev\u00ebs s\u00eb pun\u00ebtor\u00ebve n\u00eb Qend\u00ebr p\u00ebr kultur\u00eb Unioni Demokratik i Shqiptar\u00ebve e vler\u00ebson","og_url":"https:\/\/www.visit-ulcinj.com\/blog\/2013\/12\/14\/udsh-sjellja-e-turpshme-e-pushtetit-lokal\/","og_site_name":"Lajme nga Ulqini","article_published_time":"2013-12-14T21:53:30+00:00","article_modified_time":"2013-12-16T17:21:00+00:00","twitter_misc":{"Written by":"ulqini","Est. reading time":"2 minutes"},"schema":{"@context":"https:\/\/schema.org","@graph":[{"@type":"WebSite","@id":"https:\/\/www.visit-ulcinj.com\/blog\/#website","url":"https:\/\/www.visit-ulcinj.com\/blog\/","name":"Lajme nga Ulqini","description":"Lajme,Vijesti,Ulqini,Ulqin,Crna Gora,Mali i Zi","potentialAction":[{"@type":"SearchAction","target":{"@type":"EntryPoint","urlTemplate":"https:\/\/www.visit-ulcinj.com\/blog\/?s={search_term_string}"},"query-input":"required name=search_term_string"}],"inLanguage":"en-US"},{"@type":"WebPage","@id":"https:\/\/www.visit-ulcinj.com\/blog\/2013\/12\/14\/udsh-sjellja-e-turpshme-e-pushtetit-lokal\/#webpage","url":"https:\/\/www.visit-ulcinj.com\/blog\/2013\/12\/14\/udsh-sjellja-e-turpshme-e-pushtetit-lokal\/","name":"UDSH: Sjellja e turpshme e pushtetit lokal - Lajme nga Ulqini","isPartOf":{"@id":"https:\/\/www.visit-ulcinj.com\/blog\/#website"},"datePublished":"2013-12-14T21:53:30+00:00","dateModified":"2013-12-16T17:21:00+00:00","author":{"@id":"https:\/\/www.visit-ulcinj.com\/blog\/#\/schema\/person\/dcab619c614d3038751c63bc2aadc06d"},"description":"Kumtes\u00eb p\u00ebr opinion t\u00eb Unioni Demokratik t\u00eb Shqiptar\u00ebve me rastin e grev\u00ebs s\u00eb pun\u00ebtor\u00ebve n\u00eb Qend\u00ebr p\u00ebr kultur\u00eb Unioni Demokratik i Shqiptar\u00ebve e vler\u00ebson","breadcrumb":{"@id":"https:\/\/www.visit-ulcinj.com\/blog\/2013\/12\/14\/udsh-sjellja-e-turpshme-e-pushtetit-lokal\/#breadcrumb"},"inLanguage":"en-US","potentialAction":[{"@type":"ReadAction","target":["https:\/\/www.visit-ulcinj.com\/blog\/2013\/12\/14\/udsh-sjellja-e-turpshme-e-pushtetit-lokal\/"]}]},{"@type":"BreadcrumbList","@id":"https:\/\/www.visit-ulcinj.com\/blog\/2013\/12\/14\/udsh-sjellja-e-turpshme-e-pushtetit-lokal\/#breadcrumb","itemListElement":[{"@type":"ListItem","position":1,"name":"UDSH: Sjellja e turpshme e pushtetit lokal"}]},{"@type":"Person","@id":"https:\/\/www.visit-ulcinj.com\/blog\/#\/schema\/person\/dcab619c614d3038751c63bc2aadc06d","name":"ulqini","sameAs":["http:\/\/www.visit-ulcinj.com"],"url":"https:\/\/www.visit-ulcinj.com\/blog\/author\/admin\/"}]}},"jetpack_featured_media_url":"","jetpack_sharing_enabled":true,"jetpack_shortlink":"https:\/\/wp.me\/pe6lTn-k4U","_links":{"self":[{"href":"https:\/\/www.visit-ulcinj.com\/blog\/wp-json\/wp\/v2\/posts\/77184"}],"collection":[{"href":"https:\/\/www.visit-ulcinj.com\/blog\/wp-json\/wp\/v2\/posts"}],"about":[{"href":"https:\/\/www.visit-ulcinj.com\/blog\/wp-json\/wp\/v2\/types\/post"}],"author":[{"embeddable":true,"href":"https:\/\/www.visit-ulcinj.com\/blog\/wp-json\/wp\/v2\/users\/1"}],"replies":[{"embeddable":true,"href":"https:\/\/www.visit-ulcinj.com\/blog\/wp-json\/wp\/v2\/comments?post=77184"}],"version-history":[{"count":1,"href":"https:\/\/www.visit-ulcinj.com\/blog\/wp-json\/wp\/v2\/posts\/77184\/revisions"}],"predecessor-version":[{"id":77186,"href":"https:\/\/www.visit-ulcinj.com\/blog\/wp-json\/wp\/v2\/posts\/77184\/revisions\/77186"}],"wp:attachment":[{"href":"https:\/\/www.visit-ulcinj.com\/blog\/wp-json\/wp\/v2\/media?parent=77184"}],"wp:term":[{"taxonomy":"category","embeddable":true,"href":"https:\/\/www.visit-ulcinj.com\/blog\/wp-json\/wp\/v2\/categories?post=77184"},{"taxonomy":"post_tag","embeddable":true,"href":"https:\/\/www.visit-ulcinj.com\/blog\/wp-json\/wp\/v2\/tags?post=77184"}],"curies":[{"name":"wp","href":"https:\/\/api.w.org\/{rel}","templated":true}]}}