{"id":7719,"date":"2008-12-27T11:02:21","date_gmt":"2008-12-27T10:02:21","guid":{"rendered":"http:\/\/www.visit-ulcinj.com\/blog\/?p=7719"},"modified":"2008-12-27T11:02:21","modified_gmt":"2008-12-27T10:02:21","slug":"ze-i-fuqishem-per-mbrojtjen-dhe-afirmimin-e-interesave-kombetare","status":"publish","type":"post","link":"https:\/\/www.visit-ulcinj.com\/blog\/2008\/12\/27\/ze-i-fuqishem-per-mbrojtjen-dhe-afirmimin-e-interesave-kombetare\/","title":{"rendered":"Z\u00eb i fuqish\u00ebm p\u00ebr mbrojtjen dhe afirmimin e interesave komb\u00ebtare"},"content":{"rendered":"<p><a href=\"http:\/\/www.visit-ulcinj.com\/blog\/wp-content\/uploads\/2008\/06\/bahri-brisku.thumbnail.jpg\"><img loading=\"lazy\" class=\"alignleft\" title=\" Prof. dr. Bahri Brisku \" src=\"http:\/\/www.visit-ulcinj.com\/blog\/wp-content\/uploads\/2008\/06\/bahri-brisku.thumbnail.jpg\" alt=\"\" width=\"255\" height=\"251\" \/><\/a>Autori jo vet\u00ebm n\u00eb k\u00ebt\u00eb vep\u00ebr, por edhe n\u00eb botimet e m\u00ebparshme \u00ebsht\u00eb duke luajtur nj\u00eb rol shum\u00eb t\u00eb r\u00ebnd\u00ebsish\u00ebm n\u00eb kultivimin e nd\u00ebrgjegjes, traditave si dhe n\u00eb afirimimin nd\u00ebrkomb\u00ebtar t\u00eb \u00e7\u00ebshtjeve komb\u00ebtare. Padyshim n\u00eb krijimet e tij dalin n\u00eb pah aft\u00ebsit\u00eb e thella intelektuale dhe atdhetare, t\u00eb cilat i v\u00eb n\u00eb qarkullim n\u00eb favor t\u00eb \u00e7\u00ebshtjeve dhe t\u00eb mirave komb\u00ebtare. Gjeka i ngre problemet e shqiptar\u00ebve n\u00eb piedestalin e instancave administrative t\u00eb aren\u00ebs bot\u00ebrore, duke d\u00ebshmuar q\u00eb n\u00eb territoret etnike shqiptare po thellohen dhuna dhe terrori i aspekteve t\u00eb ndryshme, q\u00eb d\u00ebshmon q\u00eb regjimet e tilla jan\u00eb n\u00eb kund\u00ebrshtim t\u00eb thell\u00eb me parimet themelore t\u00eb Kart\u00ebs s\u00eb Atlantikut, q\u00eb ka t\u00eb b\u00ebj\u00eb me lirit\u00eb dhe t\u00eb drejtat elementare t\u00eb njeriut.<br \/>\nVepra e publicistit dhe studiuesit Gjek\u00eb Gjonaj &#8220;Gjurm\u00ebve t\u00eb koh\u00ebs&#8221; e cila u botua k\u00ebto dit\u00eb nga Enti Botues &#8221; Gjergj Fishta&#8221; n\u00eb Lezh\u00eb, \u00ebsht\u00eb e ndar\u00eb n\u00eb tet\u00eb cikle, t\u00eb cilat jan\u00eb t\u00eb lidhura ngusht me tematik\u00ebn par\u00ebsore t\u00eb k\u00ebtij v\u00ebllimi. Autori pjes\u00ebn m\u00eb t\u00eb madhe t\u00eb k\u00ebtyre punimeve i ka botuar n\u00eb medie t\u00eb ndryshme n\u00eb gjuh\u00ebn shqipe brenda dhe jasht\u00eb shtetit ku jeton. Gjonaj i vet\u00ebdijsh\u00ebm se shkrimet n\u00eb medie zgjasin shkurt, vet\u00ebm nj\u00eb dit\u00eb, punimet e tij m\u00eb cil\u00ebsore i ka p\u00ebrmbledhur n\u00eb nj\u00eb v\u00ebllim t\u00eb ve\u00e7ant\u00eb, q\u00eb ka nj\u00eb pesh\u00eb shkencore me vler\u00eb materiale. Kjo vep\u00ebr si e till\u00eb jam i bindur se do t\u00eb lexohet me kurreshtje nga lexuesi. Kjo \u00ebsht\u00eb vepra e tret\u00eb e k\u00ebtij studiuesi t\u00eb palodhsh\u00ebm, i cili gjat\u00eb shkruarjes t\u00eb k\u00ebtyre vlerave interesante, me shum\u00eb maturi p\u00ebrdor gjuh\u00ebn e past\u00ebr, pa frazeologji dhe p\u00ebrs\u00ebritje, t\u00eb kondenzuar, t\u00eb rudhur dhe metaforike. K\u00ebto dhe shum\u00eb cil\u00ebsi t\u00eb tjera k\u00ebsaj vepre ia madhojn\u00eb vler\u00ebn e q\u00ebndrueshme, duke e radhitur at\u00eb n\u00eb mesin e atyre krijimeve q\u00eb jan\u00eb t\u00eb domosdoshme t\u00eb lexohen nga dashamir\u00ebt e \u00e7\u00ebshtjeve komb\u00ebtare shqiptare. Autori Gjonaj, n\u00eb k\u00ebt\u00eb studim rrezaton dinjitet dhe nd\u00ebrgjege t\u00eb lart\u00eb komb\u00ebtare, duke mos r\u00ebn\u00eb n\u00eb uj\u00ebra t\u00eb turbullta t\u00eb rrymave politike antishqiptare.<br \/>\nN\u00eb pjes\u00ebn m\u00eb t\u00eb madhe t\u00eb k\u00ebsaj vepre Gjonaj ngreh z\u00ebrin p\u00ebr mbrojtjen e interesave komb\u00ebtare, duke iu kund\u00ebrv\u00ebn\u00eb me fuqin\u00eb e argumenteve orekseve pretenduese qeveritare. Autori jo vet\u00ebm n\u00eb k\u00ebt\u00eb vep\u00ebr, por edhe n\u00eb botimet e m\u00ebparshme \u00ebsht\u00eb duke luajtur nj\u00eb rol shum\u00eb t\u00eb r\u00ebnd\u00ebsish\u00ebm n\u00eb kultivimin e nd\u00ebrgjegjes, traditave si dhe n\u00eb afirimimin nd\u00ebrkomb\u00ebtar t\u00eb \u00e7\u00ebshtjeve komb\u00ebtare. Padyshim n\u00eb krijimet e tij dalin n\u00eb pah aft\u00ebsit\u00eb e thella intelektuale dhe atdhetare, t\u00eb cilat i v\u00eb n\u00eb qarkullim n\u00eb favor t\u00eb \u00e7\u00ebshtjeve dhe t\u00eb mirave komb\u00ebtare. Gjeka, i ngre problemet e shqiptar\u00ebve n\u00eb piedestalin e instancave administrative t\u00eb aren\u00ebs bot\u00ebrore, duke d\u00ebshmuar q\u00eb n\u00eb territoret etnike shqiptare po thellohen dhuna dhe terrori i aspekteve t\u00eb ndryshme, q\u00eb d\u00ebshmon q\u00eb regjimet e tilla jan\u00eb n\u00eb kund\u00ebrshtim t\u00eb thell\u00eb me parimet themelore t\u00eb Kart\u00ebs s\u00eb Atlantikut, q\u00eb ka t\u00eb b\u00ebj\u00eb me lirit\u00eb dhe t\u00eb drejtat elementare t\u00eb njeriut. N\u00eb asnj\u00eb m\u00ebnyr\u00eb nuk mund t\u00eb justifikohet mbajtja me vite n\u00eb arrest e 18 shqiptar\u00ebve t\u00eb rrethit t\u00eb Tuzit, pa aktakuz\u00eb t\u00eb d\u00ebshmuar juridikisht. Di\u00e7ka e till\u00eb nuk ka ndodhur as q\u00eb mund t\u00eb ngjaj\u00eb n\u00eb shtetet demokratike. Lidhur me k\u00ebto dhe shum\u00eb probleme t\u00eb tjera t\u00eb cilat Qeveria malazeze q\u00ebllimisht i anashkalon autori i paraqet, i trajton gjer\u00ebsisht, duke ia b\u00ebr\u00eb me dije lexuesit se ato pushteti po i p\u00ebrdor gjithnj\u00eb si instrument p\u00ebr t\u00eb v\u00ebshtir\u00ebsuar edhe m\u00eb tep\u00ebr jet\u00ebn e shqiptar\u00ebve n\u00eb Malin e Zi, t\u00eb cil\u00ebve edhe n\u00eb pluraliz\u00ebm me arroganc\u00eb po i gllab\u00ebrohen resurset ekonomike. Shembull tipik i eksploatimeve t\u00eb r\u00ebnda ndaj shqiptar\u00ebve gjith\u00ebsesi \u00ebsht\u00eb NP &#8221; Morsko dobro&#8221; ( T\u00eb mirat detare) dhe Plani Hap\u00ebsinor i Malit t\u00eb Zi, i cili diskriminon Ulqinin dhe trevat e tjera shqiptare n\u00eb k\u00ebt\u00eb republik\u00eb. Konceptet e k\u00ebtilla jan\u00eb diametralisht kund\u00ebr intencave dhe parimeve demokratike.. Studiuesi Gjonaj me referenca bind\u00ebse vazhdimisht shkruan kund\u00ebr k\u00ebtyre dukurive jo vet\u00ebm antishqiptare, por edhe antinjer\u00ebzore. Veprat e tilla \u00ebsht\u00eb obligim komb\u00ebtar q\u00eb t\u00eb botohen dhe t\u00eb lexohen masivisht.<br \/>\nHartuesi i k\u00ebsaj vepre kreun e par\u00eb e fillon me autorin e gurthemelit t\u00eb historis\u00eb son\u00eb komb\u00ebtare, Gjon Buzukun. Pastaj trajton figura t\u00eb shquara komb\u00ebtare si\u00e7 jan\u00eb: At Gjergj Fishta, N\u00ebna Tereze, e cila me veprimtarin\u00eb humane-universale ia ngriti imazhin komb\u00ebtar shqiptar\u00ebve. Pjesa e dyt\u00eb e k\u00ebsaj vepre fillon me Ded\u00eb Gjoz Lulin, i cili \u00ebsht\u00eb nj\u00eb personalitet i dalluar komb\u00ebtar. N\u00eb vazhdim t\u00eb kapitullit t\u00eb dyt\u00eb, autori shkruan p\u00ebr Baca Kurtin, q\u00eb \u00ebsht\u00eb nderi dhe krenaria e Mal\u00ebsis\u00eb, pastaj hedh drit\u00eb mbi figur\u00ebn historike t\u00eb Tring\u00eb Smajles, t\u00eb cil\u00ebs, Gjergj Fishta n\u00eb vepr\u00ebn e madh\u00ebrishme-epin gjith\u00ebkomb\u00ebtar &#8211; &#8221; Lahut\u00ebn e Malcis&#8221; i cakton vend t\u00eb nderuar.<br \/>\nKreun e tret\u00eb t\u00eb k\u00ebsaj vepre, Gjek\u00eb Gjonaj e fillon me &#8221; Lamtumir\u00eb, president!, q\u00eb ia kushton funeralit t\u00eb vdekjes s\u00eb dr. Ibrahim Rugov\u00ebs. Gjonaj me plot t\u00eb drejt\u00eb ceremonis\u00eb dhe ritualeve mortare s\u00eb Presidnetit Rugova i kushton hap\u00ebsir\u00eb t\u00eb merituar n\u00eb k\u00ebt\u00eb vep\u00ebr. Autori me k\u00ebt\u00eb rast publikon nj\u00eb analiz\u00eb t\u00eb detajuar t\u00eb k\u00ebtij momenti mortor, duke na ofruar fakte shum\u00eb t\u00eb q\u00eblluara p\u00ebr prezantimet publike t\u00eb k\u00ebtij lloji.<br \/>\nN\u00eb kreun e kat\u00ebrt t\u00eb k\u00ebsaj vepre Gjek\u00eb Gjonaj shkruan p\u00ebr dy persona q\u00eb krijuan em\u00ebr n\u00eb k\u00ebt\u00eb hap\u00ebsir\u00eb, e q\u00eb jan\u00eb Dom Simon Filipaj dhe Dr. Vin\u00e7enc Malaj. K\u00ebta dy kolos\u00eb t\u00eb kultur\u00ebs son\u00eb lan\u00eb gjurm\u00eb t\u00eb thella n\u00eb fush\u00ebn e kultur\u00ebs dhe t\u00eb bindjeve fetare shqiptare.<br \/>\nN\u00eb pjes\u00ebn e pest\u00eb t\u00eb k\u00ebtij studimi, autori merret me skalitjen dhe vler\u00ebsimin e disa figurave q\u00eb kontribuan shum\u00eb m\u00eb begatimin e kultur\u00ebs son\u00eb komb\u00ebtare. N\u00eb k\u00ebto portrete, autori rreshton: Gjergj Gjokajn, Luc\u00eb Lucajn, Antonie Rogin Markoviq, Mark Ujkiqin, Roberta Ndokajn&#8230; N\u00eb vazhdim autori na paraqet veprimtarin\u00eb e pasur t\u00eb skulptorit Thoma Thomai Dhamo, p\u00ebr t\u00eb vijuar me nj\u00eb grup piktor\u00ebsh, t\u00eb cil\u00ebt me veprat e tyre u b\u00ebn\u00eb t\u00eb njohur n\u00eb fush\u00ebn e kultur\u00ebs shqiptare, si\u00e7 jan\u00eb Zake Prelvukaj, Seida Belegoviqi, Gjergj Noc Martini etj. Shkrimi i autorit p\u00ebr familjen e shestanasit Nik\u00eb Junkut, i cili sipas nj\u00eb dokumenti \u00ebsht\u00eb pasardh\u00ebs i kont\u00ebve t\u00eb Ljares, \u00ebsht\u00eb me pesh\u00eb t\u00eb ve\u00e7ant\u00eb p\u00ebr historin\u00eb dhe kultur\u00ebn ton\u00eb. Ky dokument p\u00ebrthekon n\u00eb vete gjurm\u00eb historike mb\u00ebshtjell\u00eb me nj\u00eb mobuloz\u00eb legjendare. Zanafilla e k\u00ebsaj d\u00ebshmie i takon mesjet\u00ebs s\u00eb hershme.<br \/>\nStudiuesi Gjek\u00eb Gjonaj, kreun e gjasht\u00eb t\u00eb k\u00ebsaj vepre e ka caktuar p\u00ebr intervista me personalitete t\u00eb shquara q\u00eb kan\u00eb dh\u00ebn\u00eb dhe vazhdojn\u00eb t\u00eb japin kontribut p\u00ebr thesarin e kultur\u00ebs shqiptare. K\u00ebto intervista autori ia fillon me aktoren e njohur t\u00eb monodram\u00ebs Ema Andrea, e cila me interpretimet e veta ka krijuar em\u00ebr n\u00eb dramaturgjin\u00eb shqiptare. Gjithashtu intervista cil\u00ebsore q\u00eb e zhvillon autori me doajenin e kinematografis\u00eb shqiptare-Timo Flloko, \u00ebsht\u00eb nj\u00eb perl\u00eb q\u00eb ia vlen t\u00eb z\u00eb vend t\u00eb denj\u00eb n\u00eb k\u00ebt\u00eb vep\u00ebr. N\u00eb k\u00ebt\u00eb bised\u00eb me Timo Flokon, Gjek\u00eb Gjonaj na prezenton gjendjen e t\u00ebr\u00ebsishme n\u00eb teatrot dhe n\u00eb kinostudiot e hap\u00ebsir\u00ebs shqiptare. N\u00eb intervist\u00ebn me poetin shum\u00eb t\u00eb d\u00ebgjuar Xhevahir Spahiun, autori i k\u00ebtij libri na hedh n\u00eb pah gjendjen shpirt\u00ebrore t\u00eb krijuesve dhe t\u00eb lexuesve n\u00eb Shqip\u00ebri, v\u00ebshtir\u00ebsit\u00eb e krijuesve n\u00eb koh\u00ebn e monizmit. Paraqiten v\u00ebshtir\u00ebsit\u00eb e koh\u00ebs aktuale n\u00eb Shqip\u00ebri dhe shum\u00eb v\u00ebshtir\u00ebsi t\u00eb tjera q\u00eb i ndjekin poet\u00ebt dhe krijuesit tan\u00eb. Ish- ministrin e Pun\u00ebve t\u00eb Jashtme t\u00eb Shqip\u00ebris\u00eb, Besnik Mustafajn, autori i k\u00ebsaj vepre e ka takuar me rastin e funeralit t\u00eb Ibrahim Rugov\u00ebs n\u00eb Prishtin\u00eb, ku edhe zhvillon nj\u00eb bised\u00eb me t\u00eb lidhur me situat\u00ebn politike n\u00eb hap\u00ebsir\u00ebn mbar\u00ebshqiptare. Ishte koha kur Kosova ende nuk ishte shpallur shtet i pavarur. Ndaj , kjo intervist\u00eb e gjer\u00eb me ministrin Mustafaj paraqet nj\u00eb meditim politik q\u00eb lexohet me kurreshtje.<br \/>\nN\u00eb kreun e shtat\u00eb t\u00eb k\u00ebsaj vepre flitet p\u00ebr figurat e m\u00ebdha shqiptare. Autori Gjek\u00eb Gjonaj \u00ebsht\u00eb thell\u00ebsisht i vet\u00ebdijsh\u00ebm q\u00eb historin\u00eb e nj\u00eb kombi e p\u00ebrb\u00ebjn\u00eb figurat, personalitet dhe ngjarjet komb\u00ebtare. Andaj, me t\u00eb drejt\u00eb sugjeron fuqish\u00ebm q\u00eb t\u00eb vazhdohet dhe t\u00eb thellohet tradita e kujtes\u00ebs dhe respektit t\u00eb merituar p\u00ebr figurat historike, t\u00eb cilat kan\u00eb pasur preokupim par\u00ebsor, \u00e7\u00ebshtjen komb\u00ebtare. Autori me kujdes ka tubuar nj\u00eb num\u00ebr figurash historike komb\u00ebtare dhe na i ka prezentuar n\u00eb k\u00ebt\u00eb cik\u00ebl. N\u00eb vazhdim t\u00eb k\u00ebtij kapitulli, autori shkruan p\u00ebr kriz\u00ebn q\u00eb momentalisht po e p\u00ebrcjellin librin shqip, kultur\u00ebn popullore shqiptare, etj. Gjonaj n\u00eb vazhd\u00ebn e k\u00ebtij cikli shkruan p\u00ebr reflektimet e bashk\u00ebpunimit n\u00eb mes t\u00eb Malit t\u00eb Zi dhe Shqip\u00ebris\u00eb, p\u00ebr distancimin e partive shqiptare nga ideja e rajonizimit, p\u00ebr pozit\u00ebn e disfavorshme t\u00eb arsimit shqip, p\u00ebr shqet\u00ebsimet e fillorist\u00ebve dhe m\u00ebsimdh\u00ebn\u00ebsve shqiptar\u00eb, p\u00ebr hallet e student\u00ebve shqiptar\u00eb n\u00eb Malin e Zi. Autori guximsh\u00ebm k\u00ebrkon q\u00eb k\u00ebto probleme t\u00eb shqiptar\u00ebve t\u00eb realizohen sipas standardeve evropiane, t\u00eb cilat jan\u00eb obliguese p\u00ebr Malin e Zi q\u00eb tzi zbatoj\u00eb ndaj pakicave. P\u00ebr k\u00ebto probleme t\u00eb cilat cenojn\u00eb realizimin e t\u00eb drejtave tona duhet t\u00eb ngrihet z\u00ebri vazhdimisht n\u00eb t\u00eb gjitha nivelet, deri n\u00eb realizimin e tyre. Autori, n\u00eb vazhdim, shkruan p\u00ebr kultur\u00ebn dhe turizmin e cila paraqet nj\u00eb g\u00ebrshetim t\u00eb fuqish\u00ebm n\u00eb zhvillimin e k\u00ebsaj fushe t\u00eb ekonomis\u00eb s\u00eb Ulqinit. N\u00eb k\u00ebt\u00eb pjes\u00eb t\u00eb shkrimeve Gjonaj i rreket seriozisht \u00e7\u00ebshtjes s\u00eb nd\u00ebrprerjes s\u00eb shtojc\u00ebs n\u00eb gjuh\u00ebn shqipe, e cila botohej me vite n\u00eb revist\u00ebn e &#8220;Polisit&#8221; t\u00eb Podgoric\u00ebs. Themeluesi i k\u00ebsaj gazete me aktin e shuarjes s\u00eb saj b\u00ebn diskriminim ndaj t\u00eb drejtave njer\u00ebzore t\u00eb shqiptar\u00ebve, q\u00eb jetojn\u00eb n\u00eb trojet etnike n\u00eb Malin e Zi. Hartuesi i k\u00ebsaj vepre me vler\u00eb k\u00ebrkon q\u00eb piktor\u00ebve ulqinak\u00eb tzu sigurohet nj\u00eb galeri pune, ashtu si\u00e7 u \u00ebsht\u00eb siguruar piktor\u00ebve malazez\u00eb. N\u00eb vijim autori shtjellon nj\u00eb problem vital- rrezikimin e trash\u00ebgimis\u00eb kulturoro-historike t\u00eb Ulqinit dhe rrezikimin e Kalas\u00eb s\u00eb Ulqinit, pasi mund tzi hiqet statusi i monumentit t\u00eb kategoris\u00eb s\u00eb par\u00eb, t\u00eb cil\u00ebn e g\u00ebzon me vite.Viteve 2005, 2006 dhe 2007, dhe premtimeve q\u00eb u jan\u00eb dh\u00ebn\u00eb shqiptar\u00ebve n\u00eb Malin e Zi n\u00eb rrafshin e p\u00ebrmir\u00ebsimit t\u00eb nivelit kualitativ t\u00eb gjall\u00ebrimit, autori ua kushton nj\u00eb analiz\u00eb t\u00eb thukt\u00eb por premtimet mbeten vet\u00ebm imazhe t\u00eb politik\u00ebs, t\u00eb cilat nuk zbatohen vet\u00ebm n\u00eb rajonet ku jetojn\u00eb shqiptar\u00ebt n\u00eb Malin e Zi . Pronat e uzurpuara nga ish- pushteti komunist i Malit t\u00eb Zi, n\u00eb baz\u00eb t\u00eb konventave u jan\u00eb kthyer pronar\u00ebve t\u00eb m\u00ebparsh\u00ebm , por jo edhe shqiptar\u00ebve. D\u00ebshmi p\u00ebr k\u00ebt\u00eb jan\u00eb qytetar\u00ebt shqiptar\u00eb n\u00eb Shipshanik, Tuz dhe Ulqin. K\u00ebta dhe shum\u00eb shembuj t\u00eb tjer\u00eb tregojn\u00eb qart\u00eb se sa t\u00eb rrezikuara jan\u00eb t\u00eb drejtat e shqiptar\u00ebve n\u00eb shtetin m\u00eb t\u00eb vog\u00ebl sllav n\u00eb bot\u00eb. N\u00eb vazhd\u00ebn e analizave t\u00eb tilla dhe fenomeneve e fakteve t\u00eb d\u00ebshmuara n\u00eb t\u00eb cilat cenohen dhe nuk p\u00ebrfillen t\u00eb drejtat e shqiptar\u00ebve n\u00eb Malin e Zi, Gjek\u00eb Gjonaj hedh n\u00eb pah rastin e 18 shqiptar\u00ebve t\u00eb arrestuar n\u00eb aksionion brutal dhe n\u00eb fushat\u00ebn e montuar t\u00eb policis\u00eb malazeze &#8220;Fluturimi i shqiponj\u00ebs&#8221;. Sipas deklaratave zyrtare t\u00eb avokat\u00ebve mbrojt\u00ebs t\u00eb komb\u00ebsis\u00eb malazeze &#8211; aktakuza kund\u00ebr 18 shqiptar\u00ebve nuk ka baza ligjore dhe t\u00eb pandehurit mbahen tash dy vjet n\u00eb arrest pa u d\u00ebshmuar asnj\u00eb vep\u00ebr kund\u00ebr ligjore. Prokuroria t\u00eb pandehurit i akuzon n\u00eb baz\u00eb t\u00eb nj\u00ebfar\u00eb ditari privat, shkruar n\u00eb baz\u00eb t\u00eb nj\u00eb fantazie ireale t\u00eb nj\u00eb personi q\u00eb ka p\u00ebr hobi \u00ebnd\u00ebrrimet imagjinative. \u00cbnd\u00ebrrimet e tilla ireale jan\u00eb \u00e7\u00ebshtje personale t\u00eb bot\u00ebs shpirt\u00ebrore t\u00eb autorit t\u00eb k\u00ebtij ditari famoz, prandaj k\u00ebto sh\u00ebnime n\u00eb asnj\u00eb m\u00ebnyr\u00eb nuk disponojn\u00eb vlera inkriminuese. Sepse n\u00eb realitet k\u00ebto jan\u00eb thjesht sh\u00ebnime private t\u00eb bazuara n\u00eb imagjinat\u00eb fantastike ireale, q\u00eb nuk kan\u00eb asnj\u00eb vler\u00eb juridike.<br \/>\nKreun e tet\u00eb autori ia kushton folklorit dhe etnografis\u00eb. N\u00eb fillim b\u00ebhet fjal\u00eb p\u00ebr manifestimet t\u00eb cilat organizohen n\u00eb Vitoj\u00eb. Hulumtuesi Gjonaj me koh\u00eb e ka hetuar fenomenin e masovizimit t\u00eb krijimeve t\u00eb gjeniut popullor, t\u00eb cilat po mb\u00ebshteten shum\u00eb edhe nga diaspora, e cila duke qen\u00eb e ngarkuar me nostalgji t\u00eb vendlindjes, po sposorizon shum\u00eb manifestime artistike e popullore. N\u00eb t\u00eb tilla rrethana u organizua edhe Festivali Mbar\u00ebkomb\u00ebtar i Folklorit Burimor &#8221; Rapsha 2003&#8243;, q\u00eb u mbajt n\u00eb Vitoj\u00eb, ku mor\u00ebn pjes\u00eb ansamblet nga Kosova, Maqedonia, Shqip\u00ebria, Mali i Zi dhe diaspora, t\u00eb cil\u00ebt p\u00ebr pes\u00eb dit\u00eb shpalos\u00ebn vlerat e kultur\u00ebs son\u00eb popullore. Tash \u00ebsht\u00eb b\u00ebr\u00eb tradit\u00eb q\u00eb n\u00eb mbar\u00eb hap\u00ebsir\u00ebn shqiptare t\u00eb organizohen manifestime burimore verore. N\u00eb vazhdim t\u00eb ciklit t\u00eb tet\u00eb, autori prezanton Muzeun etnografik n\u00eb Tuz.<br \/>\n<strong>Prof. dr. Bahri Brisku<br \/>\nKoha Javore<\/strong><\/p>\n","protected":false},"excerpt":{"rendered":"<p>Autori jo vet\u00ebm n\u00eb k\u00ebt\u00eb vep\u00ebr, por edhe n\u00eb botimet e m\u00ebparshme \u00ebsht\u00eb duke luajtur nj\u00eb rol shum\u00eb t\u00eb r\u00ebnd\u00ebsish\u00ebm n\u00eb kultivimin e nd\u00ebrgjegjes, traditave si dhe n\u00eb afirimimin nd\u00ebrkomb\u00ebtar t\u00eb \u00e7\u00ebshtjeve komb\u00ebtare. Padyshim n\u00eb krijimet e tij dalin n\u00eb pah aft\u00ebsit\u00eb e thella intelektuale dhe atdhetare, t\u00eb cilat i v\u00eb n\u00eb qarkullim n\u00eb favor [&hellip;]<\/p>\n","protected":false},"author":1,"featured_media":0,"comment_status":"open","ping_status":"closed","sticky":false,"template":"","format":"standard","meta":{"spay_email":"","jetpack_publicize_message":"","jetpack_is_tweetstorm":false,"jetpack_publicize_feature_enabled":true},"categories":[4],"tags":[5401,49,95,2754,5400,354],"jetpack_publicize_connections":[],"yoast_head":"<!-- This site is optimized with the Yoast SEO plugin v19.1 - https:\/\/yoast.com\/wordpress\/plugins\/seo\/ -->\n<title>Z\u00eb i fuqish\u00ebm p\u00ebr mbrojtjen dhe afirmimin e interesave komb\u00ebtare - Lajme nga Ulqini<\/title>\n<meta name=\"description\" content=\"Autori jo vet\u00ebm n\u00eb k\u00ebt\u00eb vep\u00ebr, por edhe n\u00eb botimet e m\u00ebparshme \u00ebsht\u00eb duke luajtur nj\u00eb rol shum\u00eb t\u00eb r\u00ebnd\u00ebsish\u00ebm n\u00eb kultivimin e nd\u00ebrgjegjes, traditave si\" \/>\n<meta name=\"robots\" content=\"index, follow, max-snippet:-1, max-image-preview:large, max-video-preview:-1\" \/>\n<link rel=\"canonical\" href=\"https:\/\/www.visit-ulcinj.com\/blog\/2008\/12\/27\/ze-i-fuqishem-per-mbrojtjen-dhe-afirmimin-e-interesave-kombetare\/\" \/>\n<meta property=\"og:locale\" content=\"en_US\" \/>\n<meta property=\"og:type\" content=\"article\" \/>\n<meta property=\"og:title\" content=\"Z\u00eb i fuqish\u00ebm p\u00ebr mbrojtjen dhe afirmimin e interesave komb\u00ebtare - Lajme nga Ulqini\" \/>\n<meta property=\"og:description\" content=\"Autori jo vet\u00ebm n\u00eb k\u00ebt\u00eb vep\u00ebr, por edhe n\u00eb botimet e m\u00ebparshme \u00ebsht\u00eb duke luajtur nj\u00eb rol shum\u00eb t\u00eb r\u00ebnd\u00ebsish\u00ebm n\u00eb kultivimin e nd\u00ebrgjegjes, traditave si\" \/>\n<meta property=\"og:url\" content=\"https:\/\/www.visit-ulcinj.com\/blog\/2008\/12\/27\/ze-i-fuqishem-per-mbrojtjen-dhe-afirmimin-e-interesave-kombetare\/\" \/>\n<meta property=\"og:site_name\" content=\"Lajme nga Ulqini\" \/>\n<meta property=\"article:published_time\" content=\"2008-12-27T10:02:21+00:00\" \/>\n<meta property=\"og:image\" content=\"http:\/\/www.visit-ulcinj.com\/blog\/wp-content\/uploads\/2008\/06\/bahri-brisku.thumbnail.jpg\" \/>\n<meta name=\"twitter:label1\" content=\"Written by\" \/>\n\t<meta name=\"twitter:data1\" content=\"ulqini\" \/>\n\t<meta name=\"twitter:label2\" content=\"Est. reading time\" \/>\n\t<meta name=\"twitter:data2\" content=\"12 minutes\" \/>\n<script type=\"application\/ld+json\" class=\"yoast-schema-graph\">{\"@context\":\"https:\/\/schema.org\",\"@graph\":[{\"@type\":\"WebSite\",\"@id\":\"https:\/\/www.visit-ulcinj.com\/blog\/#website\",\"url\":\"https:\/\/www.visit-ulcinj.com\/blog\/\",\"name\":\"Lajme nga Ulqini\",\"description\":\"Lajme,Vijesti,Ulqini,Ulqin,Crna Gora,Mali i Zi\",\"potentialAction\":[{\"@type\":\"SearchAction\",\"target\":{\"@type\":\"EntryPoint\",\"urlTemplate\":\"https:\/\/www.visit-ulcinj.com\/blog\/?s={search_term_string}\"},\"query-input\":\"required name=search_term_string\"}],\"inLanguage\":\"en-US\"},{\"@type\":\"ImageObject\",\"inLanguage\":\"en-US\",\"@id\":\"https:\/\/www.visit-ulcinj.com\/blog\/2008\/12\/27\/ze-i-fuqishem-per-mbrojtjen-dhe-afirmimin-e-interesave-kombetare\/#primaryimage\",\"url\":\"http:\/\/www.visit-ulcinj.com\/blog\/wp-content\/uploads\/2008\/06\/bahri-brisku.thumbnail.jpg\",\"contentUrl\":\"http:\/\/www.visit-ulcinj.com\/blog\/wp-content\/uploads\/2008\/06\/bahri-brisku.thumbnail.jpg\"},{\"@type\":\"WebPage\",\"@id\":\"https:\/\/www.visit-ulcinj.com\/blog\/2008\/12\/27\/ze-i-fuqishem-per-mbrojtjen-dhe-afirmimin-e-interesave-kombetare\/#webpage\",\"url\":\"https:\/\/www.visit-ulcinj.com\/blog\/2008\/12\/27\/ze-i-fuqishem-per-mbrojtjen-dhe-afirmimin-e-interesave-kombetare\/\",\"name\":\"Z\u00eb i fuqish\u00ebm p\u00ebr mbrojtjen dhe afirmimin e interesave komb\u00ebtare - Lajme nga Ulqini\",\"isPartOf\":{\"@id\":\"https:\/\/www.visit-ulcinj.com\/blog\/#website\"},\"primaryImageOfPage\":{\"@id\":\"https:\/\/www.visit-ulcinj.com\/blog\/2008\/12\/27\/ze-i-fuqishem-per-mbrojtjen-dhe-afirmimin-e-interesave-kombetare\/#primaryimage\"},\"datePublished\":\"2008-12-27T10:02:21+00:00\",\"dateModified\":\"2008-12-27T10:02:21+00:00\",\"author\":{\"@id\":\"https:\/\/www.visit-ulcinj.com\/blog\/#\/schema\/person\/dcab619c614d3038751c63bc2aadc06d\"},\"description\":\"Autori jo vet\u00ebm n\u00eb k\u00ebt\u00eb vep\u00ebr, por edhe n\u00eb botimet e m\u00ebparshme \u00ebsht\u00eb duke luajtur nj\u00eb rol shum\u00eb t\u00eb r\u00ebnd\u00ebsish\u00ebm n\u00eb kultivimin e nd\u00ebrgjegjes, traditave si\",\"breadcrumb\":{\"@id\":\"https:\/\/www.visit-ulcinj.com\/blog\/2008\/12\/27\/ze-i-fuqishem-per-mbrojtjen-dhe-afirmimin-e-interesave-kombetare\/#breadcrumb\"},\"inLanguage\":\"en-US\",\"potentialAction\":[{\"@type\":\"ReadAction\",\"target\":[\"https:\/\/www.visit-ulcinj.com\/blog\/2008\/12\/27\/ze-i-fuqishem-per-mbrojtjen-dhe-afirmimin-e-interesave-kombetare\/\"]}]},{\"@type\":\"BreadcrumbList\",\"@id\":\"https:\/\/www.visit-ulcinj.com\/blog\/2008\/12\/27\/ze-i-fuqishem-per-mbrojtjen-dhe-afirmimin-e-interesave-kombetare\/#breadcrumb\",\"itemListElement\":[{\"@type\":\"ListItem\",\"position\":1,\"name\":\"Z\u00eb i fuqish\u00ebm p\u00ebr mbrojtjen dhe afirmimin e interesave komb\u00ebtare\"}]},{\"@type\":\"Person\",\"@id\":\"https:\/\/www.visit-ulcinj.com\/blog\/#\/schema\/person\/dcab619c614d3038751c63bc2aadc06d\",\"name\":\"ulqini\",\"sameAs\":[\"http:\/\/www.visit-ulcinj.com\"],\"url\":\"https:\/\/www.visit-ulcinj.com\/blog\/author\/admin\/\"}]}<\/script>\n<!-- \/ Yoast SEO plugin. -->","yoast_head_json":{"title":"Z\u00eb i fuqish\u00ebm p\u00ebr mbrojtjen dhe afirmimin e interesave komb\u00ebtare - Lajme nga Ulqini","description":"Autori jo vet\u00ebm n\u00eb k\u00ebt\u00eb vep\u00ebr, por edhe n\u00eb botimet e m\u00ebparshme \u00ebsht\u00eb duke luajtur nj\u00eb rol shum\u00eb t\u00eb r\u00ebnd\u00ebsish\u00ebm n\u00eb kultivimin e nd\u00ebrgjegjes, traditave si","robots":{"index":"index","follow":"follow","max-snippet":"max-snippet:-1","max-image-preview":"max-image-preview:large","max-video-preview":"max-video-preview:-1"},"canonical":"https:\/\/www.visit-ulcinj.com\/blog\/2008\/12\/27\/ze-i-fuqishem-per-mbrojtjen-dhe-afirmimin-e-interesave-kombetare\/","og_locale":"en_US","og_type":"article","og_title":"Z\u00eb i fuqish\u00ebm p\u00ebr mbrojtjen dhe afirmimin e interesave komb\u00ebtare - Lajme nga Ulqini","og_description":"Autori jo vet\u00ebm n\u00eb k\u00ebt\u00eb vep\u00ebr, por edhe n\u00eb botimet e m\u00ebparshme \u00ebsht\u00eb duke luajtur nj\u00eb rol shum\u00eb t\u00eb r\u00ebnd\u00ebsish\u00ebm n\u00eb kultivimin e nd\u00ebrgjegjes, traditave si","og_url":"https:\/\/www.visit-ulcinj.com\/blog\/2008\/12\/27\/ze-i-fuqishem-per-mbrojtjen-dhe-afirmimin-e-interesave-kombetare\/","og_site_name":"Lajme nga Ulqini","article_published_time":"2008-12-27T10:02:21+00:00","og_image":[{"url":"http:\/\/www.visit-ulcinj.com\/blog\/wp-content\/uploads\/2008\/06\/bahri-brisku.thumbnail.jpg"}],"twitter_misc":{"Written by":"ulqini","Est. reading time":"12 minutes"},"schema":{"@context":"https:\/\/schema.org","@graph":[{"@type":"WebSite","@id":"https:\/\/www.visit-ulcinj.com\/blog\/#website","url":"https:\/\/www.visit-ulcinj.com\/blog\/","name":"Lajme nga Ulqini","description":"Lajme,Vijesti,Ulqini,Ulqin,Crna Gora,Mali i Zi","potentialAction":[{"@type":"SearchAction","target":{"@type":"EntryPoint","urlTemplate":"https:\/\/www.visit-ulcinj.com\/blog\/?s={search_term_string}"},"query-input":"required name=search_term_string"}],"inLanguage":"en-US"},{"@type":"ImageObject","inLanguage":"en-US","@id":"https:\/\/www.visit-ulcinj.com\/blog\/2008\/12\/27\/ze-i-fuqishem-per-mbrojtjen-dhe-afirmimin-e-interesave-kombetare\/#primaryimage","url":"http:\/\/www.visit-ulcinj.com\/blog\/wp-content\/uploads\/2008\/06\/bahri-brisku.thumbnail.jpg","contentUrl":"http:\/\/www.visit-ulcinj.com\/blog\/wp-content\/uploads\/2008\/06\/bahri-brisku.thumbnail.jpg"},{"@type":"WebPage","@id":"https:\/\/www.visit-ulcinj.com\/blog\/2008\/12\/27\/ze-i-fuqishem-per-mbrojtjen-dhe-afirmimin-e-interesave-kombetare\/#webpage","url":"https:\/\/www.visit-ulcinj.com\/blog\/2008\/12\/27\/ze-i-fuqishem-per-mbrojtjen-dhe-afirmimin-e-interesave-kombetare\/","name":"Z\u00eb i fuqish\u00ebm p\u00ebr mbrojtjen dhe afirmimin e interesave komb\u00ebtare - Lajme nga Ulqini","isPartOf":{"@id":"https:\/\/www.visit-ulcinj.com\/blog\/#website"},"primaryImageOfPage":{"@id":"https:\/\/www.visit-ulcinj.com\/blog\/2008\/12\/27\/ze-i-fuqishem-per-mbrojtjen-dhe-afirmimin-e-interesave-kombetare\/#primaryimage"},"datePublished":"2008-12-27T10:02:21+00:00","dateModified":"2008-12-27T10:02:21+00:00","author":{"@id":"https:\/\/www.visit-ulcinj.com\/blog\/#\/schema\/person\/dcab619c614d3038751c63bc2aadc06d"},"description":"Autori jo vet\u00ebm n\u00eb k\u00ebt\u00eb vep\u00ebr, por edhe n\u00eb botimet e m\u00ebparshme \u00ebsht\u00eb duke luajtur nj\u00eb rol shum\u00eb t\u00eb r\u00ebnd\u00ebsish\u00ebm n\u00eb kultivimin e nd\u00ebrgjegjes, traditave si","breadcrumb":{"@id":"https:\/\/www.visit-ulcinj.com\/blog\/2008\/12\/27\/ze-i-fuqishem-per-mbrojtjen-dhe-afirmimin-e-interesave-kombetare\/#breadcrumb"},"inLanguage":"en-US","potentialAction":[{"@type":"ReadAction","target":["https:\/\/www.visit-ulcinj.com\/blog\/2008\/12\/27\/ze-i-fuqishem-per-mbrojtjen-dhe-afirmimin-e-interesave-kombetare\/"]}]},{"@type":"BreadcrumbList","@id":"https:\/\/www.visit-ulcinj.com\/blog\/2008\/12\/27\/ze-i-fuqishem-per-mbrojtjen-dhe-afirmimin-e-interesave-kombetare\/#breadcrumb","itemListElement":[{"@type":"ListItem","position":1,"name":"Z\u00eb i fuqish\u00ebm p\u00ebr mbrojtjen dhe afirmimin e interesave komb\u00ebtare"}]},{"@type":"Person","@id":"https:\/\/www.visit-ulcinj.com\/blog\/#\/schema\/person\/dcab619c614d3038751c63bc2aadc06d","name":"ulqini","sameAs":["http:\/\/www.visit-ulcinj.com"],"url":"https:\/\/www.visit-ulcinj.com\/blog\/author\/admin\/"}]}},"jetpack_featured_media_url":"","jetpack_sharing_enabled":true,"jetpack_shortlink":"https:\/\/wp.me\/pe6lTn-20v","_links":{"self":[{"href":"https:\/\/www.visit-ulcinj.com\/blog\/wp-json\/wp\/v2\/posts\/7719"}],"collection":[{"href":"https:\/\/www.visit-ulcinj.com\/blog\/wp-json\/wp\/v2\/posts"}],"about":[{"href":"https:\/\/www.visit-ulcinj.com\/blog\/wp-json\/wp\/v2\/types\/post"}],"author":[{"embeddable":true,"href":"https:\/\/www.visit-ulcinj.com\/blog\/wp-json\/wp\/v2\/users\/1"}],"replies":[{"embeddable":true,"href":"https:\/\/www.visit-ulcinj.com\/blog\/wp-json\/wp\/v2\/comments?post=7719"}],"version-history":[{"count":0,"href":"https:\/\/www.visit-ulcinj.com\/blog\/wp-json\/wp\/v2\/posts\/7719\/revisions"}],"wp:attachment":[{"href":"https:\/\/www.visit-ulcinj.com\/blog\/wp-json\/wp\/v2\/media?parent=7719"}],"wp:term":[{"taxonomy":"category","embeddable":true,"href":"https:\/\/www.visit-ulcinj.com\/blog\/wp-json\/wp\/v2\/categories?post=7719"},{"taxonomy":"post_tag","embeddable":true,"href":"https:\/\/www.visit-ulcinj.com\/blog\/wp-json\/wp\/v2\/tags?post=7719"}],"curies":[{"name":"wp","href":"https:\/\/api.w.org\/{rel}","templated":true}]}}