{"id":77194,"date":"2013-12-15T17:17:32","date_gmt":"2013-12-15T16:17:32","guid":{"rendered":"http:\/\/www.visit-ulcinj.com\/blog\/?p=77194"},"modified":"2013-12-15T17:19:06","modified_gmt":"2013-12-15T16:19:06","slug":"prekinuti-agoniju-ulcinjskog-muzeja","status":"publish","type":"post","link":"https:\/\/www.visit-ulcinj.com\/blog\/2013\/12\/15\/prekinuti-agoniju-ulcinjskog-muzeja\/","title":{"rendered":"Prekinuti agoniju Ulcinjskog muzeja"},"content":{"rendered":"<p><a href=\"http:\/\/www.visit-ulcinj.com\/blog\/wp-content\/uploads\/2013\/12\/Agonija-Ulcinjskog-muzeja.jpg\"><img loading=\"lazy\" class=\"alignleft  wp-image-77195\" alt=\"Agonija Ulcinjskog muzeja\" src=\"http:\/\/www.visit-ulcinj.com\/blog\/wp-content\/uploads\/2013\/12\/Agonija-Ulcinjskog-muzeja.jpg\" width=\"508\" height=\"360\" \/><\/a>Za \u017ealjenje je konstatacija da se ovdje \u0161trajkuje.. Posebno iritiraju ovakve napisi. Naravno, ja \u017eelim da se ljudima kojima su zaposleni u Centru za Kulturu isplate primanja, jer ljudi nijesu krivi \u0161to su tu, gdje jesu, jer ve\u0107ina njih je zaposlena na osnovu partijskih i ro\u0111a\u010dkih veza&#8230;Ali, oni moraju biti svjesni, da se novac i mora zaraditi. Druga\u010dijim odnosom, druga\u010dijom sistematizacijom radnih mjesta, druga\u010dijim na\u010dinom zapo\u0161ljavanja, mo\u017ee se i u Centru za kulturu zaraditi. Imaju oni za to dovoljno prostora, a vremena beskona\u010dno. Nagla\u0161avam, da je to posebno ovdje u Starom gradu mogu\u0107e, gdje Centar za kulturu, jo\u0161 iz komunisti\u010dkog vremena dr\u017ei &#8220;srce&#8221; Starog grada. Dok zgrada Centra za kulturu, posjeduje ogroman neiskori\u0161\u0107en prostor, koje im je dru\u0161tvo izgradilo. Da ne govorimo o ogromnoj modernoj ure\u0111enoj sali, koja se dobrim menad\u017ementom mo\u017ee i te kako iskoristiti. Ali, treba htjeti i znati, naravno, a to su razli\u010diti pojmovi.<br \/>\n<a href=\"http:\/\/www.visit-ulcinj.com\/blog\/wp-content\/uploads\/2013\/12\/Agonija-Ulcinjskog-muzeja-1.jpg\"><img loading=\"lazy\" src=\"http:\/\/www.visit-ulcinj.com\/blog\/wp-content\/uploads\/2013\/12\/Agonija-Ulcinjskog-muzeja-1.jpg\" alt=\"Agonija Ulcinjskog muzeja-1\" width=\"508\" height=\"360\" class=\"alignleft size-full wp-image-77196\" \/><\/a><br \/>\nMe\u0111urtim, ovakvom politikom zapo\u0161ljavanja, po partijskim i ro\u0111a\u010dkim vezama, ili dovo\u0111enja mladih kadrova na mjesta koja nijesu potrebna, koja se samo zbog njihovog zapo\u0161ljavanja izmi\u0161ljaju, sve to dovodi do ovoga. Na kraju dolazi do toga, da oni pravi koji su potrebni, do\u017eivljavaju ovakve stresove, a koji na\u017ealost moraju, da na ovaj na\u010din i ostvare svoja prava. Zato sam i i tvrdio i predlagao i gradona\u010delnicima, a i politi\u010darima, a mora se re\u0107i da ve\u0107ina njih nosi na du\u0161i i ove odnose, zbog toga \u0161to su oni svojim rukovode\u0107im kadrovima dozvoljavali da rade \u0161to ho\u0107e, a to tvrdim i sada, da je jo\u0161 davno trebalo odvojiti, &#8220;Muzejski komleks&#8221; od Centra za kulturu. To je svuda u svijetu ura\u0111eno, pa \u010dak i kod nas u malenoj Crnoj Gori. Dali gospoda iz Centra za kulturu znaju, da je i Republi\u010dki zavod za za\u0161titu spomenika kulture i umjetnosti na Cetinju odvojen. Muzejski komleks u Starom gradu je na teritoriji Op\u0161tine Ulcinj, ali je on pod ingerencijom Republi\u010dkog zavoda, odnosno sad odvojenog, Kulturnog nasle\u0111a&#8230;I jo\u0161 jedna re\u010denica, u vrijeme tranzicije i privatizacije, svega i sva\u010dega, dali neko iz Centra za kulturu razmi\u0161lja o \u010dinjenici, da je kojim slu\u010dajem Centar privatizovan , koliko bi radnika taj privatnik zadr\u017eao.<br \/>\n<a href=\"http:\/\/www.visit-ulcinj.com\/blog\/wp-content\/uploads\/2013\/12\/Agonija-Ulcinjskog-muzeja-1.jpg\"><img loading=\"lazy\" class=\"alignleft  wp-image-77196\" alt=\"Agonija Ulcinjskog muzeja-1\" src=\"http:\/\/www.visit-ulcinj.com\/blog\/wp-content\/uploads\/2013\/12\/Agonija-Ulcinjskog-muzeja-1.jpg\" width=\"508\" height=\"360\" \/><\/a><br \/>\nDali su svjesni koliko bi radnika radilo, i kako bi se radilo u muzeju. Vjerujem da jesu. Kao prvi \u010dovjek Udru\u017eenja &#8220;Kalaja&#8221;, dakle Starog grada, \u010diji je osnovni cilj za\u0161tita i sa\u010duvanje svih kulturnih vrijednost, a time i ovog dijela, gdje mi zbog njihove krutosti i nefleksibilnosti, nemamo nikakvog uticaja, ho\u0107emo otvorene kapije. Naravno, ja, a siguran sam i svi ostali moji sugra\u0111ani, koji \u017eive me\u0111u drevne zidine Starog grada imamo izuzetne dobre odnose sa svima njima. Ali njihove probleme, moraju rije\u0161avati institucije sistema dok rijetki turisti koji ponekad i zalutaju do nas, ne smiju na\u0107i zatvorene kapije, pogotovo ne, ovakve napise.<\/p>\n<p><strong><a id=\"js_48\" href=\"https:\/\/www.facebook.com\/ismet.karamanaga\" data-hovercard=\"\/ajax\/hovercard\/user.php?id=1359492972\">Ismet Karamanaga Facebook<\/a><\/strong><\/p>\n","protected":false},"excerpt":{"rendered":"<p>Za \u017ealjenje je konstatacija da se ovdje \u0161trajkuje.. Posebno iritiraju ovakve napisi. Naravno, ja \u017eelim da se ljudima kojima su zaposleni u Centru za Kulturu isplate primanja, jer ljudi nijesu krivi \u0161to su tu, gdje jesu, jer ve\u0107ina njih je zaposlena na osnovu partijskih i ro\u0111a\u010dkih veza&#8230;Ali, oni moraju biti svjesni, da se novac i [&hellip;]<\/p>\n","protected":false},"author":1,"featured_media":0,"comment_status":"closed","ping_status":"closed","sticky":false,"template":"","format":"standard","meta":{"spay_email":"","jetpack_publicize_message":"","jetpack_is_tweetstorm":false,"jetpack_publicize_feature_enabled":true},"categories":[8337],"tags":[],"jetpack_publicize_connections":[],"yoast_head":"<!-- This site is optimized with the Yoast SEO plugin v19.1 - https:\/\/yoast.com\/wordpress\/plugins\/seo\/ -->\n<title>Prekinuti agoniju Ulcinjskog muzeja - Lajme nga Ulqini<\/title>\n<meta name=\"description\" content=\"Za \u017ealjenje je konstatacija da se ovdje \u0161trajkuje.. Posebno iritiraju ovakve napisi. Naravno, ja \u017eelim da se ljudima kojima su zaposleni u Centru za\" \/>\n<meta name=\"robots\" content=\"index, follow, max-snippet:-1, max-image-preview:large, max-video-preview:-1\" \/>\n<link rel=\"canonical\" href=\"https:\/\/www.visit-ulcinj.com\/blog\/2013\/12\/15\/prekinuti-agoniju-ulcinjskog-muzeja\/\" \/>\n<meta property=\"og:locale\" content=\"en_US\" \/>\n<meta property=\"og:type\" content=\"article\" \/>\n<meta property=\"og:title\" content=\"Prekinuti agoniju Ulcinjskog muzeja - Lajme nga Ulqini\" \/>\n<meta property=\"og:description\" content=\"Za \u017ealjenje je konstatacija da se ovdje \u0161trajkuje.. Posebno iritiraju ovakve napisi. Naravno, ja \u017eelim da se ljudima kojima su zaposleni u Centru za\" \/>\n<meta property=\"og:url\" content=\"https:\/\/www.visit-ulcinj.com\/blog\/2013\/12\/15\/prekinuti-agoniju-ulcinjskog-muzeja\/\" \/>\n<meta property=\"og:site_name\" content=\"Lajme nga Ulqini\" \/>\n<meta property=\"article:published_time\" content=\"2013-12-15T16:17:32+00:00\" \/>\n<meta property=\"article:modified_time\" content=\"2013-12-15T16:19:06+00:00\" \/>\n<meta property=\"og:image\" content=\"http:\/\/www.visit-ulcinj.com\/blog\/wp-content\/uploads\/2013\/12\/Agonija-Ulcinjskog-muzeja.jpg\" \/>\n<meta name=\"twitter:label1\" content=\"Written by\" \/>\n\t<meta name=\"twitter:data1\" content=\"ulqini\" \/>\n\t<meta name=\"twitter:label2\" content=\"Est. reading time\" \/>\n\t<meta name=\"twitter:data2\" content=\"3 minutes\" \/>\n<script type=\"application\/ld+json\" class=\"yoast-schema-graph\">{\"@context\":\"https:\/\/schema.org\",\"@graph\":[{\"@type\":\"WebSite\",\"@id\":\"https:\/\/www.visit-ulcinj.com\/blog\/#website\",\"url\":\"https:\/\/www.visit-ulcinj.com\/blog\/\",\"name\":\"Lajme nga Ulqini\",\"description\":\"Lajme,Vijesti,Ulqini,Ulqin,Crna Gora,Mali i Zi\",\"potentialAction\":[{\"@type\":\"SearchAction\",\"target\":{\"@type\":\"EntryPoint\",\"urlTemplate\":\"https:\/\/www.visit-ulcinj.com\/blog\/?s={search_term_string}\"},\"query-input\":\"required name=search_term_string\"}],\"inLanguage\":\"en-US\"},{\"@type\":\"ImageObject\",\"inLanguage\":\"en-US\",\"@id\":\"https:\/\/www.visit-ulcinj.com\/blog\/2013\/12\/15\/prekinuti-agoniju-ulcinjskog-muzeja\/#primaryimage\",\"url\":\"https:\/\/www.visit-ulcinj.com\/blog\/wp-content\/uploads\/2013\/12\/Agonija-Ulcinjskog-muzeja.jpg\",\"contentUrl\":\"https:\/\/www.visit-ulcinj.com\/blog\/wp-content\/uploads\/2013\/12\/Agonija-Ulcinjskog-muzeja.jpg\",\"width\":960,\"height\":720},{\"@type\":\"WebPage\",\"@id\":\"https:\/\/www.visit-ulcinj.com\/blog\/2013\/12\/15\/prekinuti-agoniju-ulcinjskog-muzeja\/#webpage\",\"url\":\"https:\/\/www.visit-ulcinj.com\/blog\/2013\/12\/15\/prekinuti-agoniju-ulcinjskog-muzeja\/\",\"name\":\"Prekinuti agoniju Ulcinjskog muzeja - Lajme nga Ulqini\",\"isPartOf\":{\"@id\":\"https:\/\/www.visit-ulcinj.com\/blog\/#website\"},\"primaryImageOfPage\":{\"@id\":\"https:\/\/www.visit-ulcinj.com\/blog\/2013\/12\/15\/prekinuti-agoniju-ulcinjskog-muzeja\/#primaryimage\"},\"datePublished\":\"2013-12-15T16:17:32+00:00\",\"dateModified\":\"2013-12-15T16:19:06+00:00\",\"author\":{\"@id\":\"https:\/\/www.visit-ulcinj.com\/blog\/#\/schema\/person\/dcab619c614d3038751c63bc2aadc06d\"},\"description\":\"Za \u017ealjenje je konstatacija da se ovdje \u0161trajkuje.. Posebno iritiraju ovakve napisi. Naravno, ja \u017eelim da se ljudima kojima su zaposleni u Centru za\",\"breadcrumb\":{\"@id\":\"https:\/\/www.visit-ulcinj.com\/blog\/2013\/12\/15\/prekinuti-agoniju-ulcinjskog-muzeja\/#breadcrumb\"},\"inLanguage\":\"en-US\",\"potentialAction\":[{\"@type\":\"ReadAction\",\"target\":[\"https:\/\/www.visit-ulcinj.com\/blog\/2013\/12\/15\/prekinuti-agoniju-ulcinjskog-muzeja\/\"]}]},{\"@type\":\"BreadcrumbList\",\"@id\":\"https:\/\/www.visit-ulcinj.com\/blog\/2013\/12\/15\/prekinuti-agoniju-ulcinjskog-muzeja\/#breadcrumb\",\"itemListElement\":[{\"@type\":\"ListItem\",\"position\":1,\"name\":\"Prekinuti agoniju Ulcinjskog muzeja\"}]},{\"@type\":\"Person\",\"@id\":\"https:\/\/www.visit-ulcinj.com\/blog\/#\/schema\/person\/dcab619c614d3038751c63bc2aadc06d\",\"name\":\"ulqini\",\"sameAs\":[\"http:\/\/www.visit-ulcinj.com\"],\"url\":\"https:\/\/www.visit-ulcinj.com\/blog\/author\/admin\/\"}]}<\/script>\n<!-- \/ Yoast SEO plugin. -->","yoast_head_json":{"title":"Prekinuti agoniju Ulcinjskog muzeja - Lajme nga Ulqini","description":"Za \u017ealjenje je konstatacija da se ovdje \u0161trajkuje.. Posebno iritiraju ovakve napisi. Naravno, ja \u017eelim da se ljudima kojima su zaposleni u Centru za","robots":{"index":"index","follow":"follow","max-snippet":"max-snippet:-1","max-image-preview":"max-image-preview:large","max-video-preview":"max-video-preview:-1"},"canonical":"https:\/\/www.visit-ulcinj.com\/blog\/2013\/12\/15\/prekinuti-agoniju-ulcinjskog-muzeja\/","og_locale":"en_US","og_type":"article","og_title":"Prekinuti agoniju Ulcinjskog muzeja - Lajme nga Ulqini","og_description":"Za \u017ealjenje je konstatacija da se ovdje \u0161trajkuje.. Posebno iritiraju ovakve napisi. Naravno, ja \u017eelim da se ljudima kojima su zaposleni u Centru za","og_url":"https:\/\/www.visit-ulcinj.com\/blog\/2013\/12\/15\/prekinuti-agoniju-ulcinjskog-muzeja\/","og_site_name":"Lajme nga Ulqini","article_published_time":"2013-12-15T16:17:32+00:00","article_modified_time":"2013-12-15T16:19:06+00:00","og_image":[{"url":"http:\/\/www.visit-ulcinj.com\/blog\/wp-content\/uploads\/2013\/12\/Agonija-Ulcinjskog-muzeja.jpg"}],"twitter_misc":{"Written by":"ulqini","Est. reading time":"3 minutes"},"schema":{"@context":"https:\/\/schema.org","@graph":[{"@type":"WebSite","@id":"https:\/\/www.visit-ulcinj.com\/blog\/#website","url":"https:\/\/www.visit-ulcinj.com\/blog\/","name":"Lajme nga Ulqini","description":"Lajme,Vijesti,Ulqini,Ulqin,Crna Gora,Mali i Zi","potentialAction":[{"@type":"SearchAction","target":{"@type":"EntryPoint","urlTemplate":"https:\/\/www.visit-ulcinj.com\/blog\/?s={search_term_string}"},"query-input":"required name=search_term_string"}],"inLanguage":"en-US"},{"@type":"ImageObject","inLanguage":"en-US","@id":"https:\/\/www.visit-ulcinj.com\/blog\/2013\/12\/15\/prekinuti-agoniju-ulcinjskog-muzeja\/#primaryimage","url":"https:\/\/www.visit-ulcinj.com\/blog\/wp-content\/uploads\/2013\/12\/Agonija-Ulcinjskog-muzeja.jpg","contentUrl":"https:\/\/www.visit-ulcinj.com\/blog\/wp-content\/uploads\/2013\/12\/Agonija-Ulcinjskog-muzeja.jpg","width":960,"height":720},{"@type":"WebPage","@id":"https:\/\/www.visit-ulcinj.com\/blog\/2013\/12\/15\/prekinuti-agoniju-ulcinjskog-muzeja\/#webpage","url":"https:\/\/www.visit-ulcinj.com\/blog\/2013\/12\/15\/prekinuti-agoniju-ulcinjskog-muzeja\/","name":"Prekinuti agoniju Ulcinjskog muzeja - Lajme nga Ulqini","isPartOf":{"@id":"https:\/\/www.visit-ulcinj.com\/blog\/#website"},"primaryImageOfPage":{"@id":"https:\/\/www.visit-ulcinj.com\/blog\/2013\/12\/15\/prekinuti-agoniju-ulcinjskog-muzeja\/#primaryimage"},"datePublished":"2013-12-15T16:17:32+00:00","dateModified":"2013-12-15T16:19:06+00:00","author":{"@id":"https:\/\/www.visit-ulcinj.com\/blog\/#\/schema\/person\/dcab619c614d3038751c63bc2aadc06d"},"description":"Za \u017ealjenje je konstatacija da se ovdje \u0161trajkuje.. Posebno iritiraju ovakve napisi. Naravno, ja \u017eelim da se ljudima kojima su zaposleni u Centru za","breadcrumb":{"@id":"https:\/\/www.visit-ulcinj.com\/blog\/2013\/12\/15\/prekinuti-agoniju-ulcinjskog-muzeja\/#breadcrumb"},"inLanguage":"en-US","potentialAction":[{"@type":"ReadAction","target":["https:\/\/www.visit-ulcinj.com\/blog\/2013\/12\/15\/prekinuti-agoniju-ulcinjskog-muzeja\/"]}]},{"@type":"BreadcrumbList","@id":"https:\/\/www.visit-ulcinj.com\/blog\/2013\/12\/15\/prekinuti-agoniju-ulcinjskog-muzeja\/#breadcrumb","itemListElement":[{"@type":"ListItem","position":1,"name":"Prekinuti agoniju Ulcinjskog muzeja"}]},{"@type":"Person","@id":"https:\/\/www.visit-ulcinj.com\/blog\/#\/schema\/person\/dcab619c614d3038751c63bc2aadc06d","name":"ulqini","sameAs":["http:\/\/www.visit-ulcinj.com"],"url":"https:\/\/www.visit-ulcinj.com\/blog\/author\/admin\/"}]}},"jetpack_featured_media_url":"","jetpack_sharing_enabled":true,"jetpack_shortlink":"https:\/\/wp.me\/pe6lTn-k54","_links":{"self":[{"href":"https:\/\/www.visit-ulcinj.com\/blog\/wp-json\/wp\/v2\/posts\/77194"}],"collection":[{"href":"https:\/\/www.visit-ulcinj.com\/blog\/wp-json\/wp\/v2\/posts"}],"about":[{"href":"https:\/\/www.visit-ulcinj.com\/blog\/wp-json\/wp\/v2\/types\/post"}],"author":[{"embeddable":true,"href":"https:\/\/www.visit-ulcinj.com\/blog\/wp-json\/wp\/v2\/users\/1"}],"replies":[{"embeddable":true,"href":"https:\/\/www.visit-ulcinj.com\/blog\/wp-json\/wp\/v2\/comments?post=77194"}],"version-history":[{"count":2,"href":"https:\/\/www.visit-ulcinj.com\/blog\/wp-json\/wp\/v2\/posts\/77194\/revisions"}],"predecessor-version":[{"id":77199,"href":"https:\/\/www.visit-ulcinj.com\/blog\/wp-json\/wp\/v2\/posts\/77194\/revisions\/77199"}],"wp:attachment":[{"href":"https:\/\/www.visit-ulcinj.com\/blog\/wp-json\/wp\/v2\/media?parent=77194"}],"wp:term":[{"taxonomy":"category","embeddable":true,"href":"https:\/\/www.visit-ulcinj.com\/blog\/wp-json\/wp\/v2\/categories?post=77194"},{"taxonomy":"post_tag","embeddable":true,"href":"https:\/\/www.visit-ulcinj.com\/blog\/wp-json\/wp\/v2\/tags?post=77194"}],"curies":[{"name":"wp","href":"https:\/\/api.w.org\/{rel}","templated":true}]}}