{"id":77200,"date":"2013-12-15T17:38:11","date_gmt":"2013-12-15T16:38:11","guid":{"rendered":"http:\/\/www.visit-ulcinj.com\/blog\/?p=77200"},"modified":"2013-12-17T23:05:18","modified_gmt":"2013-12-17T22:05:18","slug":"ne-ranen-tone-prim-dr-gani-karamanagen","status":"publish","type":"post","link":"https:\/\/www.visit-ulcinj.com\/blog\/2013\/12\/15\/ne-ranen-tone-prim-dr-gani-karamanagen\/","title":{"rendered":"N\u00eb Ran\u00ebn ton\u00eb me prim. dr. Gani Karamanag\u00ebn.."},"content":{"rendered":"<p><a href=\"http:\/\/www.visit-ulcinj.com\/blog\/wp-content\/uploads\/2013\/12\/Ismet-Karamanaga-dr.-Gani-Karamanaga.jpg\"><img loading=\"lazy\" class=\"alignleft  wp-image-77201\" alt=\"Ismet-Karamanaga-dr. Gani Karamanaga\" src=\"http:\/\/www.visit-ulcinj.com\/blog\/wp-content\/uploads\/2013\/12\/Ismet-Karamanaga-dr.-Gani-Karamanaga.jpg\" width=\"508\" height=\"360\" \/><\/a>Edhe si f\u00ebmi ka qen\u00eb gjithmon\u00eb m\u00eb i miri dhe m\u00eb i &#8220;buti&#8221; si\u00e7 thot populli yn\u00eb, jo vet\u00ebm n\u00eb familien ton\u00eb, por edhe n\u00eb shoq\u00ebri, n\u00eb p\u00ebrgjith\u00ebsi. Ganiju ka qen\u00eb nj\u00eb nd\u00ebr nx\u00ebn\u00ebsit m\u00eb t\u00eb mir\u00eb n\u00eb shkoll\u00ebn e mesme t\u00eb medicin\u00ebs n\u00eb Cetin\u00eb, pastaj edhe nj\u00eb nd\u00ebr studentat m\u00eb t\u00eb mir\u00eb t\u00eb fakultetit t\u00eb medicin\u00ebs n\u00eb Beograd. Prandaj, nuk \u00ebsht\u00eb p\u00ebr t\u00eb \u00e7uditur q\u00eb Ganiu ka pasur edhe nj\u00eb karier\u00eb t\u00eb mir\u00eb, dhe t\u00eb sukses\u00ebshme si mjek, por edhe si udh\u00ebheq\u00ebs n\u00eb Sht\u00ebpin e mjeksis\u00eb t\u00eb Ulqinit. Ganiu \u00ebsht\u00eb edhe Kryetar i nj\u00eb shoqat\u00eb joqeveritare, &#8220;Bashkimi i Krijuesve Shqiptar\u00eb n\u00eb Mal t\u00eb Zi&#8221; ku vite m\u00eb radh\u00eb, jep kontribut\u00eb t\u00eb madh\u00eb n\u00eb promovimin, dhe botimin e librave t\u00eb ndryeshme, nga autor\u00ebt Shqiptar.<\/p>\n<p>Gjithashtu, Ganiu \u00ebsht\u00eb edhe autor i shum\u00eb artikujve nga medicina dhe mjeksia, si edhe disa librave, t\u00eb cil\u00ebt b\u00ebjn\u00eb m\u00eb sh\u00ebrimin e smundjeve t\u00eb r\u00ebnda t\u00eb mushk\u00ebrive, n\u00eb Ulqin dhe n\u00eb rethin\u00eb. Libri i fundit i autorit prim. dr. Gani Karamanag\u00ebs, &#8220;Dielli, deti sh\u00ebndeti&#8221;, gjithashtu \u00ebsht\u00eb nj\u00eb p\u00ebrmledhje e punimeve k\u00ebrkimore &#8211; shkencore. Ganiu, punon mbi 40 vite n\u00eb mjeksi n\u00eb Ulqin dhe n\u00eb rethin\u00eb, dhe mendoj se ndaj mendimin e shum\u00eb qytetar\u00ebve t\u00eb Ulqinit, por edhe m\u00eb gj\u00ebr\u00eb, se ai ka l\u00ebn\u00eb gjurm t\u00eb m\u00ebdha, n\u00eb popull, por edhe te koleg\u00ebt. M\u00eb n\u00eb fund Ganiu, ka shkruar edhe nj\u00eb lib\u00ebr t\u00eb posa\u00e7\u00ebm p\u00ebr ato t\u00eb cil\u00ebt kan\u00eb qen\u00eb fillestar\u00ebt e mjek\u00ebsis\u00eb t\u00eb Ulqinit, p\u00ebr ti qitur nga harresa, dhe t\u00eb cil\u00ebt nuk duhen t\u00eb harrohen asnj\u00ebhera. Prandaj, dikur m\u00eb von\u00eb, kur t\u00eb b\u00ebhet nj\u00eb analiz\u00eb e mjeksis\u00eb e qytetit ton\u00eb, p\u00ebr nj\u00eb enciklopedi p\u00ebr studius, jam i sigurt se emri i prim. dr. Gani Karamanag\u00ebs ka me u shkruar m\u00eb shkoja t\u00eb m\u00ebdha n\u00eb faqen e par\u00eb.<\/p>\n<p><strong><a id=\"js_55\" href=\"https:\/\/www.facebook.com\/ismet.karamanaga\" data-hovercard=\"\/ajax\/hovercard\/user.php?id=1359492972\">Ismet Karamanaga Facebook<\/a><\/strong><\/p>\n<p><a href=\"http:\/\/www.visit-ulcinj.com\/blog\/wp-content\/uploads\/2013\/12\/Lena-Catalic-Gani-Karamanaga.jpg\"><img loading=\"lazy\" class=\"alignleft  wp-image-77284\" alt=\"Lena Catalic-Gani Karamanaga\" src=\"http:\/\/www.visit-ulcinj.com\/blog\/wp-content\/uploads\/2013\/12\/Lena-Catalic-Gani-Karamanaga.jpg\" width=\"508\" height=\"360\" \/><\/a><\/p>\n<p><strong>Dir:Lena Catalic flet\u00eb p\u00ebr Dr.Gani Karamanag\u00ebn<\/strong><\/p>\n<p>Edhe une si directore e klinkes shqiptare \u00a0Illyria Family Practice ketu ne New York , kam pase rast\u00eb me u njoftu me Dr Ganin dhe e ftova qe te vij ne SHBA \u00a0te marrin pjes ne \u00a0darken \u00a0time \u00a0\u00a0Qershor 11\/2009 \u00a0qe un fitova nji \u00a0dhurat prej popullit shqiptar, ne ket darka moren pjes rreth\u00a0 500 personash, Dr Gania foli dhe la nji pershtypje shum te bukur ketu ne New York \u00a0se bashku me gruan e tij Fitnesen, dhe bame shum fotografija dhe edhe \u00a0te gjith u afrojshin qe te marrin ca \u00a0fotografi me Dr Ganin ,<\/p>\n<p>&nbsp;<\/p>\n<p>Dr Gania asht nji njeri me pak fjal dhe shum vepra te mira dhe si mjek i njoftun \u00a0edhe ketu ne SHBA e njofim si mjek i mir, dhe kam pas rast me<\/p>\n<p>qen\u00eb edhe pacientja e tij kur vi ne Ulqin si une Lena edhe bashkshorti im Nikolla \u00a0dhe po ashtu edhe Vellaji im Lazer Kola Gjonnaj asht pacietni i ti, dmth se Dr Ganis pra\u00a0 ka \u00a0pacinta edhe jasht Ulqinit se jo vetem ne rrethin e Ulqinit,<\/p>\n<p>Dr Gania kush e njef asht nji njeri i posa\u00e7em me pun e vepra ,e familiar e kujdestar per famile e pacientat e tij si dhe \u00a0me sidhje te mira dhe asht nji \u00a0mjek dhe person i shekelqyshem.<\/p>\n<p>Me lejoni tu diftoij edhe di\u00e7ka tjetr , se Babaj\u00a0 i Ganis\u00a0 dhe vjehri im Mati Zefi Catalic jan ken shoket mat te ngusht dhe kan gjuejt peshk bashk kan hanger bashk dhe kan fjet bashk\u00eb neper ka\u00e7orre tuj ruejt peshkun mos misnatet.<\/p>\n<p>Keshtu qe jo vetem un\u00eb por sdhe te tjert dhe sidomos 500 vet \u00a0qe moren pjes ne darken time para 3 viteve\u00a0 ju dha rasti qe ta \u00a0nd\u00ebgjoj\u00eb kuvenin e tij me plot edukat e me fjal te amla \u00a0jo vetem e njoften por edhe u knaqen me sheprehjen e tij te bukur at nat ne dark.<\/p>\n<p>Dr Ganin\u00a0 asht nji njeri shum i nerum prej popudhit dhe prej Zotit se asht i drejt, i cili mundohet gjithmon me bashku popullin se shqiptar pa marr dallim se \u00e7efar feje, \u00a0por vetem e vetem ma par si shqiptar keshtue njof dhe \u00a0kam ndigju edhe prej tjerve, dhe keshtu \u00a0populli e njofin Dr Ganin ka shum rrespket per \u00a0popullin shqiptar\u00a0 si dhe per \u00a0pacientat e tij pa dallim feje.<\/p>\n<p>Pra jane shum pak shoket e tij ne Ulqin adhe nji here po e theksoj se ky asht nji njeri i pa dallushem e i mrekullushem, lum kush e ndigjon fjalen e tij \u00a0gjurmet dhe \u00a0vepren e tija.<\/p>\n<p>Rrofsh O Dr Gani dhe te pa\u00e7im per gjithmon,<\/p>\n<p>&nbsp;<\/p>\n<p>Shendet dhe urime fetsat<\/p>\n<p>Lena<\/p>\n<p>&nbsp;<\/p>\n<p>Lena Catalic<\/p>\n<p>Director<\/p>\n<p>Illyria Family\u00a0 Practice<\/p>\n<p>JACOBI MEDICAL CENTAR<\/p>\n<p>1400 Pelham Parkway<\/p>\n<p>BLDG &#8211; 1 \u2013 4NW \u2013 B<\/p>\n<p>Bronx N, Y 10461<\/p>\n<p>Phon : 718-918-7481<\/p>\n<p>Fax : 718-918-7035<\/p>\n<p><a href=\"mailto:Lena.catalic@nbhn.net\" target=\"_blank\">Lena.catalic@nbhn.net<\/a><\/p>\n<p>Ju lutemi permirsoni gabimet\u00a0\u00a0 sepse Lena flet dhe shkruan 5 gjuh\u00ebt e huaja, prandaj ju kerkoj\u00eb ndjes\u00eb.<\/p>\n","protected":false},"excerpt":{"rendered":"<p>Edhe si f\u00ebmi ka qen\u00eb gjithmon\u00eb m\u00eb i miri dhe m\u00eb i &#8220;buti&#8221; si\u00e7 thot populli yn\u00eb, jo vet\u00ebm n\u00eb familien ton\u00eb, por edhe n\u00eb shoq\u00ebri, n\u00eb p\u00ebrgjith\u00ebsi. Ganiju ka qen\u00eb nj\u00eb nd\u00ebr nx\u00ebn\u00ebsit m\u00eb t\u00eb mir\u00eb n\u00eb shkoll\u00ebn e mesme t\u00eb medicin\u00ebs n\u00eb Cetin\u00eb, pastaj edhe nj\u00eb nd\u00ebr studentat m\u00eb t\u00eb mir\u00eb t\u00eb fakultetit [&hellip;]<\/p>\n","protected":false},"author":1,"featured_media":0,"comment_status":"closed","ping_status":"closed","sticky":false,"template":"","format":"standard","meta":{"spay_email":"","jetpack_publicize_message":"","jetpack_is_tweetstorm":false,"jetpack_publicize_feature_enabled":true},"categories":[15],"tags":[],"jetpack_publicize_connections":[],"yoast_head":"<!-- This site is optimized with the Yoast SEO plugin v19.1 - https:\/\/yoast.com\/wordpress\/plugins\/seo\/ -->\n<title>N\u00eb Ran\u00ebn ton\u00eb me prim. dr. Gani Karamanag\u00ebn.. - Lajme nga Ulqini<\/title>\n<meta name=\"description\" content=\"Edhe si f\u00ebmi ka qen\u00eb gjithmon\u00eb m\u00eb i miri dhe m\u00eb i &quot;buti&quot; si\u00e7 thot populli yn\u00eb, jo vet\u00ebm n\u00eb familien ton\u00eb, por edhe n\u00eb shoq\u00ebri, n\u00eb p\u00ebrgjith\u00ebsi. Ganiju ka\" \/>\n<meta name=\"robots\" content=\"index, follow, max-snippet:-1, max-image-preview:large, max-video-preview:-1\" \/>\n<link rel=\"canonical\" href=\"https:\/\/www.visit-ulcinj.com\/blog\/2013\/12\/15\/ne-ranen-tone-prim-dr-gani-karamanagen\/\" \/>\n<meta property=\"og:locale\" content=\"en_US\" \/>\n<meta property=\"og:type\" content=\"article\" \/>\n<meta property=\"og:title\" content=\"N\u00eb Ran\u00ebn ton\u00eb me prim. dr. Gani Karamanag\u00ebn.. - Lajme nga Ulqini\" \/>\n<meta property=\"og:description\" content=\"Edhe si f\u00ebmi ka qen\u00eb gjithmon\u00eb m\u00eb i miri dhe m\u00eb i &quot;buti&quot; si\u00e7 thot populli yn\u00eb, jo vet\u00ebm n\u00eb familien ton\u00eb, por edhe n\u00eb shoq\u00ebri, n\u00eb p\u00ebrgjith\u00ebsi. Ganiju ka\" \/>\n<meta property=\"og:url\" content=\"https:\/\/www.visit-ulcinj.com\/blog\/2013\/12\/15\/ne-ranen-tone-prim-dr-gani-karamanagen\/\" \/>\n<meta property=\"og:site_name\" content=\"Lajme nga Ulqini\" \/>\n<meta property=\"article:published_time\" content=\"2013-12-15T16:38:11+00:00\" \/>\n<meta property=\"article:modified_time\" content=\"2013-12-17T22:05:18+00:00\" \/>\n<meta property=\"og:image\" content=\"http:\/\/www.visit-ulcinj.com\/blog\/wp-content\/uploads\/2013\/12\/Ismet-Karamanaga-dr.-Gani-Karamanaga.jpg\" \/>\n<meta name=\"twitter:label1\" content=\"Written by\" \/>\n\t<meta name=\"twitter:data1\" content=\"ulqini\" \/>\n\t<meta name=\"twitter:label2\" content=\"Est. reading time\" \/>\n\t<meta name=\"twitter:data2\" content=\"4 minutes\" \/>\n<script type=\"application\/ld+json\" class=\"yoast-schema-graph\">{\"@context\":\"https:\/\/schema.org\",\"@graph\":[{\"@type\":\"WebSite\",\"@id\":\"https:\/\/www.visit-ulcinj.com\/blog\/#website\",\"url\":\"https:\/\/www.visit-ulcinj.com\/blog\/\",\"name\":\"Lajme nga Ulqini\",\"description\":\"Lajme,Vijesti,Ulqini,Ulqin,Crna Gora,Mali i Zi\",\"potentialAction\":[{\"@type\":\"SearchAction\",\"target\":{\"@type\":\"EntryPoint\",\"urlTemplate\":\"https:\/\/www.visit-ulcinj.com\/blog\/?s={search_term_string}\"},\"query-input\":\"required name=search_term_string\"}],\"inLanguage\":\"en-US\"},{\"@type\":\"ImageObject\",\"inLanguage\":\"en-US\",\"@id\":\"https:\/\/www.visit-ulcinj.com\/blog\/2013\/12\/15\/ne-ranen-tone-prim-dr-gani-karamanagen\/#primaryimage\",\"url\":\"https:\/\/www.visit-ulcinj.com\/blog\/wp-content\/uploads\/2013\/12\/Ismet-Karamanaga-dr.-Gani-Karamanaga.jpg\",\"contentUrl\":\"https:\/\/www.visit-ulcinj.com\/blog\/wp-content\/uploads\/2013\/12\/Ismet-Karamanaga-dr.-Gani-Karamanaga.jpg\",\"width\":960,\"height\":720},{\"@type\":\"WebPage\",\"@id\":\"https:\/\/www.visit-ulcinj.com\/blog\/2013\/12\/15\/ne-ranen-tone-prim-dr-gani-karamanagen\/#webpage\",\"url\":\"https:\/\/www.visit-ulcinj.com\/blog\/2013\/12\/15\/ne-ranen-tone-prim-dr-gani-karamanagen\/\",\"name\":\"N\u00eb Ran\u00ebn ton\u00eb me prim. dr. Gani Karamanag\u00ebn.. - Lajme nga Ulqini\",\"isPartOf\":{\"@id\":\"https:\/\/www.visit-ulcinj.com\/blog\/#website\"},\"primaryImageOfPage\":{\"@id\":\"https:\/\/www.visit-ulcinj.com\/blog\/2013\/12\/15\/ne-ranen-tone-prim-dr-gani-karamanagen\/#primaryimage\"},\"datePublished\":\"2013-12-15T16:38:11+00:00\",\"dateModified\":\"2013-12-17T22:05:18+00:00\",\"author\":{\"@id\":\"https:\/\/www.visit-ulcinj.com\/blog\/#\/schema\/person\/dcab619c614d3038751c63bc2aadc06d\"},\"description\":\"Edhe si f\u00ebmi ka qen\u00eb gjithmon\u00eb m\u00eb i miri dhe m\u00eb i \\\"buti\\\" si\u00e7 thot populli yn\u00eb, jo vet\u00ebm n\u00eb familien ton\u00eb, por edhe n\u00eb shoq\u00ebri, n\u00eb p\u00ebrgjith\u00ebsi. Ganiju ka\",\"breadcrumb\":{\"@id\":\"https:\/\/www.visit-ulcinj.com\/blog\/2013\/12\/15\/ne-ranen-tone-prim-dr-gani-karamanagen\/#breadcrumb\"},\"inLanguage\":\"en-US\",\"potentialAction\":[{\"@type\":\"ReadAction\",\"target\":[\"https:\/\/www.visit-ulcinj.com\/blog\/2013\/12\/15\/ne-ranen-tone-prim-dr-gani-karamanagen\/\"]}]},{\"@type\":\"BreadcrumbList\",\"@id\":\"https:\/\/www.visit-ulcinj.com\/blog\/2013\/12\/15\/ne-ranen-tone-prim-dr-gani-karamanagen\/#breadcrumb\",\"itemListElement\":[{\"@type\":\"ListItem\",\"position\":1,\"name\":\"N\u00eb Ran\u00ebn ton\u00eb me prim. dr. Gani Karamanag\u00ebn..\"}]},{\"@type\":\"Person\",\"@id\":\"https:\/\/www.visit-ulcinj.com\/blog\/#\/schema\/person\/dcab619c614d3038751c63bc2aadc06d\",\"name\":\"ulqini\",\"sameAs\":[\"http:\/\/www.visit-ulcinj.com\"],\"url\":\"https:\/\/www.visit-ulcinj.com\/blog\/author\/admin\/\"}]}<\/script>\n<!-- \/ Yoast SEO plugin. -->","yoast_head_json":{"title":"N\u00eb Ran\u00ebn ton\u00eb me prim. dr. Gani Karamanag\u00ebn.. - Lajme nga Ulqini","description":"Edhe si f\u00ebmi ka qen\u00eb gjithmon\u00eb m\u00eb i miri dhe m\u00eb i \"buti\" si\u00e7 thot populli yn\u00eb, jo vet\u00ebm n\u00eb familien ton\u00eb, por edhe n\u00eb shoq\u00ebri, n\u00eb p\u00ebrgjith\u00ebsi. Ganiju ka","robots":{"index":"index","follow":"follow","max-snippet":"max-snippet:-1","max-image-preview":"max-image-preview:large","max-video-preview":"max-video-preview:-1"},"canonical":"https:\/\/www.visit-ulcinj.com\/blog\/2013\/12\/15\/ne-ranen-tone-prim-dr-gani-karamanagen\/","og_locale":"en_US","og_type":"article","og_title":"N\u00eb Ran\u00ebn ton\u00eb me prim. dr. Gani Karamanag\u00ebn.. - Lajme nga Ulqini","og_description":"Edhe si f\u00ebmi ka qen\u00eb gjithmon\u00eb m\u00eb i miri dhe m\u00eb i \"buti\" si\u00e7 thot populli yn\u00eb, jo vet\u00ebm n\u00eb familien ton\u00eb, por edhe n\u00eb shoq\u00ebri, n\u00eb p\u00ebrgjith\u00ebsi. Ganiju ka","og_url":"https:\/\/www.visit-ulcinj.com\/blog\/2013\/12\/15\/ne-ranen-tone-prim-dr-gani-karamanagen\/","og_site_name":"Lajme nga Ulqini","article_published_time":"2013-12-15T16:38:11+00:00","article_modified_time":"2013-12-17T22:05:18+00:00","og_image":[{"url":"http:\/\/www.visit-ulcinj.com\/blog\/wp-content\/uploads\/2013\/12\/Ismet-Karamanaga-dr.-Gani-Karamanaga.jpg"}],"twitter_misc":{"Written by":"ulqini","Est. reading time":"4 minutes"},"schema":{"@context":"https:\/\/schema.org","@graph":[{"@type":"WebSite","@id":"https:\/\/www.visit-ulcinj.com\/blog\/#website","url":"https:\/\/www.visit-ulcinj.com\/blog\/","name":"Lajme nga Ulqini","description":"Lajme,Vijesti,Ulqini,Ulqin,Crna Gora,Mali i Zi","potentialAction":[{"@type":"SearchAction","target":{"@type":"EntryPoint","urlTemplate":"https:\/\/www.visit-ulcinj.com\/blog\/?s={search_term_string}"},"query-input":"required name=search_term_string"}],"inLanguage":"en-US"},{"@type":"ImageObject","inLanguage":"en-US","@id":"https:\/\/www.visit-ulcinj.com\/blog\/2013\/12\/15\/ne-ranen-tone-prim-dr-gani-karamanagen\/#primaryimage","url":"https:\/\/www.visit-ulcinj.com\/blog\/wp-content\/uploads\/2013\/12\/Ismet-Karamanaga-dr.-Gani-Karamanaga.jpg","contentUrl":"https:\/\/www.visit-ulcinj.com\/blog\/wp-content\/uploads\/2013\/12\/Ismet-Karamanaga-dr.-Gani-Karamanaga.jpg","width":960,"height":720},{"@type":"WebPage","@id":"https:\/\/www.visit-ulcinj.com\/blog\/2013\/12\/15\/ne-ranen-tone-prim-dr-gani-karamanagen\/#webpage","url":"https:\/\/www.visit-ulcinj.com\/blog\/2013\/12\/15\/ne-ranen-tone-prim-dr-gani-karamanagen\/","name":"N\u00eb Ran\u00ebn ton\u00eb me prim. dr. Gani Karamanag\u00ebn.. - Lajme nga Ulqini","isPartOf":{"@id":"https:\/\/www.visit-ulcinj.com\/blog\/#website"},"primaryImageOfPage":{"@id":"https:\/\/www.visit-ulcinj.com\/blog\/2013\/12\/15\/ne-ranen-tone-prim-dr-gani-karamanagen\/#primaryimage"},"datePublished":"2013-12-15T16:38:11+00:00","dateModified":"2013-12-17T22:05:18+00:00","author":{"@id":"https:\/\/www.visit-ulcinj.com\/blog\/#\/schema\/person\/dcab619c614d3038751c63bc2aadc06d"},"description":"Edhe si f\u00ebmi ka qen\u00eb gjithmon\u00eb m\u00eb i miri dhe m\u00eb i \"buti\" si\u00e7 thot populli yn\u00eb, jo vet\u00ebm n\u00eb familien ton\u00eb, por edhe n\u00eb shoq\u00ebri, n\u00eb p\u00ebrgjith\u00ebsi. Ganiju ka","breadcrumb":{"@id":"https:\/\/www.visit-ulcinj.com\/blog\/2013\/12\/15\/ne-ranen-tone-prim-dr-gani-karamanagen\/#breadcrumb"},"inLanguage":"en-US","potentialAction":[{"@type":"ReadAction","target":["https:\/\/www.visit-ulcinj.com\/blog\/2013\/12\/15\/ne-ranen-tone-prim-dr-gani-karamanagen\/"]}]},{"@type":"BreadcrumbList","@id":"https:\/\/www.visit-ulcinj.com\/blog\/2013\/12\/15\/ne-ranen-tone-prim-dr-gani-karamanagen\/#breadcrumb","itemListElement":[{"@type":"ListItem","position":1,"name":"N\u00eb Ran\u00ebn ton\u00eb me prim. dr. Gani Karamanag\u00ebn.."}]},{"@type":"Person","@id":"https:\/\/www.visit-ulcinj.com\/blog\/#\/schema\/person\/dcab619c614d3038751c63bc2aadc06d","name":"ulqini","sameAs":["http:\/\/www.visit-ulcinj.com"],"url":"https:\/\/www.visit-ulcinj.com\/blog\/author\/admin\/"}]}},"jetpack_featured_media_url":"","jetpack_sharing_enabled":true,"jetpack_shortlink":"https:\/\/wp.me\/pe6lTn-k5a","_links":{"self":[{"href":"https:\/\/www.visit-ulcinj.com\/blog\/wp-json\/wp\/v2\/posts\/77200"}],"collection":[{"href":"https:\/\/www.visit-ulcinj.com\/blog\/wp-json\/wp\/v2\/posts"}],"about":[{"href":"https:\/\/www.visit-ulcinj.com\/blog\/wp-json\/wp\/v2\/types\/post"}],"author":[{"embeddable":true,"href":"https:\/\/www.visit-ulcinj.com\/blog\/wp-json\/wp\/v2\/users\/1"}],"replies":[{"embeddable":true,"href":"https:\/\/www.visit-ulcinj.com\/blog\/wp-json\/wp\/v2\/comments?post=77200"}],"version-history":[{"count":5,"href":"https:\/\/www.visit-ulcinj.com\/blog\/wp-json\/wp\/v2\/posts\/77200\/revisions"}],"predecessor-version":[{"id":77285,"href":"https:\/\/www.visit-ulcinj.com\/blog\/wp-json\/wp\/v2\/posts\/77200\/revisions\/77285"}],"wp:attachment":[{"href":"https:\/\/www.visit-ulcinj.com\/blog\/wp-json\/wp\/v2\/media?parent=77200"}],"wp:term":[{"taxonomy":"category","embeddable":true,"href":"https:\/\/www.visit-ulcinj.com\/blog\/wp-json\/wp\/v2\/categories?post=77200"},{"taxonomy":"post_tag","embeddable":true,"href":"https:\/\/www.visit-ulcinj.com\/blog\/wp-json\/wp\/v2\/tags?post=77200"}],"curies":[{"name":"wp","href":"https:\/\/api.w.org\/{rel}","templated":true}]}}