{"id":7721,"date":"2008-12-27T11:19:54","date_gmt":"2008-12-27T10:19:54","guid":{"rendered":"http:\/\/www.visit-ulcinj.com\/blog\/?p=7721"},"modified":"2008-12-27T11:19:54","modified_gmt":"2008-12-27T10:19:54","slug":"dite-e-rendesishme-por-edhe-sfida-te-reja","status":"publish","type":"post","link":"https:\/\/www.visit-ulcinj.com\/blog\/2008\/12\/27\/dite-e-rendesishme-por-edhe-sfida-te-reja\/","title":{"rendered":"Dit\u00eb e r\u00ebnd\u00ebsishme, por edhe sfida t\u00eb reja"},"content":{"rendered":"<div id=\"attachment_3319\" style=\"width: 160px\" class=\"wp-caption alignleft\"><img aria-describedby=\"caption-attachment-3319\" loading=\"lazy\" class=\"size-thumbnail wp-image-3319\" title=\"luigj-shkreli\" src=\"http:\/\/www.visit-ulcinj.com\/blog\/wp-content\/uploads\/2008\/09\/luigj-shkreli-150x150.jpg\" alt=\"luigj-shkreli\" width=\"150\" height=\"150\" \/><p id=\"caption-attachment-3319\" class=\"wp-caption-text\">Luigj Shkreli<\/p><\/div>\n<div id=\"attachment_6628\" style=\"width: 160px\" class=\"wp-caption alignright\"><img aria-describedby=\"caption-attachment-6628\" loading=\"lazy\" class=\"size-thumbnail wp-image-6628\" title=\"ferhat-dinosha\" src=\"http:\/\/www.visit-ulcinj.com\/blog\/wp-content\/uploads\/2008\/11\/ferhat-dinosha-150x150.jpg\" alt=\"ferhat-dinosha\" width=\"150\" height=\"150\" srcset=\"https:\/\/www.visit-ulcinj.com\/blog\/wp-content\/uploads\/2008\/11\/ferhat-dinosha-150x150.jpg 150w, https:\/\/www.visit-ulcinj.com\/blog\/wp-content\/uploads\/2008\/11\/ferhat-dinosha.jpg 210w\" sizes=\"(max-width: 150px) 100vw, 150px\" \/><p id=\"caption-attachment-6628\" class=\"wp-caption-text\">Ferhat Dinosha<\/p><\/div>\n<p><img loading=\"lazy\" class=\"alignleft size-full wp-image-7722\" title=\"kryeministri-i-malit-te-zi-millo-gjukanoviq-i-ka-dorezuar-presidentit-francez-nikollas-sarkozyt-aplikimin-per-anetaresim-ne-bashkimin-europian\" src=\"http:\/\/www.visit-ulcinj.com\/blog\/wp-content\/uploads\/2008\/12\/kryeministri-i-malit-te-zi-millo-gjukanoviq-i-ka-dorezuar-presidentit-francez-nikollas-sarkozyt-aplikimin-per-anetaresim-ne-bashkimin-europian.jpg\" alt=\"kryeministri-i-malit-te-zi-millo-gjukanoviq-i-ka-dorezuar-presidentit-francez-nikollas-sarkozyt-aplikimin-per-anetaresim-ne-bashkimin-europian\" width=\"300\" height=\"200\" \/>Dita e h\u00ebn\u00eb e 15 dhjetorit t\u00eb vitit 2008 do t\u00eb mbahet mend si nj\u00eb dit\u00eb historike p\u00ebr t\u00eb gjith\u00eb qytetar\u00ebt e Malit t\u00eb Zi, pasi q\u00eb ky shtet pas dy viteve e m\u00eb tep\u00ebr pavar\u00ebsi definitivisht \u00ebsht\u00eb p\u00ebrcaktuar p\u00ebr t\u00eb aplikuar p\u00ebr aderim n\u00eb familjen m\u00eb t\u00eb madhe europiane. Por, n\u00eb an\u00ebn tjet\u00ebr Mali i Zi do t\u00eb ballafaqohet edhe me sfida t\u00eb reja p\u00ebr t\u00eb cilat ai ka shprehur gatishm\u00ebri p\u00ebr bashk\u00ebpunim me BE. \u00c7ka \u00ebsht\u00eb edhe m\u00eb e r\u00ebnd\u00ebsishme, K\u00ebshilli i Europ\u00ebs e ka mir\u00ebpritur aplikimi e Malit t\u00eb Zi.<br \/>\nKryeministri i Malit t\u00eb Zi, Millo Gjukanoviq i ka dor\u00ebzuar t\u00eb h\u00ebn\u00ebn n\u00eb Pariz, Presidentit t\u00eb Franc\u00ebs, Nikollas Sarkozyt aplikimin e Malit t\u00eb Zi p\u00ebr aderim n\u00eb Bashkimin Europian, pasi q\u00eb Franca mban kryesin\u00eb e radh\u00ebs t\u00eb BE-s\u00eb.<br \/>\nPas dor\u00ebzimit t\u00eb aplikimit, Kryeministri Gjukanoviq ka deklaruar se aplikimi n\u00eb BE \u00ebsht\u00eb nj\u00eb dit\u00eb historike p\u00ebr Malin e Zi, Ballkanin, por edhe p\u00ebr Europ\u00ebn.<br \/>\n&#8220;Jemi t\u00eb gatsh\u00ebm q\u00eb me p\u00ebrgjegj\u00ebsi t\u00eb bashk\u00ebpunojm\u00eb me partner\u00ebt europian\u00eb, por edhe t\u00eb gatsh\u00ebm q\u00eb tzu p\u00ebrgjigjemi t\u00eb gjitha sfidave&#8221;, ka th\u00ebn\u00eb Gjukanoviq, kurse Presidenti francez, Nikollas Sarkozy \u00ebsht\u00eb shprehur se nuk ka renditje t\u00eb p\u00ebrcaktuar, por n\u00ebse Mali i Zi do t\u00eb jet\u00eb n\u00eb mesin e shteteve t\u00eb para t\u00eb cilat do tzi plot\u00ebsojn\u00eb kushtet p\u00ebr an\u00ebtar\u00ebsim, at\u00ebher\u00eb edhe me t\u00eb parat shtete do tzi bashk\u00ebngjitet BE-s\u00eb, nd\u00ebrsa komisioneri p\u00ebr zgj\u00ebrim, Oli Ren ka shprehur k\u00ebnaq\u00ebsi q\u00eb Mali i Zi \u00ebsht\u00eb i gatsh\u00ebm dhe i vendosur p\u00ebr rrug\u00ebn drejt Europ\u00ebs.<\/p>\n<div id=\"attachment_2264\" style=\"width: 160px\" class=\"wp-caption alignright\"><img aria-describedby=\"caption-attachment-2264\" loading=\"lazy\" class=\"size-thumbnail wp-image-2264\" title=\"vasel-sinishtaj\" src=\"http:\/\/www.visit-ulcinj.com\/blog\/wp-content\/uploads\/2008\/08\/vasel-sinishtaj-150x150.jpg\" alt=\"Vaselj Sini\u0161taj\" width=\"150\" height=\"150\" \/><p id=\"caption-attachment-2264\" class=\"wp-caption-text\">Vaselj Sinishtaj<\/p><\/div>\n<p>Deputeti i ASH, Vasel Sinishtaj, e mb\u00ebshtet aplikimin e Malit t\u00eb Zi p\u00ebr an\u00ebtar\u00ebrsim n\u00eb BE, por sipas tij aplikimi n\u00eb k\u00ebt\u00eb koh\u00eb dhe n\u00eb k\u00ebt\u00eb moment \u00ebsht\u00eb vet\u00ebm nj\u00eb pluhur n\u00eb sy t\u00eb qytetar\u00ebve t\u00eb r\u00ebndomt\u00eb.<br \/>\n&#8220;Mosgatishm\u00ebria e k\u00ebtij pushteti p\u00ebr implementimin e Kushtetut\u00ebs si akt m\u00eb t\u00eb lart\u00eb juridik t\u00eb shtetit, korrupsioni dhe kriminaliteti i organizaur, Prokuroria dhe gjyq\u00ebsia e pavarur dhe e depolitizuar, mosp\u00ebrmbushja e standardeve t\u00eb parapara me Konventat nd\u00ebrkomb\u00ebtare, lirit\u00eb dhe t\u00eb drejtat elementare njer\u00ebzore e qytetare, posa\u00e7\u00ebrisht t\u00eb pakicave nacioanale, gatishm\u00ebria e pushtetit q\u00eb ende t\u00eb riprodhoj\u00eb procese t\u00eb montuara politike, e n\u00eb an\u00ebn tjet\u00ebr mosgatishm\u00ebria e zbardhjeve t\u00eb vrasjeve t\u00eb shumta dhe niveli i ul\u00ebt i standardeve jan\u00eb k\u00ebto sfera, por edhe sfida me t\u00eb cila ky shtet duhet t\u00eb ballafaqohet, n\u00ebse aplikimi \u00ebsht\u00eb i sinqert\u00eb&#8221;, deklaron deputeti Sinishtaj.<\/p>\n<div id=\"attachment_3319\" style=\"width: 160px\" class=\"wp-caption alignleft\"><img aria-describedby=\"caption-attachment-3319\" loading=\"lazy\" class=\"size-thumbnail wp-image-3319\" title=\"luigj-shkreli\" src=\"http:\/\/www.visit-ulcinj.com\/blog\/wp-content\/uploads\/2008\/09\/luigj-shkreli-150x150.jpg\" alt=\"Luigj Shkreli\" width=\"150\" height=\"150\" \/><p id=\"caption-attachment-3319\" class=\"wp-caption-text\">Luigj Shkreli<\/p><\/div>\n<p>P\u00ebr deputetin e PDS Luigj Shkrelin aplikimi i Malit t\u00eb Zi p\u00ebr n\u00eb BE \u00ebsht\u00eb nj\u00eb hap i r\u00ebnd\u00ebsish\u00ebm p\u00ebr vet faktin se Malin e Zi e \u00e7on drejt integrimeve europiane dhe kah familja e madhe e Europ\u00ebs p\u00ebrparimtare, ku do t\u00eb mbizot\u00ebroj\u00eb e drejta, ligjet afirmative etj.<br \/>\n&#8220;Besoj se edhe skeptik\u00ebt m\u00eb t\u00eb fundit jan\u00eb bindur se e vetmja rrug\u00eb e p\u00ebrparimit p\u00ebr Malin e Zi \u00ebsht\u00eb integrimi n\u00eb BE dhe n\u00eb rrjedhat q\u00eb \u00e7ojn\u00eb drejt prosperitetit dhe p\u00ebrmir\u00ebsimit t\u00eb t\u00eb gjitha vlerave&#8221;, ka th\u00ebn\u00eb Shkreli duke shtuar se &#8220;ky aplikim lind edhe obligime t\u00eb reja p\u00ebr \u00e7do segment t\u00eb pushtetit t\u00eb Malit t\u00eb Zi&#8221;.<\/p>\n<div id=\"attachment_6628\" style=\"width: 160px\" class=\"wp-caption alignright\"><img aria-describedby=\"caption-attachment-6628\" loading=\"lazy\" class=\"size-thumbnail wp-image-6628\" title=\"ferhat-dinosha\" src=\"http:\/\/www.visit-ulcinj.com\/blog\/wp-content\/uploads\/2008\/11\/ferhat-dinosha-150x150.jpg\" alt=\"Ferhat Dinosha\" width=\"150\" height=\"150\" srcset=\"https:\/\/www.visit-ulcinj.com\/blog\/wp-content\/uploads\/2008\/11\/ferhat-dinosha-150x150.jpg 150w, https:\/\/www.visit-ulcinj.com\/blog\/wp-content\/uploads\/2008\/11\/ferhat-dinosha.jpg 210w\" sizes=\"(max-width: 150px) 100vw, 150px\" \/><p id=\"caption-attachment-6628\" class=\"wp-caption-text\">Ferhat Dinosha<\/p><\/div>\n<p>&#8220;Aplikimi i Malit t\u00eb Zi p\u00ebr n\u00eb Bashkimin Europian \u00ebsht\u00eb mjaft i r\u00ebnd\u00ebsish\u00ebm edhe p\u00ebr Malin e Zi dhe proceset n\u00eb rajon. Mir\u00ebpo kjo nuk do t\u00eb thot\u00eb se t\u00eb gjitha pun\u00ebt jan\u00eb kryer&#8221;, thot\u00eb deputeti i UDSH-s\u00eb, Ferhat Dinosha, duke shtuar se &#8220;Mali i Zi duhet tzi plot\u00ebsoj\u00eb ato standarde q\u00eb do t\u00eb shtrohen nga ana BE-s\u00eb, sidomos n\u00eb fush\u00ebn e ekonomis\u00eb, gjyq\u00ebsis\u00eb, korrupsionit etj&#8221;. Sipas tij, Mali i Zi do t\u00eb ket\u00eb obligime edhe p\u00ebr implementimin e standardeve europiane, q\u00eb n\u00eb radh\u00eb t\u00eb par\u00eb kan\u00eb t\u00eb b\u00ebjn\u00eb me t\u00eb drejtat e pakicave nacionale.<br \/>\nP\u00ebrfaq\u00ebsimi proporcional i shqiptar\u00ebve n\u00eb institucionet dhe organet shtet\u00ebrore t\u00eb Malit t\u00eb Zi, deklaron deputeti Dinosha, \u00ebsht\u00eb ende shum\u00eb i ul\u00ebt dhe n\u00eb k\u00ebt\u00eb drejtim absolutisht se duhet punuar m\u00eb shum\u00eb dhe Mali i Zi do t\u00eb ket\u00eb obligime q\u00eb shqiptar\u00ebt tzi ket\u00eb m\u00eb shum\u00eb t\u00eb pranish\u00ebm edhe n\u00eb gjykata dhe n\u00eb dikaster\u00eb t\u00eb tjer\u00eb t\u00eb Qeveris\u00eb. Po ashtu ai thekson se Mali i Zi do te k\u00ebt\u00eb obligime t\u00eb punoj\u00eb edhe n\u00eb drejtim t\u00eb decentralizimit t\u00eb pushtetit dhe kjo \u00ebsht\u00eb \u00e7\u00ebshtje me interes, natyrisht edhe p\u00ebr shqiptar\u00ebt.<br \/>\nDinosha \u00ebsht\u00eb i mendimit se Mali i Zi duhet t\u00eb ket\u00eb marr\u00ebdh\u00ebnie t\u00eb mira bashk\u00ebpunimi m\u00eb te gjith\u00eb fqinj\u00ebt, p\u00ebr \u00e7ka Mali i Zi \u00ebsht\u00eb i gatsh\u00ebm p\u00ebr bashk\u00ebpunim me t\u00eb gjitha shtetet p\u00ebrreth. Si gj\u00eb t\u00eb r\u00ebnd\u00ebsishme Dinosha sheh edhe kapicitetin dhe gatishm\u00ebrin\u00eb e Malit t\u00eb Zi p\u00ebr tzu ky\u00e7ur n\u00eb integrimet euro-atlantike. Sipas tij, Mali i Zi \u00ebsht\u00eb i gatsh\u00ebm t\u00eb integrohet edhe n\u00eb strukturat e NATO-s.<\/p>\n<div id=\"attachment_1060\" style=\"width: 160px\" class=\"wp-caption alignleft\"><img aria-describedby=\"caption-attachment-1060\" loading=\"lazy\" class=\"size-thumbnail wp-image-1060\" title=\"Bardhi_mehmet_DSA\" src=\"http:\/\/www.visit-ulcinj.com\/blog\/wp-content\/uploads\/2008\/03\/bardhi_dsa.thumbnail.jpg\" alt=\"Mehmet Bardhi \" width=\"150\" height=\"112\" \/><p id=\"caption-attachment-1060\" class=\"wp-caption-text\">Mehmet Bardhi <\/p><\/div>\n<p>Nd\u00ebrkaq, deputeti i LD n\u00eb MZ, Mehmet Bardhi deklaron se dor\u00ebzimi i k\u00ebrkes\u00ebs q\u00eb Mali i Zi t\u00eb jet\u00eb kandidat p\u00ebr an\u00ebtar\u00ebsimin n\u00eb BE \u00ebsht\u00eb nj\u00eb akt i pritur, kur dihet se Mali i Zi \u00ebsht\u00eb p\u00ebrcaktuar p\u00ebr integrime euro-atlantike.<br \/>\n&#8220;Ky fakt do t\u00eb duhej t\u00eb nd\u00ebrgjegj\u00ebsoj\u00eb politik\u00ebn aktuale t\u00eb Malit t\u00eb Zi. Mali i Zi n\u00eb t\u00eb ardhmen duhet d\u00ebshmuar me veprime konkrete p\u00ebr t\u00eb p\u00ebmbushur k\u00ebrkesat dhe standardet e BE-s\u00eb n\u00eb t\u00eb gjitha sferat e jet\u00ebs. K\u00ebtu sigurisht do t\u00eb ket\u00eb edhe v\u00ebshtir\u00ebsi. Po ashtu Bardhi p\u00ebrmendi se Mali i Zi do t\u00eb duhej ta decentralizoj\u00eb pushtetin, pastaj ai duhet tzua kthej\u00eb tokat ish-pronar\u00ebve, por duhet pasur edhe bashk\u00ebpunim me opozit\u00ebn&#8221;, p\u00ebrfundoi mes tjerash kryetari dhe deputeti i LD n\u00eb MZ, Mehmet Bardhi.<br \/>\nKryetari i Komun\u00ebs s\u00eb Ulqinit, G\u00ebzim Hajdinaga, i ka d\u00ebrguar telegram urimi me rastin e aplikimit t\u00eb Malit t\u00eb Zi n\u00eb BE, Kryetarit t\u00eb Malit t\u00eb Zi, Filip Vujanoviq dhe Kryeministrit Gjukanoviq me shpres\u00eb se n\u00eb k\u00ebt\u00eb drejtim do t\u00eb punojm\u00eb t\u00eb gjith\u00eb s\u00eb bashku n\u00eb realizimin e detyrave q\u00eb na presin n\u00eb t\u00eb ardhmen.<\/p>\n<div id=\"attachment_4232\" style=\"width: 160px\" class=\"wp-caption alignright\"><img aria-describedby=\"caption-attachment-4232\" loading=\"lazy\" class=\"size-thumbnail wp-image-4232\" title=\"nazif-cungu1\" src=\"http:\/\/www.visit-ulcinj.com\/blog\/wp-content\/uploads\/2008\/10\/nazif-cungu1-150x150.jpg\" alt=\"Nazif Cungu\" width=\"150\" height=\"150\" \/><p id=\"caption-attachment-4232\" class=\"wp-caption-text\">Nazif Cungu<\/p><\/div>\n<p>Edhe Forca e Re Demokratike -FORCA e ka uruar aplikimin e Malit t\u00eb Zi p\u00ebr an\u00ebtar\u00ebsim n\u00eb BE duke e vler\u00ebsuar at\u00eb si nj\u00eb sukses t\u00eb r\u00ebnd\u00ebsish\u00ebm n\u00eb udh\u00ebheqjen dhe realizimin e k\u00ebrkesave drejt BE-s\u00eb.<br \/>\n<strong>Rr.D<br \/>\nKoha Javore<\/strong><\/p>\n","protected":false},"excerpt":{"rendered":"<p>Dita e h\u00ebn\u00eb e 15 dhjetorit t\u00eb vitit 2008 do t\u00eb mbahet mend si nj\u00eb dit\u00eb historike p\u00ebr t\u00eb gjith\u00eb qytetar\u00ebt e Malit t\u00eb Zi, pasi q\u00eb ky shtet pas dy viteve e m\u00eb tep\u00ebr pavar\u00ebsi definitivisht \u00ebsht\u00eb p\u00ebrcaktuar p\u00ebr t\u00eb aplikuar p\u00ebr aderim n\u00eb familjen m\u00eb t\u00eb madhe europiane. Por, n\u00eb an\u00ebn tjet\u00ebr Mali [&hellip;]<\/p>\n","protected":false},"author":1,"featured_media":0,"comment_status":"open","ping_status":"closed","sticky":false,"template":"","format":"standard","meta":{"spay_email":"","jetpack_publicize_message":"","jetpack_is_tweetstorm":false,"jetpack_publicize_feature_enabled":true},"categories":[12],"tags":[],"jetpack_publicize_connections":[],"yoast_head":"<!-- This site is optimized with the Yoast SEO plugin v19.1 - https:\/\/yoast.com\/wordpress\/plugins\/seo\/ -->\n<title>Dit\u00eb e r\u00ebnd\u00ebsishme, por edhe sfida t\u00eb reja - Lajme nga Ulqini<\/title>\n<meta name=\"description\" content=\"Dita e h\u00ebn\u00eb e 15 dhjetorit t\u00eb vitit 2008 do t\u00eb mbahet mend si nj\u00eb dit\u00eb historike p\u00ebr t\u00eb gjith\u00eb qytetar\u00ebt e Malit t\u00eb Zi, pasi q\u00eb ky shtet pas dy viteve e\" \/>\n<meta name=\"robots\" content=\"index, follow, max-snippet:-1, max-image-preview:large, max-video-preview:-1\" \/>\n<link rel=\"canonical\" href=\"https:\/\/www.visit-ulcinj.com\/blog\/2008\/12\/27\/dite-e-rendesishme-por-edhe-sfida-te-reja\/\" \/>\n<meta property=\"og:locale\" content=\"en_US\" \/>\n<meta property=\"og:type\" content=\"article\" \/>\n<meta property=\"og:title\" content=\"Dit\u00eb e r\u00ebnd\u00ebsishme, por edhe sfida t\u00eb reja - Lajme nga Ulqini\" \/>\n<meta property=\"og:description\" content=\"Dita e h\u00ebn\u00eb e 15 dhjetorit t\u00eb vitit 2008 do t\u00eb mbahet mend si nj\u00eb dit\u00eb historike p\u00ebr t\u00eb gjith\u00eb qytetar\u00ebt e Malit t\u00eb Zi, pasi q\u00eb ky shtet pas dy viteve e\" \/>\n<meta property=\"og:url\" content=\"https:\/\/www.visit-ulcinj.com\/blog\/2008\/12\/27\/dite-e-rendesishme-por-edhe-sfida-te-reja\/\" \/>\n<meta property=\"og:site_name\" content=\"Lajme nga Ulqini\" \/>\n<meta property=\"article:published_time\" content=\"2008-12-27T10:19:54+00:00\" \/>\n<meta property=\"og:image\" content=\"http:\/\/www.visit-ulcinj.com\/blog\/wp-content\/uploads\/2008\/09\/luigj-shkreli-150x150.jpg\" \/>\n<meta name=\"twitter:label1\" content=\"Written by\" \/>\n\t<meta name=\"twitter:data1\" content=\"ulqini\" \/>\n\t<meta name=\"twitter:label2\" content=\"Est. reading time\" \/>\n\t<meta name=\"twitter:data2\" content=\"6 minutes\" \/>\n<script type=\"application\/ld+json\" class=\"yoast-schema-graph\">{\"@context\":\"https:\/\/schema.org\",\"@graph\":[{\"@type\":\"WebSite\",\"@id\":\"https:\/\/www.visit-ulcinj.com\/blog\/#website\",\"url\":\"https:\/\/www.visit-ulcinj.com\/blog\/\",\"name\":\"Lajme nga Ulqini\",\"description\":\"Lajme,Vijesti,Ulqini,Ulqin,Crna Gora,Mali i Zi\",\"potentialAction\":[{\"@type\":\"SearchAction\",\"target\":{\"@type\":\"EntryPoint\",\"urlTemplate\":\"https:\/\/www.visit-ulcinj.com\/blog\/?s={search_term_string}\"},\"query-input\":\"required name=search_term_string\"}],\"inLanguage\":\"en-US\"},{\"@type\":\"ImageObject\",\"inLanguage\":\"en-US\",\"@id\":\"https:\/\/www.visit-ulcinj.com\/blog\/2008\/12\/27\/dite-e-rendesishme-por-edhe-sfida-te-reja\/#primaryimage\",\"url\":\"http:\/\/www.visit-ulcinj.com\/blog\/wp-content\/uploads\/2008\/09\/luigj-shkreli-150x150.jpg\",\"contentUrl\":\"http:\/\/www.visit-ulcinj.com\/blog\/wp-content\/uploads\/2008\/09\/luigj-shkreli-150x150.jpg\"},{\"@type\":\"WebPage\",\"@id\":\"https:\/\/www.visit-ulcinj.com\/blog\/2008\/12\/27\/dite-e-rendesishme-por-edhe-sfida-te-reja\/#webpage\",\"url\":\"https:\/\/www.visit-ulcinj.com\/blog\/2008\/12\/27\/dite-e-rendesishme-por-edhe-sfida-te-reja\/\",\"name\":\"Dit\u00eb e r\u00ebnd\u00ebsishme, por edhe sfida t\u00eb reja - Lajme nga Ulqini\",\"isPartOf\":{\"@id\":\"https:\/\/www.visit-ulcinj.com\/blog\/#website\"},\"primaryImageOfPage\":{\"@id\":\"https:\/\/www.visit-ulcinj.com\/blog\/2008\/12\/27\/dite-e-rendesishme-por-edhe-sfida-te-reja\/#primaryimage\"},\"datePublished\":\"2008-12-27T10:19:54+00:00\",\"dateModified\":\"2008-12-27T10:19:54+00:00\",\"author\":{\"@id\":\"https:\/\/www.visit-ulcinj.com\/blog\/#\/schema\/person\/dcab619c614d3038751c63bc2aadc06d\"},\"description\":\"Dita e h\u00ebn\u00eb e 15 dhjetorit t\u00eb vitit 2008 do t\u00eb mbahet mend si nj\u00eb dit\u00eb historike p\u00ebr t\u00eb gjith\u00eb qytetar\u00ebt e Malit t\u00eb Zi, pasi q\u00eb ky shtet pas dy viteve e\",\"breadcrumb\":{\"@id\":\"https:\/\/www.visit-ulcinj.com\/blog\/2008\/12\/27\/dite-e-rendesishme-por-edhe-sfida-te-reja\/#breadcrumb\"},\"inLanguage\":\"en-US\",\"potentialAction\":[{\"@type\":\"ReadAction\",\"target\":[\"https:\/\/www.visit-ulcinj.com\/blog\/2008\/12\/27\/dite-e-rendesishme-por-edhe-sfida-te-reja\/\"]}]},{\"@type\":\"BreadcrumbList\",\"@id\":\"https:\/\/www.visit-ulcinj.com\/blog\/2008\/12\/27\/dite-e-rendesishme-por-edhe-sfida-te-reja\/#breadcrumb\",\"itemListElement\":[{\"@type\":\"ListItem\",\"position\":1,\"name\":\"Dit\u00eb e r\u00ebnd\u00ebsishme, por edhe sfida t\u00eb reja\"}]},{\"@type\":\"Person\",\"@id\":\"https:\/\/www.visit-ulcinj.com\/blog\/#\/schema\/person\/dcab619c614d3038751c63bc2aadc06d\",\"name\":\"ulqini\",\"sameAs\":[\"http:\/\/www.visit-ulcinj.com\"],\"url\":\"https:\/\/www.visit-ulcinj.com\/blog\/author\/admin\/\"}]}<\/script>\n<!-- \/ Yoast SEO plugin. -->","yoast_head_json":{"title":"Dit\u00eb e r\u00ebnd\u00ebsishme, por edhe sfida t\u00eb reja - Lajme nga Ulqini","description":"Dita e h\u00ebn\u00eb e 15 dhjetorit t\u00eb vitit 2008 do t\u00eb mbahet mend si nj\u00eb dit\u00eb historike p\u00ebr t\u00eb gjith\u00eb qytetar\u00ebt e Malit t\u00eb Zi, pasi q\u00eb ky shtet pas dy viteve e","robots":{"index":"index","follow":"follow","max-snippet":"max-snippet:-1","max-image-preview":"max-image-preview:large","max-video-preview":"max-video-preview:-1"},"canonical":"https:\/\/www.visit-ulcinj.com\/blog\/2008\/12\/27\/dite-e-rendesishme-por-edhe-sfida-te-reja\/","og_locale":"en_US","og_type":"article","og_title":"Dit\u00eb e r\u00ebnd\u00ebsishme, por edhe sfida t\u00eb reja - Lajme nga Ulqini","og_description":"Dita e h\u00ebn\u00eb e 15 dhjetorit t\u00eb vitit 2008 do t\u00eb mbahet mend si nj\u00eb dit\u00eb historike p\u00ebr t\u00eb gjith\u00eb qytetar\u00ebt e Malit t\u00eb Zi, pasi q\u00eb ky shtet pas dy viteve e","og_url":"https:\/\/www.visit-ulcinj.com\/blog\/2008\/12\/27\/dite-e-rendesishme-por-edhe-sfida-te-reja\/","og_site_name":"Lajme nga Ulqini","article_published_time":"2008-12-27T10:19:54+00:00","og_image":[{"url":"http:\/\/www.visit-ulcinj.com\/blog\/wp-content\/uploads\/2008\/09\/luigj-shkreli-150x150.jpg"}],"twitter_misc":{"Written by":"ulqini","Est. reading time":"6 minutes"},"schema":{"@context":"https:\/\/schema.org","@graph":[{"@type":"WebSite","@id":"https:\/\/www.visit-ulcinj.com\/blog\/#website","url":"https:\/\/www.visit-ulcinj.com\/blog\/","name":"Lajme nga Ulqini","description":"Lajme,Vijesti,Ulqini,Ulqin,Crna Gora,Mali i Zi","potentialAction":[{"@type":"SearchAction","target":{"@type":"EntryPoint","urlTemplate":"https:\/\/www.visit-ulcinj.com\/blog\/?s={search_term_string}"},"query-input":"required name=search_term_string"}],"inLanguage":"en-US"},{"@type":"ImageObject","inLanguage":"en-US","@id":"https:\/\/www.visit-ulcinj.com\/blog\/2008\/12\/27\/dite-e-rendesishme-por-edhe-sfida-te-reja\/#primaryimage","url":"http:\/\/www.visit-ulcinj.com\/blog\/wp-content\/uploads\/2008\/09\/luigj-shkreli-150x150.jpg","contentUrl":"http:\/\/www.visit-ulcinj.com\/blog\/wp-content\/uploads\/2008\/09\/luigj-shkreli-150x150.jpg"},{"@type":"WebPage","@id":"https:\/\/www.visit-ulcinj.com\/blog\/2008\/12\/27\/dite-e-rendesishme-por-edhe-sfida-te-reja\/#webpage","url":"https:\/\/www.visit-ulcinj.com\/blog\/2008\/12\/27\/dite-e-rendesishme-por-edhe-sfida-te-reja\/","name":"Dit\u00eb e r\u00ebnd\u00ebsishme, por edhe sfida t\u00eb reja - Lajme nga Ulqini","isPartOf":{"@id":"https:\/\/www.visit-ulcinj.com\/blog\/#website"},"primaryImageOfPage":{"@id":"https:\/\/www.visit-ulcinj.com\/blog\/2008\/12\/27\/dite-e-rendesishme-por-edhe-sfida-te-reja\/#primaryimage"},"datePublished":"2008-12-27T10:19:54+00:00","dateModified":"2008-12-27T10:19:54+00:00","author":{"@id":"https:\/\/www.visit-ulcinj.com\/blog\/#\/schema\/person\/dcab619c614d3038751c63bc2aadc06d"},"description":"Dita e h\u00ebn\u00eb e 15 dhjetorit t\u00eb vitit 2008 do t\u00eb mbahet mend si nj\u00eb dit\u00eb historike p\u00ebr t\u00eb gjith\u00eb qytetar\u00ebt e Malit t\u00eb Zi, pasi q\u00eb ky shtet pas dy viteve e","breadcrumb":{"@id":"https:\/\/www.visit-ulcinj.com\/blog\/2008\/12\/27\/dite-e-rendesishme-por-edhe-sfida-te-reja\/#breadcrumb"},"inLanguage":"en-US","potentialAction":[{"@type":"ReadAction","target":["https:\/\/www.visit-ulcinj.com\/blog\/2008\/12\/27\/dite-e-rendesishme-por-edhe-sfida-te-reja\/"]}]},{"@type":"BreadcrumbList","@id":"https:\/\/www.visit-ulcinj.com\/blog\/2008\/12\/27\/dite-e-rendesishme-por-edhe-sfida-te-reja\/#breadcrumb","itemListElement":[{"@type":"ListItem","position":1,"name":"Dit\u00eb e r\u00ebnd\u00ebsishme, por edhe sfida t\u00eb reja"}]},{"@type":"Person","@id":"https:\/\/www.visit-ulcinj.com\/blog\/#\/schema\/person\/dcab619c614d3038751c63bc2aadc06d","name":"ulqini","sameAs":["http:\/\/www.visit-ulcinj.com"],"url":"https:\/\/www.visit-ulcinj.com\/blog\/author\/admin\/"}]}},"jetpack_featured_media_url":"","jetpack_sharing_enabled":true,"jetpack_shortlink":"https:\/\/wp.me\/pe6lTn-20x","_links":{"self":[{"href":"https:\/\/www.visit-ulcinj.com\/blog\/wp-json\/wp\/v2\/posts\/7721"}],"collection":[{"href":"https:\/\/www.visit-ulcinj.com\/blog\/wp-json\/wp\/v2\/posts"}],"about":[{"href":"https:\/\/www.visit-ulcinj.com\/blog\/wp-json\/wp\/v2\/types\/post"}],"author":[{"embeddable":true,"href":"https:\/\/www.visit-ulcinj.com\/blog\/wp-json\/wp\/v2\/users\/1"}],"replies":[{"embeddable":true,"href":"https:\/\/www.visit-ulcinj.com\/blog\/wp-json\/wp\/v2\/comments?post=7721"}],"version-history":[{"count":0,"href":"https:\/\/www.visit-ulcinj.com\/blog\/wp-json\/wp\/v2\/posts\/7721\/revisions"}],"wp:attachment":[{"href":"https:\/\/www.visit-ulcinj.com\/blog\/wp-json\/wp\/v2\/media?parent=7721"}],"wp:term":[{"taxonomy":"category","embeddable":true,"href":"https:\/\/www.visit-ulcinj.com\/blog\/wp-json\/wp\/v2\/categories?post=7721"},{"taxonomy":"post_tag","embeddable":true,"href":"https:\/\/www.visit-ulcinj.com\/blog\/wp-json\/wp\/v2\/tags?post=7721"}],"curies":[{"name":"wp","href":"https:\/\/api.w.org\/{rel}","templated":true}]}}