{"id":77233,"date":"2013-12-14T06:09:29","date_gmt":"2013-12-14T05:09:29","guid":{"rendered":"http:\/\/www.visit-ulcinj.com\/blog\/?p=77233"},"modified":"2013-12-17T06:15:03","modified_gmt":"2013-12-17T05:15:03","slug":"formirana-asocijacija-zena-snp-ulcinj","status":"publish","type":"post","link":"https:\/\/www.visit-ulcinj.com\/blog\/2013\/12\/14\/formirana-asocijacija-zena-snp-ulcinj\/","title":{"rendered":"Formirana Asocijacija \u017eena SNP Ulcinj"},"content":{"rendered":"<p><a href=\"http:\/\/www.visit-ulcinj.com\/blog\/wp-content\/uploads\/2013\/12\/Asocijacija-zena-SNP-Ulcinj.jpg\"><img loading=\"lazy\" class=\"alignleft  wp-image-77234\" alt=\"Asocijacija zena SNP Ulcinj\" src=\"http:\/\/www.visit-ulcinj.com\/blog\/wp-content\/uploads\/2013\/12\/Asocijacija-zena-SNP-Ulcinj.jpg\" width=\"508\" height=\"367\" \/><\/a>U subotu,14.12.2013.godine, u Ulcinju je formirana Asocijacija \u017eena SNP \u2013 Ulcinj. Inicijativnom sastanku prisustvovao je predsjednik Socijalisti\u010dke narodne partije Crne Gore Sr\u0111an Mili\u0107.\u010clanice Asocijacije \u017eena SNP Ulcinj su istakle da \u017eivimo u te\u0161koj ekonomsko-socijalnoj situaciji u kojoj su najugro\u017eenije \u017eene,posebno imaju\u0107i u vidu ekonomsku zavisnost \u017eena, i \u010dinjenicu da u na\u0161em dru\u0161tvu veliki broj \u017eena nije ni egzistencijalno obezbije\u0111en.U dosada\u0161njem periodu mnogo je obe\u0107avano, ali je \u010dinjenica da nema perspektive s ovom i ovakvom vla\u0161\u0107u. \u017dene SNP Ulcinj su ohrabrene velikim prisustvom svojih koleginica na sastanku i zainteresovano\u0161\u0107u da se mijenja stanje u dru\u0161tvu.<\/p>\n<p>\u201cNadamo se ve\u0107oj podr\u0161ci na lokalnim izborima 26. januara 2014. godine, i o\u010dekujemo znatno bolje rezultate koji \u0107e ostvariti put u bolju budu\u0107nost i pobolj\u0161anje \u017eivotnih standarda \u2013 poru\u010deno je iz Asocijacije \u0161ena SNP \u2013 Ulcinj.<\/p>\n<p>Prvi ostvareni zadatak Asocijacije \u017eena SNP Ulcinj, bila je posjeta, u dru\u0161tvu predsjednika Mili\u0107a, \u0161trajka\u010dkom odboru radnika Centra za kulturu. Nakon te posjete, uz svesrdnu pomo\u0107 predsjednika SNP CG Sr\u0111ana Mili\u0107a, koji je obavio razgovor sa ministrom finansija dr Radojem \u017dugi\u0107em, tra\u017eeni iznos \u0107e biti upla\u0107en na ra\u010dun Op\u0161tine Ulcinj.<\/p>\n<p><strong>Izvor: SNP<\/strong><\/p>\n","protected":false},"excerpt":{"rendered":"<p>U subotu,14.12.2013.godine, u Ulcinju je formirana Asocijacija \u017eena SNP \u2013 Ulcinj. Inicijativnom sastanku prisustvovao je predsjednik Socijalisti\u010dke narodne partije Crne Gore Sr\u0111an Mili\u0107.\u010clanice Asocijacije \u017eena SNP Ulcinj su istakle da \u017eivimo u te\u0161koj ekonomsko-socijalnoj situaciji u kojoj su najugro\u017eenije \u017eene,posebno imaju\u0107i u vidu ekonomsku zavisnost \u017eena, i \u010dinjenicu da u na\u0161em dru\u0161tvu veliki broj \u017eena [&hellip;]<\/p>\n","protected":false},"author":1,"featured_media":0,"comment_status":"closed","ping_status":"closed","sticky":false,"template":"","format":"standard","meta":{"spay_email":"","jetpack_publicize_message":"","jetpack_is_tweetstorm":false,"jetpack_publicize_feature_enabled":true},"categories":[6950],"tags":[],"jetpack_publicize_connections":[],"yoast_head":"<!-- This site is optimized with the Yoast SEO plugin v19.1 - https:\/\/yoast.com\/wordpress\/plugins\/seo\/ -->\n<title>Formirana Asocijacija \u017eena SNP Ulcinj - Lajme nga Ulqini<\/title>\n<meta name=\"description\" content=\"U subotu,14.12.2013.godine, u Ulcinju je formirana Asocijacija \u017eena SNP \u2013 Ulcinj. Inicijativnom sastanku prisustvovao je predsjednik Socijalisti\u010dke\" \/>\n<meta name=\"robots\" content=\"index, follow, max-snippet:-1, max-image-preview:large, max-video-preview:-1\" \/>\n<link rel=\"canonical\" href=\"https:\/\/www.visit-ulcinj.com\/blog\/2013\/12\/14\/formirana-asocijacija-zena-snp-ulcinj\/\" \/>\n<meta property=\"og:locale\" content=\"en_US\" \/>\n<meta property=\"og:type\" content=\"article\" \/>\n<meta property=\"og:title\" content=\"Formirana Asocijacija \u017eena SNP Ulcinj - Lajme nga Ulqini\" \/>\n<meta property=\"og:description\" content=\"U subotu,14.12.2013.godine, u Ulcinju je formirana Asocijacija \u017eena SNP \u2013 Ulcinj. Inicijativnom sastanku prisustvovao je predsjednik Socijalisti\u010dke\" \/>\n<meta property=\"og:url\" content=\"https:\/\/www.visit-ulcinj.com\/blog\/2013\/12\/14\/formirana-asocijacija-zena-snp-ulcinj\/\" \/>\n<meta property=\"og:site_name\" content=\"Lajme nga Ulqini\" \/>\n<meta property=\"article:published_time\" content=\"2013-12-14T05:09:29+00:00\" \/>\n<meta property=\"article:modified_time\" content=\"2013-12-17T05:15:03+00:00\" \/>\n<meta property=\"og:image\" content=\"http:\/\/www.visit-ulcinj.com\/blog\/wp-content\/uploads\/2013\/12\/Asocijacija-zena-SNP-Ulcinj.jpg\" \/>\n<meta name=\"twitter:label1\" content=\"Written by\" \/>\n\t<meta name=\"twitter:data1\" content=\"ulqini\" \/>\n\t<meta name=\"twitter:label2\" content=\"Est. reading time\" \/>\n\t<meta name=\"twitter:data2\" content=\"1 minute\" \/>\n<script type=\"application\/ld+json\" class=\"yoast-schema-graph\">{\"@context\":\"https:\/\/schema.org\",\"@graph\":[{\"@type\":\"WebSite\",\"@id\":\"https:\/\/www.visit-ulcinj.com\/blog\/#website\",\"url\":\"https:\/\/www.visit-ulcinj.com\/blog\/\",\"name\":\"Lajme nga Ulqini\",\"description\":\"Lajme,Vijesti,Ulqini,Ulqin,Crna Gora,Mali i Zi\",\"potentialAction\":[{\"@type\":\"SearchAction\",\"target\":{\"@type\":\"EntryPoint\",\"urlTemplate\":\"https:\/\/www.visit-ulcinj.com\/blog\/?s={search_term_string}\"},\"query-input\":\"required name=search_term_string\"}],\"inLanguage\":\"en-US\"},{\"@type\":\"ImageObject\",\"inLanguage\":\"en-US\",\"@id\":\"https:\/\/www.visit-ulcinj.com\/blog\/2013\/12\/14\/formirana-asocijacija-zena-snp-ulcinj\/#primaryimage\",\"url\":\"https:\/\/www.visit-ulcinj.com\/blog\/wp-content\/uploads\/2013\/12\/Asocijacija-zena-SNP-Ulcinj.jpg\",\"contentUrl\":\"https:\/\/www.visit-ulcinj.com\/blog\/wp-content\/uploads\/2013\/12\/Asocijacija-zena-SNP-Ulcinj.jpg\",\"width\":550,\"height\":367},{\"@type\":\"WebPage\",\"@id\":\"https:\/\/www.visit-ulcinj.com\/blog\/2013\/12\/14\/formirana-asocijacija-zena-snp-ulcinj\/#webpage\",\"url\":\"https:\/\/www.visit-ulcinj.com\/blog\/2013\/12\/14\/formirana-asocijacija-zena-snp-ulcinj\/\",\"name\":\"Formirana Asocijacija \u017eena SNP Ulcinj - Lajme nga Ulqini\",\"isPartOf\":{\"@id\":\"https:\/\/www.visit-ulcinj.com\/blog\/#website\"},\"primaryImageOfPage\":{\"@id\":\"https:\/\/www.visit-ulcinj.com\/blog\/2013\/12\/14\/formirana-asocijacija-zena-snp-ulcinj\/#primaryimage\"},\"datePublished\":\"2013-12-14T05:09:29+00:00\",\"dateModified\":\"2013-12-17T05:15:03+00:00\",\"author\":{\"@id\":\"https:\/\/www.visit-ulcinj.com\/blog\/#\/schema\/person\/dcab619c614d3038751c63bc2aadc06d\"},\"description\":\"U subotu,14.12.2013.godine, u Ulcinju je formirana Asocijacija \u017eena SNP \u2013 Ulcinj. Inicijativnom sastanku prisustvovao je predsjednik Socijalisti\u010dke\",\"breadcrumb\":{\"@id\":\"https:\/\/www.visit-ulcinj.com\/blog\/2013\/12\/14\/formirana-asocijacija-zena-snp-ulcinj\/#breadcrumb\"},\"inLanguage\":\"en-US\",\"potentialAction\":[{\"@type\":\"ReadAction\",\"target\":[\"https:\/\/www.visit-ulcinj.com\/blog\/2013\/12\/14\/formirana-asocijacija-zena-snp-ulcinj\/\"]}]},{\"@type\":\"BreadcrumbList\",\"@id\":\"https:\/\/www.visit-ulcinj.com\/blog\/2013\/12\/14\/formirana-asocijacija-zena-snp-ulcinj\/#breadcrumb\",\"itemListElement\":[{\"@type\":\"ListItem\",\"position\":1,\"name\":\"Formirana Asocijacija \u017eena SNP Ulcinj\"}]},{\"@type\":\"Person\",\"@id\":\"https:\/\/www.visit-ulcinj.com\/blog\/#\/schema\/person\/dcab619c614d3038751c63bc2aadc06d\",\"name\":\"ulqini\",\"sameAs\":[\"http:\/\/www.visit-ulcinj.com\"],\"url\":\"https:\/\/www.visit-ulcinj.com\/blog\/author\/admin\/\"}]}<\/script>\n<!-- \/ Yoast SEO plugin. -->","yoast_head_json":{"title":"Formirana Asocijacija \u017eena SNP Ulcinj - Lajme nga Ulqini","description":"U subotu,14.12.2013.godine, u Ulcinju je formirana Asocijacija \u017eena SNP \u2013 Ulcinj. Inicijativnom sastanku prisustvovao je predsjednik Socijalisti\u010dke","robots":{"index":"index","follow":"follow","max-snippet":"max-snippet:-1","max-image-preview":"max-image-preview:large","max-video-preview":"max-video-preview:-1"},"canonical":"https:\/\/www.visit-ulcinj.com\/blog\/2013\/12\/14\/formirana-asocijacija-zena-snp-ulcinj\/","og_locale":"en_US","og_type":"article","og_title":"Formirana Asocijacija \u017eena SNP Ulcinj - Lajme nga Ulqini","og_description":"U subotu,14.12.2013.godine, u Ulcinju je formirana Asocijacija \u017eena SNP \u2013 Ulcinj. Inicijativnom sastanku prisustvovao je predsjednik Socijalisti\u010dke","og_url":"https:\/\/www.visit-ulcinj.com\/blog\/2013\/12\/14\/formirana-asocijacija-zena-snp-ulcinj\/","og_site_name":"Lajme nga Ulqini","article_published_time":"2013-12-14T05:09:29+00:00","article_modified_time":"2013-12-17T05:15:03+00:00","og_image":[{"url":"http:\/\/www.visit-ulcinj.com\/blog\/wp-content\/uploads\/2013\/12\/Asocijacija-zena-SNP-Ulcinj.jpg"}],"twitter_misc":{"Written by":"ulqini","Est. reading time":"1 minute"},"schema":{"@context":"https:\/\/schema.org","@graph":[{"@type":"WebSite","@id":"https:\/\/www.visit-ulcinj.com\/blog\/#website","url":"https:\/\/www.visit-ulcinj.com\/blog\/","name":"Lajme nga Ulqini","description":"Lajme,Vijesti,Ulqini,Ulqin,Crna Gora,Mali i Zi","potentialAction":[{"@type":"SearchAction","target":{"@type":"EntryPoint","urlTemplate":"https:\/\/www.visit-ulcinj.com\/blog\/?s={search_term_string}"},"query-input":"required name=search_term_string"}],"inLanguage":"en-US"},{"@type":"ImageObject","inLanguage":"en-US","@id":"https:\/\/www.visit-ulcinj.com\/blog\/2013\/12\/14\/formirana-asocijacija-zena-snp-ulcinj\/#primaryimage","url":"https:\/\/www.visit-ulcinj.com\/blog\/wp-content\/uploads\/2013\/12\/Asocijacija-zena-SNP-Ulcinj.jpg","contentUrl":"https:\/\/www.visit-ulcinj.com\/blog\/wp-content\/uploads\/2013\/12\/Asocijacija-zena-SNP-Ulcinj.jpg","width":550,"height":367},{"@type":"WebPage","@id":"https:\/\/www.visit-ulcinj.com\/blog\/2013\/12\/14\/formirana-asocijacija-zena-snp-ulcinj\/#webpage","url":"https:\/\/www.visit-ulcinj.com\/blog\/2013\/12\/14\/formirana-asocijacija-zena-snp-ulcinj\/","name":"Formirana Asocijacija \u017eena SNP Ulcinj - Lajme nga Ulqini","isPartOf":{"@id":"https:\/\/www.visit-ulcinj.com\/blog\/#website"},"primaryImageOfPage":{"@id":"https:\/\/www.visit-ulcinj.com\/blog\/2013\/12\/14\/formirana-asocijacija-zena-snp-ulcinj\/#primaryimage"},"datePublished":"2013-12-14T05:09:29+00:00","dateModified":"2013-12-17T05:15:03+00:00","author":{"@id":"https:\/\/www.visit-ulcinj.com\/blog\/#\/schema\/person\/dcab619c614d3038751c63bc2aadc06d"},"description":"U subotu,14.12.2013.godine, u Ulcinju je formirana Asocijacija \u017eena SNP \u2013 Ulcinj. Inicijativnom sastanku prisustvovao je predsjednik Socijalisti\u010dke","breadcrumb":{"@id":"https:\/\/www.visit-ulcinj.com\/blog\/2013\/12\/14\/formirana-asocijacija-zena-snp-ulcinj\/#breadcrumb"},"inLanguage":"en-US","potentialAction":[{"@type":"ReadAction","target":["https:\/\/www.visit-ulcinj.com\/blog\/2013\/12\/14\/formirana-asocijacija-zena-snp-ulcinj\/"]}]},{"@type":"BreadcrumbList","@id":"https:\/\/www.visit-ulcinj.com\/blog\/2013\/12\/14\/formirana-asocijacija-zena-snp-ulcinj\/#breadcrumb","itemListElement":[{"@type":"ListItem","position":1,"name":"Formirana Asocijacija \u017eena SNP Ulcinj"}]},{"@type":"Person","@id":"https:\/\/www.visit-ulcinj.com\/blog\/#\/schema\/person\/dcab619c614d3038751c63bc2aadc06d","name":"ulqini","sameAs":["http:\/\/www.visit-ulcinj.com"],"url":"https:\/\/www.visit-ulcinj.com\/blog\/author\/admin\/"}]}},"jetpack_featured_media_url":"","jetpack_sharing_enabled":true,"jetpack_shortlink":"https:\/\/wp.me\/pe6lTn-k5H","_links":{"self":[{"href":"https:\/\/www.visit-ulcinj.com\/blog\/wp-json\/wp\/v2\/posts\/77233"}],"collection":[{"href":"https:\/\/www.visit-ulcinj.com\/blog\/wp-json\/wp\/v2\/posts"}],"about":[{"href":"https:\/\/www.visit-ulcinj.com\/blog\/wp-json\/wp\/v2\/types\/post"}],"author":[{"embeddable":true,"href":"https:\/\/www.visit-ulcinj.com\/blog\/wp-json\/wp\/v2\/users\/1"}],"replies":[{"embeddable":true,"href":"https:\/\/www.visit-ulcinj.com\/blog\/wp-json\/wp\/v2\/comments?post=77233"}],"version-history":[{"count":2,"href":"https:\/\/www.visit-ulcinj.com\/blog\/wp-json\/wp\/v2\/posts\/77233\/revisions"}],"predecessor-version":[{"id":77236,"href":"https:\/\/www.visit-ulcinj.com\/blog\/wp-json\/wp\/v2\/posts\/77233\/revisions\/77236"}],"wp:attachment":[{"href":"https:\/\/www.visit-ulcinj.com\/blog\/wp-json\/wp\/v2\/media?parent=77233"}],"wp:term":[{"taxonomy":"category","embeddable":true,"href":"https:\/\/www.visit-ulcinj.com\/blog\/wp-json\/wp\/v2\/categories?post=77233"},{"taxonomy":"post_tag","embeddable":true,"href":"https:\/\/www.visit-ulcinj.com\/blog\/wp-json\/wp\/v2\/tags?post=77233"}],"curies":[{"name":"wp","href":"https:\/\/api.w.org\/{rel}","templated":true}]}}