{"id":77237,"date":"2013-12-17T06:24:00","date_gmt":"2013-12-17T05:24:00","guid":{"rendered":"http:\/\/www.visit-ulcinj.com\/blog\/?p=77237"},"modified":"2013-12-17T07:57:26","modified_gmt":"2013-12-17T06:57:26","slug":"ulcinj-strajkovace-dok-ne-dobiju-pare","status":"publish","type":"post","link":"https:\/\/www.visit-ulcinj.com\/blog\/2013\/12\/17\/ulcinj-strajkovace-dok-ne-dobiju-pare\/","title":{"rendered":"Ulcinj: \u0160trajkova\u0107e dok ne dobiju pare &#8211; Video"},"content":{"rendered":"<p><a href=\"http:\/\/www.visit-ulcinj.com\/blog\/wp-content\/uploads\/2013\/12\/Centar-za-kulturu-Ulcinj.jpg\"><img loading=\"lazy\" class=\"alignleft  wp-image-77110\" alt=\"Centar-za-kulturu-Ulcinj\" src=\"http:\/\/www.visit-ulcinj.com\/blog\/wp-content\/uploads\/2013\/12\/Centar-za-kulturu-Ulcinj.jpg\" width=\"508\" height=\"360\" \/><\/a>ULCINj &#8211; Radnici Centra za kulturu obustavili su \u0161trajk gla\u0111u nakon \u0161to je Ministarstvo finasija odlu\u010dilo da danas Op\u0161tini Ulcinj uplati 35 hiljada eura iz egalizacionog fonda, koje \u0107e potom biti preusmjerene za isplatu po tri zaostale zarade. U sindikatu tog javnog preduze\u0107a tvrde da generalni \u0161trajk ostaje na snazi sve do ispunjenja svih zahtjeva. U saop\u0161tenju navode da se zaposlenima duguje devet zarada, te da im 39 mjeseci nisu upla\u0107eni doprinosi.<br \/>\n\u2013 Nakon obra\u0107anja nadle\u017enim institucijama, koje su iza\u0161le u susret i pokazale razumijevanje za nastali problem, sindikalna organizacija je u saradnji sa Op\u0161tinskim sindikalnim povjereni\u0161tvom i Sindikatom Crne Gore pokazala gest dobre volje za rje\u0161avanje nastalog problema. Isti\u010demo da su zaposleni imali ogromnu podr\u0161ku kako zaposlenih u institucijama kulture tako i od velikog broja ljudi koji su iskazali solidarnost sa radnicima. Posebno se zahvaljujemo medijima koji su vrlo objektivno izvje\u0161tavali o na\u0161em \u0161trajku &#8211; navodi se u saop\u0161tenju kojeg potpisuje predsjednica Sindikata Centra za kulturu Ljiljana Janinovi\u0107.<br \/>\nDo odluke da prekinu prostest gladovanjem do\u0161lo je u subotu kasno uve\u010de nakon \u0161to je sa ministrom finansija mr Radojem \u017dugi\u0107em, kako je to i obe\u0107ao radnicima Centra za kulturu, razgovarao lider Socijalisti\u010dke narodne paertije Sr\u0111an Mili\u0107. Iz SNP-a je saop\u0161teno da je Mili\u0107 razgovarao sa ministrom finasija te da je \u201ezajedni\u010dki je prona\u0111eno rje\u0161enje kako bi se odmah sprije\u010dile bilo kakve posledice po zdravlje \u0161trajka\u010da\u201c.<br \/>\n&#8211; Shodno tom rje\u0161enju, na ra\u010dun Op\u0161tine Ulcinj \u0107e u ponedjeljak, 16. decembra, biti upla\u0107en tra\u017eeni iznos sredstava, uz puno po\u0161tovanje zakona &#8211; navodi se u saop\u0161tenju SNP-a i dodaje da se Mili\u0107 zahvaljuje ministru \u017dugi\u0107u na razumijevanju situacije i profesionalnom i ljudskom odnosu.<br \/>\nIna\u010de, povodom \u0161trajka radnika u Centru za kulturu oglasila se i Demokratska unija Albanaca koja je ocijenila da se lokalna vlast sramno pona\u0161ala.<br \/>\n&#8211; Sramno je iza\u0107i pred radnike i re\u0107i da ne o\u010dekuju nikakvu pomo\u0107, iako najodgovorniji znaju da im je osim zakonske i moralna obaveza da budu uz njih, jer na kraju krajeva, to su ljudi koji su na sva zvona zvonili o pravima radnika na plate. Sada kada su imali priliku da se poka\u017eu oni se pona\u0161aju kao da se to njih apsolutno ne ti\u010de. S pravom se pitamo: gdje su ta obe\u0107anja da \u0107e se svakog prvog plate ispla\u0107ivati, gdje nestado\u0161e spasonosne ideje i projekti za spas grada? Gospodo vlastodr\u0161ci, okrenite se radnicima, jer oni ne tra\u017ee da im se ne\u0161to pokloni, nego tra\u017ee ono minimalno \u0161to ih sleduje; tra\u017ee ono \u0161to je najnormalnije, a to su po\u0161teno zara\u0111ene plate &#8211; navodi se u saop\u0161tenju DUA i dodaje da je vrijeme da gospoda iz vlasti povade glave iz pijeska i pozabave se problemom radnika.<br \/>\n&#8211; Podsje\u0107amo vas da se u Domu kulture \u0161trajkuje gla\u0111u i to niko drugi do na\u0161e majke, \u017eene i sestre. Stoga na\u0111ite rje\u0161enje jer se ne radi o milionima, ve\u0107 o par desetina hiljada eura. Nemojte se pravdati o nemogu\u0107no\u0161\u0107u kori\u0161\u0107enja kredita nego sazovite Skup\u0161tinu i da svi zajedno na\u0111emo povoljno rje\u0161enje &#8211; poru\u010dili su iz DUA.<br \/>\n<strong>M.K.<\/strong><br \/>\n<strong>Izvor: DAN<\/strong><\/p>\n<p><iframe loading=\"lazy\" frameborder=\"0\" width=\"508\" height=\"286\" src=\"http:\/\/www.dailymotion.com\/embed\/video\/x18hv65?autoPlay=1\"><\/iframe><\/p>\n","protected":false},"excerpt":{"rendered":"<p>ULCINj &#8211; Radnici Centra za kulturu obustavili su \u0161trajk gla\u0111u nakon \u0161to je Ministarstvo finasija odlu\u010dilo da danas Op\u0161tini Ulcinj uplati 35 hiljada eura iz egalizacionog fonda, koje \u0107e potom biti preusmjerene za isplatu po tri zaostale zarade. U sindikatu tog javnog preduze\u0107a tvrde da generalni \u0161trajk ostaje na snazi sve do ispunjenja svih zahtjeva. [&hellip;]<\/p>\n","protected":false},"author":1,"featured_media":0,"comment_status":"closed","ping_status":"closed","sticky":false,"template":"","format":"standard","meta":{"spay_email":"","jetpack_publicize_message":"","jetpack_is_tweetstorm":false,"jetpack_publicize_feature_enabled":true},"categories":[8337],"tags":[],"jetpack_publicize_connections":[],"yoast_head":"<!-- This site is optimized with the Yoast SEO plugin v19.1 - https:\/\/yoast.com\/wordpress\/plugins\/seo\/ -->\n<title>Ulcinj: \u0160trajkova\u0107e dok ne dobiju pare - Video - Lajme nga Ulqini<\/title>\n<meta name=\"description\" content=\"ULCINj - Radnici Centra za kulturu obustavili su \u0161trajk gla\u0111u nakon \u0161to je Ministarstvo finasija odlu\u010dilo da danas Op\u0161tini Ulcinj uplati 35 hiljada eura\" \/>\n<meta name=\"robots\" content=\"index, follow, max-snippet:-1, max-image-preview:large, max-video-preview:-1\" \/>\n<link rel=\"canonical\" href=\"https:\/\/www.visit-ulcinj.com\/blog\/2013\/12\/17\/ulcinj-strajkovace-dok-ne-dobiju-pare\/\" \/>\n<meta property=\"og:locale\" content=\"en_US\" \/>\n<meta property=\"og:type\" content=\"article\" \/>\n<meta property=\"og:title\" content=\"Ulcinj: \u0160trajkova\u0107e dok ne dobiju pare - Video - Lajme nga Ulqini\" \/>\n<meta property=\"og:description\" content=\"ULCINj - Radnici Centra za kulturu obustavili su \u0161trajk gla\u0111u nakon \u0161to je Ministarstvo finasija odlu\u010dilo da danas Op\u0161tini Ulcinj uplati 35 hiljada eura\" \/>\n<meta property=\"og:url\" content=\"https:\/\/www.visit-ulcinj.com\/blog\/2013\/12\/17\/ulcinj-strajkovace-dok-ne-dobiju-pare\/\" \/>\n<meta property=\"og:site_name\" content=\"Lajme nga Ulqini\" \/>\n<meta property=\"article:published_time\" content=\"2013-12-17T05:24:00+00:00\" \/>\n<meta property=\"article:modified_time\" content=\"2013-12-17T06:57:26+00:00\" \/>\n<meta property=\"og:image\" content=\"http:\/\/www.visit-ulcinj.com\/blog\/wp-content\/uploads\/2013\/12\/Centar-za-kulturu-Ulcinj.jpg\" \/>\n<meta name=\"twitter:label1\" content=\"Written by\" \/>\n\t<meta name=\"twitter:data1\" content=\"ulqini\" \/>\n\t<meta name=\"twitter:label2\" content=\"Est. reading time\" \/>\n\t<meta name=\"twitter:data2\" content=\"3 minutes\" \/>\n<script type=\"application\/ld+json\" class=\"yoast-schema-graph\">{\"@context\":\"https:\/\/schema.org\",\"@graph\":[{\"@type\":\"WebSite\",\"@id\":\"https:\/\/www.visit-ulcinj.com\/blog\/#website\",\"url\":\"https:\/\/www.visit-ulcinj.com\/blog\/\",\"name\":\"Lajme nga Ulqini\",\"description\":\"Lajme,Vijesti,Ulqini,Ulqin,Crna Gora,Mali i Zi\",\"potentialAction\":[{\"@type\":\"SearchAction\",\"target\":{\"@type\":\"EntryPoint\",\"urlTemplate\":\"https:\/\/www.visit-ulcinj.com\/blog\/?s={search_term_string}\"},\"query-input\":\"required name=search_term_string\"}],\"inLanguage\":\"en-US\"},{\"@type\":\"ImageObject\",\"inLanguage\":\"en-US\",\"@id\":\"https:\/\/www.visit-ulcinj.com\/blog\/2013\/12\/17\/ulcinj-strajkovace-dok-ne-dobiju-pare\/#primaryimage\",\"url\":\"https:\/\/www.visit-ulcinj.com\/blog\/wp-content\/uploads\/2013\/12\/Centar-za-kulturu-Ulcinj.jpg\",\"contentUrl\":\"https:\/\/www.visit-ulcinj.com\/blog\/wp-content\/uploads\/2013\/12\/Centar-za-kulturu-Ulcinj.jpg\",\"width\":884,\"height\":393},{\"@type\":\"WebPage\",\"@id\":\"https:\/\/www.visit-ulcinj.com\/blog\/2013\/12\/17\/ulcinj-strajkovace-dok-ne-dobiju-pare\/#webpage\",\"url\":\"https:\/\/www.visit-ulcinj.com\/blog\/2013\/12\/17\/ulcinj-strajkovace-dok-ne-dobiju-pare\/\",\"name\":\"Ulcinj: \u0160trajkova\u0107e dok ne dobiju pare - Video - Lajme nga Ulqini\",\"isPartOf\":{\"@id\":\"https:\/\/www.visit-ulcinj.com\/blog\/#website\"},\"primaryImageOfPage\":{\"@id\":\"https:\/\/www.visit-ulcinj.com\/blog\/2013\/12\/17\/ulcinj-strajkovace-dok-ne-dobiju-pare\/#primaryimage\"},\"datePublished\":\"2013-12-17T05:24:00+00:00\",\"dateModified\":\"2013-12-17T06:57:26+00:00\",\"author\":{\"@id\":\"https:\/\/www.visit-ulcinj.com\/blog\/#\/schema\/person\/dcab619c614d3038751c63bc2aadc06d\"},\"description\":\"ULCINj - Radnici Centra za kulturu obustavili su \u0161trajk gla\u0111u nakon \u0161to je Ministarstvo finasija odlu\u010dilo da danas Op\u0161tini Ulcinj uplati 35 hiljada eura\",\"breadcrumb\":{\"@id\":\"https:\/\/www.visit-ulcinj.com\/blog\/2013\/12\/17\/ulcinj-strajkovace-dok-ne-dobiju-pare\/#breadcrumb\"},\"inLanguage\":\"en-US\",\"potentialAction\":[{\"@type\":\"ReadAction\",\"target\":[\"https:\/\/www.visit-ulcinj.com\/blog\/2013\/12\/17\/ulcinj-strajkovace-dok-ne-dobiju-pare\/\"]}]},{\"@type\":\"BreadcrumbList\",\"@id\":\"https:\/\/www.visit-ulcinj.com\/blog\/2013\/12\/17\/ulcinj-strajkovace-dok-ne-dobiju-pare\/#breadcrumb\",\"itemListElement\":[{\"@type\":\"ListItem\",\"position\":1,\"name\":\"Ulcinj: \u0160trajkova\u0107e dok ne dobiju pare &#8211; Video\"}]},{\"@type\":\"Person\",\"@id\":\"https:\/\/www.visit-ulcinj.com\/blog\/#\/schema\/person\/dcab619c614d3038751c63bc2aadc06d\",\"name\":\"ulqini\",\"sameAs\":[\"http:\/\/www.visit-ulcinj.com\"],\"url\":\"https:\/\/www.visit-ulcinj.com\/blog\/author\/admin\/\"}]}<\/script>\n<!-- \/ Yoast SEO plugin. -->","yoast_head_json":{"title":"Ulcinj: \u0160trajkova\u0107e dok ne dobiju pare - Video - Lajme nga Ulqini","description":"ULCINj - Radnici Centra za kulturu obustavili su \u0161trajk gla\u0111u nakon \u0161to je Ministarstvo finasija odlu\u010dilo da danas Op\u0161tini Ulcinj uplati 35 hiljada eura","robots":{"index":"index","follow":"follow","max-snippet":"max-snippet:-1","max-image-preview":"max-image-preview:large","max-video-preview":"max-video-preview:-1"},"canonical":"https:\/\/www.visit-ulcinj.com\/blog\/2013\/12\/17\/ulcinj-strajkovace-dok-ne-dobiju-pare\/","og_locale":"en_US","og_type":"article","og_title":"Ulcinj: \u0160trajkova\u0107e dok ne dobiju pare - Video - Lajme nga Ulqini","og_description":"ULCINj - Radnici Centra za kulturu obustavili su \u0161trajk gla\u0111u nakon \u0161to je Ministarstvo finasija odlu\u010dilo da danas Op\u0161tini Ulcinj uplati 35 hiljada eura","og_url":"https:\/\/www.visit-ulcinj.com\/blog\/2013\/12\/17\/ulcinj-strajkovace-dok-ne-dobiju-pare\/","og_site_name":"Lajme nga Ulqini","article_published_time":"2013-12-17T05:24:00+00:00","article_modified_time":"2013-12-17T06:57:26+00:00","og_image":[{"url":"http:\/\/www.visit-ulcinj.com\/blog\/wp-content\/uploads\/2013\/12\/Centar-za-kulturu-Ulcinj.jpg"}],"twitter_misc":{"Written by":"ulqini","Est. reading time":"3 minutes"},"schema":{"@context":"https:\/\/schema.org","@graph":[{"@type":"WebSite","@id":"https:\/\/www.visit-ulcinj.com\/blog\/#website","url":"https:\/\/www.visit-ulcinj.com\/blog\/","name":"Lajme nga Ulqini","description":"Lajme,Vijesti,Ulqini,Ulqin,Crna Gora,Mali i Zi","potentialAction":[{"@type":"SearchAction","target":{"@type":"EntryPoint","urlTemplate":"https:\/\/www.visit-ulcinj.com\/blog\/?s={search_term_string}"},"query-input":"required name=search_term_string"}],"inLanguage":"en-US"},{"@type":"ImageObject","inLanguage":"en-US","@id":"https:\/\/www.visit-ulcinj.com\/blog\/2013\/12\/17\/ulcinj-strajkovace-dok-ne-dobiju-pare\/#primaryimage","url":"https:\/\/www.visit-ulcinj.com\/blog\/wp-content\/uploads\/2013\/12\/Centar-za-kulturu-Ulcinj.jpg","contentUrl":"https:\/\/www.visit-ulcinj.com\/blog\/wp-content\/uploads\/2013\/12\/Centar-za-kulturu-Ulcinj.jpg","width":884,"height":393},{"@type":"WebPage","@id":"https:\/\/www.visit-ulcinj.com\/blog\/2013\/12\/17\/ulcinj-strajkovace-dok-ne-dobiju-pare\/#webpage","url":"https:\/\/www.visit-ulcinj.com\/blog\/2013\/12\/17\/ulcinj-strajkovace-dok-ne-dobiju-pare\/","name":"Ulcinj: \u0160trajkova\u0107e dok ne dobiju pare - Video - Lajme nga Ulqini","isPartOf":{"@id":"https:\/\/www.visit-ulcinj.com\/blog\/#website"},"primaryImageOfPage":{"@id":"https:\/\/www.visit-ulcinj.com\/blog\/2013\/12\/17\/ulcinj-strajkovace-dok-ne-dobiju-pare\/#primaryimage"},"datePublished":"2013-12-17T05:24:00+00:00","dateModified":"2013-12-17T06:57:26+00:00","author":{"@id":"https:\/\/www.visit-ulcinj.com\/blog\/#\/schema\/person\/dcab619c614d3038751c63bc2aadc06d"},"description":"ULCINj - Radnici Centra za kulturu obustavili su \u0161trajk gla\u0111u nakon \u0161to je Ministarstvo finasija odlu\u010dilo da danas Op\u0161tini Ulcinj uplati 35 hiljada eura","breadcrumb":{"@id":"https:\/\/www.visit-ulcinj.com\/blog\/2013\/12\/17\/ulcinj-strajkovace-dok-ne-dobiju-pare\/#breadcrumb"},"inLanguage":"en-US","potentialAction":[{"@type":"ReadAction","target":["https:\/\/www.visit-ulcinj.com\/blog\/2013\/12\/17\/ulcinj-strajkovace-dok-ne-dobiju-pare\/"]}]},{"@type":"BreadcrumbList","@id":"https:\/\/www.visit-ulcinj.com\/blog\/2013\/12\/17\/ulcinj-strajkovace-dok-ne-dobiju-pare\/#breadcrumb","itemListElement":[{"@type":"ListItem","position":1,"name":"Ulcinj: \u0160trajkova\u0107e dok ne dobiju pare &#8211; Video"}]},{"@type":"Person","@id":"https:\/\/www.visit-ulcinj.com\/blog\/#\/schema\/person\/dcab619c614d3038751c63bc2aadc06d","name":"ulqini","sameAs":["http:\/\/www.visit-ulcinj.com"],"url":"https:\/\/www.visit-ulcinj.com\/blog\/author\/admin\/"}]}},"jetpack_featured_media_url":"","jetpack_sharing_enabled":true,"jetpack_shortlink":"https:\/\/wp.me\/pe6lTn-k5L","_links":{"self":[{"href":"https:\/\/www.visit-ulcinj.com\/blog\/wp-json\/wp\/v2\/posts\/77237"}],"collection":[{"href":"https:\/\/www.visit-ulcinj.com\/blog\/wp-json\/wp\/v2\/posts"}],"about":[{"href":"https:\/\/www.visit-ulcinj.com\/blog\/wp-json\/wp\/v2\/types\/post"}],"author":[{"embeddable":true,"href":"https:\/\/www.visit-ulcinj.com\/blog\/wp-json\/wp\/v2\/users\/1"}],"replies":[{"embeddable":true,"href":"https:\/\/www.visit-ulcinj.com\/blog\/wp-json\/wp\/v2\/comments?post=77237"}],"version-history":[{"count":2,"href":"https:\/\/www.visit-ulcinj.com\/blog\/wp-json\/wp\/v2\/posts\/77237\/revisions"}],"predecessor-version":[{"id":77258,"href":"https:\/\/www.visit-ulcinj.com\/blog\/wp-json\/wp\/v2\/posts\/77237\/revisions\/77258"}],"wp:attachment":[{"href":"https:\/\/www.visit-ulcinj.com\/blog\/wp-json\/wp\/v2\/media?parent=77237"}],"wp:term":[{"taxonomy":"category","embeddable":true,"href":"https:\/\/www.visit-ulcinj.com\/blog\/wp-json\/wp\/v2\/categories?post=77237"},{"taxonomy":"post_tag","embeddable":true,"href":"https:\/\/www.visit-ulcinj.com\/blog\/wp-json\/wp\/v2\/tags?post=77237"}],"curies":[{"name":"wp","href":"https:\/\/api.w.org\/{rel}","templated":true}]}}