{"id":77239,"date":"2013-12-17T06:27:54","date_gmt":"2013-12-17T05:27:54","guid":{"rendered":"http:\/\/www.visit-ulcinj.com\/blog\/?p=77239"},"modified":"2013-12-17T07:55:47","modified_gmt":"2013-12-17T06:55:47","slug":"forca-za-probleme-odgovorna-bivsa-vlast","status":"publish","type":"post","link":"https:\/\/www.visit-ulcinj.com\/blog\/2013\/12\/17\/forca-za-probleme-odgovorna-bivsa-vlast\/","title":{"rendered":"Forca: Za probleme odgovorna biv\u0161a vlast &#8211; Video"},"content":{"rendered":"<p><a href=\"http:\/\/www.visit-ulcinj.com\/blog\/wp-content\/uploads\/2011\/08\/Nova-Demokratska-Snaga_FORCA.jpg\"><img loading=\"lazy\" class=\"alignleft  wp-image-50507\" alt=\"Nova Demokratska Snaga_FORCA\" src=\"http:\/\/www.visit-ulcinj.com\/blog\/wp-content\/uploads\/2011\/08\/Nova-Demokratska-Snaga_FORCA.jpg\" width=\"508\" height=\"360\" \/><\/a>Nova demokratska snaga Forca, \u010diji je lider predsjednik op\u0161tine Nazif Cungu, apelovala je na zaposlene Centra za kulturu da ne ugro\u017eavaju zdravlje i da koriste druge vidove protesta da bi iskazali svoje zahtjeve i nezadovoljstvo. U reagovanju povodom vi\u0161ednevnog protesta zaposlenih isti\u010de se da se radnicima Centra za kulturu duguje skoro isti iznos kao onog dana kada je aktuelna vlast preuzela rukovo\u0111enje op\u0161tinom.<br \/>\nOva vlast u novembru 2011. godine zatekla je dug od osam plata. Obavije\u0161teni smo da su upla\u0107ena sredstva i za april 2013. godine. To zna\u010di da je zaostatak plata koji je naslije\u0111en na istom nivou i da je u proteklom dvogodi\u0161njem periodu ispla\u0107eno 25 zarada. Sada je dug smanjen na sedam plata. Ono \u0161to nije bilo poznato ni nama ni javnosti je da Centar za kulturu 20 godina nije pla\u0107ao dug za vodu i komunalije, pet godina ra\u010dune za struju. Nije bilo poznato ni dugovanje Upravnom odboru oko 40.000 eura. Isto tako enormni hotelski i restoranski ra\u010duni u periodu do 2011. godine nisu bili poznati, a i to dolazi na naplatu. Op\u0161tina je sanacionim planom sa Ministarstvom finansija preuzela obavezu da \u0107e kao i svim drugim preduze\u0107ima u slede\u0107ih pet godina otplatiti doprinose od preko 250 hiljada eura.<br \/>\nShvatamo da je ekonomska kriza dovela radnike do kraja njihove izdr\u017eljivosti, ali nam nije jasno kako se \u0161trajk nije pokrenuo kada se preduze\u0107u dugovalo 15 plata, u ljeto 2011. godine kada su i pomenuta dugovanja nastala &#8211; navodi se u saop\u0161tenju Force i dodaje da<br \/>\npartije koje poku\u0161avaju da odgovornost prebace na predsjednika op\u0161tine i Forcu, zaboravljaju da su dugovanja nastala kada su oni bili na vlasti.<\/p>\n<p><strong>Izvor: DAN<\/strong><\/p>\n<p><iframe loading=\"lazy\" frameborder=\"0\" width=\"508\" height=\"286\" src=\"http:\/\/www.dailymotion.com\/embed\/video\/x18hv65?autoPlay=1\"><\/iframe><\/p>\n","protected":false},"excerpt":{"rendered":"<p>Nova demokratska snaga Forca, \u010diji je lider predsjednik op\u0161tine Nazif Cungu, apelovala je na zaposlene Centra za kulturu da ne ugro\u017eavaju zdravlje i da koriste druge vidove protesta da bi iskazali svoje zahtjeve i nezadovoljstvo. U reagovanju povodom vi\u0161ednevnog protesta zaposlenih isti\u010de se da se radnicima Centra za kulturu duguje skoro isti iznos kao onog [&hellip;]<\/p>\n","protected":false},"author":1,"featured_media":0,"comment_status":"closed","ping_status":"closed","sticky":false,"template":"","format":"standard","meta":{"spay_email":"","jetpack_publicize_message":"","jetpack_is_tweetstorm":false,"jetpack_publicize_feature_enabled":true},"categories":[6950],"tags":[],"jetpack_publicize_connections":[],"yoast_head":"<!-- This site is optimized with the Yoast SEO plugin v19.1 - https:\/\/yoast.com\/wordpress\/plugins\/seo\/ -->\n<title>Forca: Za probleme odgovorna biv\u0161a vlast - Video - Lajme nga Ulqini<\/title>\n<meta name=\"description\" content=\"Nova demokratska snaga Forca, \u010diji je lider predsjednik op\u0161tine Nazif Cungu, apelovala je na zaposlene Centra za kulturu da ne ugro\u017eavaju zdravlje i da\" \/>\n<meta name=\"robots\" content=\"index, follow, max-snippet:-1, max-image-preview:large, max-video-preview:-1\" \/>\n<link rel=\"canonical\" href=\"https:\/\/www.visit-ulcinj.com\/blog\/2013\/12\/17\/forca-za-probleme-odgovorna-bivsa-vlast\/\" \/>\n<meta property=\"og:locale\" content=\"en_US\" \/>\n<meta property=\"og:type\" content=\"article\" \/>\n<meta property=\"og:title\" content=\"Forca: Za probleme odgovorna biv\u0161a vlast - Video - Lajme nga Ulqini\" \/>\n<meta property=\"og:description\" content=\"Nova demokratska snaga Forca, \u010diji je lider predsjednik op\u0161tine Nazif Cungu, apelovala je na zaposlene Centra za kulturu da ne ugro\u017eavaju zdravlje i da\" \/>\n<meta property=\"og:url\" content=\"https:\/\/www.visit-ulcinj.com\/blog\/2013\/12\/17\/forca-za-probleme-odgovorna-bivsa-vlast\/\" \/>\n<meta property=\"og:site_name\" content=\"Lajme nga Ulqini\" \/>\n<meta property=\"article:published_time\" content=\"2013-12-17T05:27:54+00:00\" \/>\n<meta property=\"article:modified_time\" content=\"2013-12-17T06:55:47+00:00\" \/>\n<meta property=\"og:image\" content=\"http:\/\/www.visit-ulcinj.com\/blog\/wp-content\/uploads\/2011\/08\/Nova-Demokratska-Snaga_FORCA.jpg\" \/>\n<meta name=\"twitter:label1\" content=\"Written by\" \/>\n\t<meta name=\"twitter:data1\" content=\"ulqini\" \/>\n\t<meta name=\"twitter:label2\" content=\"Est. reading time\" \/>\n\t<meta name=\"twitter:data2\" content=\"1 minute\" \/>\n<script type=\"application\/ld+json\" class=\"yoast-schema-graph\">{\"@context\":\"https:\/\/schema.org\",\"@graph\":[{\"@type\":\"WebSite\",\"@id\":\"https:\/\/www.visit-ulcinj.com\/blog\/#website\",\"url\":\"https:\/\/www.visit-ulcinj.com\/blog\/\",\"name\":\"Lajme nga Ulqini\",\"description\":\"Lajme,Vijesti,Ulqini,Ulqin,Crna Gora,Mali i Zi\",\"potentialAction\":[{\"@type\":\"SearchAction\",\"target\":{\"@type\":\"EntryPoint\",\"urlTemplate\":\"https:\/\/www.visit-ulcinj.com\/blog\/?s={search_term_string}\"},\"query-input\":\"required name=search_term_string\"}],\"inLanguage\":\"en-US\"},{\"@type\":\"ImageObject\",\"inLanguage\":\"en-US\",\"@id\":\"https:\/\/www.visit-ulcinj.com\/blog\/2013\/12\/17\/forca-za-probleme-odgovorna-bivsa-vlast\/#primaryimage\",\"url\":\"https:\/\/www.visit-ulcinj.com\/blog\/wp-content\/uploads\/2011\/08\/Nova-Demokratska-Snaga_FORCA.jpg\",\"contentUrl\":\"https:\/\/www.visit-ulcinj.com\/blog\/wp-content\/uploads\/2011\/08\/Nova-Demokratska-Snaga_FORCA.jpg\",\"width\":\"500\",\"height\":\"481\"},{\"@type\":\"WebPage\",\"@id\":\"https:\/\/www.visit-ulcinj.com\/blog\/2013\/12\/17\/forca-za-probleme-odgovorna-bivsa-vlast\/#webpage\",\"url\":\"https:\/\/www.visit-ulcinj.com\/blog\/2013\/12\/17\/forca-za-probleme-odgovorna-bivsa-vlast\/\",\"name\":\"Forca: Za probleme odgovorna biv\u0161a vlast - Video - Lajme nga Ulqini\",\"isPartOf\":{\"@id\":\"https:\/\/www.visit-ulcinj.com\/blog\/#website\"},\"primaryImageOfPage\":{\"@id\":\"https:\/\/www.visit-ulcinj.com\/blog\/2013\/12\/17\/forca-za-probleme-odgovorna-bivsa-vlast\/#primaryimage\"},\"datePublished\":\"2013-12-17T05:27:54+00:00\",\"dateModified\":\"2013-12-17T06:55:47+00:00\",\"author\":{\"@id\":\"https:\/\/www.visit-ulcinj.com\/blog\/#\/schema\/person\/dcab619c614d3038751c63bc2aadc06d\"},\"description\":\"Nova demokratska snaga Forca, \u010diji je lider predsjednik op\u0161tine Nazif Cungu, apelovala je na zaposlene Centra za kulturu da ne ugro\u017eavaju zdravlje i da\",\"breadcrumb\":{\"@id\":\"https:\/\/www.visit-ulcinj.com\/blog\/2013\/12\/17\/forca-za-probleme-odgovorna-bivsa-vlast\/#breadcrumb\"},\"inLanguage\":\"en-US\",\"potentialAction\":[{\"@type\":\"ReadAction\",\"target\":[\"https:\/\/www.visit-ulcinj.com\/blog\/2013\/12\/17\/forca-za-probleme-odgovorna-bivsa-vlast\/\"]}]},{\"@type\":\"BreadcrumbList\",\"@id\":\"https:\/\/www.visit-ulcinj.com\/blog\/2013\/12\/17\/forca-za-probleme-odgovorna-bivsa-vlast\/#breadcrumb\",\"itemListElement\":[{\"@type\":\"ListItem\",\"position\":1,\"name\":\"Forca: Za probleme odgovorna biv\u0161a vlast &#8211; Video\"}]},{\"@type\":\"Person\",\"@id\":\"https:\/\/www.visit-ulcinj.com\/blog\/#\/schema\/person\/dcab619c614d3038751c63bc2aadc06d\",\"name\":\"ulqini\",\"sameAs\":[\"http:\/\/www.visit-ulcinj.com\"],\"url\":\"https:\/\/www.visit-ulcinj.com\/blog\/author\/admin\/\"}]}<\/script>\n<!-- \/ Yoast SEO plugin. -->","yoast_head_json":{"title":"Forca: Za probleme odgovorna biv\u0161a vlast - Video - Lajme nga Ulqini","description":"Nova demokratska snaga Forca, \u010diji je lider predsjednik op\u0161tine Nazif Cungu, apelovala je na zaposlene Centra za kulturu da ne ugro\u017eavaju zdravlje i da","robots":{"index":"index","follow":"follow","max-snippet":"max-snippet:-1","max-image-preview":"max-image-preview:large","max-video-preview":"max-video-preview:-1"},"canonical":"https:\/\/www.visit-ulcinj.com\/blog\/2013\/12\/17\/forca-za-probleme-odgovorna-bivsa-vlast\/","og_locale":"en_US","og_type":"article","og_title":"Forca: Za probleme odgovorna biv\u0161a vlast - Video - Lajme nga Ulqini","og_description":"Nova demokratska snaga Forca, \u010diji je lider predsjednik op\u0161tine Nazif Cungu, apelovala je na zaposlene Centra za kulturu da ne ugro\u017eavaju zdravlje i da","og_url":"https:\/\/www.visit-ulcinj.com\/blog\/2013\/12\/17\/forca-za-probleme-odgovorna-bivsa-vlast\/","og_site_name":"Lajme nga Ulqini","article_published_time":"2013-12-17T05:27:54+00:00","article_modified_time":"2013-12-17T06:55:47+00:00","og_image":[{"url":"http:\/\/www.visit-ulcinj.com\/blog\/wp-content\/uploads\/2011\/08\/Nova-Demokratska-Snaga_FORCA.jpg"}],"twitter_misc":{"Written by":"ulqini","Est. reading time":"1 minute"},"schema":{"@context":"https:\/\/schema.org","@graph":[{"@type":"WebSite","@id":"https:\/\/www.visit-ulcinj.com\/blog\/#website","url":"https:\/\/www.visit-ulcinj.com\/blog\/","name":"Lajme nga Ulqini","description":"Lajme,Vijesti,Ulqini,Ulqin,Crna Gora,Mali i Zi","potentialAction":[{"@type":"SearchAction","target":{"@type":"EntryPoint","urlTemplate":"https:\/\/www.visit-ulcinj.com\/blog\/?s={search_term_string}"},"query-input":"required name=search_term_string"}],"inLanguage":"en-US"},{"@type":"ImageObject","inLanguage":"en-US","@id":"https:\/\/www.visit-ulcinj.com\/blog\/2013\/12\/17\/forca-za-probleme-odgovorna-bivsa-vlast\/#primaryimage","url":"https:\/\/www.visit-ulcinj.com\/blog\/wp-content\/uploads\/2011\/08\/Nova-Demokratska-Snaga_FORCA.jpg","contentUrl":"https:\/\/www.visit-ulcinj.com\/blog\/wp-content\/uploads\/2011\/08\/Nova-Demokratska-Snaga_FORCA.jpg","width":"500","height":"481"},{"@type":"WebPage","@id":"https:\/\/www.visit-ulcinj.com\/blog\/2013\/12\/17\/forca-za-probleme-odgovorna-bivsa-vlast\/#webpage","url":"https:\/\/www.visit-ulcinj.com\/blog\/2013\/12\/17\/forca-za-probleme-odgovorna-bivsa-vlast\/","name":"Forca: Za probleme odgovorna biv\u0161a vlast - Video - Lajme nga Ulqini","isPartOf":{"@id":"https:\/\/www.visit-ulcinj.com\/blog\/#website"},"primaryImageOfPage":{"@id":"https:\/\/www.visit-ulcinj.com\/blog\/2013\/12\/17\/forca-za-probleme-odgovorna-bivsa-vlast\/#primaryimage"},"datePublished":"2013-12-17T05:27:54+00:00","dateModified":"2013-12-17T06:55:47+00:00","author":{"@id":"https:\/\/www.visit-ulcinj.com\/blog\/#\/schema\/person\/dcab619c614d3038751c63bc2aadc06d"},"description":"Nova demokratska snaga Forca, \u010diji je lider predsjednik op\u0161tine Nazif Cungu, apelovala je na zaposlene Centra za kulturu da ne ugro\u017eavaju zdravlje i da","breadcrumb":{"@id":"https:\/\/www.visit-ulcinj.com\/blog\/2013\/12\/17\/forca-za-probleme-odgovorna-bivsa-vlast\/#breadcrumb"},"inLanguage":"en-US","potentialAction":[{"@type":"ReadAction","target":["https:\/\/www.visit-ulcinj.com\/blog\/2013\/12\/17\/forca-za-probleme-odgovorna-bivsa-vlast\/"]}]},{"@type":"BreadcrumbList","@id":"https:\/\/www.visit-ulcinj.com\/blog\/2013\/12\/17\/forca-za-probleme-odgovorna-bivsa-vlast\/#breadcrumb","itemListElement":[{"@type":"ListItem","position":1,"name":"Forca: Za probleme odgovorna biv\u0161a vlast &#8211; Video"}]},{"@type":"Person","@id":"https:\/\/www.visit-ulcinj.com\/blog\/#\/schema\/person\/dcab619c614d3038751c63bc2aadc06d","name":"ulqini","sameAs":["http:\/\/www.visit-ulcinj.com"],"url":"https:\/\/www.visit-ulcinj.com\/blog\/author\/admin\/"}]}},"jetpack_featured_media_url":"","jetpack_sharing_enabled":true,"jetpack_shortlink":"https:\/\/wp.me\/pe6lTn-k5N","_links":{"self":[{"href":"https:\/\/www.visit-ulcinj.com\/blog\/wp-json\/wp\/v2\/posts\/77239"}],"collection":[{"href":"https:\/\/www.visit-ulcinj.com\/blog\/wp-json\/wp\/v2\/posts"}],"about":[{"href":"https:\/\/www.visit-ulcinj.com\/blog\/wp-json\/wp\/v2\/types\/post"}],"author":[{"embeddable":true,"href":"https:\/\/www.visit-ulcinj.com\/blog\/wp-json\/wp\/v2\/users\/1"}],"replies":[{"embeddable":true,"href":"https:\/\/www.visit-ulcinj.com\/blog\/wp-json\/wp\/v2\/comments?post=77239"}],"version-history":[{"count":2,"href":"https:\/\/www.visit-ulcinj.com\/blog\/wp-json\/wp\/v2\/posts\/77239\/revisions"}],"predecessor-version":[{"id":77257,"href":"https:\/\/www.visit-ulcinj.com\/blog\/wp-json\/wp\/v2\/posts\/77239\/revisions\/77257"}],"wp:attachment":[{"href":"https:\/\/www.visit-ulcinj.com\/blog\/wp-json\/wp\/v2\/media?parent=77239"}],"wp:term":[{"taxonomy":"category","embeddable":true,"href":"https:\/\/www.visit-ulcinj.com\/blog\/wp-json\/wp\/v2\/categories?post=77239"},{"taxonomy":"post_tag","embeddable":true,"href":"https:\/\/www.visit-ulcinj.com\/blog\/wp-json\/wp\/v2\/tags?post=77239"}],"curies":[{"name":"wp","href":"https:\/\/api.w.org\/{rel}","templated":true}]}}