{"id":77255,"date":"2013-12-17T07:42:04","date_gmt":"2013-12-17T06:42:04","guid":{"rendered":"http:\/\/www.visit-ulcinj.com\/blog\/?p=77255"},"modified":"2013-12-17T07:42:04","modified_gmt":"2013-12-17T06:42:04","slug":"genci-nimanbegu-bio-gost-demokratskih-radionica","status":"publish","type":"post","link":"https:\/\/www.visit-ulcinj.com\/blog\/2013\/12\/17\/genci-nimanbegu-bio-gost-demokratskih-radionica\/","title":{"rendered":"Genci Nimanbegu bio gost \u201eDemokratskih radionica\u201d"},"content":{"rendered":"<div>\n<p><a href=\"http:\/\/www.visit-ulcinj.com\/blog\/wp-content\/uploads\/2013\/12\/Genci-Nimanbegu-guest-of-Democracy-Workshops-1.jpg\"><img loading=\"lazy\" class=\"alignleft  wp-image-77252\" alt=\"Genci Nimanbegu guest of Democracy Workshops-1\" src=\"http:\/\/www.visit-ulcinj.com\/blog\/wp-content\/uploads\/2013\/12\/Genci-Nimanbegu-guest-of-Democracy-Workshops-1.jpg\" width=\"508\" height=\"360\" \/><\/a>Poslanik Skup\u0161tine Crne Gore Genci Nimanbegu po\u015betio je danas \u201eDemokratske radionice\u201d Skup\u0161tine Crne Gore, i ovom prilikom razgovarao sa u\u010denicima \u2013 \u010dlanovima \u0111a\u010dkog parlamenta O\u0160 \u201eMar\u0161al Tito\u201c iz Ulcinja.<\/p>\n<\/div>\n<div>\n<p>U razgovoru sa u\u010denicima, poslanik Nimanbegu je odgovorio na veliki broj pitanja koja su ih interesovala, a odnose se &#8211; na rad poslanika i Skup\u0161tine, izbore za poslanike u Skup\u0161tini Crne Gore, proceduru predlaganja i dono\u0161enja zakona, kao i na na\u010din na koji gra\u0111ani mogu da u\u010destvuju i da predlo\u017ee zakon.<br \/>\nTako\u0111e, u\u010denike je zanimalo na koji na\u010din oni, u ovom uzrastu, mogu da doprinesu razvoju demokratskog dru\u0161tva.<\/p>\n<p><a href=\"http:\/\/www.visit-ulcinj.com\/blog\/wp-content\/uploads\/2013\/12\/Genci-Nimanbegu-guest-of-Democracy-Workshops.jpg\"><img loading=\"lazy\" class=\"alignleft  wp-image-77251\" alt=\"Genci Nimanbegu guest of Democracy Workshops\" src=\"http:\/\/www.visit-ulcinj.com\/blog\/wp-content\/uploads\/2013\/12\/Genci-Nimanbegu-guest-of-Democracy-Workshops.jpg\" width=\"508\" height=\"360\" \/><\/a><br \/>\nProjekat \u201eDemokratske radionice\u201c organizuje Skup\u0161tina Crne Gore, uz tehni\u010dku i stru\u010dnu realizaciju Foruma mladi i neformalna edukacija (Forum MNE) i finansijsku podr\u0161ku fondacije ERSTE. Projekat ima za cilj da ja\u010da interesovanje kod mladih za demokratiju i politi\u010dke procese i da doprinese njihovom boljem razumijevanju.<\/p>\n<\/div>\n<div><strong>Objavljeno u <a href=\"http:\/\/www.skupstina.me\/index.php\/me\/gradjani\/demokratske-radionice\/aktuelnosti\">Demokratske radionice<br \/>\n<\/a><\/strong><\/div>\n<div><strong>Skup\u0161tina Crne Gore<\/strong><\/div>\n","protected":false},"excerpt":{"rendered":"<p>Poslanik Skup\u0161tine Crne Gore Genci Nimanbegu po\u015betio je danas \u201eDemokratske radionice\u201d Skup\u0161tine Crne Gore, i ovom prilikom razgovarao sa u\u010denicima \u2013 \u010dlanovima \u0111a\u010dkog parlamenta O\u0160 \u201eMar\u0161al Tito\u201c iz Ulcinja. U razgovoru sa u\u010denicima, poslanik Nimanbegu je odgovorio na veliki broj pitanja koja su ih interesovala, a odnose se &#8211; na rad poslanika i Skup\u0161tine, izbore [&hellip;]<\/p>\n","protected":false},"author":1,"featured_media":0,"comment_status":"closed","ping_status":"closed","sticky":false,"template":"","format":"standard","meta":{"spay_email":"","jetpack_publicize_message":"","jetpack_is_tweetstorm":false,"jetpack_publicize_feature_enabled":true},"categories":[6950],"tags":[],"jetpack_publicize_connections":[],"yoast_head":"<!-- This site is optimized with the Yoast SEO plugin v19.1 - https:\/\/yoast.com\/wordpress\/plugins\/seo\/ -->\n<title>Genci Nimanbegu bio gost \u201eDemokratskih radionica\u201d - Lajme nga Ulqini<\/title>\n<meta name=\"description\" content=\"Poslanik Skup\u0161tine Crne Gore Genci Nimanbegu po\u015betio je danas \u201eDemokratske radionice\u201d Skup\u0161tine Crne Gore, i ovom prilikom razgovarao sa u\u010denicima \u2013\" \/>\n<meta name=\"robots\" content=\"index, follow, max-snippet:-1, max-image-preview:large, max-video-preview:-1\" \/>\n<link rel=\"canonical\" href=\"https:\/\/www.visit-ulcinj.com\/blog\/2013\/12\/17\/genci-nimanbegu-bio-gost-demokratskih-radionica\/\" \/>\n<meta property=\"og:locale\" content=\"en_US\" \/>\n<meta property=\"og:type\" content=\"article\" \/>\n<meta property=\"og:title\" content=\"Genci Nimanbegu bio gost \u201eDemokratskih radionica\u201d - Lajme nga Ulqini\" \/>\n<meta property=\"og:description\" content=\"Poslanik Skup\u0161tine Crne Gore Genci Nimanbegu po\u015betio je danas \u201eDemokratske radionice\u201d Skup\u0161tine Crne Gore, i ovom prilikom razgovarao sa u\u010denicima \u2013\" \/>\n<meta property=\"og:url\" content=\"https:\/\/www.visit-ulcinj.com\/blog\/2013\/12\/17\/genci-nimanbegu-bio-gost-demokratskih-radionica\/\" \/>\n<meta property=\"og:site_name\" content=\"Lajme nga Ulqini\" \/>\n<meta property=\"article:published_time\" content=\"2013-12-17T06:42:04+00:00\" \/>\n<meta property=\"og:image\" content=\"http:\/\/www.visit-ulcinj.com\/blog\/wp-content\/uploads\/2013\/12\/Genci-Nimanbegu-guest-of-Democracy-Workshops-1.jpg\" \/>\n<meta name=\"twitter:label1\" content=\"Written by\" \/>\n\t<meta name=\"twitter:data1\" content=\"ulqini\" \/>\n\t<meta name=\"twitter:label2\" content=\"Est. reading time\" \/>\n\t<meta name=\"twitter:data2\" content=\"1 minute\" \/>\n<script type=\"application\/ld+json\" class=\"yoast-schema-graph\">{\"@context\":\"https:\/\/schema.org\",\"@graph\":[{\"@type\":\"WebSite\",\"@id\":\"https:\/\/www.visit-ulcinj.com\/blog\/#website\",\"url\":\"https:\/\/www.visit-ulcinj.com\/blog\/\",\"name\":\"Lajme nga Ulqini\",\"description\":\"Lajme,Vijesti,Ulqini,Ulqin,Crna Gora,Mali i Zi\",\"potentialAction\":[{\"@type\":\"SearchAction\",\"target\":{\"@type\":\"EntryPoint\",\"urlTemplate\":\"https:\/\/www.visit-ulcinj.com\/blog\/?s={search_term_string}\"},\"query-input\":\"required name=search_term_string\"}],\"inLanguage\":\"en-US\"},{\"@type\":\"ImageObject\",\"inLanguage\":\"en-US\",\"@id\":\"https:\/\/www.visit-ulcinj.com\/blog\/2013\/12\/17\/genci-nimanbegu-bio-gost-demokratskih-radionica\/#primaryimage\",\"url\":\"https:\/\/www.visit-ulcinj.com\/blog\/wp-content\/uploads\/2013\/12\/Genci-Nimanbegu-guest-of-Democracy-Workshops-1.jpg\",\"contentUrl\":\"https:\/\/www.visit-ulcinj.com\/blog\/wp-content\/uploads\/2013\/12\/Genci-Nimanbegu-guest-of-Democracy-Workshops-1.jpg\",\"width\":1024,\"height\":768},{\"@type\":\"WebPage\",\"@id\":\"https:\/\/www.visit-ulcinj.com\/blog\/2013\/12\/17\/genci-nimanbegu-bio-gost-demokratskih-radionica\/#webpage\",\"url\":\"https:\/\/www.visit-ulcinj.com\/blog\/2013\/12\/17\/genci-nimanbegu-bio-gost-demokratskih-radionica\/\",\"name\":\"Genci Nimanbegu bio gost \u201eDemokratskih radionica\u201d - Lajme nga Ulqini\",\"isPartOf\":{\"@id\":\"https:\/\/www.visit-ulcinj.com\/blog\/#website\"},\"primaryImageOfPage\":{\"@id\":\"https:\/\/www.visit-ulcinj.com\/blog\/2013\/12\/17\/genci-nimanbegu-bio-gost-demokratskih-radionica\/#primaryimage\"},\"datePublished\":\"2013-12-17T06:42:04+00:00\",\"dateModified\":\"2013-12-17T06:42:04+00:00\",\"author\":{\"@id\":\"https:\/\/www.visit-ulcinj.com\/blog\/#\/schema\/person\/dcab619c614d3038751c63bc2aadc06d\"},\"description\":\"Poslanik Skup\u0161tine Crne Gore Genci Nimanbegu po\u015betio je danas \u201eDemokratske radionice\u201d Skup\u0161tine Crne Gore, i ovom prilikom razgovarao sa u\u010denicima \u2013\",\"breadcrumb\":{\"@id\":\"https:\/\/www.visit-ulcinj.com\/blog\/2013\/12\/17\/genci-nimanbegu-bio-gost-demokratskih-radionica\/#breadcrumb\"},\"inLanguage\":\"en-US\",\"potentialAction\":[{\"@type\":\"ReadAction\",\"target\":[\"https:\/\/www.visit-ulcinj.com\/blog\/2013\/12\/17\/genci-nimanbegu-bio-gost-demokratskih-radionica\/\"]}]},{\"@type\":\"BreadcrumbList\",\"@id\":\"https:\/\/www.visit-ulcinj.com\/blog\/2013\/12\/17\/genci-nimanbegu-bio-gost-demokratskih-radionica\/#breadcrumb\",\"itemListElement\":[{\"@type\":\"ListItem\",\"position\":1,\"name\":\"Genci Nimanbegu bio gost \u201eDemokratskih radionica\u201d\"}]},{\"@type\":\"Person\",\"@id\":\"https:\/\/www.visit-ulcinj.com\/blog\/#\/schema\/person\/dcab619c614d3038751c63bc2aadc06d\",\"name\":\"ulqini\",\"sameAs\":[\"http:\/\/www.visit-ulcinj.com\"],\"url\":\"https:\/\/www.visit-ulcinj.com\/blog\/author\/admin\/\"}]}<\/script>\n<!-- \/ Yoast SEO plugin. -->","yoast_head_json":{"title":"Genci Nimanbegu bio gost \u201eDemokratskih radionica\u201d - Lajme nga Ulqini","description":"Poslanik Skup\u0161tine Crne Gore Genci Nimanbegu po\u015betio je danas \u201eDemokratske radionice\u201d Skup\u0161tine Crne Gore, i ovom prilikom razgovarao sa u\u010denicima \u2013","robots":{"index":"index","follow":"follow","max-snippet":"max-snippet:-1","max-image-preview":"max-image-preview:large","max-video-preview":"max-video-preview:-1"},"canonical":"https:\/\/www.visit-ulcinj.com\/blog\/2013\/12\/17\/genci-nimanbegu-bio-gost-demokratskih-radionica\/","og_locale":"en_US","og_type":"article","og_title":"Genci Nimanbegu bio gost \u201eDemokratskih radionica\u201d - Lajme nga Ulqini","og_description":"Poslanik Skup\u0161tine Crne Gore Genci Nimanbegu po\u015betio je danas \u201eDemokratske radionice\u201d Skup\u0161tine Crne Gore, i ovom prilikom razgovarao sa u\u010denicima \u2013","og_url":"https:\/\/www.visit-ulcinj.com\/blog\/2013\/12\/17\/genci-nimanbegu-bio-gost-demokratskih-radionica\/","og_site_name":"Lajme nga Ulqini","article_published_time":"2013-12-17T06:42:04+00:00","og_image":[{"url":"http:\/\/www.visit-ulcinj.com\/blog\/wp-content\/uploads\/2013\/12\/Genci-Nimanbegu-guest-of-Democracy-Workshops-1.jpg"}],"twitter_misc":{"Written by":"ulqini","Est. reading time":"1 minute"},"schema":{"@context":"https:\/\/schema.org","@graph":[{"@type":"WebSite","@id":"https:\/\/www.visit-ulcinj.com\/blog\/#website","url":"https:\/\/www.visit-ulcinj.com\/blog\/","name":"Lajme nga Ulqini","description":"Lajme,Vijesti,Ulqini,Ulqin,Crna Gora,Mali i Zi","potentialAction":[{"@type":"SearchAction","target":{"@type":"EntryPoint","urlTemplate":"https:\/\/www.visit-ulcinj.com\/blog\/?s={search_term_string}"},"query-input":"required name=search_term_string"}],"inLanguage":"en-US"},{"@type":"ImageObject","inLanguage":"en-US","@id":"https:\/\/www.visit-ulcinj.com\/blog\/2013\/12\/17\/genci-nimanbegu-bio-gost-demokratskih-radionica\/#primaryimage","url":"https:\/\/www.visit-ulcinj.com\/blog\/wp-content\/uploads\/2013\/12\/Genci-Nimanbegu-guest-of-Democracy-Workshops-1.jpg","contentUrl":"https:\/\/www.visit-ulcinj.com\/blog\/wp-content\/uploads\/2013\/12\/Genci-Nimanbegu-guest-of-Democracy-Workshops-1.jpg","width":1024,"height":768},{"@type":"WebPage","@id":"https:\/\/www.visit-ulcinj.com\/blog\/2013\/12\/17\/genci-nimanbegu-bio-gost-demokratskih-radionica\/#webpage","url":"https:\/\/www.visit-ulcinj.com\/blog\/2013\/12\/17\/genci-nimanbegu-bio-gost-demokratskih-radionica\/","name":"Genci Nimanbegu bio gost \u201eDemokratskih radionica\u201d - Lajme nga Ulqini","isPartOf":{"@id":"https:\/\/www.visit-ulcinj.com\/blog\/#website"},"primaryImageOfPage":{"@id":"https:\/\/www.visit-ulcinj.com\/blog\/2013\/12\/17\/genci-nimanbegu-bio-gost-demokratskih-radionica\/#primaryimage"},"datePublished":"2013-12-17T06:42:04+00:00","dateModified":"2013-12-17T06:42:04+00:00","author":{"@id":"https:\/\/www.visit-ulcinj.com\/blog\/#\/schema\/person\/dcab619c614d3038751c63bc2aadc06d"},"description":"Poslanik Skup\u0161tine Crne Gore Genci Nimanbegu po\u015betio je danas \u201eDemokratske radionice\u201d Skup\u0161tine Crne Gore, i ovom prilikom razgovarao sa u\u010denicima \u2013","breadcrumb":{"@id":"https:\/\/www.visit-ulcinj.com\/blog\/2013\/12\/17\/genci-nimanbegu-bio-gost-demokratskih-radionica\/#breadcrumb"},"inLanguage":"en-US","potentialAction":[{"@type":"ReadAction","target":["https:\/\/www.visit-ulcinj.com\/blog\/2013\/12\/17\/genci-nimanbegu-bio-gost-demokratskih-radionica\/"]}]},{"@type":"BreadcrumbList","@id":"https:\/\/www.visit-ulcinj.com\/blog\/2013\/12\/17\/genci-nimanbegu-bio-gost-demokratskih-radionica\/#breadcrumb","itemListElement":[{"@type":"ListItem","position":1,"name":"Genci Nimanbegu bio gost \u201eDemokratskih radionica\u201d"}]},{"@type":"Person","@id":"https:\/\/www.visit-ulcinj.com\/blog\/#\/schema\/person\/dcab619c614d3038751c63bc2aadc06d","name":"ulqini","sameAs":["http:\/\/www.visit-ulcinj.com"],"url":"https:\/\/www.visit-ulcinj.com\/blog\/author\/admin\/"}]}},"jetpack_featured_media_url":"","jetpack_sharing_enabled":true,"jetpack_shortlink":"https:\/\/wp.me\/pe6lTn-k63","_links":{"self":[{"href":"https:\/\/www.visit-ulcinj.com\/blog\/wp-json\/wp\/v2\/posts\/77255"}],"collection":[{"href":"https:\/\/www.visit-ulcinj.com\/blog\/wp-json\/wp\/v2\/posts"}],"about":[{"href":"https:\/\/www.visit-ulcinj.com\/blog\/wp-json\/wp\/v2\/types\/post"}],"author":[{"embeddable":true,"href":"https:\/\/www.visit-ulcinj.com\/blog\/wp-json\/wp\/v2\/users\/1"}],"replies":[{"embeddable":true,"href":"https:\/\/www.visit-ulcinj.com\/blog\/wp-json\/wp\/v2\/comments?post=77255"}],"version-history":[{"count":1,"href":"https:\/\/www.visit-ulcinj.com\/blog\/wp-json\/wp\/v2\/posts\/77255\/revisions"}],"predecessor-version":[{"id":77256,"href":"https:\/\/www.visit-ulcinj.com\/blog\/wp-json\/wp\/v2\/posts\/77255\/revisions\/77256"}],"wp:attachment":[{"href":"https:\/\/www.visit-ulcinj.com\/blog\/wp-json\/wp\/v2\/media?parent=77255"}],"wp:term":[{"taxonomy":"category","embeddable":true,"href":"https:\/\/www.visit-ulcinj.com\/blog\/wp-json\/wp\/v2\/categories?post=77255"},{"taxonomy":"post_tag","embeddable":true,"href":"https:\/\/www.visit-ulcinj.com\/blog\/wp-json\/wp\/v2\/tags?post=77255"}],"curies":[{"name":"wp","href":"https:\/\/api.w.org\/{rel}","templated":true}]}}