{"id":77281,"date":"2013-12-17T21:15:25","date_gmt":"2013-12-17T20:15:25","guid":{"rendered":"http:\/\/www.visit-ulcinj.com\/blog\/?p=77281"},"modified":"2013-12-17T21:15:25","modified_gmt":"2013-12-17T20:15:25","slug":"mladi-snp-ulcinj-konkretni-primjeri-selektivnog-zaposljavanja-u-ulcinju","status":"publish","type":"post","link":"https:\/\/www.visit-ulcinj.com\/blog\/2013\/12\/17\/mladi-snp-ulcinj-konkretni-primjeri-selektivnog-zaposljavanja-u-ulcinju\/","title":{"rendered":"Mladi SNP Ulcinj: Konkretni primjeri selektivnog zaposljavanja u Ulcinju"},"content":{"rendered":"<p align=\"justify\"><strong><a href=\"http:\/\/www.visit-ulcinj.com\/blog\/wp-content\/uploads\/2013\/12\/Mladi-SNP-Ulcinj.jpg\"><img loading=\"lazy\" class=\"alignleft  wp-image-77282\" alt=\"Mladi-SNP-Ulcinj\" src=\"http:\/\/www.visit-ulcinj.com\/blog\/wp-content\/uploads\/2013\/12\/Mladi-SNP-Ulcinj.jpg\" width=\"508\" height=\"360\" \/><\/a>Slu\u010dajevi zloupotrebe polo\u017eaja pri zapo\u0161ljavanju u Ulcinju<\/strong><\/p>\n<p align=\"justify\">Nazif Cungu, koji sjedi u stolici predsjednika Op\u0161tine Ulcinj, neargumentovano je reagovao na navode iz Saop\u0161tenja za javnost Asocijacije mladih SNP Ulcinj od 16.12.2013.godine.S tim u vezi upoznajemo javnost sa pojedina\u010dnim slu\u010dajevima zloupotrebe polo\u017eaja pri zapo\u0161ljavanju svojih kadrova.Najsvje\u017eiji primjer nepotizma u vrhu lokalne vlasti je Oglas koji je objavljen 30. novembra 2013. godine, za radno mjesto Savjetnik za medije u Kabinetu Predsjednika, a koje je rezervisano za k\u0107erku Potpredsjednika vladaju\u0107e partije \u201eFORCA\u201c,ina\u010de biv\u0161eg potpredsjednika Op\u0161tine i sada\u0161njeg predsjednika UO JP \u201eMorsko dobro\u201c.<\/p>\n<p>U martu mjesecu teku\u0107e godine istekao je pripravni\u010dki sta\u017e za 10 pripravnika od kojih su u radni odnos na neodre\u0111eno vrijeme primljena dva, a na odre\u0111eno tre\u0107i pripravnik. Ova dva pomenuta pripravnika su posebna pri\u010da jer je jedna koja radi u Sekretarijatu za komunalne djelatnosti, ina\u010de bliska ro\u0111aka Sekretara tog sekretarijata za vrijeme obavljanja pripravni\u010dkog sta\u017ea postavljena za \u010dlana Komisije za saobra\u0107aj,a nakon toga i Komisije za izbor najpovoljnijeg ponu\u0111a\u010da pri davanju u zakup privremenih lokacija, a nakon obavljenog pripravni\u010dkog sta\u017ea postavljena za Vi\u0161eg savjetnika u tom sekretarijatu.<\/p>\n<p>Drugi pripravnik \u010diji je otac istaknuti \u010dlan i li\u010dni prijatelj Cungua,postavljen je za samostalnog savjetnika u Kabinetu, iako ni do dana dana\u0161njeg nema polo\u017een stru\u010dni ispit za rad u dr\u017eavnom organu.<\/p>\n<p>Tre\u0107a pripravnica, ro\u0111ena sestra \u0160efa ra\u010dunovodstva i ro\u0111aka potpredsjednika FORCE i poslanika u Skup\u0161tini Crne Gore, po isteku pripravni\u0161kog sta\u017ea, tako\u0111e je ostala u radnom odnosu.<\/p>\n<p>Pored navedenog neistiniti su navodi Nazifa Cungua iznijeti u \u201dDnevnim novinama\u201d da su otpustili \u010dak 32 radnika iz Op\u0161tine. Zapravo radi se o licima kojima je radni odnos prestao po sili zakona zbog odlaska u penziju.<\/p>\n<p>A nakon raspisivanja lokalnih izbora objavljeni su oglasi u JP \u201eVodovod\u201ci SO Ucinj za prijem novih radnika u radni odnos, iako je to najstro\u017eije zabranjeno Zakonom o finansiranju politi\u010dkih partija, a Cungu tvrdi da otpu\u0161ta radnike. Mo\u017eda, partijski nepodobne i neposlu\u0161ne.<\/p>\n<p><b>REAGOVANJE ASOCIJACIJE MLADIH SNP ULCINJ<\/b><\/p>\n","protected":false},"excerpt":{"rendered":"<p>Slu\u010dajevi zloupotrebe polo\u017eaja pri zapo\u0161ljavanju u Ulcinju Nazif Cungu, koji sjedi u stolici predsjednika Op\u0161tine Ulcinj, neargumentovano je reagovao na navode iz Saop\u0161tenja za javnost Asocijacije mladih SNP Ulcinj od 16.12.2013.godine.S tim u vezi upoznajemo javnost sa pojedina\u010dnim slu\u010dajevima zloupotrebe polo\u017eaja pri zapo\u0161ljavanju svojih kadrova.Najsvje\u017eiji primjer nepotizma u vrhu lokalne vlasti je Oglas koji je [&hellip;]<\/p>\n","protected":false},"author":1,"featured_media":0,"comment_status":"closed","ping_status":"closed","sticky":false,"template":"","format":"standard","meta":{"spay_email":"","jetpack_publicize_message":"","jetpack_is_tweetstorm":false,"jetpack_publicize_feature_enabled":true},"categories":[8337],"tags":[],"jetpack_publicize_connections":[],"yoast_head":"<!-- This site is optimized with the Yoast SEO plugin v19.1 - https:\/\/yoast.com\/wordpress\/plugins\/seo\/ -->\n<title>Mladi SNP Ulcinj: Konkretni primjeri selektivnog zaposljavanja u Ulcinju - Lajme nga Ulqini<\/title>\n<meta name=\"description\" content=\"Slu\u010dajevi zloupotrebe polo\u017eaja pri zapo\u0161ljavanju u Ulcinju Nazif Cungu, koji sjedi u stolici predsjednika Op\u0161tine Ulcinj, neargumentovano je reagovao na\" \/>\n<meta name=\"robots\" content=\"index, follow, max-snippet:-1, max-image-preview:large, max-video-preview:-1\" \/>\n<link rel=\"canonical\" href=\"https:\/\/www.visit-ulcinj.com\/blog\/2013\/12\/17\/mladi-snp-ulcinj-konkretni-primjeri-selektivnog-zaposljavanja-u-ulcinju\/\" \/>\n<meta property=\"og:locale\" content=\"en_US\" \/>\n<meta property=\"og:type\" content=\"article\" \/>\n<meta property=\"og:title\" content=\"Mladi SNP Ulcinj: Konkretni primjeri selektivnog zaposljavanja u Ulcinju - Lajme nga Ulqini\" \/>\n<meta property=\"og:description\" content=\"Slu\u010dajevi zloupotrebe polo\u017eaja pri zapo\u0161ljavanju u Ulcinju Nazif Cungu, koji sjedi u stolici predsjednika Op\u0161tine Ulcinj, neargumentovano je reagovao na\" \/>\n<meta property=\"og:url\" content=\"https:\/\/www.visit-ulcinj.com\/blog\/2013\/12\/17\/mladi-snp-ulcinj-konkretni-primjeri-selektivnog-zaposljavanja-u-ulcinju\/\" \/>\n<meta property=\"og:site_name\" content=\"Lajme nga Ulqini\" \/>\n<meta property=\"article:published_time\" content=\"2013-12-17T20:15:25+00:00\" \/>\n<meta property=\"og:image\" content=\"http:\/\/www.visit-ulcinj.com\/blog\/wp-content\/uploads\/2013\/12\/Mladi-SNP-Ulcinj.jpg\" \/>\n<meta name=\"twitter:label1\" content=\"Written by\" \/>\n\t<meta name=\"twitter:data1\" content=\"ulqini\" \/>\n\t<meta name=\"twitter:label2\" content=\"Est. reading time\" \/>\n\t<meta name=\"twitter:data2\" content=\"2 minutes\" \/>\n<script type=\"application\/ld+json\" class=\"yoast-schema-graph\">{\"@context\":\"https:\/\/schema.org\",\"@graph\":[{\"@type\":\"WebSite\",\"@id\":\"https:\/\/www.visit-ulcinj.com\/blog\/#website\",\"url\":\"https:\/\/www.visit-ulcinj.com\/blog\/\",\"name\":\"Lajme nga Ulqini\",\"description\":\"Lajme,Vijesti,Ulqini,Ulqin,Crna Gora,Mali i Zi\",\"potentialAction\":[{\"@type\":\"SearchAction\",\"target\":{\"@type\":\"EntryPoint\",\"urlTemplate\":\"https:\/\/www.visit-ulcinj.com\/blog\/?s={search_term_string}\"},\"query-input\":\"required name=search_term_string\"}],\"inLanguage\":\"en-US\"},{\"@type\":\"ImageObject\",\"inLanguage\":\"en-US\",\"@id\":\"https:\/\/www.visit-ulcinj.com\/blog\/2013\/12\/17\/mladi-snp-ulcinj-konkretni-primjeri-selektivnog-zaposljavanja-u-ulcinju\/#primaryimage\",\"url\":\"https:\/\/www.visit-ulcinj.com\/blog\/wp-content\/uploads\/2013\/12\/Mladi-SNP-Ulcinj.jpg\",\"contentUrl\":\"https:\/\/www.visit-ulcinj.com\/blog\/wp-content\/uploads\/2013\/12\/Mladi-SNP-Ulcinj.jpg\",\"width\":520,\"height\":386},{\"@type\":\"WebPage\",\"@id\":\"https:\/\/www.visit-ulcinj.com\/blog\/2013\/12\/17\/mladi-snp-ulcinj-konkretni-primjeri-selektivnog-zaposljavanja-u-ulcinju\/#webpage\",\"url\":\"https:\/\/www.visit-ulcinj.com\/blog\/2013\/12\/17\/mladi-snp-ulcinj-konkretni-primjeri-selektivnog-zaposljavanja-u-ulcinju\/\",\"name\":\"Mladi SNP Ulcinj: Konkretni primjeri selektivnog zaposljavanja u Ulcinju - Lajme nga Ulqini\",\"isPartOf\":{\"@id\":\"https:\/\/www.visit-ulcinj.com\/blog\/#website\"},\"primaryImageOfPage\":{\"@id\":\"https:\/\/www.visit-ulcinj.com\/blog\/2013\/12\/17\/mladi-snp-ulcinj-konkretni-primjeri-selektivnog-zaposljavanja-u-ulcinju\/#primaryimage\"},\"datePublished\":\"2013-12-17T20:15:25+00:00\",\"dateModified\":\"2013-12-17T20:15:25+00:00\",\"author\":{\"@id\":\"https:\/\/www.visit-ulcinj.com\/blog\/#\/schema\/person\/dcab619c614d3038751c63bc2aadc06d\"},\"description\":\"Slu\u010dajevi zloupotrebe polo\u017eaja pri zapo\u0161ljavanju u Ulcinju Nazif Cungu, koji sjedi u stolici predsjednika Op\u0161tine Ulcinj, neargumentovano je reagovao na\",\"breadcrumb\":{\"@id\":\"https:\/\/www.visit-ulcinj.com\/blog\/2013\/12\/17\/mladi-snp-ulcinj-konkretni-primjeri-selektivnog-zaposljavanja-u-ulcinju\/#breadcrumb\"},\"inLanguage\":\"en-US\",\"potentialAction\":[{\"@type\":\"ReadAction\",\"target\":[\"https:\/\/www.visit-ulcinj.com\/blog\/2013\/12\/17\/mladi-snp-ulcinj-konkretni-primjeri-selektivnog-zaposljavanja-u-ulcinju\/\"]}]},{\"@type\":\"BreadcrumbList\",\"@id\":\"https:\/\/www.visit-ulcinj.com\/blog\/2013\/12\/17\/mladi-snp-ulcinj-konkretni-primjeri-selektivnog-zaposljavanja-u-ulcinju\/#breadcrumb\",\"itemListElement\":[{\"@type\":\"ListItem\",\"position\":1,\"name\":\"Mladi SNP Ulcinj: Konkretni primjeri selektivnog zaposljavanja u Ulcinju\"}]},{\"@type\":\"Person\",\"@id\":\"https:\/\/www.visit-ulcinj.com\/blog\/#\/schema\/person\/dcab619c614d3038751c63bc2aadc06d\",\"name\":\"ulqini\",\"sameAs\":[\"http:\/\/www.visit-ulcinj.com\"],\"url\":\"https:\/\/www.visit-ulcinj.com\/blog\/author\/admin\/\"}]}<\/script>\n<!-- \/ Yoast SEO plugin. -->","yoast_head_json":{"title":"Mladi SNP Ulcinj: Konkretni primjeri selektivnog zaposljavanja u Ulcinju - Lajme nga Ulqini","description":"Slu\u010dajevi zloupotrebe polo\u017eaja pri zapo\u0161ljavanju u Ulcinju Nazif Cungu, koji sjedi u stolici predsjednika Op\u0161tine Ulcinj, neargumentovano je reagovao na","robots":{"index":"index","follow":"follow","max-snippet":"max-snippet:-1","max-image-preview":"max-image-preview:large","max-video-preview":"max-video-preview:-1"},"canonical":"https:\/\/www.visit-ulcinj.com\/blog\/2013\/12\/17\/mladi-snp-ulcinj-konkretni-primjeri-selektivnog-zaposljavanja-u-ulcinju\/","og_locale":"en_US","og_type":"article","og_title":"Mladi SNP Ulcinj: Konkretni primjeri selektivnog zaposljavanja u Ulcinju - Lajme nga Ulqini","og_description":"Slu\u010dajevi zloupotrebe polo\u017eaja pri zapo\u0161ljavanju u Ulcinju Nazif Cungu, koji sjedi u stolici predsjednika Op\u0161tine Ulcinj, neargumentovano je reagovao na","og_url":"https:\/\/www.visit-ulcinj.com\/blog\/2013\/12\/17\/mladi-snp-ulcinj-konkretni-primjeri-selektivnog-zaposljavanja-u-ulcinju\/","og_site_name":"Lajme nga Ulqini","article_published_time":"2013-12-17T20:15:25+00:00","og_image":[{"url":"http:\/\/www.visit-ulcinj.com\/blog\/wp-content\/uploads\/2013\/12\/Mladi-SNP-Ulcinj.jpg"}],"twitter_misc":{"Written by":"ulqini","Est. reading time":"2 minutes"},"schema":{"@context":"https:\/\/schema.org","@graph":[{"@type":"WebSite","@id":"https:\/\/www.visit-ulcinj.com\/blog\/#website","url":"https:\/\/www.visit-ulcinj.com\/blog\/","name":"Lajme nga Ulqini","description":"Lajme,Vijesti,Ulqini,Ulqin,Crna Gora,Mali i Zi","potentialAction":[{"@type":"SearchAction","target":{"@type":"EntryPoint","urlTemplate":"https:\/\/www.visit-ulcinj.com\/blog\/?s={search_term_string}"},"query-input":"required name=search_term_string"}],"inLanguage":"en-US"},{"@type":"ImageObject","inLanguage":"en-US","@id":"https:\/\/www.visit-ulcinj.com\/blog\/2013\/12\/17\/mladi-snp-ulcinj-konkretni-primjeri-selektivnog-zaposljavanja-u-ulcinju\/#primaryimage","url":"https:\/\/www.visit-ulcinj.com\/blog\/wp-content\/uploads\/2013\/12\/Mladi-SNP-Ulcinj.jpg","contentUrl":"https:\/\/www.visit-ulcinj.com\/blog\/wp-content\/uploads\/2013\/12\/Mladi-SNP-Ulcinj.jpg","width":520,"height":386},{"@type":"WebPage","@id":"https:\/\/www.visit-ulcinj.com\/blog\/2013\/12\/17\/mladi-snp-ulcinj-konkretni-primjeri-selektivnog-zaposljavanja-u-ulcinju\/#webpage","url":"https:\/\/www.visit-ulcinj.com\/blog\/2013\/12\/17\/mladi-snp-ulcinj-konkretni-primjeri-selektivnog-zaposljavanja-u-ulcinju\/","name":"Mladi SNP Ulcinj: Konkretni primjeri selektivnog zaposljavanja u Ulcinju - Lajme nga Ulqini","isPartOf":{"@id":"https:\/\/www.visit-ulcinj.com\/blog\/#website"},"primaryImageOfPage":{"@id":"https:\/\/www.visit-ulcinj.com\/blog\/2013\/12\/17\/mladi-snp-ulcinj-konkretni-primjeri-selektivnog-zaposljavanja-u-ulcinju\/#primaryimage"},"datePublished":"2013-12-17T20:15:25+00:00","dateModified":"2013-12-17T20:15:25+00:00","author":{"@id":"https:\/\/www.visit-ulcinj.com\/blog\/#\/schema\/person\/dcab619c614d3038751c63bc2aadc06d"},"description":"Slu\u010dajevi zloupotrebe polo\u017eaja pri zapo\u0161ljavanju u Ulcinju Nazif Cungu, koji sjedi u stolici predsjednika Op\u0161tine Ulcinj, neargumentovano je reagovao na","breadcrumb":{"@id":"https:\/\/www.visit-ulcinj.com\/blog\/2013\/12\/17\/mladi-snp-ulcinj-konkretni-primjeri-selektivnog-zaposljavanja-u-ulcinju\/#breadcrumb"},"inLanguage":"en-US","potentialAction":[{"@type":"ReadAction","target":["https:\/\/www.visit-ulcinj.com\/blog\/2013\/12\/17\/mladi-snp-ulcinj-konkretni-primjeri-selektivnog-zaposljavanja-u-ulcinju\/"]}]},{"@type":"BreadcrumbList","@id":"https:\/\/www.visit-ulcinj.com\/blog\/2013\/12\/17\/mladi-snp-ulcinj-konkretni-primjeri-selektivnog-zaposljavanja-u-ulcinju\/#breadcrumb","itemListElement":[{"@type":"ListItem","position":1,"name":"Mladi SNP Ulcinj: Konkretni primjeri selektivnog zaposljavanja u Ulcinju"}]},{"@type":"Person","@id":"https:\/\/www.visit-ulcinj.com\/blog\/#\/schema\/person\/dcab619c614d3038751c63bc2aadc06d","name":"ulqini","sameAs":["http:\/\/www.visit-ulcinj.com"],"url":"https:\/\/www.visit-ulcinj.com\/blog\/author\/admin\/"}]}},"jetpack_featured_media_url":"","jetpack_sharing_enabled":true,"jetpack_shortlink":"https:\/\/wp.me\/pe6lTn-k6t","_links":{"self":[{"href":"https:\/\/www.visit-ulcinj.com\/blog\/wp-json\/wp\/v2\/posts\/77281"}],"collection":[{"href":"https:\/\/www.visit-ulcinj.com\/blog\/wp-json\/wp\/v2\/posts"}],"about":[{"href":"https:\/\/www.visit-ulcinj.com\/blog\/wp-json\/wp\/v2\/types\/post"}],"author":[{"embeddable":true,"href":"https:\/\/www.visit-ulcinj.com\/blog\/wp-json\/wp\/v2\/users\/1"}],"replies":[{"embeddable":true,"href":"https:\/\/www.visit-ulcinj.com\/blog\/wp-json\/wp\/v2\/comments?post=77281"}],"version-history":[{"count":1,"href":"https:\/\/www.visit-ulcinj.com\/blog\/wp-json\/wp\/v2\/posts\/77281\/revisions"}],"predecessor-version":[{"id":77283,"href":"https:\/\/www.visit-ulcinj.com\/blog\/wp-json\/wp\/v2\/posts\/77281\/revisions\/77283"}],"wp:attachment":[{"href":"https:\/\/www.visit-ulcinj.com\/blog\/wp-json\/wp\/v2\/media?parent=77281"}],"wp:term":[{"taxonomy":"category","embeddable":true,"href":"https:\/\/www.visit-ulcinj.com\/blog\/wp-json\/wp\/v2\/categories?post=77281"},{"taxonomy":"post_tag","embeddable":true,"href":"https:\/\/www.visit-ulcinj.com\/blog\/wp-json\/wp\/v2\/tags?post=77281"}],"curies":[{"name":"wp","href":"https:\/\/api.w.org\/{rel}","templated":true}]}}