{"id":77288,"date":"2013-12-18T06:44:23","date_gmt":"2013-12-18T05:44:23","guid":{"rendered":"http:\/\/www.visit-ulcinj.com\/blog\/?p=77288"},"modified":"2013-12-18T06:59:10","modified_gmt":"2013-12-18T05:59:10","slug":"nakon-intervencije-milica-35-000-e-uplaceno-za-radnike-centra-za-kulturu","status":"publish","type":"post","link":"https:\/\/www.visit-ulcinj.com\/blog\/2013\/12\/18\/nakon-intervencije-milica-35-000-e-uplaceno-za-radnike-centra-za-kulturu\/","title":{"rendered":"Nakon intervencije Mili\u0107a 35.000 e upla\u0107eno za radnike Centra za kulturu"},"content":{"rendered":"<p><a href=\"http:\/\/www.visit-ulcinj.com\/blog\/wp-content\/uploads\/2013\/12\/Srdjan-Milic-sa-Zaposlenima-Centra-za-kulturu-Ulcinj.jpg\"><img loading=\"lazy\" class=\"alignleft  wp-image-77289\" alt=\"Srdjan-Milic-sa-Zaposlenima Centra za kulturu Ulcinj\" src=\"http:\/\/www.visit-ulcinj.com\/blog\/wp-content\/uploads\/2013\/12\/Srdjan-Milic-sa-Zaposlenima-Centra-za-kulturu-Ulcinj.jpg\" width=\"508\" height=\"360\" \/><\/a>ULCINj &#8211; Zaposlenima Centra za kulturu koji su od 11. decembra u generalnom \u0161trajku, a tri dana su \u0161trajkovali i gla\u0111u, ju\u010de su ispla\u0107ene po tri zaostale zarade. Kako je i najavljeno sredstva je Op\u0161tini Ulcinj iz Egalizacionog fonda uplatilo Ministarstvo finansija nakon razgovora ministra finasija mr Radoja \u017dugi\u0107a i lidera SNP-a Sr\u0111ana Mili\u0107a. Podsjetimo Mili\u0107 je prije dva dana u razgovoru sa radnicima obe\u0107ao da \u0107e razgovarati sa \u017dugi\u0107em, kako bi se na\u0161ao model da im se uplati dio dugovanja i prekine \u0161trajk gla\u0111u, u kolektivu u kojem su dvije tre\u0107ine \u017eene. Radnici su po\u010deli proteste jer im se dugovalo devet zarada, a 39 mjeseci nisu im upla\u0107ivani doprinosi. U sindikalnoj organizaciji tog javnog preduze\u0107a \u201eDanu\u201d su potvrdili su dobili dio zasotalih zarada, ali da uprkos tome nastavljaju \u0161trajk jer im nijesu ispunjeni svi zahtjevi.<\/p>\n<p>&#8211; Upla\u0107ene su nam \u010detiri od \u0161est zaostalih zarada koje smo zahtjevali. Prekinuli smo \u0161trajk gla\u0111u po\u0161tuju\u0107i odluku da dobijemo dio sredstva. S obzirom da smo dobili dvije tre\u0107ine od onoga \u0161to smo tra\u017eili nastavljamo sa protestom i ne\u0107emo odustati &#8211; kazala je predsjednica Sindikata Centra za kulturu Ljiljana Janinovi\u0107 i dodala da \u0161trajka\u010di \u010dekaju povratak predsjednika Op\u0161tine Nazifa Cungua iz Saudijske Arabije, te da \u0107e ponovo poku\u0161ati da razgovaraju sa njim, kako bi eventualno postigli dogovor o isplati ostatka tra\u017eenih sredstava.<\/p>\n<p><strong>M.K.<\/strong><\/p>\n<p><strong>Izvor: DAN<\/strong><\/p>\n","protected":false},"excerpt":{"rendered":"<p>ULCINj &#8211; Zaposlenima Centra za kulturu koji su od 11. decembra u generalnom \u0161trajku, a tri dana su \u0161trajkovali i gla\u0111u, ju\u010de su ispla\u0107ene po tri zaostale zarade. Kako je i najavljeno sredstva je Op\u0161tini Ulcinj iz Egalizacionog fonda uplatilo Ministarstvo finansija nakon razgovora ministra finasija mr Radoja \u017dugi\u0107a i lidera SNP-a Sr\u0111ana Mili\u0107a. Podsjetimo [&hellip;]<\/p>\n","protected":false},"author":1,"featured_media":0,"comment_status":"closed","ping_status":"closed","sticky":false,"template":"","format":"standard","meta":{"spay_email":"","jetpack_publicize_message":"","jetpack_is_tweetstorm":false,"jetpack_publicize_feature_enabled":true},"categories":[6950],"tags":[],"jetpack_publicize_connections":[],"yoast_head":"<!-- This site is optimized with the Yoast SEO plugin v19.1 - https:\/\/yoast.com\/wordpress\/plugins\/seo\/ -->\n<title>Nakon intervencije Mili\u0107a 35.000 e upla\u0107eno za radnike Centra za kulturu - Lajme nga Ulqini<\/title>\n<meta name=\"description\" content=\"ULCINj - Zaposlenima Centra za kulturu koji su od 11. decembra u generalnom \u0161trajku, a tri dana su \u0161trajkovali i gla\u0111u, ju\u010de su ispla\u0107ene po tri zaostale\" \/>\n<meta name=\"robots\" content=\"index, follow, max-snippet:-1, max-image-preview:large, max-video-preview:-1\" \/>\n<link rel=\"canonical\" href=\"https:\/\/www.visit-ulcinj.com\/blog\/2013\/12\/18\/nakon-intervencije-milica-35-000-e-uplaceno-za-radnike-centra-za-kulturu\/\" \/>\n<meta property=\"og:locale\" content=\"en_US\" \/>\n<meta property=\"og:type\" content=\"article\" \/>\n<meta property=\"og:title\" content=\"Nakon intervencije Mili\u0107a 35.000 e upla\u0107eno za radnike Centra za kulturu - Lajme nga Ulqini\" \/>\n<meta property=\"og:description\" content=\"ULCINj - Zaposlenima Centra za kulturu koji su od 11. decembra u generalnom \u0161trajku, a tri dana su \u0161trajkovali i gla\u0111u, ju\u010de su ispla\u0107ene po tri zaostale\" \/>\n<meta property=\"og:url\" content=\"https:\/\/www.visit-ulcinj.com\/blog\/2013\/12\/18\/nakon-intervencije-milica-35-000-e-uplaceno-za-radnike-centra-za-kulturu\/\" \/>\n<meta property=\"og:site_name\" content=\"Lajme nga Ulqini\" \/>\n<meta property=\"article:published_time\" content=\"2013-12-18T05:44:23+00:00\" \/>\n<meta property=\"article:modified_time\" content=\"2013-12-18T05:59:10+00:00\" \/>\n<meta property=\"og:image\" content=\"http:\/\/www.visit-ulcinj.com\/blog\/wp-content\/uploads\/2013\/12\/Srdjan-Milic-sa-Zaposlenima-Centra-za-kulturu-Ulcinj.jpg\" \/>\n<meta name=\"twitter:label1\" content=\"Written by\" \/>\n\t<meta name=\"twitter:data1\" content=\"ulqini\" \/>\n\t<meta name=\"twitter:label2\" content=\"Est. reading time\" \/>\n\t<meta name=\"twitter:data2\" content=\"1 minute\" \/>\n<script type=\"application\/ld+json\" class=\"yoast-schema-graph\">{\"@context\":\"https:\/\/schema.org\",\"@graph\":[{\"@type\":\"WebSite\",\"@id\":\"https:\/\/www.visit-ulcinj.com\/blog\/#website\",\"url\":\"https:\/\/www.visit-ulcinj.com\/blog\/\",\"name\":\"Lajme nga Ulqini\",\"description\":\"Lajme,Vijesti,Ulqini,Ulqin,Crna Gora,Mali i Zi\",\"potentialAction\":[{\"@type\":\"SearchAction\",\"target\":{\"@type\":\"EntryPoint\",\"urlTemplate\":\"https:\/\/www.visit-ulcinj.com\/blog\/?s={search_term_string}\"},\"query-input\":\"required name=search_term_string\"}],\"inLanguage\":\"en-US\"},{\"@type\":\"ImageObject\",\"inLanguage\":\"en-US\",\"@id\":\"https:\/\/www.visit-ulcinj.com\/blog\/2013\/12\/18\/nakon-intervencije-milica-35-000-e-uplaceno-za-radnike-centra-za-kulturu\/#primaryimage\",\"url\":\"https:\/\/www.visit-ulcinj.com\/blog\/wp-content\/uploads\/2013\/12\/Srdjan-Milic-sa-Zaposlenima-Centra-za-kulturu-Ulcinj.jpg\",\"contentUrl\":\"https:\/\/www.visit-ulcinj.com\/blog\/wp-content\/uploads\/2013\/12\/Srdjan-Milic-sa-Zaposlenima-Centra-za-kulturu-Ulcinj.jpg\",\"width\":960,\"height\":720},{\"@type\":\"WebPage\",\"@id\":\"https:\/\/www.visit-ulcinj.com\/blog\/2013\/12\/18\/nakon-intervencije-milica-35-000-e-uplaceno-za-radnike-centra-za-kulturu\/#webpage\",\"url\":\"https:\/\/www.visit-ulcinj.com\/blog\/2013\/12\/18\/nakon-intervencije-milica-35-000-e-uplaceno-za-radnike-centra-za-kulturu\/\",\"name\":\"Nakon intervencije Mili\u0107a 35.000 e upla\u0107eno za radnike Centra za kulturu - Lajme nga Ulqini\",\"isPartOf\":{\"@id\":\"https:\/\/www.visit-ulcinj.com\/blog\/#website\"},\"primaryImageOfPage\":{\"@id\":\"https:\/\/www.visit-ulcinj.com\/blog\/2013\/12\/18\/nakon-intervencije-milica-35-000-e-uplaceno-za-radnike-centra-za-kulturu\/#primaryimage\"},\"datePublished\":\"2013-12-18T05:44:23+00:00\",\"dateModified\":\"2013-12-18T05:59:10+00:00\",\"author\":{\"@id\":\"https:\/\/www.visit-ulcinj.com\/blog\/#\/schema\/person\/dcab619c614d3038751c63bc2aadc06d\"},\"description\":\"ULCINj - Zaposlenima Centra za kulturu koji su od 11. decembra u generalnom \u0161trajku, a tri dana su \u0161trajkovali i gla\u0111u, ju\u010de su ispla\u0107ene po tri zaostale\",\"breadcrumb\":{\"@id\":\"https:\/\/www.visit-ulcinj.com\/blog\/2013\/12\/18\/nakon-intervencije-milica-35-000-e-uplaceno-za-radnike-centra-za-kulturu\/#breadcrumb\"},\"inLanguage\":\"en-US\",\"potentialAction\":[{\"@type\":\"ReadAction\",\"target\":[\"https:\/\/www.visit-ulcinj.com\/blog\/2013\/12\/18\/nakon-intervencije-milica-35-000-e-uplaceno-za-radnike-centra-za-kulturu\/\"]}]},{\"@type\":\"BreadcrumbList\",\"@id\":\"https:\/\/www.visit-ulcinj.com\/blog\/2013\/12\/18\/nakon-intervencije-milica-35-000-e-uplaceno-za-radnike-centra-za-kulturu\/#breadcrumb\",\"itemListElement\":[{\"@type\":\"ListItem\",\"position\":1,\"name\":\"Nakon intervencije Mili\u0107a 35.000 e upla\u0107eno za radnike Centra za kulturu\"}]},{\"@type\":\"Person\",\"@id\":\"https:\/\/www.visit-ulcinj.com\/blog\/#\/schema\/person\/dcab619c614d3038751c63bc2aadc06d\",\"name\":\"ulqini\",\"sameAs\":[\"http:\/\/www.visit-ulcinj.com\"],\"url\":\"https:\/\/www.visit-ulcinj.com\/blog\/author\/admin\/\"}]}<\/script>\n<!-- \/ Yoast SEO plugin. -->","yoast_head_json":{"title":"Nakon intervencije Mili\u0107a 35.000 e upla\u0107eno za radnike Centra za kulturu - Lajme nga Ulqini","description":"ULCINj - Zaposlenima Centra za kulturu koji su od 11. decembra u generalnom \u0161trajku, a tri dana su \u0161trajkovali i gla\u0111u, ju\u010de su ispla\u0107ene po tri zaostale","robots":{"index":"index","follow":"follow","max-snippet":"max-snippet:-1","max-image-preview":"max-image-preview:large","max-video-preview":"max-video-preview:-1"},"canonical":"https:\/\/www.visit-ulcinj.com\/blog\/2013\/12\/18\/nakon-intervencije-milica-35-000-e-uplaceno-za-radnike-centra-za-kulturu\/","og_locale":"en_US","og_type":"article","og_title":"Nakon intervencije Mili\u0107a 35.000 e upla\u0107eno za radnike Centra za kulturu - Lajme nga Ulqini","og_description":"ULCINj - Zaposlenima Centra za kulturu koji su od 11. decembra u generalnom \u0161trajku, a tri dana su \u0161trajkovali i gla\u0111u, ju\u010de su ispla\u0107ene po tri zaostale","og_url":"https:\/\/www.visit-ulcinj.com\/blog\/2013\/12\/18\/nakon-intervencije-milica-35-000-e-uplaceno-za-radnike-centra-za-kulturu\/","og_site_name":"Lajme nga Ulqini","article_published_time":"2013-12-18T05:44:23+00:00","article_modified_time":"2013-12-18T05:59:10+00:00","og_image":[{"url":"http:\/\/www.visit-ulcinj.com\/blog\/wp-content\/uploads\/2013\/12\/Srdjan-Milic-sa-Zaposlenima-Centra-za-kulturu-Ulcinj.jpg"}],"twitter_misc":{"Written by":"ulqini","Est. reading time":"1 minute"},"schema":{"@context":"https:\/\/schema.org","@graph":[{"@type":"WebSite","@id":"https:\/\/www.visit-ulcinj.com\/blog\/#website","url":"https:\/\/www.visit-ulcinj.com\/blog\/","name":"Lajme nga Ulqini","description":"Lajme,Vijesti,Ulqini,Ulqin,Crna Gora,Mali i Zi","potentialAction":[{"@type":"SearchAction","target":{"@type":"EntryPoint","urlTemplate":"https:\/\/www.visit-ulcinj.com\/blog\/?s={search_term_string}"},"query-input":"required name=search_term_string"}],"inLanguage":"en-US"},{"@type":"ImageObject","inLanguage":"en-US","@id":"https:\/\/www.visit-ulcinj.com\/blog\/2013\/12\/18\/nakon-intervencije-milica-35-000-e-uplaceno-za-radnike-centra-za-kulturu\/#primaryimage","url":"https:\/\/www.visit-ulcinj.com\/blog\/wp-content\/uploads\/2013\/12\/Srdjan-Milic-sa-Zaposlenima-Centra-za-kulturu-Ulcinj.jpg","contentUrl":"https:\/\/www.visit-ulcinj.com\/blog\/wp-content\/uploads\/2013\/12\/Srdjan-Milic-sa-Zaposlenima-Centra-za-kulturu-Ulcinj.jpg","width":960,"height":720},{"@type":"WebPage","@id":"https:\/\/www.visit-ulcinj.com\/blog\/2013\/12\/18\/nakon-intervencije-milica-35-000-e-uplaceno-za-radnike-centra-za-kulturu\/#webpage","url":"https:\/\/www.visit-ulcinj.com\/blog\/2013\/12\/18\/nakon-intervencije-milica-35-000-e-uplaceno-za-radnike-centra-za-kulturu\/","name":"Nakon intervencije Mili\u0107a 35.000 e upla\u0107eno za radnike Centra za kulturu - Lajme nga Ulqini","isPartOf":{"@id":"https:\/\/www.visit-ulcinj.com\/blog\/#website"},"primaryImageOfPage":{"@id":"https:\/\/www.visit-ulcinj.com\/blog\/2013\/12\/18\/nakon-intervencije-milica-35-000-e-uplaceno-za-radnike-centra-za-kulturu\/#primaryimage"},"datePublished":"2013-12-18T05:44:23+00:00","dateModified":"2013-12-18T05:59:10+00:00","author":{"@id":"https:\/\/www.visit-ulcinj.com\/blog\/#\/schema\/person\/dcab619c614d3038751c63bc2aadc06d"},"description":"ULCINj - Zaposlenima Centra za kulturu koji su od 11. decembra u generalnom \u0161trajku, a tri dana su \u0161trajkovali i gla\u0111u, ju\u010de su ispla\u0107ene po tri zaostale","breadcrumb":{"@id":"https:\/\/www.visit-ulcinj.com\/blog\/2013\/12\/18\/nakon-intervencije-milica-35-000-e-uplaceno-za-radnike-centra-za-kulturu\/#breadcrumb"},"inLanguage":"en-US","potentialAction":[{"@type":"ReadAction","target":["https:\/\/www.visit-ulcinj.com\/blog\/2013\/12\/18\/nakon-intervencije-milica-35-000-e-uplaceno-za-radnike-centra-za-kulturu\/"]}]},{"@type":"BreadcrumbList","@id":"https:\/\/www.visit-ulcinj.com\/blog\/2013\/12\/18\/nakon-intervencije-milica-35-000-e-uplaceno-za-radnike-centra-za-kulturu\/#breadcrumb","itemListElement":[{"@type":"ListItem","position":1,"name":"Nakon intervencije Mili\u0107a 35.000 e upla\u0107eno za radnike Centra za kulturu"}]},{"@type":"Person","@id":"https:\/\/www.visit-ulcinj.com\/blog\/#\/schema\/person\/dcab619c614d3038751c63bc2aadc06d","name":"ulqini","sameAs":["http:\/\/www.visit-ulcinj.com"],"url":"https:\/\/www.visit-ulcinj.com\/blog\/author\/admin\/"}]}},"jetpack_featured_media_url":"","jetpack_sharing_enabled":true,"jetpack_shortlink":"https:\/\/wp.me\/pe6lTn-k6A","_links":{"self":[{"href":"https:\/\/www.visit-ulcinj.com\/blog\/wp-json\/wp\/v2\/posts\/77288"}],"collection":[{"href":"https:\/\/www.visit-ulcinj.com\/blog\/wp-json\/wp\/v2\/posts"}],"about":[{"href":"https:\/\/www.visit-ulcinj.com\/blog\/wp-json\/wp\/v2\/types\/post"}],"author":[{"embeddable":true,"href":"https:\/\/www.visit-ulcinj.com\/blog\/wp-json\/wp\/v2\/users\/1"}],"replies":[{"embeddable":true,"href":"https:\/\/www.visit-ulcinj.com\/blog\/wp-json\/wp\/v2\/comments?post=77288"}],"version-history":[{"count":1,"href":"https:\/\/www.visit-ulcinj.com\/blog\/wp-json\/wp\/v2\/posts\/77288\/revisions"}],"predecessor-version":[{"id":77290,"href":"https:\/\/www.visit-ulcinj.com\/blog\/wp-json\/wp\/v2\/posts\/77288\/revisions\/77290"}],"wp:attachment":[{"href":"https:\/\/www.visit-ulcinj.com\/blog\/wp-json\/wp\/v2\/media?parent=77288"}],"wp:term":[{"taxonomy":"category","embeddable":true,"href":"https:\/\/www.visit-ulcinj.com\/blog\/wp-json\/wp\/v2\/categories?post=77288"},{"taxonomy":"post_tag","embeddable":true,"href":"https:\/\/www.visit-ulcinj.com\/blog\/wp-json\/wp\/v2\/tags?post=77288"}],"curies":[{"name":"wp","href":"https:\/\/api.w.org\/{rel}","templated":true}]}}