{"id":7729,"date":"2008-12-27T14:45:47","date_gmt":"2008-12-27T13:45:47","guid":{"rendered":"http:\/\/www.visit-ulcinj.com\/blog\/?p=7729"},"modified":"2008-12-27T14:49:58","modified_gmt":"2008-12-27T13:49:58","slug":"politika-shkendija-qe-s%e2%80%99fiket-per-leonoren","status":"publish","type":"post","link":"https:\/\/www.visit-ulcinj.com\/blog\/2008\/12\/27\/politika-shkendija-qe-s%e2%80%99fiket-per-leonoren\/","title":{"rendered":"Politika, shk\u00ebndija q\u00eb s\u2019fiket p\u00ebr Leonor\u00ebn"},"content":{"rendered":"<p><strong><a href=\"http:\/\/www.visit-ulcinj.com\/blog\/wp-content\/uploads\/2008\/12\/leonora-jakupi-7.jpg\" target=\"_self\"><img loading=\"lazy\" class=\"alignleft size-full wp-image-7736\" title=\"leonora-jakupi-7\" src=\"http:\/\/www.visit-ulcinj.com\/blog\/wp-content\/uploads\/2008\/12\/leonora-jakupi-7.jpg\" alt=\"leonora-jakupi-7\" width=\"385\" height=\"243\" \/><\/a>Vajza me flok\u00eb natyrale ngjyr\u00eb lajthi, tri vitet e fundit ka arritur t\u00eb ndryshoj look-un e saj, duke preferuar thuajse \u00e7do vit nuanca e m\u00eb t\u00eb \u00e7elura, sikurse q\u00eb ka ndryshime t\u00eb theksuara edhe n\u00eb \u2018stilin\u2019 e saj dhe n\u00eb k\u00ebng\u00ebt e saja \u2026 Ajo, nuk k\u00ebnaqet t\u00ebr\u00ebsisht me pamjen e saj. K\u00ebt\u00eb e pranon edhe vet: \u201cE din si \u00ebsht\u00eb kjo pun\u00eb, n\u00ebse je njeri publik nuk guxon t\u00eb dal\u00ebsh n\u00eb qytet dosido sepse njer\u00ebzit t\u00eb njohin, dhe kan\u00eb d\u00ebshir\u00eb t\u00eb t\u00eb shohin mir\u00eb, sidomos f\u00ebmij\u00ebt.\u201d, thot\u00eb Leonora duke potencuar se kujdesi p\u00ebr pamjen e jashtme \u00ebsht\u00eb nj\u00eb lloj respekti p\u00ebr publikun, \u201cUn\u00eb t\u00eb dyja pjes\u00ebve ju kushtoj r\u00ebnd\u00ebsi sepse jam njeri publik dhe duke respektuar publikun respektoj edhe veten\u201d.<img loading=\"lazy\" class=\"alignright size-full wp-image-7731\" title=\"leonora-jakupi2\" src=\"http:\/\/www.visit-ulcinj.com\/blog\/wp-content\/uploads\/2008\/12\/leonora-jakupi2.jpg\" alt=\"leonora-jakupi2\" width=\"350\" height=\"275\" \/><br \/>\n<\/strong>Ajo u lind m\u00eb 3 mars 1978 n\u00eb Sk\u00ebnderaj, nd\u00ebrkaq, qysh nga paslufta jeton n\u00eb lagjen \u201cDardania\u2019 n\u00eb Prishtin\u00eb, bashk\u00eb me n\u00ebn\u00ebn, dhe v\u00ebllan\u00eb e saj. Karriera e Leonor\u00ebs ka filluar n\u00eb mosh\u00ebn 15 vje\u00e7are, dhe paraqitja e saj e par\u00eb ka qen\u00eb n\u00eb festivalin \u201cZ\u00ebri i Drenic\u00ebs\u201d, me k\u00ebng\u00ebn \u201cDall\u00ebndyshe bukuroshe\u201d. Nd\u00ebrkaq, k\u00ebnga e saj m\u00eb e dashura p\u00ebr t\u00eb, mbetet k\u00ebnga \u201cA vritet pafaj\u00ebsia\u201d, nj\u00eb k\u00ebng\u00eb t\u00eb cil\u00ebn ia dedikoi babait t\u00eb saj t\u00eb vrar\u00eb, q\u00eb ishte pjes\u00ebtar i U\u00c7K-s\u00eb. Ndryshe, k\u00ebng\u00ebtarja Jakupi prej 7 vitesh radhazi preferon Durr\u00ebsin, vend n\u00eb t\u00eb cilin ka bler\u00eb nj\u00eb sht\u00ebpiz\u00eb, p\u00ebr t\u00eb kaluar pushimet, jo vet\u00ebm n\u00eb stin\u00ebn e ver\u00ebs, por edhe fundjavat e stin\u00ebve tjera. Nd\u00ebrkaq, Leonora Jakupi, akoma \u00ebsht\u00eb \u2018beqaresh\u00eb\u2019, duke mos ngurruar t\u00eb tregoj\u00eb hapur, se \u201cende jam n\u00eb pritje t\u00eb dashuris\u00eb\u201d\u2026<\/p>\n<p><strong>N\u00eb f\u00ebmij\u00ebri keni qen\u00eb nj\u00eb f\u00ebmij\u00eb i llastuar paksa. \u00c7far\u00eb kujtoni nga f\u00ebmij\u00ebria? <\/strong><\/p>\n<p><img loading=\"lazy\" class=\"alignleft size-full wp-image-7730\" title=\"leonora-jakupi11\" src=\"http:\/\/www.visit-ulcinj.com\/blog\/wp-content\/uploads\/2008\/12\/leonora-jakupi11.jpg\" alt=\"leonora-jakupi11\" width=\"350\" height=\"453\" \/>Shum\u00eb\u00e7ka! Kam qen\u00eb f\u00ebmija m\u00eb i madh i prind\u00ebrve t\u00eb mi dhe t\u00eb gjitha d\u00ebshirat m\u2019i kan\u00eb plot\u00ebsuar prind\u00ebrit, sidomos prej babit i cili vazhdimisht m\u00eb ka marr\u00eb me vete n\u00ebp\u00ebr udh\u00ebtimet e tij, qoft\u00eb edhe n\u00eb ato zyrtare. Kam qen\u00eb nj\u00ebra nga nx\u00ebn\u00ebset m\u00eb t\u00eb mira n\u00eb shkoll\u00eb dhe gjithmon\u00eb pjes\u00ebmarr\u00ebse n\u00ebp\u00ebr t\u00eb gjitha aktivitetet. Kam pasur nj\u00eb f\u00ebmij\u00ebri t\u00eb lumtur, nj\u00eb familje t\u00eb sh\u00ebndosh\u00eb. Natyrisht, pastaj prej f\u00ebmij\u00ebris\u00eb kujtoj edhe pjes\u00ebt e k\u00ebqija gjat\u00eb periudh\u00ebs s\u00eb regjimit serb, natyrisht helmimet e nx\u00ebn\u00ebsve, problemet n\u00ebp\u00ebr shkolla, p\u00ebrndjekjet, pastaj zhvendosja nga objektet shkollore nga Skenderaj n\u00eb nj\u00eb fshat e shum\u00eb peripeci tjera.<\/p>\n<p><strong>Si rezultat i f\u00ebmij\u00ebris\u00eb suaj t\u00eb llastuar ta quajm\u00eb, ju keni nj\u00eb shenj\u00eb n\u00eb vetull\u00ebn e djatht\u00eb. Si ndodhi q\u00eb u l\u00ebndove? <img loading=\"lazy\" class=\"alignright size-full wp-image-7732\" title=\"leonora-jakupi3\" src=\"http:\/\/www.visit-ulcinj.com\/blog\/wp-content\/uploads\/2008\/12\/leonora-jakupi3.jpg\" alt=\"leonora-jakupi3\" width=\"350\" height=\"206\" \/><\/strong><\/p>\n<p>Po (qeshet) e kam b\u00ebr\u00eb te daj\u00ebt, duke luajtur me nj\u00ebfar\u00eb guri, mir\u00eb po e mban n\u00eb mend (qeshet).<\/p>\n<p><strong>E p\u00ebrmend\u00ebt m\u00eb lart q\u00eb keni qen\u00eb gjithmon\u00eb aktive n\u00eb fush\u00ebn e artit qysh nga f\u00ebmij\u00ebria. A do t\u00eb thot\u00eb q\u00eb si f\u00ebmij\u00eb ju lindi pasioni p\u00ebr k\u00ebng\u00ebn? <\/strong><\/p>\n<p><img loading=\"lazy\" class=\"alignleft size-full wp-image-7733\" title=\"leonora-jakupi-4\" src=\"http:\/\/www.visit-ulcinj.com\/blog\/wp-content\/uploads\/2008\/12\/leonora-jakupi-4.jpg\" alt=\"leonora-jakupi-4\" width=\"397\" height=\"550\" \/>\u00cbsht\u00eb shum\u00eb e v\u00ebrtet\u00eb, qysh shum\u00eb e vog\u00ebl, ndoshta sa kam filluar t\u00eb eci m\u00eb kujtohet q\u00eb merrja nj\u00eb karrige dhe hipja mbi t\u00eb p\u00ebr t`i emituar k\u00ebng\u00ebtar\u00ebt q\u00eb i shihja n\u00eb televizion. Kam qen\u00eb nj\u00ebfar\u00eb imitatore shum\u00eb e mir\u00eb dhe n\u00eb p\u00ebrgjith\u00ebsi e kam dashur fush\u00ebn e artit. N\u00eb piktur\u00eb kam qen\u00eb e jasht\u00ebzakonshme, mir\u00ebpo meqen\u00ebse un\u00eb k\u00ebndoja vazhdimisht dhe duke par\u00eb talentin tim, prind\u00ebrit m\u00eb kan\u00eb ndihmuar shum\u00eb q\u00eb ta realizoj \u00ebndrr\u00ebn time.<\/p>\n<p><strong>K\u00ebnga \u00ebsht\u00eb art i komunikimit me njer\u00ebz. P\u00ebrse e zgjodh\u00ebt k\u00ebt\u00eb lloj arti?<img loading=\"lazy\" class=\"alignright size-full wp-image-7734\" title=\"leonora-jakupi-5\" src=\"http:\/\/www.visit-ulcinj.com\/blog\/wp-content\/uploads\/2008\/12\/leonora-jakupi-5.jpg\" alt=\"leonora-jakupi-5\" width=\"298\" height=\"450\" \/><\/strong><\/p>\n<p>Me qen\u00eb n\u00eb sken\u00eb, me qen\u00eb af\u00ebr njer\u00ebzve \u00ebsht\u00eb ndjenja m\u00eb e mir\u00eb, vet\u00ebm ai q\u00eb e p\u00ebrjeton di t\u00eb tregoj k\u00ebt\u00eb ndjenj\u00eb. Ka m\u00ebnyra t\u00eb ndryshme t\u00eb komunikimit me njer\u00ebz mir\u00ebpo, meq\u00eb un\u00eb kam zgjedh\u00eb k\u00ebt\u00eb fush\u00eb, jam shum\u00eb e lumtur.<\/p>\n<p><strong>Leonora kan\u00eb kaluar 12 vite q\u00eb kur ju kemi par\u00eb p\u00ebr her\u00eb t\u00eb par\u00eb n\u00eb festivalin e RTVSH-s\u00eb, duke sh\u00ebnuar k\u00ebshtu edhe si fillim i karrier\u00ebs suaj. \u00c7ka konsideroni sukses dhe \u00e7ka d\u00ebshtim gjat\u00eb k\u00ebtij rrug\u00ebtimi 12 vje\u00e7ar n\u00eb sken\u00ebn e muzik\u00ebs? <\/strong><\/p>\n<p>Faktikisht ndoshta po aty edhe sh\u00ebnohet fillimi i karrier\u00ebs sime.<br \/>\nEdhe un\u00eb kam qen\u00eb shum\u00eb e vog\u00ebl, n\u00eb at\u00eb festival ka qen\u00eb hera e par\u00eb. Ndoshta pse ka qen\u00eb festivali i vet\u00ebm n\u00eb trojet shqiptare, duke pasur parasysh n\u00eb \u00e7far\u00eb rrethana dhe kushte jetonim n\u00eb at\u00eb koh\u00eb, ka qen\u00eb mund\u00ebsia e vetme q\u00eb t\u00eb prezantohem n\u00eb at\u00eb festival. Kam marr\u00eb iniciativ\u00ebn natyrisht me p\u00ebrkrahjen e prind\u00ebrve dhe t\u00eb miqve t\u00eb mi, kompozitor\u00ebve Alfred Ka\u00e7inari e shum\u00eb miqve tjer\u00eb q\u00eb kam pasur n\u00eb Shqip\u00ebri, ma kan\u00eb mund\u00ebsuar q\u00eb t\u00eb marr\u00eb pjes\u00eb. N\u00eb at\u00eb festival jam shp\u00ebrblyer edhe me \u00e7mimin \u201cDebutantja m\u00eb e mir\u00eb\u201d dhe ka qen\u00eb nj\u00eb eksperienc\u00eb shum\u00eb e mir\u00eb. D\u00ebshtime nuk kam pasur, sepse n\u00eb sken\u00eb un\u00eb e kam pasur p\u00ebrkrahjen e publikut dhe gjithmon\u00eb prezantimet e mia n\u00ebp\u00ebr koncerte sallat i kam pas plot me njer\u00ebz dhe kjo vet\u00eb konsiderohet si sukses. Absolutisht nuk jam imponuar n\u00eb publik p\u00ebr vet\u00eb faktin se un\u00eb p\u00ebr 12 vite karrier\u00eb kam nxjerr vet\u00ebm pes\u00eb albume.<\/p>\n<p><strong>Nuk ju shohim shpesh n\u00ebp\u00ebr Prishtin\u00eb, a \u00ebsht\u00eb kjo \u00e7\u00ebshtje kohe apo nuk d\u00ebshironi t\u00eb ekspozoheni shum\u00eb p\u00ebr t`i l\u00ebn\u00eb vend suksesit n\u00ebp\u00ebr televizione? <\/strong><\/p>\n<p><img loading=\"lazy\" class=\"alignleft size-full wp-image-7737\" title=\"leonora-jakupi-8\" src=\"http:\/\/www.visit-ulcinj.com\/blog\/wp-content\/uploads\/2008\/12\/leonora-jakupi-8.jpg\" alt=\"leonora-jakupi-8\" width=\"211\" height=\"317\" \/>A din si? Ndoshta edhe nuk kam shum\u00eb koh\u00eb me dal\u00eb shum\u00eb shpesh, mir\u00ebpo un\u00eb edhe nuk kam d\u00ebshir\u00eb t\u00eb ekspozohem shum\u00eb dhe njeriu duhet t`i ket\u00eb ato vendet e tij t\u00eb caktuara ku preferon t\u00eb shkoj\u00eb me shoq\u00ebri, ku me miq, ku me bashk\u00ebpun\u00ebtor\u00eb<\/p>\n<p><strong>Vetur\u00ebn e keni nd\u00ebrruar s\u00eb fundi. Prej nj\u00eb Wolksvagen n\u00eb nj\u00eb BMW t\u00eb tipit X3, a \u00ebsht\u00eb kjo pagesa e nj\u00eb reklame televizive q\u00eb e ke realizuar?<\/strong><\/p>\n<p><strong> <\/strong>Wolksagenin e kam ende. Jo, nuk \u00ebsht\u00eb pagesa e reklam\u00ebs. Faktikisht vetur\u00ebn e re e kam ble n\u00eb koh\u00ebn kur e kam b\u00ebr\u00eb marr\u00ebveshje me kompanin\u00eb p\u00ebr t\u00eb cil\u00ebn e kam b\u00ebr\u00eb reklam\u00ebn. X3-shi \u00ebsht\u00eb nj\u00ebra nga veturat q\u00eb m`ka p\u00eblqye qysh prej fillimi kur ka dal\u00eb n`treg.<\/p>\n<p><strong>Wolksvagenin that\u00eb q\u00eb nuk e keni hequr, pse kjo af\u00ebrsi kaq e madhe e Leonor\u00ebs me k\u00ebt\u00eb vetur\u00eb, a mos \u00ebsht\u00eb ndonj\u00eb dhurat\u00eb speciale nga dikush special? <img loading=\"lazy\" class=\"alignright size-full wp-image-7735\" title=\"leonora-jakupi-6\" src=\"http:\/\/www.visit-ulcinj.com\/blog\/wp-content\/uploads\/2008\/12\/leonora-jakupi-6.jpg\" alt=\"leonora-jakupi-6\" width=\"300\" height=\"450\" \/><\/strong><\/p>\n<p>Jo \u00ebsht\u00eb vetura ime e par\u00eb q\u00eb e kam pas\u00eb dhe e dua shum\u00eb. Shtat\u00eb vite kam q\u00eb e voziti dhe s`besoj q\u00eb do e shes nj\u00ebher\u00eb. Por edhe na duhet ajo vetur\u00eb sepse v\u00ebllai tash \u00ebsht\u00eb n\u00eb studime n\u00eb Shqip\u00ebri dhe po e shfryt\u00ebzon ai.<\/p>\n<p><strong>A ju ka ndodhur ndonj\u00ebher\u00eb t\u00eb refuzosh ndonj\u00eb k\u00ebng\u00eb p\u00ebr shkak se nuk ju ka p\u00ebrshtatur karakterit t\u00ebnd, apo p\u00ebr shkak t\u00eb tekstit a kompozimit? <\/strong><br \/>\nShum\u00eb shpesh. Gati gjithmon\u00eb, un\u00eb mendoj q\u00eb p\u00ebr ta realizuar nj\u00eb album t\u00eb mir\u00eb me tet\u00eb k\u00ebng\u00eb duhet t`i kthesh ose t`i refuzosh diku rreth 30 ose 50 k\u00ebng\u00eb q\u00eb t\u00eb ofrohen. Pastaj edhe kompozitor\u00ebt i kan\u00eb ngat\u00ebrruar ndoshta pak k\u00ebng\u00ebtar\u00ebt, tregun e ku e di un\u00eb. Un\u00eb e kam krijuar emrin vet\u00ebm me origjinalitet, k\u00ebshtu q\u00eb nuk preferoj t\u00eb b\u00ebj di\u00e7ka q\u00eb del jasht\u00eb natyr\u00ebs time.<\/p>\n<p><strong>Fustanet i keni shum\u00eb speciale dhe me sa mbaj mend un\u00eb, asnj\u00ebher\u00eb nuk keni dal\u00eb n\u00eb sken\u00eb me t\u00eb nj\u00ebjtin fustan. A \u00ebsht\u00eb kjo shija juaj personale apo \u00ebsht\u00eb dikush tjet\u00ebr q\u00eb q\u00ebndron prapa k\u00ebsaj pjese t\u00eb suksesit tuaj? <\/strong><\/p>\n<p><img loading=\"lazy\" class=\"alignleft size-full wp-image-7739\" title=\"leonora-jakupi4\" src=\"http:\/\/www.visit-ulcinj.com\/blog\/wp-content\/uploads\/2008\/12\/leonora-jakupi4.jpg\" alt=\"leonora-jakupi4\" width=\"350\" height=\"512\" \/>Mir\u00eb e ke. Kryesisht p\u00ebr t\u00eb gjitha veshjet e mia kam pasur nj\u00ebfar\u00eb bashk\u00ebpunimi me mamin, se si do t\u00eb dal, si do t\u00eb vishem, \u00e7ka \u00ebsht\u00eb m\u00eb interesante e \u00e7ka jo pastaj veshja duhej t`i p\u00ebrshtatej karakterit tim, k\u00ebng\u00ebs gjithsesi. Koh\u00ebn e fundit nj\u00eb merit\u00eb t\u00eb ve\u00e7ant\u00eb e ka edhe dizajneri Valdrini, q\u00eb m`ka ndihmuar me kreacionet e tij.<\/p>\n<p><strong>Sa i kushtoni pamjes tuaj n\u00eb sken\u00eb dhe n\u00eb jet\u00ebn e p\u00ebrditshme, a ka dallim Leonora n\u00eb jet\u00ebn e p\u00ebrditshme nga skena? <\/strong><\/p>\n<p>N\u00eb p\u00ebrgjith\u00ebsi i kushtoj r\u00ebnd\u00ebsi pamjes. E din si \u00ebsht\u00eb kjo pun\u00eb, n\u00ebse je njeri publik nuk guxon t\u00eb dal\u00ebsh n\u00eb qytet dosido, sepse njer\u00ebzit t\u00eb njohin, dhe kan\u00eb d\u00ebshir\u00eb t\u00eb t\u00eb shohin mir\u00eb, sidomos f\u00ebmij\u00ebt. Duke respektuar publikun respektoj edhe veten.<\/p>\n<p><strong>Sipas teje a \u00ebsht\u00eb e nevojshme q\u00eb nj\u00eb k\u00ebng\u00ebtare t\u00eb provokoj\u00eb n\u00eb sken\u00eb, apo nuk mund t\u00eb kuptohet nj\u00eb k\u00ebng\u00ebtare e p\u00eblqyeshme sot pa provokime skenike? <img loading=\"lazy\" class=\"alignright size-full wp-image-7738\" title=\"leonora-jakupi-9\" src=\"http:\/\/www.visit-ulcinj.com\/blog\/wp-content\/uploads\/2008\/12\/leonora-jakupi-9.jpg\" alt=\"leonora-jakupi-9\" width=\"199\" height=\"327\" \/><\/strong><\/p>\n<p>Tash \u00ebsht\u00eb b\u00ebr\u00eb nj\u00ebfar\u00eb trendi me qen\u00eb m\u00eb provokuese n\u00eb sken\u00eb, pastaj t\u00eb b\u00ebsh k\u00ebng\u00eb t\u00eb huazuara, mos me u lodh\u00eb shum\u00eb duke punuar por t`i marr\u00ebsh t\u00eb gatshme. P\u00ebr mendimin tim nuk \u00ebsht\u00eb e nevojshme, \u00ebsht\u00eb e r\u00ebnd\u00ebsishme t\u00eb kesh k\u00ebng\u00eb t\u00eb mira.<\/p>\n<p><strong>Tema e k\u00ebng\u00ebve tuaja gjithmon\u00eb \u00ebsht\u00eb e p\u00ebrkushtuar tek dashuria. Pse? <\/strong><\/p>\n<p>Kjo \u00ebsht\u00eb nj\u00eb pyetje q\u00eb edhe un\u00eb ja kam parashtruar vetes. Ndoshta kishte qen\u00eb mir\u00eb q\u00eb n\u00eb albumin e ardhsh\u00ebm te merrem pak edhe me tema sociale. Kjo ka ndodh\u00eb ndoshta edhe pse un\u00eb kam qen\u00eb nj\u00eb k\u00ebng\u00ebtare e re dhe kam pasur d\u00ebshir\u00eb t`i k\u00ebndoj gjenerat\u00ebs sime. Un\u00eb kam pasur edhe k\u00ebng\u00eb me motive patriotike. K\u00ebshtu q\u00eb ja l\u00ebm\u00eb t\u00eb ardhmes, besoj q\u00eb do t\u00eb merrem m\u00eb shum\u00eb me motive sociale.<\/p>\n<p><strong>N\u00ebp\u00ebr t\u00eb gjitha intervistat q\u00eb keni dh\u00ebn\u00eb deri tash, kur ju kemi pyetur p\u00ebr jet\u00ebn private apo nj\u00eb lidhje t\u00eb mundshme, ju gjithmon\u00eb keni deklaruar se jeni duke e pritur njeriun tuaj t\u00eb zemr\u00ebs. A mos po e tremb Leonor\u00ebn nj\u00eb lidhje q\u00eb do ta \u00e7onte deri n\u00eb martes\u00eb? <\/strong><\/p>\n<p><img loading=\"lazy\" class=\"alignleft size-full wp-image-7740\" title=\"leonora-jakupi-12\" src=\"http:\/\/www.visit-ulcinj.com\/blog\/wp-content\/uploads\/2008\/12\/leonora-jakupi-12.jpg\" alt=\"leonora-jakupi-12\" width=\"398\" height=\"363\" \/>Jo, nuk m\u00eb tremb kjo. Edhepse njeriu duhet me qen\u00eb i p\u00ebrgatitur p\u00ebr t\u00eb hyr\u00eb n\u00eb martes\u00eb, un\u00eb konsideroj q\u00eb akoma nuk jam e p\u00ebrgatitur, kam\u00eb disa tjera pun\u00eb p\u00ebr t\u00eb b\u00ebr\u00eb para se t\u00eb vij\u00eb deri tek martesa. Por, assesi nuk me tremb, sepse \u00ebsht\u00eb nj\u00eb proces q\u00eb duhet t\u00eb vij\u00eb. Kur vjen nuk e di.<\/p>\n<p><strong>Kur dashuron Leonora?<img loading=\"lazy\" class=\"alignright size-full wp-image-7741\" title=\"leonora-jakupi-13\" src=\"http:\/\/www.visit-ulcinj.com\/blog\/wp-content\/uploads\/2008\/12\/leonora-jakupi-13.jpg\" alt=\"leonora-jakupi-13\" width=\"336\" height=\"385\" \/><\/strong><\/p>\n<p>Familjen time e dua m\u00eb s\u00eb shumti n\u00eb bot\u00eb, sidomos mamin. Por n\u00eb at\u00eb aspektin q\u00eb po pyesni ju, kur t\u00eb dashuroj kam me t`tregu sinqerisht.<\/p>\n<p><strong>A keni t\u00eb dashur? <\/strong><\/p>\n<p>Leonora: Jo.<\/p>\n<p><strong>Kujt i keni th\u00ebn\u00eb p\u00ebr her\u00eb t\u00eb fundit t\u00eb dua?<\/strong><\/p>\n<p>Mbes\u00ebs sime t\u00eb vog\u00ebl q\u00eb mezi po pres t\u00eb vij\u00eb n\u00eb k\u00ebt\u00eb bot\u00eb.<\/p>\n<p><strong>\u00c7far\u00eb jeni n\u00eb gjendje t\u00eb b\u00ebni p\u00ebr dashurin\u00eb? <\/strong><\/p>\n<p>Ndoshta shum\u00eb\u00e7ka, ndoshta asgj\u00eb. Varet.<\/p>\n<p><strong>Cila \u00ebsht\u00eb pjesa e trupit t\u00eb nj\u00eb mashkulli q\u00eb do t`ju kishte p\u00eblqyer?<\/strong><\/p>\n<p>Duart dhe dh\u00ebmb\u00ebt.<\/p>\n<p><strong>Puthja e par\u00eb n\u00ebse t\u00eb kujtohet?<\/strong><\/p>\n<p>Moti, shum\u00eb moti.<\/p>\n<p><strong>Si mund t\u00eb fitohet nj\u00eb mashkull sipas teje Leonora? <img loading=\"lazy\" class=\"alignright size-full wp-image-7743\" title=\"leonora-jakupi-15\" src=\"http:\/\/www.visit-ulcinj.com\/blog\/wp-content\/uploads\/2008\/12\/leonora-jakupi-15.jpg\" alt=\"leonora-jakupi-15\" width=\"300\" height=\"285\" \/><\/strong><\/p>\n<p>Duhesh me qen\u00eb vetvetja, mos t\u00eb ik\u00ebsh nga karakteri yt, t\u00eb jesh natyrale n\u00eb m\u00ebnyr\u00ebn e komunikimit. Nuk ka ndonj\u00eb filozofi, sepse njer\u00ebzit mendojn\u00eb q\u00eb duhet t\u00eb b\u00ebsh kushedi se \u00e7ka p\u00ebr ta fituar nj\u00eb mashkull. Gj\u00ebrat duhet t\u00eb rrjedhin natyrsh\u00ebm dhe n\u00ebse ve\u00e7 e gjen nj\u00eb gjuh\u00eb t\u00eb p\u00ebrbashk\u00ebt, me siguri se do ta fitosh.<br \/>\n<strong>Lista e kritereve tuaja p\u00ebr nj\u00eb mashkull?<\/strong><\/p>\n<p>Jo, nuk ta tregoj sepse mi vjedh mandej (qeshet).<\/p>\n<p><strong>Po CD-t\u00eb q\u00eb i d\u00ebgjoni m\u00eb s\u00eb shpeshti n\u00eb makin\u00eb? <\/strong><\/p>\n<p>Duhet t\u00eb mendoj cilat i kam n\u00eb makin\u00eb tash. E di q\u00eb i kam dy CD q\u00eb nuk i kam hequr me vite nga vetura, \u00ebsht\u00eb Celine Dion dhe Mariah Carey dhe i d\u00ebgjoj vazhdimisht. P\u00ebrndryshe cd-t\u00eb e Sabri Fejzullahut, i kam gjithmon\u00eb n\u00eb vetur\u00eb, Sinan Vllasaliun patjet\u00ebr.<\/p>\n<p><strong>A k\u00ebndon n\u00eb dush? <img loading=\"lazy\" class=\"size-full wp-image-7746 alignleft\" title=\"leonora-jakupi16\" src=\"http:\/\/www.visit-ulcinj.com\/blog\/wp-content\/uploads\/2008\/12\/leonora-jakupi16.jpg\" alt=\"leonora-jakupi16\" width=\"180\" height=\"255\" \/><\/strong><\/p>\n<p>Rrall\u00eb shum\u00eb rrall\u00eb, sepse kur jam n\u00eb dush jam e preokupuar me di\u00e7ka tjet\u00ebr (qeshet).<\/p>\n<p><strong>A jeni nga ata persona q\u00eb flet vet\u00ebm nj\u00ebher\u00eb, apo mund t\u00eb negociohet me ju? <\/strong><\/p>\n<p>Varet p\u00ebr \u00e7ka. Jam shum\u00eb e vendosur, i kam kriteret e mia p\u00ebr pun\u00ebn q\u00eb b\u00ebj dhe jam strikte n\u00eb at\u00eb q\u00eb flas. Por edhe mund t\u00eb negociohet.<\/p>\n<p><strong>Nj\u00eb d\u00ebshir\u00eb e jotja, qoft\u00eb edhe joreale q\u00eb do t\u00eb doje shum\u00eb ta realizoje, p\u00ebrpara se t\u00eb iknin vitet?<\/strong><\/p>\n<p>D\u00ebshirat q\u00eb i kam pasur i kam realizuar edhepse njeriu nuk ngopet asnj\u00ebher\u00eb me d\u00ebshira, gjithmon\u00eb lind nj\u00eb d\u00ebshir\u00eb e re. Kisha pas d\u00ebshir\u00eb me qen\u00eb me familje, me nj\u00eb familje t\u00eb sh\u00ebndosh\u00eb, f\u00ebmij\u00ebt e mi, kjo \u00ebsht\u00eb e t\u00ebra.<\/p>\n<p><strong>A e shikoni karrier\u00ebn si nj\u00eb mund\u00ebsi t\u00eb mir\u00eb p\u00ebr t\u00eb qen\u00eb e lumtur<img loading=\"lazy\" class=\"alignright size-full wp-image-7747\" title=\"leonora-jakupi17\" src=\"http:\/\/www.visit-ulcinj.com\/blog\/wp-content\/uploads\/2008\/12\/leonora-jakupi17.jpg\" alt=\"leonora-jakupi17\" width=\"358\" height=\"399\" \/> apo mendoni se karriera ndonj\u00ebher\u00eb t\u00eb b\u00ebn t\u00eb ndjehesh e vetmuar?<\/strong><\/p>\n<p><strong> <\/strong>T\u00eb jesh person publik natyrisht q\u00eb privohesh nga shum\u00eb gj\u00ebra, k\u00ebshtu q\u00eb njeriu vet e b\u00ebn vet\u00ebn t\u00eb lumtur. Askush nuk ta ofron nj\u00eb lumturi n\u00ebse nuk punon p\u00ebr ta arritur. Mir\u00ebpo njeriu mundet me qen\u00eb me pak i lumtur, nuk \u00ebsht\u00eb karriera ajo q\u00eb t\u00eb b\u00ebn t\u00eb lumtur, jan\u00eb njer\u00ebzit, miqt\u00eb, udh\u00ebtimet. Karriera edhe t\u00eb privon nga lumturia shpeshher\u00eb.<\/p>\n<p><strong>N\u00ebse do t\u00eb kishit z\u00eb dhe nuk do t\u00eb mund t\u00eb ishit k\u00ebng\u00ebtare, \u00e7far\u00eb do t\u00eb ishit? <\/strong><\/p>\n<p>Do t\u00eb isha marr\u00eb prap\u00eb me art, edhe pse koh\u00ebve t\u00eb fundit po m\u00eb p\u00eblqen politika. Thash edhe n\u00eb fillim q\u00eb kam pikturuar shum\u00eb mir\u00eb dhe vazhdoj ende kur gjej koh\u00eb t\u00eb lir\u00eb. K\u00ebshtu q\u00eb me siguri do t\u00eb kisha qen\u00eb piktore.<\/p>\n<p><strong>&#8230; a \u00ebsht\u00eb ky nj\u00eb sinjal q\u00eb n\u00eb t\u00eb ardhmen do t`ju kemi n\u00eb politik\u00eb? <\/strong><br \/>\nNdoshta, kur t`i b\u00ebj edhe do vite, at\u00ebher\u00eb kur z\u00ebri fillon t\u00eb me lej dhe s`mund t\u00eb jem aktive n\u00eb sken\u00eb.<\/p>\n<p><strong><img loading=\"lazy\" class=\"alignleft size-full wp-image-7748\" title=\"leonora-jakupi18\" src=\"http:\/\/www.visit-ulcinj.com\/blog\/wp-content\/uploads\/2008\/12\/leonora-jakupi18.gif\" alt=\"leonora-jakupi18\" width=\"267\" height=\"370\" \/>A mendoni se muzika \u00ebsht\u00eb nj\u00eb bazament i mir\u00eb p\u00ebr nj\u00eb politikane t\u00eb ardhshme?<\/strong><\/p>\n<p>Pse jo, mund t\u00eb jet\u00eb. Jan\u00eb dy fusha krejt ndryshe nj\u00ebra me tjetr\u00ebn. Mendoj q\u00eb do ta kisha dh\u00ebn\u00eb nj\u00eb kontribut, sepse jam fytyr\u00eb publike, i njoh problemet sociale. T\u00eb jesh personalitet publik dhe af\u00ebr me njer\u00ebzit, e leht\u00ebson k\u00ebt\u00eb pun\u00eb.<\/p>\n<p><strong>\u00c7far\u00eb ju hidh\u00ebron Leonora?<\/strong><\/p>\n<p>N\u00eb koh\u00ebn q\u00eb po jetojm\u00eb m\u00eb preokupon ekonomia dhe kisha pasur d\u00ebshir\u00eb q\u00eb n\u00eb t\u00eb ardhmen, faktikisht gjithmon\u00eb e kam cekur se gjat\u00eb karrier\u00ebs sime do ta formoj nj\u00eb organizat\u00eb humanitare e cila do t\u00eb ishte marr\u00eb me problemet e njer\u00ebzve t\u00eb varf\u00ebr. K\u00ebshtu q\u00eb kjo \u00ebsht\u00eb nj\u00eb \u00ebnd\u00ebrr q\u00eb shpresoj ta realizoj n\u00eb t\u00eb ardhmen.<\/p>\n<p style=\"text-align: center;\">\n<p><strong>Nd\u00ebrkoh\u00eb q\u00eb n\u00ebna juaj i menaxhon parat\u00eb tuaja, n\u00eb nj\u00eb t\u00eb ardhme kur do t\u00eb martoheni a do ta nd\u00ebrroni menaxherin?<\/strong><\/p>\n<p>Jo, asnj\u00ebher\u00eb jo. E marr mamin me vete me siguri (qeshet).<\/p>\n<p><strong>Arbesa Hoxha<br \/>\nVIP Press<\/strong><\/p>\n<p><strong><\/strong><!--YouTube Error: bad URL entered--><strong><br \/>\n<\/strong><\/p>\n","protected":false},"excerpt":{"rendered":"<p>Vajza me flok\u00eb natyrale ngjyr\u00eb lajthi, tri vitet e fundit ka arritur t\u00eb ndryshoj look-un e saj, duke preferuar thuajse \u00e7do vit nuanca e m\u00eb t\u00eb \u00e7elura, sikurse q\u00eb ka ndryshime t\u00eb theksuara edhe n\u00eb \u2018stilin\u2019 e saj dhe n\u00eb k\u00ebng\u00ebt e saja \u2026 Ajo, nuk k\u00ebnaqet t\u00ebr\u00ebsisht me pamjen e saj. K\u00ebt\u00eb e pranon [&hellip;]<\/p>\n","protected":false},"author":1,"featured_media":0,"comment_status":"open","ping_status":"closed","sticky":false,"template":"","format":"standard","meta":{"spay_email":"","jetpack_publicize_message":"","jetpack_is_tweetstorm":false,"jetpack_publicize_feature_enabled":true},"categories":[1],"tags":[5404,49,5051,18,5403],"jetpack_publicize_connections":[],"yoast_head":"<!-- This site is optimized with the Yoast SEO plugin v19.1 - https:\/\/yoast.com\/wordpress\/plugins\/seo\/ -->\n<title>Politika, shk\u00ebndija q\u00eb s\u2019fiket p\u00ebr Leonor\u00ebn - Lajme nga Ulqini<\/title>\n<meta name=\"description\" content=\"Vajza me flok\u00eb natyrale ngjyr\u00eb lajthi, tri vitet e fundit ka arritur t\u00eb ndryshoj look-un e saj, duke preferuar thuajse \u00e7do vit nuanca e m\u00eb t\u00eb \u00e7elura,\" \/>\n<meta name=\"robots\" content=\"index, follow, max-snippet:-1, max-image-preview:large, max-video-preview:-1\" \/>\n<link rel=\"canonical\" href=\"https:\/\/www.visit-ulcinj.com\/blog\/2008\/12\/27\/politika-shkendija-qe-s\u2019fiket-per-leonoren\/\" \/>\n<meta property=\"og:locale\" content=\"en_US\" \/>\n<meta property=\"og:type\" content=\"article\" \/>\n<meta property=\"og:title\" content=\"Politika, shk\u00ebndija q\u00eb s\u2019fiket p\u00ebr Leonor\u00ebn - Lajme nga Ulqini\" \/>\n<meta property=\"og:description\" content=\"Vajza me flok\u00eb natyrale ngjyr\u00eb lajthi, tri vitet e fundit ka arritur t\u00eb ndryshoj look-un e saj, duke preferuar thuajse \u00e7do vit nuanca e m\u00eb t\u00eb \u00e7elura,\" \/>\n<meta property=\"og:url\" content=\"https:\/\/www.visit-ulcinj.com\/blog\/2008\/12\/27\/politika-shkendija-qe-s\u2019fiket-per-leonoren\/\" \/>\n<meta property=\"og:site_name\" content=\"Lajme nga Ulqini\" \/>\n<meta property=\"article:published_time\" content=\"2008-12-27T13:45:47+00:00\" \/>\n<meta property=\"article:modified_time\" content=\"2008-12-27T13:49:58+00:00\" \/>\n<meta property=\"og:image\" content=\"http:\/\/www.visit-ulcinj.com\/blog\/wp-content\/uploads\/2008\/12\/leonora-jakupi-7.jpg\" \/>\n<meta name=\"twitter:label1\" content=\"Written by\" \/>\n\t<meta name=\"twitter:data1\" content=\"ulqini\" \/>\n\t<meta name=\"twitter:label2\" content=\"Est. reading time\" \/>\n\t<meta name=\"twitter:data2\" content=\"13 minutes\" \/>\n<script type=\"application\/ld+json\" class=\"yoast-schema-graph\">{\"@context\":\"https:\/\/schema.org\",\"@graph\":[{\"@type\":\"WebSite\",\"@id\":\"https:\/\/www.visit-ulcinj.com\/blog\/#website\",\"url\":\"https:\/\/www.visit-ulcinj.com\/blog\/\",\"name\":\"Lajme nga Ulqini\",\"description\":\"Lajme,Vijesti,Ulqini,Ulqin,Crna Gora,Mali i Zi\",\"potentialAction\":[{\"@type\":\"SearchAction\",\"target\":{\"@type\":\"EntryPoint\",\"urlTemplate\":\"https:\/\/www.visit-ulcinj.com\/blog\/?s={search_term_string}\"},\"query-input\":\"required name=search_term_string\"}],\"inLanguage\":\"en-US\"},{\"@type\":\"ImageObject\",\"inLanguage\":\"en-US\",\"@id\":\"https:\/\/www.visit-ulcinj.com\/blog\/2008\/12\/27\/politika-shkendija-qe-s%e2%80%99fiket-per-leonoren\/#primaryimage\",\"url\":\"http:\/\/www.visit-ulcinj.com\/blog\/wp-content\/uploads\/2008\/12\/leonora-jakupi-7.jpg\",\"contentUrl\":\"http:\/\/www.visit-ulcinj.com\/blog\/wp-content\/uploads\/2008\/12\/leonora-jakupi-7.jpg\"},{\"@type\":\"WebPage\",\"@id\":\"https:\/\/www.visit-ulcinj.com\/blog\/2008\/12\/27\/politika-shkendija-qe-s%e2%80%99fiket-per-leonoren\/#webpage\",\"url\":\"https:\/\/www.visit-ulcinj.com\/blog\/2008\/12\/27\/politika-shkendija-qe-s%e2%80%99fiket-per-leonoren\/\",\"name\":\"Politika, shk\u00ebndija q\u00eb s\u2019fiket p\u00ebr Leonor\u00ebn - Lajme nga Ulqini\",\"isPartOf\":{\"@id\":\"https:\/\/www.visit-ulcinj.com\/blog\/#website\"},\"primaryImageOfPage\":{\"@id\":\"https:\/\/www.visit-ulcinj.com\/blog\/2008\/12\/27\/politika-shkendija-qe-s%e2%80%99fiket-per-leonoren\/#primaryimage\"},\"datePublished\":\"2008-12-27T13:45:47+00:00\",\"dateModified\":\"2008-12-27T13:49:58+00:00\",\"author\":{\"@id\":\"https:\/\/www.visit-ulcinj.com\/blog\/#\/schema\/person\/dcab619c614d3038751c63bc2aadc06d\"},\"description\":\"Vajza me flok\u00eb natyrale ngjyr\u00eb lajthi, tri vitet e fundit ka arritur t\u00eb ndryshoj look-un e saj, duke preferuar thuajse \u00e7do vit nuanca e m\u00eb t\u00eb \u00e7elura,\",\"breadcrumb\":{\"@id\":\"https:\/\/www.visit-ulcinj.com\/blog\/2008\/12\/27\/politika-shkendija-qe-s%e2%80%99fiket-per-leonoren\/#breadcrumb\"},\"inLanguage\":\"en-US\",\"potentialAction\":[{\"@type\":\"ReadAction\",\"target\":[\"https:\/\/www.visit-ulcinj.com\/blog\/2008\/12\/27\/politika-shkendija-qe-s%e2%80%99fiket-per-leonoren\/\"]}]},{\"@type\":\"BreadcrumbList\",\"@id\":\"https:\/\/www.visit-ulcinj.com\/blog\/2008\/12\/27\/politika-shkendija-qe-s%e2%80%99fiket-per-leonoren\/#breadcrumb\",\"itemListElement\":[{\"@type\":\"ListItem\",\"position\":1,\"name\":\"Politika, shk\u00ebndija q\u00eb s\u2019fiket p\u00ebr Leonor\u00ebn\"}]},{\"@type\":\"Person\",\"@id\":\"https:\/\/www.visit-ulcinj.com\/blog\/#\/schema\/person\/dcab619c614d3038751c63bc2aadc06d\",\"name\":\"ulqini\",\"sameAs\":[\"http:\/\/www.visit-ulcinj.com\"],\"url\":\"https:\/\/www.visit-ulcinj.com\/blog\/author\/admin\/\"}]}<\/script>\n<!-- \/ Yoast SEO plugin. -->","yoast_head_json":{"title":"Politika, shk\u00ebndija q\u00eb s\u2019fiket p\u00ebr Leonor\u00ebn - Lajme nga Ulqini","description":"Vajza me flok\u00eb natyrale ngjyr\u00eb lajthi, tri vitet e fundit ka arritur t\u00eb ndryshoj look-un e saj, duke preferuar thuajse \u00e7do vit nuanca e m\u00eb t\u00eb \u00e7elura,","robots":{"index":"index","follow":"follow","max-snippet":"max-snippet:-1","max-image-preview":"max-image-preview:large","max-video-preview":"max-video-preview:-1"},"canonical":"https:\/\/www.visit-ulcinj.com\/blog\/2008\/12\/27\/politika-shkendija-qe-s\u2019fiket-per-leonoren\/","og_locale":"en_US","og_type":"article","og_title":"Politika, shk\u00ebndija q\u00eb s\u2019fiket p\u00ebr Leonor\u00ebn - Lajme nga Ulqini","og_description":"Vajza me flok\u00eb natyrale ngjyr\u00eb lajthi, tri vitet e fundit ka arritur t\u00eb ndryshoj look-un e saj, duke preferuar thuajse \u00e7do vit nuanca e m\u00eb t\u00eb \u00e7elura,","og_url":"https:\/\/www.visit-ulcinj.com\/blog\/2008\/12\/27\/politika-shkendija-qe-s\u2019fiket-per-leonoren\/","og_site_name":"Lajme nga Ulqini","article_published_time":"2008-12-27T13:45:47+00:00","article_modified_time":"2008-12-27T13:49:58+00:00","og_image":[{"url":"http:\/\/www.visit-ulcinj.com\/blog\/wp-content\/uploads\/2008\/12\/leonora-jakupi-7.jpg"}],"twitter_misc":{"Written by":"ulqini","Est. reading time":"13 minutes"},"schema":{"@context":"https:\/\/schema.org","@graph":[{"@type":"WebSite","@id":"https:\/\/www.visit-ulcinj.com\/blog\/#website","url":"https:\/\/www.visit-ulcinj.com\/blog\/","name":"Lajme nga Ulqini","description":"Lajme,Vijesti,Ulqini,Ulqin,Crna Gora,Mali i Zi","potentialAction":[{"@type":"SearchAction","target":{"@type":"EntryPoint","urlTemplate":"https:\/\/www.visit-ulcinj.com\/blog\/?s={search_term_string}"},"query-input":"required name=search_term_string"}],"inLanguage":"en-US"},{"@type":"ImageObject","inLanguage":"en-US","@id":"https:\/\/www.visit-ulcinj.com\/blog\/2008\/12\/27\/politika-shkendija-qe-s%e2%80%99fiket-per-leonoren\/#primaryimage","url":"http:\/\/www.visit-ulcinj.com\/blog\/wp-content\/uploads\/2008\/12\/leonora-jakupi-7.jpg","contentUrl":"http:\/\/www.visit-ulcinj.com\/blog\/wp-content\/uploads\/2008\/12\/leonora-jakupi-7.jpg"},{"@type":"WebPage","@id":"https:\/\/www.visit-ulcinj.com\/blog\/2008\/12\/27\/politika-shkendija-qe-s%e2%80%99fiket-per-leonoren\/#webpage","url":"https:\/\/www.visit-ulcinj.com\/blog\/2008\/12\/27\/politika-shkendija-qe-s%e2%80%99fiket-per-leonoren\/","name":"Politika, shk\u00ebndija q\u00eb s\u2019fiket p\u00ebr Leonor\u00ebn - Lajme nga Ulqini","isPartOf":{"@id":"https:\/\/www.visit-ulcinj.com\/blog\/#website"},"primaryImageOfPage":{"@id":"https:\/\/www.visit-ulcinj.com\/blog\/2008\/12\/27\/politika-shkendija-qe-s%e2%80%99fiket-per-leonoren\/#primaryimage"},"datePublished":"2008-12-27T13:45:47+00:00","dateModified":"2008-12-27T13:49:58+00:00","author":{"@id":"https:\/\/www.visit-ulcinj.com\/blog\/#\/schema\/person\/dcab619c614d3038751c63bc2aadc06d"},"description":"Vajza me flok\u00eb natyrale ngjyr\u00eb lajthi, tri vitet e fundit ka arritur t\u00eb ndryshoj look-un e saj, duke preferuar thuajse \u00e7do vit nuanca e m\u00eb t\u00eb \u00e7elura,","breadcrumb":{"@id":"https:\/\/www.visit-ulcinj.com\/blog\/2008\/12\/27\/politika-shkendija-qe-s%e2%80%99fiket-per-leonoren\/#breadcrumb"},"inLanguage":"en-US","potentialAction":[{"@type":"ReadAction","target":["https:\/\/www.visit-ulcinj.com\/blog\/2008\/12\/27\/politika-shkendija-qe-s%e2%80%99fiket-per-leonoren\/"]}]},{"@type":"BreadcrumbList","@id":"https:\/\/www.visit-ulcinj.com\/blog\/2008\/12\/27\/politika-shkendija-qe-s%e2%80%99fiket-per-leonoren\/#breadcrumb","itemListElement":[{"@type":"ListItem","position":1,"name":"Politika, shk\u00ebndija q\u00eb s\u2019fiket p\u00ebr Leonor\u00ebn"}]},{"@type":"Person","@id":"https:\/\/www.visit-ulcinj.com\/blog\/#\/schema\/person\/dcab619c614d3038751c63bc2aadc06d","name":"ulqini","sameAs":["http:\/\/www.visit-ulcinj.com"],"url":"https:\/\/www.visit-ulcinj.com\/blog\/author\/admin\/"}]}},"jetpack_featured_media_url":"","jetpack_sharing_enabled":true,"jetpack_shortlink":"https:\/\/wp.me\/pe6lTn-20F","_links":{"self":[{"href":"https:\/\/www.visit-ulcinj.com\/blog\/wp-json\/wp\/v2\/posts\/7729"}],"collection":[{"href":"https:\/\/www.visit-ulcinj.com\/blog\/wp-json\/wp\/v2\/posts"}],"about":[{"href":"https:\/\/www.visit-ulcinj.com\/blog\/wp-json\/wp\/v2\/types\/post"}],"author":[{"embeddable":true,"href":"https:\/\/www.visit-ulcinj.com\/blog\/wp-json\/wp\/v2\/users\/1"}],"replies":[{"embeddable":true,"href":"https:\/\/www.visit-ulcinj.com\/blog\/wp-json\/wp\/v2\/comments?post=7729"}],"version-history":[{"count":0,"href":"https:\/\/www.visit-ulcinj.com\/blog\/wp-json\/wp\/v2\/posts\/7729\/revisions"}],"wp:attachment":[{"href":"https:\/\/www.visit-ulcinj.com\/blog\/wp-json\/wp\/v2\/media?parent=7729"}],"wp:term":[{"taxonomy":"category","embeddable":true,"href":"https:\/\/www.visit-ulcinj.com\/blog\/wp-json\/wp\/v2\/categories?post=7729"},{"taxonomy":"post_tag","embeddable":true,"href":"https:\/\/www.visit-ulcinj.com\/blog\/wp-json\/wp\/v2\/tags?post=7729"}],"curies":[{"name":"wp","href":"https:\/\/api.w.org\/{rel}","templated":true}]}}