{"id":77294,"date":"2013-12-18T07:57:07","date_gmt":"2013-12-18T06:57:07","guid":{"rendered":"http:\/\/www.visit-ulcinj.com\/blog\/?p=77294"},"modified":"2013-12-18T08:00:26","modified_gmt":"2013-12-18T07:00:26","slug":"nuk-jane-shqiptare-por-kendojne-shqip-mire-se-ne-video","status":"publish","type":"post","link":"https:\/\/www.visit-ulcinj.com\/blog\/2013\/12\/18\/nuk-jane-shqiptare-por-kendojne-shqip-mire-se-ne-video\/","title":{"rendered":"Nuk jan\u00eb shqiptar\u00eb, por k\u00ebndojn\u00eb shqip m\u00eb mir\u00eb se ne! &#8211; Video"},"content":{"rendered":"<p><em><strong>Mjeshtri i fizarmonik\u00ebs Raif Hyseni tregon p\u00ebr amerikan\u00ebt e apasionuar pas muzik\u00ebs dhe k\u00ebng\u00ebs shqiptare<\/strong><\/em><\/p>\n<p><a href=\"http:\/\/www.visit-ulcinj.com\/blog\/wp-content\/uploads\/2013\/12\/Grupi-Amerikan-kendon-shqip.jpg\"><img loading=\"lazy\" class=\"alignleft  wp-image-77295\" alt=\"Grupi-Amerikan-kendon-shqip\" src=\"http:\/\/www.visit-ulcinj.com\/blog\/wp-content\/uploads\/2013\/12\/Grupi-Amerikan-kendon-shqip.jpg\" width=\"508\" height=\"400\" \/><\/a><\/p>\n<p><strong>Nga Ruben Avxhiu<\/strong><\/p>\n<p>N\u00eb nj\u00eb intervist\u00eb p\u00ebr gazetarin Beqir Sina, botuar nga agjensia e lajmeve INA, mjeshtri i fizarmonik\u00ebs Raif Hyseni tregon p\u00ebr grupin e jasht\u00ebzakonsh\u00ebm t\u00eb amerikan\u00ebve t\u00eb apasionuar pas muzik\u00ebs, q\u00eb k\u00ebndojn\u00eb k\u00ebng\u00eb t\u00eb bukura popullore e q\u00eb t\u00eb habisin me m\u00ebnyr\u00ebn se si kan\u00eb p\u00ebrvet\u00ebsuar virtytet e folklorit ton\u00eb komb\u00ebtar.<br \/>\nPak kush ka b\u00ebr\u00eb aq shum\u00eb p\u00ebr prezantimin e muzik\u00ebs dhe folklorit shqiptar n\u00eb SHBA sa Merita Halili dhe Raif Hyseni me orkestr\u00ebn e tij. N\u00eb seminare e festival muzikore, n\u00eb festa multietnike e debate folklorike, dyshja nga trojet shqiptare jo vet\u00ebm q\u00eb ka paraqitur vlerat e muzik\u00ebs son\u00eb, por edhe ka ofruar argument p\u00ebr autencitetin e melodive t\u00eb ndryshme popullore shqiptare autor\u00ebsia e t\u00eb cilave pretendohet edhe nga vendet fqinje.<br \/>\nPo p\u00ebrve\u00e7 prezantimeve t\u00eb shumta vit pas viti n\u00eb ngjarje nd\u00ebrkomb\u00ebtare t\u00eb muzik\u00ebs, spikat \u201cshkolla\u201d e tyre informale e m\u00ebsimit t\u00eb magjis\u00eb s\u00eb muzik\u00ebs shqiptare p\u00ebr t\u00eb huajt e interesuar.<br \/>\nRreth tre mij\u00eb vet\u00eb nga vende t\u00eb ndryshme t\u00eb bot\u00ebs, nga SHBA, Australia, Japoni, etj kan\u00eb provuar deri tani mentorimin e tyre muzikor. Nj\u00eb udh\u00ebtim q\u00eb si\u00e7 thot\u00eb Raifi p\u00ebr gazetarin Sina, filloi me dy student\u00eb t\u00eb vet\u00ebm.<br \/>\n<a href=\"http:\/\/www.visit-ulcinj.com\/blog\/wp-content\/uploads\/2013\/12\/Raif-Hysenis-Albanian-American-Ensemble.jpg\"><img loading=\"lazy\" class=\"alignleft  wp-image-77299\" alt=\"Raif Hyseni's Albanian American Ensemble\" src=\"http:\/\/www.visit-ulcinj.com\/blog\/wp-content\/uploads\/2013\/12\/Raif-Hysenis-Albanian-American-Ensemble.jpg\" width=\"508\" height=\"307\" \/><\/a><\/p>\n<p>Po v\u00ebshtir\u00eb t\u00eb gjesh di\u00e7ka q\u00eb t\u00eb t\u00eb l\u00ebr\u00eb m\u00eb shum\u00eb mbresa se sa grupi i gjer\u00eb muzkor i njer\u00ebzve q\u00eb e vetmja lidhje q\u00eb kan\u00eb me Shqip\u00ebria \u00ebsht\u00eb dashuria e tyre p\u00ebr folklorin e saj. N\u00ebse nuk keni par\u00eb ndonj\u00eb nga videoklipet e tyre n\u00eb internet, mos humbni koh\u00eb p\u00ebr ta b\u00ebr\u00eb (nj\u00eb mund\u00ebsi e keni edhe n\u00eb k\u00ebt\u00eb faqe duke klikuar n\u00eb videon e postuar).<br \/>\nGrupi b\u00ebri buj\u00eb kur u shfaq p\u00ebr t\u00eb k\u00ebnduar n\u00eb festivalin e p\u00ebrvitsh\u00ebm folklorik q\u00eb organizon Kisha Katolike Zoja e Shkodr\u00ebs n\u00eb Ne\u00eb York. E v\u00ebrteta \u00ebsht\u00eb se edhe shum\u00eb shqiptar\u00eb n\u00eb SHBA nuk e din\u00eb p\u00ebr k\u00ebt\u00eb grup e pun\u00ebn e madhe q\u00eb \u00ebsht\u00eb b\u00ebr\u00eb p\u00ebr krjimin e tij.<br \/>\nP\u00ebr m\u00eb shum\u00eb lexoni intervist\u00ebn e botuar nga agjensia INA.<\/p>\n<p><strong>illyriapress<\/strong><\/p>\n<!--YouTube Error: bad URL entered-->\n<p><a href=\"http:\/\/www.visit-ulcinj.com\/blog\/wp-content\/uploads\/2013\/12\/Beqir-Sina.jpg\"><img loading=\"lazy\" class=\"alignleft  wp-image-77296\" alt=\"Beqir Sina\" src=\"http:\/\/www.visit-ulcinj.com\/blog\/wp-content\/uploads\/2013\/12\/Beqir-Sina.jpg\" width=\"508\" height=\"360\" \/><\/a><strong>Beqir Sina<\/strong><\/p>\n<p><strong>INA : Fillimisht nj\u00eb koment lidhur me sminarin folklorik Taxas TIFD-s\u00eb 2013<\/strong><br \/>\nR. Hyseni : Ishte her-a e par\u00eb q\u00eb ne ishim t\u00eb ftuar n\u00eb k\u00ebt\u00eb seminar. Ky seminar (workshop) \u00ebsht\u00eb themeluar n\u00eb vitin 1950, q\u00eb nga ky vit \u00ebsht\u00eb krijuar takimi apo seminari tradicional \u2013 q\u00eb mbahet p\u00ebr \u00e7do vit n\u00eb jav\u00ebn e Falenderimeve (Thanksgiving) t\u00eb \u00e7do muaji N\u00ebndor t\u00eb \u00e7do viti. Ne na shoqeronin edhe dy vall\u00ebtar\u00ebt Amerikan, Steven dhe Susan Kotansky, q\u00eb mbajt\u00ebn leksione p\u00ebr vallet Hungareze dhe ato Shqip\u00ebtare.<\/p>\n<p><strong>INA: Raif \u00e7far\u00eb mund t\u00eb na thoni rreth atij koncertit n\u00eb se do t\u00eb quanim k\u00ebshtu, pra t\u00eb Ansamblit shqiptaro-amerikan n\u00eb Texas Camp TIFD-s\u00eb 2013, t\u00eb udh\u00ebhequr nga ju dhe Merita Halili ?<\/strong><\/p>\n<p>R. Hyseni : N\u00eb Texas na pritnin rreth 80 student, k\u00ebng\u00ebtar, muzikant\u00eb, valltar\u00eb, studiues dhe adhurues t\u00eb muzik\u00ebs Shqip\u00ebtare. Si zakonisht un\u00eb ju m\u00ebsoj pjes\u00ebn instrumentale t\u00eb k\u00ebng\u00ebve dhe valleve dhe e dirigjoj Ansamblin, nd\u00ebrsa Merita ju m\u00ebson k\u00ebng\u00ebt, d.m.th shqiptimin e teksteve, k\u00ebndimin e tyre, dialektin s\u00eb bashku me kuptimin e k\u00ebng\u00ebve t\u00eb p\u00ebrkthyera nga gjuha Shqipe n\u00eb Anglisht, nd\u00ebrsa Steve Kotansky, ju m\u00ebson vallet, nga vijn\u00eb si k\u00ebrcehen, si dhe historikun e tyre.<\/p>\n<p><strong>INA: N\u00eb mos gabohem kjo nuk \u00ebsht\u00eb her-a e par\u00eb q\u00eb ju dhe Merita organizoni ngjarje t\u00eb tilla muzikore me Ansamblin shqiptaro-amerikan n\u00eb Shtetet e Bashkuara t\u00eb Amerik\u00ebs !<\/strong><\/p>\n<p>R. Hyseni : Po! \u00ebsht\u00eb e v\u00ebrtet, jemi n\u00eb vazhd\u00ebn e realizimit t\u00eb nj\u00eb plani gati 20 vje\u00e7ar q\u00eb kemi b\u00ebr\u00eb un\u00eb dhe Merita, dhe juve e dini q\u00eb \u00e7do rrug\u00eb e re, \u00ebsht\u00eb e v\u00ebshtir\u00eb dhe gjithmon\u00eb n\u00eb nd\u00ebrtim, edhe ne jemi n\u00eb nd\u00ebrtim e sip\u00ebr.<\/p>\n<p><strong>INA : P\u00ebr her\u00eb t\u00eb par\u00eb me k\u00ebt\u00eb Ansamb\u00ebl u kemi par\u00eb n\u00eb Festiavlin Folklorik t\u00eb Kish\u00ebs Katolike Zoja e Shkodr\u00ebs, ku ju u prezantuat me nj\u00eb potpuri popullore t\u00eb k\u00ebng\u00ebve \u201c\u201dTi ti ti matan\u00eb, Laje \u2013 Laje kryet si rosa, \u00c7\u00ebsht ma bukur n\u00eb kyt bot, Oh ku po shkon moj rrushja e lal\u00ebs\u201d, dhe p\u00ebrs\u00ebri ju keni zgjedhur nj\u00eb potpuri tjet\u00ebr. P\u00ebrse, k\u00ebto potpuri a mos vall\u00eb \u00ebsht\u00eb me leht\u00eb p\u00ebr t\u2019i m\u00ebsuar nga muzikan\u00ebt Amerikan ?<\/strong><\/p>\n<p>R. Hyseni : M\u00eb vjen shum\u00eb mir\u00eb q\u00eb juve ju ka ra n\u00eb sy kjo dukuri, dhe se juve jeni i pari gazetar q\u00eb i keni dh\u00ebn\u00eb v\u00ebmendje. Ngase koha gjat\u00eb seminarit \u00ebsht\u00eb e shkurt\u00ebr d.m.th nj\u00eb jav\u00eb, n\u00eb punojm\u00eb shum\u00eb q\u00eb t\u00eb nxjerrim n\u00eb pah vlerat e muzik\u00ebs ton\u00eb, shum\u00eb t\u00eb pasur, dhe e shryt\u00ebzojm\u00eb k\u00ebt\u00eb rast n\u00eb maksimum q\u00eb patjet\u00ebr t\u00eb p\u00ebrfshihen t\u00eb gjitha vendet ku Shqip\u00ebtar\u00ebt jetojne sot n\u00eb Ballkan, Shqip\u00ebri, Kosov\u00eb, Maqedoni, Mal t\u00eb Zi, \u00c7am\u00ebri, dhe ky relief edhe gjeografik , po ashtu edhe relief gjeo-muzikor e b\u00ebn shum\u00eb m\u00eb t\u00ebrheq\u00ebs edhe vet studjuesin Amerikan.<\/p>\n<p><strong>INA : Sa e v\u00ebshtir\u00eb \u00ebsht\u00eb t\u00eb krijosh\u00eb nj\u00eb Ansamb\u00ebl shqiptaro-amerikan n\u00eb Amerik\u00eb, me muzikan amerikan ?<\/strong><\/p>\n<p>R. Hyseni : Juve e dini m\u00eb mir\u00eb se un\u00eb q\u00eb asgj\u00eb nuk \u00ebsht\u00eb leht\u00eb, as juve nuk e kishit t\u00eb leht\u00eb t\u2019i b\u00ebni k\u00ebto pyetje, po e marr si shembull. N\u00eb fillim Merita, ka pas vet\u00ebm dy student, un\u00eb asnj\u00eb, pastaj vet\u00ebm me pun\u00eb, sinqeritet, sakrific\u00eb, korrekt\u00ebsi, dhe impenjim arrit\u00ebm q\u00eb t\u2019a b\u00ebjm\u00eb Ansamblin m\u00eb t\u00eb madh n\u00eb krejt Amerik\u00ebn q\u00eb luan muzike Shqip\u00ebtare me 130 an\u00ebtar\u00eb.<\/p>\n<p><strong>INA : Z. Raif, ju jeni krijues dhe udh\u00ebheq\u00ebs artistik i k\u00ebtij grupi. A mund t\u00eb na flisni di\u00e7ka mbi fillimet e k\u00ebtij grupi ? dhe si ju lindi kjo ide ?<\/strong><\/p>\n<p>R. Hyseni : N\u00eb fillim Merita jepte k\u00ebng\u00ebt, nd\u00ebrsa un\u00eb vet\u00ebm fis-harmonik\u00ebn. Me pun\u00ebn q\u00eb b\u00ebm numri i adhuruesve tan\u00eb filloj t\u00eb rritet k\u00ebshtu q\u00eb un\u00eb propozova, q\u00eb t\u00eb jap dy klas\u00eb, at\u00eb t\u00eb fis-harmonik\u00ebs, si dhe klas\u00ebn e Ansamblit. Deri me tani n\u00eb Ansamblin ton\u00eb kan\u00eb m\u00ebsuar rreth 3000 apo m\u00eb shum\u00eb student nga Amerika, Japonia, Australia dhe Europa.<\/p>\n<p><strong>INA : Sa jan\u00eb t\u00eb integruar n\u00eb muzik\u00ebn popullore shqiptare, k\u00ebta muzikan amerikan ?<\/strong><\/p>\n<p>R. Hyseni : Jan\u00eb shum\u00eb. E njofin muzik\u00ebn ton\u00eb, vallet, traditat, kultur\u00ebn, historin\u00eb, mentalitetin, muzik\u00ebn e politik\u00ebn.<\/p>\n<p><strong>INA : A ju p\u00eblqen atyre muzika jon\u00eb popullore ? dhe \u00e7far\u00eb i t\u00ebrheq m\u00eb shum\u00eb ?<\/strong><\/p>\n<p>R. Hyseni : Po, ju pelq\u00ebn shum\u00eb. N\u00eb fakt p\u00eblqejn\u00eb edhe muzik\u00ebn e kombeve tjera n\u00eb Ballkan. Me s\u00eb shumti ju p\u00eblqen origjinaliteti pa marr\u00eb parasysh si nd\u00ebrtim muzikor, krahinor apo regjional. E p\u00eblqejn\u00eb vler\u00ebn, e \u00e7mojn\u00eb vler\u00ebn, e respektojn\u00eb vler\u00ebn, e promovojn\u00eb vler\u00ebn, dhe padyshim q\u00eb e ruajn\u00eb at\u00eb.<\/p>\n<p><strong>INA : \u00c7\u2019far\u00eb mesazhi p\u00ebrcillni me Ansamblin shqiptaro-amerikan n\u00eb k\u00ebto festivale?<\/strong><\/p>\n<p>R. Hyseni : Mesazhi \u00ebsht\u00eb shum\u00eb deminsional. P\u00ebr shembull, pasuria, vlerat, historia, tradita e nj\u00eb kombi t\u00eb lasht\u00eb si\u00e7 jemi ne. P\u00ebr ata q\u00eb mendojn\u00eb q\u00eb muzika popullore, folklorike nuk ka vler\u00eb le t\u00eb marrin m\u00ebsim nga ky Ansamb\u00ebl. N\u00eb Ansamblin ton\u00eb t\u00eb Kalifornis\u00eb, ka luajtur me ne n\u00eb kontrabas edhe ish basisti i Madon\u00ebs, pastaj muzikant t\u00eb njohur t\u00eb jazzit, muzik\u00ebs klasike e t\u00eb lloj lloj zhanr\u00ebve. Mesazhi \u00ebsht\u00eb m\u00eb dom\u00ebth\u00ebn\u00ebs dhe ja rrit vlerat k\u00ebtij Ansambli \u2013 kur vitin e kaluar kishim rreth 12 f\u00ebmij\u00eb Amerikan t\u00eb moshave 5-13 vje\u00e7 q\u00eb k\u00ebndonin Shqip. Do t\u00eb vij\u00eb koha q\u00eb nj\u00eb dit\u00eb Shqip\u00ebtar\u00ebt nga Europa do t\u00eb vijn\u00eb t\u00eb m\u00ebsojn\u00eb muzik\u00ebn e tyre komb\u00ebtare n\u00eb Amerik\u00eb.<\/p>\n<p><strong>INA : N\u00eb t\u00eb dy festivalet, kostumet e Ansamblit jan\u00eb kuq e zi apo edhe me shqiponj\u00ebn dy krenare natyrisht\u00eb q\u00eb \u00ebsht\u00eb shum\u00eb dometh\u00ebn\u00ebse dhe emocionale. Ky \u00ebsht\u00eb edhe mendimi juaj besoj apo jo!<\/strong><\/p>\n<p>R. Hyseni : Po, natyrisht q\u00eb Shqiponja do t\u00eb fluturoj sa t\u00eb doj\u00eb, ku t\u00eb doj, sa her\u00eb t\u00eb doj deri sa t\u00eb ket\u00eb Shqip\u00ebtar n\u00eb k\u00ebt\u00eb planet. Un\u00eb q\u00eb i ri kam pas d\u00ebshir\u00eb t\u2019i tregoj bot\u00ebs q\u00eb ne kemi vlera, por nuk kemi pas mund\u00ebsi t\u2019i shpalosim, promovojm\u00eb, dhe t\u2019i ndajm\u00eb me poupjt e civilizuar p\u00ebr shkaqe politike. Shansi i par\u00eb q\u00eb mu dha un\u00eb s\u00eb bashku me Merit\u00ebn, shok\u00ebt, dhe miqt e mi Amerikan e b\u00ebra k\u00ebt\u00eb \u00ebnd\u00ebrr realitet. N\u00eb bluz\u00ebn me Shqiponj\u00ebn dykrenare, un\u00eb e kam shkruar nj\u00eb th\u00ebnie \u201c Where music starts and never really ends\u201d, \u201c Ku muzika fillon, dhe n\u00eb t\u00eb v\u00ebrtet kurr\u00eb nuk mbaron\u201d Albanian-American Ensemble.<\/p>\n<p><strong>INA : Gjat\u00eb k\u00ebtyre aktiviteteve tuaj n\u00eb SHBA a mund t\u00eb na flisni di\u00e7ka mbi aktivitetet e tjera kryesore ku keni marr\u00eb pjes\u00eb me grupin tuaj artistik dhe a keni marr\u00eb ndonj\u00eb \u00e7mim?<\/strong><\/p>\n<p>R. Hyseni : Ky Ansamb\u00ebl tani p\u00ebr tani ka karakter edukativ, promovues, mir\u00ebpo an\u00ebtar\u00ebt e k\u00ebtij Ansambli marrin pjes\u00eb n\u00eb festivale t\u00eb ndryshme, si dhe p\u00ebrfaq\u00ebsojn\u00eb muzik\u00ebn Shqip\u00ebtare n\u00eb Universitete, Kolegje, dhe festivale t\u00eb ndryshme t\u00eb Amerik\u00ebs.<\/p>\n<p><strong>INA : S\u00eb fundi : Cilat jan\u00eb projektet e Ansamblit shqiptaro amerikan tuaj p\u00ebr t\u00eb ardhmen?<\/strong><\/p>\n<p>R. Hyseni : N\u00eb 20 vitet e ardhshme n\u00eb \u00e7do shtet t\u00eb Amerik\u00ebs t\u00eb ket\u00eb nga nj\u00eb Ansamb\u00ebl Shqip\u00ebtar t\u00eb p\u00ebrb\u00ebr nga muzikan\u00ebt Amerikan\u00eb.<\/p>\n","protected":false},"excerpt":{"rendered":"<p>Mjeshtri i fizarmonik\u00ebs Raif Hyseni tregon p\u00ebr amerikan\u00ebt e apasionuar pas muzik\u00ebs dhe k\u00ebng\u00ebs shqiptare Nga Ruben Avxhiu N\u00eb nj\u00eb intervist\u00eb p\u00ebr gazetarin Beqir Sina, botuar nga agjensia e lajmeve INA, mjeshtri i fizarmonik\u00ebs Raif Hyseni tregon p\u00ebr grupin e jasht\u00ebzakonsh\u00ebm t\u00eb amerikan\u00ebve t\u00eb apasionuar pas muzik\u00ebs, q\u00eb k\u00ebndojn\u00eb k\u00ebng\u00eb t\u00eb bukura popullore e q\u00eb [&hellip;]<\/p>\n","protected":false},"author":1,"featured_media":0,"comment_status":"closed","ping_status":"closed","sticky":false,"template":"","format":"standard","meta":{"spay_email":"","jetpack_publicize_message":"","jetpack_is_tweetstorm":false,"jetpack_publicize_feature_enabled":true},"categories":[4],"tags":[],"jetpack_publicize_connections":[],"yoast_head":"<!-- This site is optimized with the Yoast SEO plugin v19.1 - https:\/\/yoast.com\/wordpress\/plugins\/seo\/ -->\n<title>Nuk jan\u00eb shqiptar\u00eb, por k\u00ebndojn\u00eb shqip m\u00eb mir\u00eb se ne! - Video - Lajme nga Ulqini<\/title>\n<meta name=\"description\" content=\"Mjeshtri i fizarmonik\u00ebs Raif Hyseni tregon p\u00ebr amerikan\u00ebt e apasionuar pas muzik\u00ebs dhe k\u00ebng\u00ebs shqiptare Nga Ruben Avxhiu N\u00eb nj\u00eb intervist\u00eb p\u00ebr gazetarin\" \/>\n<meta name=\"robots\" content=\"index, follow, max-snippet:-1, max-image-preview:large, max-video-preview:-1\" \/>\n<link rel=\"canonical\" href=\"https:\/\/www.visit-ulcinj.com\/blog\/2013\/12\/18\/nuk-jane-shqiptare-por-kendojne-shqip-mire-se-ne-video\/\" \/>\n<meta property=\"og:locale\" content=\"en_US\" \/>\n<meta property=\"og:type\" content=\"article\" \/>\n<meta property=\"og:title\" content=\"Nuk jan\u00eb shqiptar\u00eb, por k\u00ebndojn\u00eb shqip m\u00eb mir\u00eb se ne! - Video - Lajme nga Ulqini\" \/>\n<meta property=\"og:description\" content=\"Mjeshtri i fizarmonik\u00ebs Raif Hyseni tregon p\u00ebr amerikan\u00ebt e apasionuar pas muzik\u00ebs dhe k\u00ebng\u00ebs shqiptare Nga Ruben Avxhiu N\u00eb nj\u00eb intervist\u00eb p\u00ebr gazetarin\" \/>\n<meta property=\"og:url\" content=\"https:\/\/www.visit-ulcinj.com\/blog\/2013\/12\/18\/nuk-jane-shqiptare-por-kendojne-shqip-mire-se-ne-video\/\" \/>\n<meta property=\"og:site_name\" content=\"Lajme nga Ulqini\" \/>\n<meta property=\"article:published_time\" content=\"2013-12-18T06:57:07+00:00\" \/>\n<meta property=\"article:modified_time\" content=\"2013-12-18T07:00:26+00:00\" \/>\n<meta property=\"og:image\" content=\"http:\/\/www.visit-ulcinj.com\/blog\/wp-content\/uploads\/2013\/12\/Grupi-Amerikan-kendon-shqip.jpg\" \/>\n<meta name=\"twitter:label1\" content=\"Written by\" \/>\n\t<meta name=\"twitter:data1\" content=\"ulqini\" \/>\n\t<meta name=\"twitter:label2\" content=\"Est. reading time\" \/>\n\t<meta name=\"twitter:data2\" content=\"8 minutes\" \/>\n<script type=\"application\/ld+json\" class=\"yoast-schema-graph\">{\"@context\":\"https:\/\/schema.org\",\"@graph\":[{\"@type\":\"WebSite\",\"@id\":\"https:\/\/www.visit-ulcinj.com\/blog\/#website\",\"url\":\"https:\/\/www.visit-ulcinj.com\/blog\/\",\"name\":\"Lajme nga Ulqini\",\"description\":\"Lajme,Vijesti,Ulqini,Ulqin,Crna Gora,Mali i Zi\",\"potentialAction\":[{\"@type\":\"SearchAction\",\"target\":{\"@type\":\"EntryPoint\",\"urlTemplate\":\"https:\/\/www.visit-ulcinj.com\/blog\/?s={search_term_string}\"},\"query-input\":\"required name=search_term_string\"}],\"inLanguage\":\"en-US\"},{\"@type\":\"ImageObject\",\"inLanguage\":\"en-US\",\"@id\":\"https:\/\/www.visit-ulcinj.com\/blog\/2013\/12\/18\/nuk-jane-shqiptare-por-kendojne-shqip-mire-se-ne-video\/#primaryimage\",\"url\":\"https:\/\/www.visit-ulcinj.com\/blog\/wp-content\/uploads\/2013\/12\/Grupi-Amerikan-kendon-shqip.jpg\",\"contentUrl\":\"https:\/\/www.visit-ulcinj.com\/blog\/wp-content\/uploads\/2013\/12\/Grupi-Amerikan-kendon-shqip.jpg\",\"width\":640,\"height\":480},{\"@type\":\"WebPage\",\"@id\":\"https:\/\/www.visit-ulcinj.com\/blog\/2013\/12\/18\/nuk-jane-shqiptare-por-kendojne-shqip-mire-se-ne-video\/#webpage\",\"url\":\"https:\/\/www.visit-ulcinj.com\/blog\/2013\/12\/18\/nuk-jane-shqiptare-por-kendojne-shqip-mire-se-ne-video\/\",\"name\":\"Nuk jan\u00eb shqiptar\u00eb, por k\u00ebndojn\u00eb shqip m\u00eb mir\u00eb se ne! - Video - Lajme nga Ulqini\",\"isPartOf\":{\"@id\":\"https:\/\/www.visit-ulcinj.com\/blog\/#website\"},\"primaryImageOfPage\":{\"@id\":\"https:\/\/www.visit-ulcinj.com\/blog\/2013\/12\/18\/nuk-jane-shqiptare-por-kendojne-shqip-mire-se-ne-video\/#primaryimage\"},\"datePublished\":\"2013-12-18T06:57:07+00:00\",\"dateModified\":\"2013-12-18T07:00:26+00:00\",\"author\":{\"@id\":\"https:\/\/www.visit-ulcinj.com\/blog\/#\/schema\/person\/dcab619c614d3038751c63bc2aadc06d\"},\"description\":\"Mjeshtri i fizarmonik\u00ebs Raif Hyseni tregon p\u00ebr amerikan\u00ebt e apasionuar pas muzik\u00ebs dhe k\u00ebng\u00ebs shqiptare Nga Ruben Avxhiu N\u00eb nj\u00eb intervist\u00eb p\u00ebr gazetarin\",\"breadcrumb\":{\"@id\":\"https:\/\/www.visit-ulcinj.com\/blog\/2013\/12\/18\/nuk-jane-shqiptare-por-kendojne-shqip-mire-se-ne-video\/#breadcrumb\"},\"inLanguage\":\"en-US\",\"potentialAction\":[{\"@type\":\"ReadAction\",\"target\":[\"https:\/\/www.visit-ulcinj.com\/blog\/2013\/12\/18\/nuk-jane-shqiptare-por-kendojne-shqip-mire-se-ne-video\/\"]}]},{\"@type\":\"BreadcrumbList\",\"@id\":\"https:\/\/www.visit-ulcinj.com\/blog\/2013\/12\/18\/nuk-jane-shqiptare-por-kendojne-shqip-mire-se-ne-video\/#breadcrumb\",\"itemListElement\":[{\"@type\":\"ListItem\",\"position\":1,\"name\":\"Nuk jan\u00eb shqiptar\u00eb, por k\u00ebndojn\u00eb shqip m\u00eb mir\u00eb se ne! &#8211; Video\"}]},{\"@type\":\"Person\",\"@id\":\"https:\/\/www.visit-ulcinj.com\/blog\/#\/schema\/person\/dcab619c614d3038751c63bc2aadc06d\",\"name\":\"ulqini\",\"sameAs\":[\"http:\/\/www.visit-ulcinj.com\"],\"url\":\"https:\/\/www.visit-ulcinj.com\/blog\/author\/admin\/\"}]}<\/script>\n<!-- \/ Yoast SEO plugin. -->","yoast_head_json":{"title":"Nuk jan\u00eb shqiptar\u00eb, por k\u00ebndojn\u00eb shqip m\u00eb mir\u00eb se ne! - Video - Lajme nga Ulqini","description":"Mjeshtri i fizarmonik\u00ebs Raif Hyseni tregon p\u00ebr amerikan\u00ebt e apasionuar pas muzik\u00ebs dhe k\u00ebng\u00ebs shqiptare Nga Ruben Avxhiu N\u00eb nj\u00eb intervist\u00eb p\u00ebr gazetarin","robots":{"index":"index","follow":"follow","max-snippet":"max-snippet:-1","max-image-preview":"max-image-preview:large","max-video-preview":"max-video-preview:-1"},"canonical":"https:\/\/www.visit-ulcinj.com\/blog\/2013\/12\/18\/nuk-jane-shqiptare-por-kendojne-shqip-mire-se-ne-video\/","og_locale":"en_US","og_type":"article","og_title":"Nuk jan\u00eb shqiptar\u00eb, por k\u00ebndojn\u00eb shqip m\u00eb mir\u00eb se ne! - Video - Lajme nga Ulqini","og_description":"Mjeshtri i fizarmonik\u00ebs Raif Hyseni tregon p\u00ebr amerikan\u00ebt e apasionuar pas muzik\u00ebs dhe k\u00ebng\u00ebs shqiptare Nga Ruben Avxhiu N\u00eb nj\u00eb intervist\u00eb p\u00ebr gazetarin","og_url":"https:\/\/www.visit-ulcinj.com\/blog\/2013\/12\/18\/nuk-jane-shqiptare-por-kendojne-shqip-mire-se-ne-video\/","og_site_name":"Lajme nga Ulqini","article_published_time":"2013-12-18T06:57:07+00:00","article_modified_time":"2013-12-18T07:00:26+00:00","og_image":[{"url":"http:\/\/www.visit-ulcinj.com\/blog\/wp-content\/uploads\/2013\/12\/Grupi-Amerikan-kendon-shqip.jpg"}],"twitter_misc":{"Written by":"ulqini","Est. reading time":"8 minutes"},"schema":{"@context":"https:\/\/schema.org","@graph":[{"@type":"WebSite","@id":"https:\/\/www.visit-ulcinj.com\/blog\/#website","url":"https:\/\/www.visit-ulcinj.com\/blog\/","name":"Lajme nga Ulqini","description":"Lajme,Vijesti,Ulqini,Ulqin,Crna Gora,Mali i Zi","potentialAction":[{"@type":"SearchAction","target":{"@type":"EntryPoint","urlTemplate":"https:\/\/www.visit-ulcinj.com\/blog\/?s={search_term_string}"},"query-input":"required name=search_term_string"}],"inLanguage":"en-US"},{"@type":"ImageObject","inLanguage":"en-US","@id":"https:\/\/www.visit-ulcinj.com\/blog\/2013\/12\/18\/nuk-jane-shqiptare-por-kendojne-shqip-mire-se-ne-video\/#primaryimage","url":"https:\/\/www.visit-ulcinj.com\/blog\/wp-content\/uploads\/2013\/12\/Grupi-Amerikan-kendon-shqip.jpg","contentUrl":"https:\/\/www.visit-ulcinj.com\/blog\/wp-content\/uploads\/2013\/12\/Grupi-Amerikan-kendon-shqip.jpg","width":640,"height":480},{"@type":"WebPage","@id":"https:\/\/www.visit-ulcinj.com\/blog\/2013\/12\/18\/nuk-jane-shqiptare-por-kendojne-shqip-mire-se-ne-video\/#webpage","url":"https:\/\/www.visit-ulcinj.com\/blog\/2013\/12\/18\/nuk-jane-shqiptare-por-kendojne-shqip-mire-se-ne-video\/","name":"Nuk jan\u00eb shqiptar\u00eb, por k\u00ebndojn\u00eb shqip m\u00eb mir\u00eb se ne! - Video - Lajme nga Ulqini","isPartOf":{"@id":"https:\/\/www.visit-ulcinj.com\/blog\/#website"},"primaryImageOfPage":{"@id":"https:\/\/www.visit-ulcinj.com\/blog\/2013\/12\/18\/nuk-jane-shqiptare-por-kendojne-shqip-mire-se-ne-video\/#primaryimage"},"datePublished":"2013-12-18T06:57:07+00:00","dateModified":"2013-12-18T07:00:26+00:00","author":{"@id":"https:\/\/www.visit-ulcinj.com\/blog\/#\/schema\/person\/dcab619c614d3038751c63bc2aadc06d"},"description":"Mjeshtri i fizarmonik\u00ebs Raif Hyseni tregon p\u00ebr amerikan\u00ebt e apasionuar pas muzik\u00ebs dhe k\u00ebng\u00ebs shqiptare Nga Ruben Avxhiu N\u00eb nj\u00eb intervist\u00eb p\u00ebr gazetarin","breadcrumb":{"@id":"https:\/\/www.visit-ulcinj.com\/blog\/2013\/12\/18\/nuk-jane-shqiptare-por-kendojne-shqip-mire-se-ne-video\/#breadcrumb"},"inLanguage":"en-US","potentialAction":[{"@type":"ReadAction","target":["https:\/\/www.visit-ulcinj.com\/blog\/2013\/12\/18\/nuk-jane-shqiptare-por-kendojne-shqip-mire-se-ne-video\/"]}]},{"@type":"BreadcrumbList","@id":"https:\/\/www.visit-ulcinj.com\/blog\/2013\/12\/18\/nuk-jane-shqiptare-por-kendojne-shqip-mire-se-ne-video\/#breadcrumb","itemListElement":[{"@type":"ListItem","position":1,"name":"Nuk jan\u00eb shqiptar\u00eb, por k\u00ebndojn\u00eb shqip m\u00eb mir\u00eb se ne! &#8211; Video"}]},{"@type":"Person","@id":"https:\/\/www.visit-ulcinj.com\/blog\/#\/schema\/person\/dcab619c614d3038751c63bc2aadc06d","name":"ulqini","sameAs":["http:\/\/www.visit-ulcinj.com"],"url":"https:\/\/www.visit-ulcinj.com\/blog\/author\/admin\/"}]}},"jetpack_featured_media_url":"","jetpack_sharing_enabled":true,"jetpack_shortlink":"https:\/\/wp.me\/pe6lTn-k6G","_links":{"self":[{"href":"https:\/\/www.visit-ulcinj.com\/blog\/wp-json\/wp\/v2\/posts\/77294"}],"collection":[{"href":"https:\/\/www.visit-ulcinj.com\/blog\/wp-json\/wp\/v2\/posts"}],"about":[{"href":"https:\/\/www.visit-ulcinj.com\/blog\/wp-json\/wp\/v2\/types\/post"}],"author":[{"embeddable":true,"href":"https:\/\/www.visit-ulcinj.com\/blog\/wp-json\/wp\/v2\/users\/1"}],"replies":[{"embeddable":true,"href":"https:\/\/www.visit-ulcinj.com\/blog\/wp-json\/wp\/v2\/comments?post=77294"}],"version-history":[{"count":3,"href":"https:\/\/www.visit-ulcinj.com\/blog\/wp-json\/wp\/v2\/posts\/77294\/revisions"}],"predecessor-version":[{"id":77300,"href":"https:\/\/www.visit-ulcinj.com\/blog\/wp-json\/wp\/v2\/posts\/77294\/revisions\/77300"}],"wp:attachment":[{"href":"https:\/\/www.visit-ulcinj.com\/blog\/wp-json\/wp\/v2\/media?parent=77294"}],"wp:term":[{"taxonomy":"category","embeddable":true,"href":"https:\/\/www.visit-ulcinj.com\/blog\/wp-json\/wp\/v2\/categories?post=77294"},{"taxonomy":"post_tag","embeddable":true,"href":"https:\/\/www.visit-ulcinj.com\/blog\/wp-json\/wp\/v2\/tags?post=77294"}],"curies":[{"name":"wp","href":"https:\/\/api.w.org\/{rel}","templated":true}]}}