{"id":773,"date":"2008-03-04T13:04:38","date_gmt":"2008-03-04T18:04:38","guid":{"rendered":"http:\/\/www.visit-ulcinj.com\/blog\/2008\/03\/04\/dje-vdiq-ramo-kraja-ne-qendren-klinike-te-beogradit\/"},"modified":"2008-03-11T15:35:28","modified_gmt":"2008-03-11T20:35:28","slug":"dje-vdiq-ramo-kraja-ne-qendren-klinike-te-beogradit","status":"publish","type":"post","link":"https:\/\/www.visit-ulcinj.com\/blog\/2008\/03\/04\/dje-vdiq-ramo-kraja-ne-qendren-klinike-te-beogradit\/","title":{"rendered":"Dje vdiq Ramo Kraja n\u00eb Qendren Klinike t\u00eb Beogradit"},"content":{"rendered":"<p><a href=\"http:\/\/www.visit-ulcinj.com\/blog\/wp-content\/uploads\/2008\/03\/kuranilutja.gif\" rel=\"lightbox[pics-1204652757]\" title=\"Kurani\"><img loading=\"lazy\" src=\"http:\/\/www.visit-ulcinj.com\/blog\/wp-content\/uploads\/2008\/03\/kuranilutja.thumbnail.gif\" alt=\"Kurani\" align=\"left\" height=\"156\" width=\"200\" \/><\/a><strong>Srce nije izdr\u017ealo<\/strong><br \/>\nUlcinj &#8211; Ulcinjanin Ramo Kraja (26) preminuo je ju?e u beogradskom Klini?kom centru od posljedica ranjavanja u tu?i, koja se dogodila sredinom decembra pro\u0161le godine kod kru\u017enog toka u centru Ulcinja.<br \/>\nMladi? je ranjen 17. decembra oko 4.30 ?asova, hicem iz pi\u0161tolja u glavu. Policija sumnja da je hitac ispalio Krajin sugra?anin Ivica Rai?evi? (32), koji se ve? dva dana nalazi u rukama beogradske policije.<br \/>\nTo je &#8220;Vijestima&#8221; potvrdio i njegov branilac Zoran Piperovi?.<br \/>\n&#8211; \u017dao mi je zbog izgubljene mladosti i tragedije porodice. Sa druge strane, uradi?u sve da istina iza?e na vidjelo na sudu &#8211; kazao je Piperovi?.<br \/>\nZbog sumnje da su u?estvovali u tu?i, policija je tada privela Marka Markovi?a, zatim Ivi?inog brata Dragana Rai?evi?a i Vilsona ?okovi?a. Pretpostavlja se da je Rai?evi? automobilom do\u0161ao pred ?evabd\u017einicu &#8220;Unaza&#8221;, gdje su se tukle dvije grupe mladi?a, me?u kojima je bio i njegov brat. On je tada, kako se sumnja, iza\u0161ao iz auta i uletio u gu\u017evu, nekoliko trenutaka kasnije ispalio metak u Kraju i automobilom munjevito pobjegao. Uprkos jakoj policijskoj blokadi svih izlaza iz grada i stalnoj pretrazi terena, Rai?evi? je uspio da umakne i da se sakrije. Dragan Rai?evi? je na saslu\u0161anju pred sudijom, izjavio da je bio prisutan, ali da nije u?estvovao u tu?i niti vidio svog brata Ivicu.<br \/>\nVijest o smrti Kraje, bolno je odjeknula Ulcinjem i njegovom rodnom Pistulom. Oni koji su ga znali ka\u017eu da je bio omiljen u dru\u0161tvu. Za njim tuguju roditelji i dvije sestre, kao i brojna rodbina i prijatelji.<\/p>\n<p>S.A.<br \/>\nwww.vijesti.cg.yu<\/p>\n<p><strong>17 Dec 2007. 08:30<\/strong><\/p>\n<p><strong>Obra?un u centru Ulcinja zavr\u0161en pucnjavom<\/strong><\/p>\n<p>Op\u0161ta tu?a u centru Ulcinja zavr\u0161ila je rano ju?e ranjavanjem mladi?a hicem u glavu.<br \/>\nPodgori?ki mediji danas objavljuju da je Ramo Kraja (26) te\u0161ko ranjen hicem u glavu u tu?i koja se dogodila rano ju?e oko 04.30 ?asova na kru\u017enom toku u centru Ulcinja.<br \/>\nMladi? je hitno preba?en u barsku bolnicu a potom u Klini?ki centar u Podgorici, gdje je odmah operisan, nakon ?ega je priklju?en na aparate za odr\u017eavanje.<br \/>\nIstraga jo\u0161 nije utvrdila ko je ispalio hitac, ali ulcinjska policija je zbog sumnje da su u?estvovali u tu?i privela i zadr\u017eala Marka Markovi?a, Dragana Rai?evi?a, Vilsona ?okovi?a, Marjana Ivezaja i ?oka Pep?onovi?a koji je bio u dru\u0161tvu sa Krajom. Draganov brat, Ivica Rai?evi? (32) nalazi se u bjekstvu.<br \/>\nTu?i je prethodila sva?a dviju grupa momaka u ?evabd\u017einici &#8220;Unaza&#8221; na kru\u017enom toku.<br \/>\nO?evidac doga?aja kazao je da je vidio mladi?e koji su iza\u0161li iz ?evabd\u017einice i odmah po?eli tu?u.<br \/>\n\u2018\u2019Vidio sam kako je jedan momak pao na trotoar i kada su ostali, njih nekolicina po?eli da ga tuku i udaraju. U tom trenutku kolima je stigao jo\u0161 jedan mladi? koji je odmah uletio u gu\u017evu. Tada sam ?uo hitac i vidio kako isti mladi? ulazi u auto i zajedno sa svojim prijateljem odlazi u nepoznatom pravcu\u2019\u2019, ispri?ao je taj svjedok.<br \/>\nIz policije je medijima potvr?eno da je na mjestu sukoba prona?ena jedna ?aura, zasada nepoznate marke pi\u0161tolja.<br \/>\nUvi?aj je izvr\u0161io de\u017eurni istra\u017eni sudija Vi\u0161eg suda u Podgorici Mu\u0161ika Dujovi?, a istraga koja je u toku vjerovatno ?e utvrditi kako je do\u0161lo do sukoba i ko je ispalio hitac.<br \/>\nMediji navode da je vijest o ranjavanju Kraje uznemirila \u017eitelje Ulcinja, koji va\u017ei za jednu od najmirnijih op\u0161tina u Crnoj Gori. Iako se tu?a desila pred vi\u0161e svjedoka, gotovo niko od njih ju?e nije bio spreman da govori o tome.<br \/>\nO te\u0161kom incidentu ju?e su samo svjedo?ile pokidane policijske trake sa uvi?aja i krv na trotoaru.<\/p>\n<p><a href=\"http:\/\/www.cafemontenegro.com\/\" title=\"Ulcinj-ulqini-ulqin,montenegro\" target=\"_blank\">www.cafemontenegro.com<\/a><\/p>\n<p><strong>04 Mar 2008. 08:21<br \/>\nPreminuo od posljedica ranjavanja u tu?i<\/strong><\/p>\n<p>Ulcinjanin Ramo Kraja (26) preminuo je ju?e u beogradskom Klini?kom centru od posljedica ranjavanja u tu?i, koja se dogodila sredinom decembra pro\u0161le godine kod kru\u017enog toka u centru Ulcinja.<br \/>\nMediji prenose da je mladi? ranjen 17. decembra oko 4,30 ?asova, hicem iz pi\u0161tolja u glavu. Policija sumnja da je hitac ispalio Krajin sugra?anin Ivica Rai?evi? (32), koji se ve? dva dana nalazi u rukama beogradske policije.<br \/>\nTo je potvrdio i njegov branilac Zoran Piperovi?.<br \/>\n\u2019\u2019\u017dao mi je zbog izgubljene mladosti i tragedije porodice. Sa druge strane, uradi?u sve da istina iza?e na vidjelo na sudu\u2019\u2019, kazao je Piperovi?.<br \/>\nZbog sumnje da su u?estvovali u tu?i, policija je tada privela Marka Markovi?a, zatim Ivi?inog brata Dragana Rai?evi?a i Vilsona ?okovi?a.<br \/>\nPretpostavlja se da je Rai?evi? automobilom do\u0161ao pred ?evabd\u017einicu &#8220;Unaza&#8221;, gdje su se tukle dvije grupe mladi?a, me?u kojima je bio i njegov brat. On je tada, kako se sumnja, iza\u0161ao iz auta i uletio u gu\u017evu, nekoliko trenutaka kasnije ispalio metak u Kraju i automobilom munjevito pobjegao.<br \/>\nUprkos jakoj policijskoj blokadi svih izlaza iz grada i stalnoj pretrazi terena, Rai?evi? je uspio da umakne i da se sakrije. Dragan Rai?evi? je na saslu\u0161anju pred sudijom, izjavio da je bio prisutan, ali da nije u?estvovao u tu?i niti vidio svog brata Ivicu.<br \/>\nVijest o smrti Kraje, bolno je odjeknula Ulcinjem i njegovom rodnom Pistulom. Oni koji su ga znali ka\u017eu da je bio omiljen u dru\u0161tvu. Za njim tuguju roditelji i dvije sestre, kao i brojna rodbina i prijatelji.<br \/>\n<a href=\"http:\/\/www.visit-ulcinj.com\/blog\/wp-admin\/www.cafemontenegro.com\" title=\"Ulcinj-ulqini-ulqin,montenegro\" target=\"_blank\"><br \/>\nwww.cafemontenegro.com<\/a><\/p>\n<p><strong>Ove tu?e u centar Grada Ulcinja treba Spre?iti <\/strong><\/p>\n<!--YouTube Error: bad URL entered-->\n","protected":false},"excerpt":{"rendered":"<p><img loading=\"lazy\" src=\"http:\/\/www.visit-ulcinj.com\/blog\/wp-content\/uploads\/2008\/03\/kuranilutja.thumbnail.gif\" alt=\"Kurani\" align=\"left\" height=\"140\" width=\"140\" \/><\/p>\n","protected":false},"author":1,"featured_media":0,"comment_status":"open","ping_status":"closed","sticky":false,"template":"","format":"standard","meta":{"spay_email":"","jetpack_publicize_message":"","jetpack_is_tweetstorm":false,"jetpack_publicize_feature_enabled":true},"categories":[1],"tags":[2084,19,200],"jetpack_publicize_connections":[],"yoast_head":"<!-- This site is optimized with the Yoast SEO plugin v19.1 - https:\/\/yoast.com\/wordpress\/plugins\/seo\/ -->\n<title>Dje vdiq Ramo Kraja n\u00eb Qendren Klinike t\u00eb Beogradit - Lajme nga Ulqini<\/title>\n<meta name=\"robots\" content=\"index, follow, max-snippet:-1, max-image-preview:large, max-video-preview:-1\" \/>\n<link rel=\"canonical\" href=\"https:\/\/www.visit-ulcinj.com\/blog\/2008\/03\/04\/dje-vdiq-ramo-kraja-ne-qendren-klinike-te-beogradit\/\" \/>\n<meta property=\"og:locale\" content=\"en_US\" \/>\n<meta property=\"og:type\" content=\"article\" \/>\n<meta property=\"og:title\" content=\"Dje vdiq Ramo Kraja n\u00eb Qendren Klinike t\u00eb Beogradit - Lajme nga Ulqini\" \/>\n<meta property=\"og:url\" content=\"https:\/\/www.visit-ulcinj.com\/blog\/2008\/03\/04\/dje-vdiq-ramo-kraja-ne-qendren-klinike-te-beogradit\/\" \/>\n<meta property=\"og:site_name\" content=\"Lajme nga Ulqini\" \/>\n<meta property=\"article:published_time\" content=\"2008-03-04T18:04:38+00:00\" \/>\n<meta property=\"article:modified_time\" content=\"2008-03-11T20:35:28+00:00\" \/>\n<meta property=\"og:image\" content=\"http:\/\/www.visit-ulcinj.com\/blog\/wp-content\/uploads\/2008\/03\/kuranilutja.thumbnail.gif\" \/>\n<meta name=\"twitter:label1\" content=\"Written by\" \/>\n\t<meta name=\"twitter:data1\" content=\"ulqini\" \/>\n\t<meta name=\"twitter:label2\" content=\"Est. reading time\" \/>\n\t<meta name=\"twitter:data2\" content=\"5 minutes\" \/>\n<script type=\"application\/ld+json\" class=\"yoast-schema-graph\">{\"@context\":\"https:\/\/schema.org\",\"@graph\":[{\"@type\":\"WebSite\",\"@id\":\"https:\/\/www.visit-ulcinj.com\/blog\/#website\",\"url\":\"https:\/\/www.visit-ulcinj.com\/blog\/\",\"name\":\"Lajme nga Ulqini\",\"description\":\"Lajme,Vijesti,Ulqini,Ulqin,Crna Gora,Mali i Zi\",\"potentialAction\":[{\"@type\":\"SearchAction\",\"target\":{\"@type\":\"EntryPoint\",\"urlTemplate\":\"https:\/\/www.visit-ulcinj.com\/blog\/?s={search_term_string}\"},\"query-input\":\"required name=search_term_string\"}],\"inLanguage\":\"en-US\"},{\"@type\":\"ImageObject\",\"inLanguage\":\"en-US\",\"@id\":\"https:\/\/www.visit-ulcinj.com\/blog\/2008\/03\/04\/dje-vdiq-ramo-kraja-ne-qendren-klinike-te-beogradit\/#primaryimage\",\"url\":\"http:\/\/www.visit-ulcinj.com\/blog\/wp-content\/uploads\/2008\/03\/kuranilutja.thumbnail.gif\",\"contentUrl\":\"http:\/\/www.visit-ulcinj.com\/blog\/wp-content\/uploads\/2008\/03\/kuranilutja.thumbnail.gif\"},{\"@type\":\"WebPage\",\"@id\":\"https:\/\/www.visit-ulcinj.com\/blog\/2008\/03\/04\/dje-vdiq-ramo-kraja-ne-qendren-klinike-te-beogradit\/#webpage\",\"url\":\"https:\/\/www.visit-ulcinj.com\/blog\/2008\/03\/04\/dje-vdiq-ramo-kraja-ne-qendren-klinike-te-beogradit\/\",\"name\":\"Dje vdiq Ramo Kraja n\u00eb Qendren Klinike t\u00eb Beogradit - Lajme nga Ulqini\",\"isPartOf\":{\"@id\":\"https:\/\/www.visit-ulcinj.com\/blog\/#website\"},\"primaryImageOfPage\":{\"@id\":\"https:\/\/www.visit-ulcinj.com\/blog\/2008\/03\/04\/dje-vdiq-ramo-kraja-ne-qendren-klinike-te-beogradit\/#primaryimage\"},\"datePublished\":\"2008-03-04T18:04:38+00:00\",\"dateModified\":\"2008-03-11T20:35:28+00:00\",\"author\":{\"@id\":\"https:\/\/www.visit-ulcinj.com\/blog\/#\/schema\/person\/dcab619c614d3038751c63bc2aadc06d\"},\"breadcrumb\":{\"@id\":\"https:\/\/www.visit-ulcinj.com\/blog\/2008\/03\/04\/dje-vdiq-ramo-kraja-ne-qendren-klinike-te-beogradit\/#breadcrumb\"},\"inLanguage\":\"en-US\",\"potentialAction\":[{\"@type\":\"ReadAction\",\"target\":[\"https:\/\/www.visit-ulcinj.com\/blog\/2008\/03\/04\/dje-vdiq-ramo-kraja-ne-qendren-klinike-te-beogradit\/\"]}]},{\"@type\":\"BreadcrumbList\",\"@id\":\"https:\/\/www.visit-ulcinj.com\/blog\/2008\/03\/04\/dje-vdiq-ramo-kraja-ne-qendren-klinike-te-beogradit\/#breadcrumb\",\"itemListElement\":[{\"@type\":\"ListItem\",\"position\":1,\"name\":\"Dje vdiq Ramo Kraja n\u00eb Qendren Klinike t\u00eb Beogradit\"}]},{\"@type\":\"Person\",\"@id\":\"https:\/\/www.visit-ulcinj.com\/blog\/#\/schema\/person\/dcab619c614d3038751c63bc2aadc06d\",\"name\":\"ulqini\",\"sameAs\":[\"http:\/\/www.visit-ulcinj.com\"],\"url\":\"https:\/\/www.visit-ulcinj.com\/blog\/author\/admin\/\"}]}<\/script>\n<!-- \/ Yoast SEO plugin. -->","yoast_head_json":{"title":"Dje vdiq Ramo Kraja n\u00eb Qendren Klinike t\u00eb Beogradit - Lajme nga Ulqini","robots":{"index":"index","follow":"follow","max-snippet":"max-snippet:-1","max-image-preview":"max-image-preview:large","max-video-preview":"max-video-preview:-1"},"canonical":"https:\/\/www.visit-ulcinj.com\/blog\/2008\/03\/04\/dje-vdiq-ramo-kraja-ne-qendren-klinike-te-beogradit\/","og_locale":"en_US","og_type":"article","og_title":"Dje vdiq Ramo Kraja n\u00eb Qendren Klinike t\u00eb Beogradit - Lajme nga Ulqini","og_url":"https:\/\/www.visit-ulcinj.com\/blog\/2008\/03\/04\/dje-vdiq-ramo-kraja-ne-qendren-klinike-te-beogradit\/","og_site_name":"Lajme nga Ulqini","article_published_time":"2008-03-04T18:04:38+00:00","article_modified_time":"2008-03-11T20:35:28+00:00","og_image":[{"url":"http:\/\/www.visit-ulcinj.com\/blog\/wp-content\/uploads\/2008\/03\/kuranilutja.thumbnail.gif"}],"twitter_misc":{"Written by":"ulqini","Est. reading time":"5 minutes"},"schema":{"@context":"https:\/\/schema.org","@graph":[{"@type":"WebSite","@id":"https:\/\/www.visit-ulcinj.com\/blog\/#website","url":"https:\/\/www.visit-ulcinj.com\/blog\/","name":"Lajme nga Ulqini","description":"Lajme,Vijesti,Ulqini,Ulqin,Crna Gora,Mali i Zi","potentialAction":[{"@type":"SearchAction","target":{"@type":"EntryPoint","urlTemplate":"https:\/\/www.visit-ulcinj.com\/blog\/?s={search_term_string}"},"query-input":"required name=search_term_string"}],"inLanguage":"en-US"},{"@type":"ImageObject","inLanguage":"en-US","@id":"https:\/\/www.visit-ulcinj.com\/blog\/2008\/03\/04\/dje-vdiq-ramo-kraja-ne-qendren-klinike-te-beogradit\/#primaryimage","url":"http:\/\/www.visit-ulcinj.com\/blog\/wp-content\/uploads\/2008\/03\/kuranilutja.thumbnail.gif","contentUrl":"http:\/\/www.visit-ulcinj.com\/blog\/wp-content\/uploads\/2008\/03\/kuranilutja.thumbnail.gif"},{"@type":"WebPage","@id":"https:\/\/www.visit-ulcinj.com\/blog\/2008\/03\/04\/dje-vdiq-ramo-kraja-ne-qendren-klinike-te-beogradit\/#webpage","url":"https:\/\/www.visit-ulcinj.com\/blog\/2008\/03\/04\/dje-vdiq-ramo-kraja-ne-qendren-klinike-te-beogradit\/","name":"Dje vdiq Ramo Kraja n\u00eb Qendren Klinike t\u00eb Beogradit - Lajme nga Ulqini","isPartOf":{"@id":"https:\/\/www.visit-ulcinj.com\/blog\/#website"},"primaryImageOfPage":{"@id":"https:\/\/www.visit-ulcinj.com\/blog\/2008\/03\/04\/dje-vdiq-ramo-kraja-ne-qendren-klinike-te-beogradit\/#primaryimage"},"datePublished":"2008-03-04T18:04:38+00:00","dateModified":"2008-03-11T20:35:28+00:00","author":{"@id":"https:\/\/www.visit-ulcinj.com\/blog\/#\/schema\/person\/dcab619c614d3038751c63bc2aadc06d"},"breadcrumb":{"@id":"https:\/\/www.visit-ulcinj.com\/blog\/2008\/03\/04\/dje-vdiq-ramo-kraja-ne-qendren-klinike-te-beogradit\/#breadcrumb"},"inLanguage":"en-US","potentialAction":[{"@type":"ReadAction","target":["https:\/\/www.visit-ulcinj.com\/blog\/2008\/03\/04\/dje-vdiq-ramo-kraja-ne-qendren-klinike-te-beogradit\/"]}]},{"@type":"BreadcrumbList","@id":"https:\/\/www.visit-ulcinj.com\/blog\/2008\/03\/04\/dje-vdiq-ramo-kraja-ne-qendren-klinike-te-beogradit\/#breadcrumb","itemListElement":[{"@type":"ListItem","position":1,"name":"Dje vdiq Ramo Kraja n\u00eb Qendren Klinike t\u00eb Beogradit"}]},{"@type":"Person","@id":"https:\/\/www.visit-ulcinj.com\/blog\/#\/schema\/person\/dcab619c614d3038751c63bc2aadc06d","name":"ulqini","sameAs":["http:\/\/www.visit-ulcinj.com"],"url":"https:\/\/www.visit-ulcinj.com\/blog\/author\/admin\/"}]}},"jetpack_featured_media_url":"","jetpack_sharing_enabled":true,"jetpack_shortlink":"https:\/\/wp.me\/pe6lTn-ct","_links":{"self":[{"href":"https:\/\/www.visit-ulcinj.com\/blog\/wp-json\/wp\/v2\/posts\/773"}],"collection":[{"href":"https:\/\/www.visit-ulcinj.com\/blog\/wp-json\/wp\/v2\/posts"}],"about":[{"href":"https:\/\/www.visit-ulcinj.com\/blog\/wp-json\/wp\/v2\/types\/post"}],"author":[{"embeddable":true,"href":"https:\/\/www.visit-ulcinj.com\/blog\/wp-json\/wp\/v2\/users\/1"}],"replies":[{"embeddable":true,"href":"https:\/\/www.visit-ulcinj.com\/blog\/wp-json\/wp\/v2\/comments?post=773"}],"version-history":[{"count":0,"href":"https:\/\/www.visit-ulcinj.com\/blog\/wp-json\/wp\/v2\/posts\/773\/revisions"}],"wp:attachment":[{"href":"https:\/\/www.visit-ulcinj.com\/blog\/wp-json\/wp\/v2\/media?parent=773"}],"wp:term":[{"taxonomy":"category","embeddable":true,"href":"https:\/\/www.visit-ulcinj.com\/blog\/wp-json\/wp\/v2\/categories?post=773"},{"taxonomy":"post_tag","embeddable":true,"href":"https:\/\/www.visit-ulcinj.com\/blog\/wp-json\/wp\/v2\/tags?post=773"}],"curies":[{"name":"wp","href":"https:\/\/api.w.org\/{rel}","templated":true}]}}