{"id":77323,"date":"2013-12-18T12:58:17","date_gmt":"2013-12-18T11:58:17","guid":{"rendered":"http:\/\/www.visit-ulcinj.com\/blog\/?p=77323"},"modified":"2013-12-19T17:19:24","modified_gmt":"2013-12-19T16:19:24","slug":"nika-jezusi-thoshte-kush-ia-cele-gropen-atij-tjetrit-bie-vet-brende","status":"publish","type":"post","link":"https:\/\/www.visit-ulcinj.com\/blog\/2013\/12\/18\/nika-jezusi-thoshte-kush-ia-cele-gropen-atij-tjetrit-bie-vet-brende\/","title":{"rendered":"Nika: \u201cJezusi\u201c thoshte : Kush ia \u00e7el\u00eb grop\u00ebn atij tjetrit , bie vet brend\u00eb.."},"content":{"rendered":"<p><strong><a href=\"http:\/\/www.visit-ulcinj.com\/blog\/wp-content\/uploads\/2011\/08\/Muhamet-Nika_ULQIN.jpg\"><img loading=\"lazy\" class=\"alignleft  wp-image-50064\" alt=\"Muhamet-Nika_ULQIN\" src=\"http:\/\/www.visit-ulcinj.com\/blog\/wp-content\/uploads\/2011\/08\/Muhamet-Nika_ULQIN.jpg\" width=\"508\" height=\"327\" \/><\/a>\u00a0Shkruan, Muhamet Nika:<\/strong><\/p>\n<p><strong>\u00a0\u201c Jezusi \u201c thoshte : Kush ia \u00e7el\u00eb grop\u00ebn atij tjetrit , bie vet brend\u00eb..<\/strong><\/p>\n<p><strong>&#8211; MOS E BESO PO DESHE ?!!!<\/strong><\/p>\n<p>Merret\u00a0 vesh q\u00eb\u00a0 k\u00ebtyre dit\u00ebve d\u00ebshtoi kolegjiumi\u00a0 i Kryetarit T\u00eb Kuvendit n\u00eb Ulqin, i thirrur n\u00eb nisiativ\u00eb\u00a0 t\u00eb komisionit zgjedhor komunal e me k\u00ebrkes\u00eb t\u00eb inspeksionit republikan i cili obligon kryetarin e kuvendit t\u00eb Ulqinit , q\u00eb p\u00ebr ligjshm\u00ebri t\u00eb k\u00ebtyre zgjedhjeve, t\u00eb votoj\u00eb n\u00eb\u00a0 kuvend \u00a0nxjerrjen e dy vendimeve; at\u00eb t\u00eb numrit t\u00eb mandateve, dhe t\u00eb financimit t\u00eb zgjedhjeve. \u00a0Propozues i k\u00ebtyre vendimeve\u00a0 i takon t\u00eb jet\u00eb kryetari i komun\u00ebs. N\u00eb baz\u00eb t\u00eb burimeve mir\u00eb t\u00eb informuara, merret vesh, q\u00eb n\u00eb mbledhje nuk mor\u00ebn pjes\u00eb vet\u00ebm p\u00ebrfaq\u00ebsuesit e Forc\u00ebs s\u00eb\u00a0 Re\u00a0 Demokratike t\u00eb cil\u00ebt, me siguri e kishin sabotuar mbledhjen. N\u00eb fund , merret vesh q\u00eb ata \u00a0p\u00ebrmes nj\u00eb konkluze i dhan\u00eb afat , kryetarit Cungu, q\u00eb deri t\u00eb h\u00ebn\u00ebn,\u00a0 t\u00eb b\u00ebj\u00eb propozimin , p\u00ebr\u00a0 nxjerrjen e\u00a0\u00a0 dy vendimeve mbi\u00a0 mbar\u00ebvajtjen e\u00a0 zgjedhjeve t\u00eb ardhshme lokale. N\u00eb t\u00eb kund\u00ebrt\u00ebn , ata me n\u00ebnshkrimet e veta do t\u00eb b\u00ebjn\u00eb vet\u00eb thirrjen e mbledhjes&#8230;?!!!<\/p>\n<p><strong>A \u00ebsht\u00eb komisioni zgjedhor komunal n\u00eb Ulqin i ligjsh\u00ebm?!!<\/strong><\/p>\n<p>Ashtu si vlen parimi, q\u00eb p\u00ebr T\u2019i \u00a0shitur mend dikujt, \u00a0duhet t\u00eb jesh vet i mendsh\u00ebm, k\u00ebshtu edhe \u00a0n\u00eb drejt\u00ebsi, p\u00ebr t\u00eb k\u00ebrkuar\u00a0 nga dikush respektimin e ligjit duhet t\u00eb jesh vet i ligjsh\u00ebm. N\u00eb situat\u00ebn ton\u00eb komisioni komunal n\u00eb Ulqin, sipas asaj q\u00eb ne dim\u00eb,i bie \u00a0vet \u00a0se nuk \u00ebsht\u00eb i ligjsh\u00ebm .\u00a0 Ai \u00ebsht\u00eb trup i kuvendit, dhe mandati i tij lidhet strikt, me mandat t\u00eb kuvendit. Kur\u00a0 kuvendi i shkurton\u00a0 mandatin vetes, me k\u00ebt\u00eb ai i shkurton mandatin edhe komisionit zgjedhor dhe n\u00eb vend t\u00eb tij duhet t\u00eb \u00a0zgjedh nj\u00eb\u00a0 komision t\u00eb ri , ose t\u00eb em\u00ebroj\u00eb ushtrues detyre&#8230;. Kjo vlen pastaj p\u00ebr t\u00eb gjitha trupat q\u00eb ai em\u00ebron.\u00a0\u00a0 E n\u00eb se hyjm\u00eb n\u00eb detale, n\u00eb struktur\u00ebn e tij, dihet q\u00eb n\u00eb vend t\u00eb \u201cmilitant\u00ebve partiak\u00eb\u201d, duhet q\u00eb sipas ligjit, \u00a0t\u00eb jen\u00eb jurist\u00eb t\u00eb d\u00ebshmuar. \u00c7\u2019\u00ebsht\u00eb e v\u00ebrteta, pjesa m\u00eb e madhe e an\u00ebtar\u00ebve t\u00eb k\u00ebtij komisioni, n\u00eb se hyjm\u00eb n\u00eb detaje, as q\u00eb guxojn\u00eb\u00a0 t\u00eb jen\u00eb an\u00eb tar\u00eb t\u00eb tij, p\u00ebr faktin q\u00eb n\u00eb zgjedhje t\u00eb kaluara \u00a0kishin lejuar, disa parregullsi t\u00eb pafalshme me ligj.\u00a0 Kurse rasti m\u00eb drastik ishte ai i\u00a0 zgjedhjeve t\u00eb fundit lokale, kur nj\u00eb \u201cjurishniku\u201d partiak i lejuan, q\u00eb p\u00ebr nj\u00eb gjyshe t\u00eb fshati, \u00a0t\u00eb votoj\u00eb me\u201d punomo\u0107e\u201c &#8230;?!! \u00a0Ose\u00a0 kur\u00a0 an\u00ebtar\u00ebt e komisionit, pa u mbledhur fare n\u00eb seanc\u00eb , tentuan t\u2019i\u00a0 marrin mandatin nj\u00eb k\u00ebshilltari t\u00eb Prosperitetit, sipas nj\u00eb metode fare t\u00eb paligjshme&#8230;,procesin e\u00a0 montimit\u00a0 e udh\u00ebhoqi\u00a0\u00a0 an\u00ebtari i komisionit komunal-gjykat\u00ebs F.Qeaniq,\u00a0 i cili nj\u00ebherit \u00a0ishte\u00a0 dhe \u00ebsht\u00eb , \u00a0gjykat\u00ebs n\u00eb Gjyqin e Ulqinit&#8230;?!!! P\u00ebr \u00e7udi, disa nga k\u00ebto an\u00ebtar\u00eb t\u00eb komisionit, \u00a0s\u00ebrish jan\u00eb ul\u00eb k\u00ebmb\u00ebkryq dhe presin\u201c\u00a0 bakllaven e zgjedhjeve\u201c.<\/p>\n<p>Nj\u00ebanshm\u00ebria e inspeksionit republikan ndaj Cungut dhe historiku i problemit q\u00eb nga koh\u00ebt e m\u00eb hershme&#8230;.<\/p>\n<p><strong>Koha\u00a0 e Lidhjes Demokratke &#8211; diku rreth vitit 2000<\/strong><\/p>\n<p>Sipas nesh shteti lejoi pa rregullsi n\u00eb pun\u00ebn e komisionit zgjedhor, q\u00eb nga koha\u00a0 kur pushtetin , e ushtronte Lidja Demokratike,\u00a0 fjala bie, edhe pse kuvendi, at\u00eb her\u00eb, do t\u00eb duhej\u00a0 t\u00eb kishte,\u00a0 sipas vendimit 33 k\u00ebshilltar\u00eb, ai, n\u00eb\u00a0 nj\u00ebrin nga mandatet e veta nuk , arriti t\u00eb verifikoj\u00eb mandatin e v 33 vetave, por punoi me 32 k\u00ebshill\u00ebtar\u00eb &#8211; Lidhja Demokratike at\u00eb her\u00eb nuk pati, mund\u00ebsi t\u00eb zgjedh k\u00ebshilltarin e 11 t\u00eb sajin. Sipas logjik\u00ebs kushtetuese, t\u00eb gjitha vendimet e k\u00ebsaj kohe, jan\u00eb t\u00eb paligjshme sepse ata nuk jan\u00eb nxjerr\u00eb me vendim t\u00eb33 k\u00ebshilltar\u00ebve( teoretikisht , mungonte nj\u00ebri icili\u00a0 mund t\u00eb p\u00ebrmbyste rezultatin\u00a0 gjat\u00eb \u00a0procesit t\u00eb \u00a0votimit)<\/p>\n<p><strong>\u00a0Koha e Udsh-s\u00eb<\/strong><\/p>\n<p>Me ardhjen e k\u00ebtij subjekti, institucioni i komisionit zgjedhor komunal devalvon fare, sepse Kuvendi nuk u mblodh jo vet\u00ebm p\u00ebr t\u00eb nxjerr\u00eb\u00a0 vendimet q\u00eb sot jan\u00eb kontestuese p\u00ebr ligjshm\u00ebri, por\u00a0 as nuk u mblodh p\u00ebr t\u00eb caktuar komisionin\u00a0 p\u00ebrkat\u00ebs zgjedhor. Zgjedhjet u b\u00ebn\u00eb nga komisioni pa mandat, dhe askush nuk e kontestoi pun\u00ebn e tij, as legjitimitetin\u00a0 e zgjedhjeve. Nj\u00eb situat\u00eb e ngjajshme u p\u00ebrs\u00ebrit edhe\u00a0 n\u00eb koh\u00ebn q\u00eb\u00a0 pasoi. Si duket\u00a0 partis\u00eb n\u00eb pushtet at\u00eb her\u00eb i konvenonte\u00a0 q\u00eb t\u00eb shkonte n\u00eb zgjedhje sepse ish e p\u00ebrkatitur p\u00ebr ta,\u00a0 nd\u00ebrsa \u00a0tashti pun\u00ebt kan\u00eb ndyshuar&#8230;.. Ajo n\u00eb Ulqin , nuk ndihet e sigurt\u00eb, p\u00ebr fitore dhe\u00a0 duke p\u00ebrdorur edhe shantazhe tjera, q\u00eb q\u00ebllimisht nuk po i p\u00ebrmendim, ka filluar q\u00eb Cungut \u201e Ti fus shkopinj \u00a0n\u00ebn rrot\u00eb\u201c .<\/p>\n<p><strong>Kur (nuk) t\u00eb ha krimbi&#8230;<\/strong><\/p>\n<p>Thuhet se posht\u00eb brir\u00ebve , t\u00eb kafsh\u00ebve, n\u00eb rr\u00ebz\u00eb, q\u00ebndron nj\u00eb krim i cili aktivizohet n\u00ebse kafsha fillon t\u00eb vritet. Ai pas disa goditjeve t\u00eb para, q\u00eb merr kafsha n\u00eb brir\u00eb, \u00a0e \u201ehan\u201c ate\u00a0 n\u00eb tru, dhe asaj \u00a0duke mos e p\u00ebrballuar\u00a0 dhimbjen, ishtohet instikti p\u00ebr\u00a0 tu vrar\u00eb me kund\u00ebrshtarin, nga nj\u00eb her\u00eb deri n\u00eb vdekje&#8230;. Kjo q\u00eb cek\u00ebm, vlen\u00a0 kuptohet edhe p\u00ebr vrasjen e\u00a0 deshve&#8230; Prej k\u00ebsaj, si duket , kemi \u00a0trash\u00ebguar ,n\u00eb popul, edhe at\u00eb th\u00ebnin e njohur popullore,\u00a0 e cila \u00a0\u00ebsht\u00eb :\u201c Ehan krimbi&#8230;?!!!\u201c. Kush ka pasur rastin \u00a0t\u00eb shoh\u00eb \u201egar\u00ebn\u201c e vrasjes s\u00eb deshve n\u00eb Kala t\u00eb Ulqinit, \u00a0ka \u00a0pasur mund\u00ebsi t\u00eb vertetohet vet\u00eb , n\u00eb k\u00ebt\u00eb\u00a0 sjellje\u00a0 t\u00eb deshve. Mir\u00ebpo nga nj\u00eb her\u00eb ndodh , q\u00eb desh\u00ebt pasi maten, me nj\u00ebri tjetrin , nuk d\u00ebshirojn\u00eb \u00a0fare t\u00eb vriten. Besohet\u00a0 se kjo ndodh , kur ata vet\u00eb ,e hetojn\u00eb, q\u00eb nuk kan\u00eb shans\u00eb, t\u00eb mundin rivalin, nga se, zbulojn\u00eb\u00a0 q\u00eb \u00a0kan\u00eb kilogramet e nj\u00ebjt\u00eb dhe ikin duke u larguar nga\u00a0 dueli.<\/p>\n<p>N\u00ebse, ky rregull vlen, edhe p\u00ebr gar\u00ebn politike, n\u00eb Ulqin, na duket se \u201e pas matjes , n\u00eb teren \u201e, 3 partit\u00eb kryesore, \u00a0tonat, zbuluan q\u00eb kan\u00eb kilogramet e nj\u00ebjt\u00eb, por ndoshta edhe gram\u00ebt-duke p\u00ebrjashtuar k\u00ebtu Forc\u00ebn, t\u00eb cil\u00ebs, sipa \u201erregullit e t\u00eb qenurit n\u00eb pushtet\u201c dihet se 30 % t\u00eb startit e ka m\u00eb t\u00eb fort\u00eb&#8230;\u00a0 Andaj\u00a0 ata,\u00a0 sipas k\u00ebrkes\u00ebs s\u00eb\u00a0\u00a0 komisionit komunal ,\u00a0 po duket se u penduan, dhe\u00a0 mundohen t\u00eb nxirren , p\u00ebrmes\u00a0 tij, duke zbuluar \u201eshkeljet\u00a0\u00a0 e\u00a0 form\u00ebs\u201c.<\/p>\n<p>Nuk ka dyshim q\u00eb mbledhja e kuvendit, doemos do t\u00eb mbahet, por nuk ka dyshim, q\u00eb mbledhja t\u00eb shkoj\u00eb edhe n\u00eb kahje krejt\u00ebsisht\u00a0 \u00a0tjera&#8230;., e pa\u00a0 njohura\u00a0 gjith\u00eb her\u00eb \u00a0, thuhet se krijon frik\u00eb,?!!!<\/p>\n","protected":false},"excerpt":{"rendered":"<p>\u00a0Shkruan, Muhamet Nika: \u00a0\u201c Jezusi \u201c thoshte : Kush ia \u00e7el\u00eb grop\u00ebn atij tjetrit , bie vet brend\u00eb.. &#8211; MOS E BESO PO DESHE ?!!! Merret\u00a0 vesh q\u00eb\u00a0 k\u00ebtyre dit\u00ebve d\u00ebshtoi kolegjiumi\u00a0 i Kryetarit T\u00eb Kuvendit n\u00eb Ulqin, i thirrur n\u00eb nisiativ\u00eb\u00a0 t\u00eb komisionit zgjedhor komunal e me k\u00ebrkes\u00eb t\u00eb inspeksionit republikan i cili obligon [&hellip;]<\/p>\n","protected":false},"author":1,"featured_media":0,"comment_status":"closed","ping_status":"closed","sticky":false,"template":"","format":"standard","meta":{"spay_email":"","jetpack_publicize_message":"","jetpack_is_tweetstorm":false,"jetpack_publicize_feature_enabled":true},"categories":[1,14249],"tags":[],"jetpack_publicize_connections":[],"yoast_head":"<!-- This site is optimized with the Yoast SEO plugin v19.1 - https:\/\/yoast.com\/wordpress\/plugins\/seo\/ -->\n<title>Nika: \u201cJezusi\u201c thoshte : Kush ia \u00e7el\u00eb grop\u00ebn atij tjetrit , bie vet brend\u00eb.. - Lajme nga Ulqini<\/title>\n<meta name=\"description\" content=\"\u00a0Shkruan, Muhamet Nika: \u00a0\u201c Jezusi \u201c thoshte : Kush ia \u00e7el\u00eb grop\u00ebn atij tjetrit , bie vet brend\u00eb.. - MOS E BESO PO DESHE ?!!! Merret\u00a0 vesh q\u00eb\u00a0 k\u00ebtyre\" \/>\n<meta name=\"robots\" content=\"index, follow, max-snippet:-1, max-image-preview:large, max-video-preview:-1\" \/>\n<link rel=\"canonical\" href=\"https:\/\/www.visit-ulcinj.com\/blog\/2013\/12\/18\/nika-jezusi-thoshte-kush-ia-cele-gropen-atij-tjetrit-bie-vet-brende\/\" \/>\n<meta property=\"og:locale\" content=\"en_US\" \/>\n<meta property=\"og:type\" content=\"article\" \/>\n<meta property=\"og:title\" content=\"Nika: \u201cJezusi\u201c thoshte : Kush ia \u00e7el\u00eb grop\u00ebn atij tjetrit , bie vet brend\u00eb.. - Lajme nga Ulqini\" \/>\n<meta property=\"og:description\" content=\"\u00a0Shkruan, Muhamet Nika: \u00a0\u201c Jezusi \u201c thoshte : Kush ia \u00e7el\u00eb grop\u00ebn atij tjetrit , bie vet brend\u00eb.. - MOS E BESO PO DESHE ?!!! Merret\u00a0 vesh q\u00eb\u00a0 k\u00ebtyre\" \/>\n<meta property=\"og:url\" content=\"https:\/\/www.visit-ulcinj.com\/blog\/2013\/12\/18\/nika-jezusi-thoshte-kush-ia-cele-gropen-atij-tjetrit-bie-vet-brende\/\" \/>\n<meta property=\"og:site_name\" content=\"Lajme nga Ulqini\" \/>\n<meta property=\"article:published_time\" content=\"2013-12-18T11:58:17+00:00\" \/>\n<meta property=\"article:modified_time\" content=\"2013-12-19T16:19:24+00:00\" \/>\n<meta property=\"og:image\" content=\"http:\/\/www.visit-ulcinj.com\/blog\/wp-content\/uploads\/2011\/08\/Muhamet-Nika_ULQIN.jpg\" \/>\n<meta name=\"twitter:label1\" content=\"Written by\" \/>\n\t<meta name=\"twitter:data1\" content=\"ulqini\" \/>\n\t<meta name=\"twitter:label2\" content=\"Est. reading time\" \/>\n\t<meta name=\"twitter:data2\" content=\"6 minutes\" \/>\n<script type=\"application\/ld+json\" class=\"yoast-schema-graph\">{\"@context\":\"https:\/\/schema.org\",\"@graph\":[{\"@type\":\"WebSite\",\"@id\":\"https:\/\/www.visit-ulcinj.com\/blog\/#website\",\"url\":\"https:\/\/www.visit-ulcinj.com\/blog\/\",\"name\":\"Lajme nga Ulqini\",\"description\":\"Lajme,Vijesti,Ulqini,Ulqin,Crna Gora,Mali i Zi\",\"potentialAction\":[{\"@type\":\"SearchAction\",\"target\":{\"@type\":\"EntryPoint\",\"urlTemplate\":\"https:\/\/www.visit-ulcinj.com\/blog\/?s={search_term_string}\"},\"query-input\":\"required name=search_term_string\"}],\"inLanguage\":\"en-US\"},{\"@type\":\"ImageObject\",\"inLanguage\":\"en-US\",\"@id\":\"https:\/\/www.visit-ulcinj.com\/blog\/2013\/12\/18\/nika-jezusi-thoshte-kush-ia-cele-gropen-atij-tjetrit-bie-vet-brende\/#primaryimage\",\"url\":\"https:\/\/www.visit-ulcinj.com\/blog\/wp-content\/uploads\/2011\/08\/Muhamet-Nika_ULQIN.jpg\",\"contentUrl\":\"https:\/\/www.visit-ulcinj.com\/blog\/wp-content\/uploads\/2011\/08\/Muhamet-Nika_ULQIN.jpg\",\"width\":\"435\",\"height\":\"327\"},{\"@type\":\"WebPage\",\"@id\":\"https:\/\/www.visit-ulcinj.com\/blog\/2013\/12\/18\/nika-jezusi-thoshte-kush-ia-cele-gropen-atij-tjetrit-bie-vet-brende\/#webpage\",\"url\":\"https:\/\/www.visit-ulcinj.com\/blog\/2013\/12\/18\/nika-jezusi-thoshte-kush-ia-cele-gropen-atij-tjetrit-bie-vet-brende\/\",\"name\":\"Nika: \u201cJezusi\u201c thoshte : Kush ia \u00e7el\u00eb grop\u00ebn atij tjetrit , bie vet brend\u00eb.. - Lajme nga Ulqini\",\"isPartOf\":{\"@id\":\"https:\/\/www.visit-ulcinj.com\/blog\/#website\"},\"primaryImageOfPage\":{\"@id\":\"https:\/\/www.visit-ulcinj.com\/blog\/2013\/12\/18\/nika-jezusi-thoshte-kush-ia-cele-gropen-atij-tjetrit-bie-vet-brende\/#primaryimage\"},\"datePublished\":\"2013-12-18T11:58:17+00:00\",\"dateModified\":\"2013-12-19T16:19:24+00:00\",\"author\":{\"@id\":\"https:\/\/www.visit-ulcinj.com\/blog\/#\/schema\/person\/dcab619c614d3038751c63bc2aadc06d\"},\"description\":\"\u00a0Shkruan, Muhamet Nika: \u00a0\u201c Jezusi \u201c thoshte : Kush ia \u00e7el\u00eb grop\u00ebn atij tjetrit , bie vet brend\u00eb.. - MOS E BESO PO DESHE ?!!! Merret\u00a0 vesh q\u00eb\u00a0 k\u00ebtyre\",\"breadcrumb\":{\"@id\":\"https:\/\/www.visit-ulcinj.com\/blog\/2013\/12\/18\/nika-jezusi-thoshte-kush-ia-cele-gropen-atij-tjetrit-bie-vet-brende\/#breadcrumb\"},\"inLanguage\":\"en-US\",\"potentialAction\":[{\"@type\":\"ReadAction\",\"target\":[\"https:\/\/www.visit-ulcinj.com\/blog\/2013\/12\/18\/nika-jezusi-thoshte-kush-ia-cele-gropen-atij-tjetrit-bie-vet-brende\/\"]}]},{\"@type\":\"BreadcrumbList\",\"@id\":\"https:\/\/www.visit-ulcinj.com\/blog\/2013\/12\/18\/nika-jezusi-thoshte-kush-ia-cele-gropen-atij-tjetrit-bie-vet-brende\/#breadcrumb\",\"itemListElement\":[{\"@type\":\"ListItem\",\"position\":1,\"name\":\"Nika: \u201cJezusi\u201c thoshte : Kush ia \u00e7el\u00eb grop\u00ebn atij tjetrit , bie vet brend\u00eb..\"}]},{\"@type\":\"Person\",\"@id\":\"https:\/\/www.visit-ulcinj.com\/blog\/#\/schema\/person\/dcab619c614d3038751c63bc2aadc06d\",\"name\":\"ulqini\",\"sameAs\":[\"http:\/\/www.visit-ulcinj.com\"],\"url\":\"https:\/\/www.visit-ulcinj.com\/blog\/author\/admin\/\"}]}<\/script>\n<!-- \/ Yoast SEO plugin. -->","yoast_head_json":{"title":"Nika: \u201cJezusi\u201c thoshte : Kush ia \u00e7el\u00eb grop\u00ebn atij tjetrit , bie vet brend\u00eb.. - Lajme nga Ulqini","description":"\u00a0Shkruan, Muhamet Nika: \u00a0\u201c Jezusi \u201c thoshte : Kush ia \u00e7el\u00eb grop\u00ebn atij tjetrit , bie vet brend\u00eb.. - MOS E BESO PO DESHE ?!!! Merret\u00a0 vesh q\u00eb\u00a0 k\u00ebtyre","robots":{"index":"index","follow":"follow","max-snippet":"max-snippet:-1","max-image-preview":"max-image-preview:large","max-video-preview":"max-video-preview:-1"},"canonical":"https:\/\/www.visit-ulcinj.com\/blog\/2013\/12\/18\/nika-jezusi-thoshte-kush-ia-cele-gropen-atij-tjetrit-bie-vet-brende\/","og_locale":"en_US","og_type":"article","og_title":"Nika: \u201cJezusi\u201c thoshte : Kush ia \u00e7el\u00eb grop\u00ebn atij tjetrit , bie vet brend\u00eb.. - Lajme nga Ulqini","og_description":"\u00a0Shkruan, Muhamet Nika: \u00a0\u201c Jezusi \u201c thoshte : Kush ia \u00e7el\u00eb grop\u00ebn atij tjetrit , bie vet brend\u00eb.. - MOS E BESO PO DESHE ?!!! Merret\u00a0 vesh q\u00eb\u00a0 k\u00ebtyre","og_url":"https:\/\/www.visit-ulcinj.com\/blog\/2013\/12\/18\/nika-jezusi-thoshte-kush-ia-cele-gropen-atij-tjetrit-bie-vet-brende\/","og_site_name":"Lajme nga Ulqini","article_published_time":"2013-12-18T11:58:17+00:00","article_modified_time":"2013-12-19T16:19:24+00:00","og_image":[{"url":"http:\/\/www.visit-ulcinj.com\/blog\/wp-content\/uploads\/2011\/08\/Muhamet-Nika_ULQIN.jpg"}],"twitter_misc":{"Written by":"ulqini","Est. reading time":"6 minutes"},"schema":{"@context":"https:\/\/schema.org","@graph":[{"@type":"WebSite","@id":"https:\/\/www.visit-ulcinj.com\/blog\/#website","url":"https:\/\/www.visit-ulcinj.com\/blog\/","name":"Lajme nga Ulqini","description":"Lajme,Vijesti,Ulqini,Ulqin,Crna Gora,Mali i Zi","potentialAction":[{"@type":"SearchAction","target":{"@type":"EntryPoint","urlTemplate":"https:\/\/www.visit-ulcinj.com\/blog\/?s={search_term_string}"},"query-input":"required name=search_term_string"}],"inLanguage":"en-US"},{"@type":"ImageObject","inLanguage":"en-US","@id":"https:\/\/www.visit-ulcinj.com\/blog\/2013\/12\/18\/nika-jezusi-thoshte-kush-ia-cele-gropen-atij-tjetrit-bie-vet-brende\/#primaryimage","url":"https:\/\/www.visit-ulcinj.com\/blog\/wp-content\/uploads\/2011\/08\/Muhamet-Nika_ULQIN.jpg","contentUrl":"https:\/\/www.visit-ulcinj.com\/blog\/wp-content\/uploads\/2011\/08\/Muhamet-Nika_ULQIN.jpg","width":"435","height":"327"},{"@type":"WebPage","@id":"https:\/\/www.visit-ulcinj.com\/blog\/2013\/12\/18\/nika-jezusi-thoshte-kush-ia-cele-gropen-atij-tjetrit-bie-vet-brende\/#webpage","url":"https:\/\/www.visit-ulcinj.com\/blog\/2013\/12\/18\/nika-jezusi-thoshte-kush-ia-cele-gropen-atij-tjetrit-bie-vet-brende\/","name":"Nika: \u201cJezusi\u201c thoshte : Kush ia \u00e7el\u00eb grop\u00ebn atij tjetrit , bie vet brend\u00eb.. - Lajme nga Ulqini","isPartOf":{"@id":"https:\/\/www.visit-ulcinj.com\/blog\/#website"},"primaryImageOfPage":{"@id":"https:\/\/www.visit-ulcinj.com\/blog\/2013\/12\/18\/nika-jezusi-thoshte-kush-ia-cele-gropen-atij-tjetrit-bie-vet-brende\/#primaryimage"},"datePublished":"2013-12-18T11:58:17+00:00","dateModified":"2013-12-19T16:19:24+00:00","author":{"@id":"https:\/\/www.visit-ulcinj.com\/blog\/#\/schema\/person\/dcab619c614d3038751c63bc2aadc06d"},"description":"\u00a0Shkruan, Muhamet Nika: \u00a0\u201c Jezusi \u201c thoshte : Kush ia \u00e7el\u00eb grop\u00ebn atij tjetrit , bie vet brend\u00eb.. - MOS E BESO PO DESHE ?!!! Merret\u00a0 vesh q\u00eb\u00a0 k\u00ebtyre","breadcrumb":{"@id":"https:\/\/www.visit-ulcinj.com\/blog\/2013\/12\/18\/nika-jezusi-thoshte-kush-ia-cele-gropen-atij-tjetrit-bie-vet-brende\/#breadcrumb"},"inLanguage":"en-US","potentialAction":[{"@type":"ReadAction","target":["https:\/\/www.visit-ulcinj.com\/blog\/2013\/12\/18\/nika-jezusi-thoshte-kush-ia-cele-gropen-atij-tjetrit-bie-vet-brende\/"]}]},{"@type":"BreadcrumbList","@id":"https:\/\/www.visit-ulcinj.com\/blog\/2013\/12\/18\/nika-jezusi-thoshte-kush-ia-cele-gropen-atij-tjetrit-bie-vet-brende\/#breadcrumb","itemListElement":[{"@type":"ListItem","position":1,"name":"Nika: \u201cJezusi\u201c thoshte : Kush ia \u00e7el\u00eb grop\u00ebn atij tjetrit , bie vet brend\u00eb.."}]},{"@type":"Person","@id":"https:\/\/www.visit-ulcinj.com\/blog\/#\/schema\/person\/dcab619c614d3038751c63bc2aadc06d","name":"ulqini","sameAs":["http:\/\/www.visit-ulcinj.com"],"url":"https:\/\/www.visit-ulcinj.com\/blog\/author\/admin\/"}]}},"jetpack_featured_media_url":"","jetpack_sharing_enabled":true,"jetpack_shortlink":"https:\/\/wp.me\/pe6lTn-k79","_links":{"self":[{"href":"https:\/\/www.visit-ulcinj.com\/blog\/wp-json\/wp\/v2\/posts\/77323"}],"collection":[{"href":"https:\/\/www.visit-ulcinj.com\/blog\/wp-json\/wp\/v2\/posts"}],"about":[{"href":"https:\/\/www.visit-ulcinj.com\/blog\/wp-json\/wp\/v2\/types\/post"}],"author":[{"embeddable":true,"href":"https:\/\/www.visit-ulcinj.com\/blog\/wp-json\/wp\/v2\/users\/1"}],"replies":[{"embeddable":true,"href":"https:\/\/www.visit-ulcinj.com\/blog\/wp-json\/wp\/v2\/comments?post=77323"}],"version-history":[{"count":1,"href":"https:\/\/www.visit-ulcinj.com\/blog\/wp-json\/wp\/v2\/posts\/77323\/revisions"}],"predecessor-version":[{"id":77324,"href":"https:\/\/www.visit-ulcinj.com\/blog\/wp-json\/wp\/v2\/posts\/77323\/revisions\/77324"}],"wp:attachment":[{"href":"https:\/\/www.visit-ulcinj.com\/blog\/wp-json\/wp\/v2\/media?parent=77323"}],"wp:term":[{"taxonomy":"category","embeddable":true,"href":"https:\/\/www.visit-ulcinj.com\/blog\/wp-json\/wp\/v2\/categories?post=77323"},{"taxonomy":"post_tag","embeddable":true,"href":"https:\/\/www.visit-ulcinj.com\/blog\/wp-json\/wp\/v2\/tags?post=77323"}],"curies":[{"name":"wp","href":"https:\/\/api.w.org\/{rel}","templated":true}]}}