{"id":77329,"date":"2013-12-19T17:16:14","date_gmt":"2013-12-19T16:16:14","guid":{"rendered":"http:\/\/www.visit-ulcinj.com\/blog\/?p=77329"},"modified":"2013-12-21T16:09:35","modified_gmt":"2013-12-21T15:09:35","slug":"draga-komuna-e-ulqinit-ne-hall-borxhet-e-trasheguara","status":"publish","type":"post","link":"https:\/\/www.visit-ulcinj.com\/blog\/2013\/12\/19\/draga-komuna-e-ulqinit-ne-hall-borxhet-e-trasheguara\/","title":{"rendered":"Draga: Komuna e Ulqinit n\u00eb hall me borxhet e trash\u00ebguara"},"content":{"rendered":"<p><b><a href=\"http:\/\/www.visit-ulcinj.com\/blog\/wp-content\/uploads\/2013\/12\/Nail-Draga.jpg\"><img loading=\"lazy\" class=\"alignleft  wp-image-77330\" alt=\"Nail-Draga\" src=\"http:\/\/www.visit-ulcinj.com\/blog\/wp-content\/uploads\/2013\/12\/Nail-Draga.jpg\" width=\"508\" height=\"360\" \/><\/a>JP CENTAR ZA KULTURU<\/b><\/p>\n<p><b>NP QENDRA E KULTUR<\/b><b>\u00cb<\/b><b>S<\/b><\/p>\n<p><b>Ulcinj-Ulqin<\/b><\/p>\n<p><b>Br.\/Nr.<\/b><\/p>\n<p><b>19.12.3013<\/b><\/p>\n<p><b>\u00a0<\/b><\/p>\n<p align=\"center\"><b>Kumtes\u00eb p\u00ebr media<\/b><\/p>\n<p>Problemet financiare n\u00eb Qendr\u00ebn e Kultur\u00ebs nuk jan\u00eb t\u00eb koh\u00ebs s\u00eb re, ata vazhdojn\u00eb m\u00eb vite dhe si t\u00eb tilla jan\u00eb edhe n\u00eb dit\u00ebt e fundit. Nga marrja e detyr\u00ebs s\u00eb drejtorit me dat\u00ebn 01.11.2011, t\u00eb pun\u00ebsuarit n\u00eb Qend\u00ebr kan\u00eb qen\u00eb minus 8 rroga dhe pa kontribute t\u00eb pagaura nga data 01.9.2010. Ndonse themeluesi Komuna e Ulqinit \u00ebsht\u00eb p\u00ebrpjekur p\u00ebr t\u00eb eliminuar boxhin p\u00ebrkat\u00ebs minusi ka mbetur i nj\u00ebjt\u00eb. Por, pas grev\u00ebs se t\u00eb pun\u00ebsuarve n\u00eb organizim t\u00eb Organizat\u00ebs u arrit q\u00eb t\u00eb merren 4 paga dhe n\u00eb momentin e tash\u00ebm jemi me minus 4 paga.<\/p>\n<p>Problem i ve\u00e7ant\u00eb p\u00ebr Qendr\u00ebn paraqesin borxhet e trash\u00ebguara nga shumica\u00a0 e kaluar parlamentare lokale t\u00eb cilat jan\u00eb realizuar para n\u00ebntorit t\u00eb vitit 2011.<\/p>\n<p>K\u00ebshtu kemi trash\u00ebguar borxhin e ujit n\u00eb shum\u00ebn prej <b>27.948 euro<\/b>, ndaj \u00a0Nd\u00ebrmarrj\u00ebs se Uj\u00ebsjellesit e Kanalizimit. Pastaj kemi trasheguar borxhin e rrym\u00ebs elektrike n\u00eb vleren prej <b>40.000 euro<\/b>, ku pagesa e fundit \u00ebsht\u00eb b\u00ebr\u00eb n\u00eb \u00a0vitin 2008. Borxh i ve\u00e7ant\u00eb paraqesin kontributet p\u00ebr an\u00ebtar\u00ebt e K\u00ebshillit Drejtues p\u00ebr periudhen 2007-2011, n\u00eb shum\u00ebn prej <b>39.300 euro<\/b>. Po ashtu kemi trasheguar borxhin nga Hoteli Albatros n\u00eb shum\u00ebn prej <b>9.173 euro<\/b>.\u00a0 Cekim me ket\u00eb rast se jemi n\u00eb procese gjyq\u00ebsore me subjekte dhe indvid t\u00eb cil\u00ebt k\u00ebrkojn\u00eb borxhet\u00a0 e tyre, ku nga shkaku i till\u00eb ne ket\u00eb vit dy her\u00eb e kemi pasur t\u00eb bllokuar xhirollogarin\u00eb.<\/p>\n<p>Nga ana tjet\u00ebr Komuna ka marr\u00eb obligim p\u00ebr t\u00eb mbuluar shpenzimet p\u00ebr kontribute dhe tatime p\u00ebr t\u00eb pun\u00ebsuarit, pastaj shpenzimet e rrym\u00ebs elektrike, an\u00ebtarve t\u00eb K\u00ebshillit Drejtues dhe objekteve hoteliere..<\/p>\n<p>Po ashtu Komuna\u00a0 ka mbuluar shpenzimet e Festivalit t\u00eb K\u00ebng\u00ebs p\u00ebr F\u00ebmij\u00eb, Panairit t\u00eb Librit, Sken\u00ebs verore dhe manifestime t\u00eb tjera kulturore.<\/p>\n<p>Duhet t\u00eb ceki m\u00eb ket\u00eb \u00a0rast se nga \u00a0Ministria e Kultur\u00ebs nuk \u00ebsht\u00eb \u00a0financuar Festivali-Skena verore Ulqini 2013, edhe pse kemi konkuruar n\u00eb konkursin e publikuar, qe paraqet rast t\u00eb ve\u00e7ant\u00eb.<\/p>\n<p>Dhe n\u00eb fund n\u00eb kuad\u00ebr t\u00eb p\u00ebrgatitjes s\u00eb buxhetit t\u00eb Komun\u00ebs s\u00eb Ulqinit p\u00ebr vitin 2014, k\u00ebrkojm\u00eb q\u00eb me seriozitet t\u00eb merren parasysh k\u00ebrkesat tona dhe buxheti t\u00eb jet\u00eb m\u00eb i madh p\u00ebr Qend\u00ebr, sepse vet\u00ebm n\u00eb k\u00ebt\u00eb m\u00ebnyr\u00eb do t\u00eb eliminohen\u00a0 anomalit\u00eb financiare, nga koha e kaluar.<\/p>\n<p>Po ashtu theksojm\u00eb se Qendra e Kultur\u00ebs\u00a0 dallohet nga institucionet tjera qe\u00a0 \u00ebsht\u00eb themeluar nga Komuna , sepse kjo financohet qind p\u00ebr qind nga buxheti i komun\u00ebs, sepse sipas ligjit kultura \u00ebsht\u00eb veprimtari joprofitabile.<\/p>\n<p align=\"right\">Drejtori<\/p>\n<p align=\"right\"><b>Dr.Nail\u00a0 Draga<\/b><\/p>\n","protected":false},"excerpt":{"rendered":"<p>JP CENTAR ZA KULTURU NP QENDRA E KULTUR\u00cbS Ulcinj-Ulqin Br.\/Nr. 19.12.3013 \u00a0 Kumtes\u00eb p\u00ebr media Problemet financiare n\u00eb Qendr\u00ebn e Kultur\u00ebs nuk jan\u00eb t\u00eb koh\u00ebs s\u00eb re, ata vazhdojn\u00eb m\u00eb vite dhe si t\u00eb tilla jan\u00eb edhe n\u00eb dit\u00ebt e fundit. Nga marrja e detyr\u00ebs s\u00eb drejtorit me dat\u00ebn 01.11.2011, t\u00eb pun\u00ebsuarit n\u00eb Qend\u00ebr kan\u00eb [&hellip;]<\/p>\n","protected":false},"author":1,"featured_media":0,"comment_status":"closed","ping_status":"closed","sticky":false,"template":"","format":"standard","meta":{"spay_email":"","jetpack_publicize_message":"","jetpack_is_tweetstorm":false,"jetpack_publicize_feature_enabled":true},"categories":[1,13],"tags":[],"jetpack_publicize_connections":[],"yoast_head":"<!-- This site is optimized with the Yoast SEO plugin v19.1 - https:\/\/yoast.com\/wordpress\/plugins\/seo\/ -->\n<title>Draga: Komuna e Ulqinit n\u00eb hall me borxhet e trash\u00ebguara - Lajme nga Ulqini<\/title>\n<meta name=\"description\" content=\"JP CENTAR ZA KULTURU NP QENDRA E KULTUR\u00cbS Ulcinj-Ulqin Br.\/Nr. 19.12.3013 \u00a0 Kumtes\u00eb p\u00ebr media Problemet financiare n\u00eb Qendr\u00ebn e Kultur\u00ebs nuk jan\u00eb t\u00eb koh\u00ebs\" \/>\n<meta name=\"robots\" content=\"index, follow, max-snippet:-1, max-image-preview:large, max-video-preview:-1\" \/>\n<link rel=\"canonical\" href=\"https:\/\/www.visit-ulcinj.com\/blog\/2013\/12\/19\/draga-komuna-e-ulqinit-ne-hall-borxhet-e-trasheguara\/\" \/>\n<meta property=\"og:locale\" content=\"en_US\" \/>\n<meta property=\"og:type\" content=\"article\" \/>\n<meta property=\"og:title\" content=\"Draga: Komuna e Ulqinit n\u00eb hall me borxhet e trash\u00ebguara - Lajme nga Ulqini\" \/>\n<meta property=\"og:description\" content=\"JP CENTAR ZA KULTURU NP QENDRA E KULTUR\u00cbS Ulcinj-Ulqin Br.\/Nr. 19.12.3013 \u00a0 Kumtes\u00eb p\u00ebr media Problemet financiare n\u00eb Qendr\u00ebn e Kultur\u00ebs nuk jan\u00eb t\u00eb koh\u00ebs\" \/>\n<meta property=\"og:url\" content=\"https:\/\/www.visit-ulcinj.com\/blog\/2013\/12\/19\/draga-komuna-e-ulqinit-ne-hall-borxhet-e-trasheguara\/\" \/>\n<meta property=\"og:site_name\" content=\"Lajme nga Ulqini\" \/>\n<meta property=\"article:published_time\" content=\"2013-12-19T16:16:14+00:00\" \/>\n<meta property=\"article:modified_time\" content=\"2013-12-21T15:09:35+00:00\" \/>\n<meta property=\"og:image\" content=\"http:\/\/www.visit-ulcinj.com\/blog\/wp-content\/uploads\/2013\/12\/Nail-Draga.jpg\" \/>\n<meta name=\"twitter:label1\" content=\"Written by\" \/>\n\t<meta name=\"twitter:data1\" content=\"ulqini\" \/>\n\t<meta name=\"twitter:label2\" content=\"Est. reading time\" \/>\n\t<meta name=\"twitter:data2\" content=\"2 minutes\" \/>\n<script type=\"application\/ld+json\" class=\"yoast-schema-graph\">{\"@context\":\"https:\/\/schema.org\",\"@graph\":[{\"@type\":\"WebSite\",\"@id\":\"https:\/\/www.visit-ulcinj.com\/blog\/#website\",\"url\":\"https:\/\/www.visit-ulcinj.com\/blog\/\",\"name\":\"Lajme nga Ulqini\",\"description\":\"Lajme,Vijesti,Ulqini,Ulqin,Crna Gora,Mali i Zi\",\"potentialAction\":[{\"@type\":\"SearchAction\",\"target\":{\"@type\":\"EntryPoint\",\"urlTemplate\":\"https:\/\/www.visit-ulcinj.com\/blog\/?s={search_term_string}\"},\"query-input\":\"required name=search_term_string\"}],\"inLanguage\":\"en-US\"},{\"@type\":\"ImageObject\",\"inLanguage\":\"en-US\",\"@id\":\"https:\/\/www.visit-ulcinj.com\/blog\/2013\/12\/19\/draga-komuna-e-ulqinit-ne-hall-borxhet-e-trasheguara\/#primaryimage\",\"url\":\"https:\/\/www.visit-ulcinj.com\/blog\/wp-content\/uploads\/2013\/12\/Nail-Draga.jpg\",\"contentUrl\":\"https:\/\/www.visit-ulcinj.com\/blog\/wp-content\/uploads\/2013\/12\/Nail-Draga.jpg\",\"width\":933,\"height\":659},{\"@type\":\"WebPage\",\"@id\":\"https:\/\/www.visit-ulcinj.com\/blog\/2013\/12\/19\/draga-komuna-e-ulqinit-ne-hall-borxhet-e-trasheguara\/#webpage\",\"url\":\"https:\/\/www.visit-ulcinj.com\/blog\/2013\/12\/19\/draga-komuna-e-ulqinit-ne-hall-borxhet-e-trasheguara\/\",\"name\":\"Draga: Komuna e Ulqinit n\u00eb hall me borxhet e trash\u00ebguara - Lajme nga Ulqini\",\"isPartOf\":{\"@id\":\"https:\/\/www.visit-ulcinj.com\/blog\/#website\"},\"primaryImageOfPage\":{\"@id\":\"https:\/\/www.visit-ulcinj.com\/blog\/2013\/12\/19\/draga-komuna-e-ulqinit-ne-hall-borxhet-e-trasheguara\/#primaryimage\"},\"datePublished\":\"2013-12-19T16:16:14+00:00\",\"dateModified\":\"2013-12-21T15:09:35+00:00\",\"author\":{\"@id\":\"https:\/\/www.visit-ulcinj.com\/blog\/#\/schema\/person\/dcab619c614d3038751c63bc2aadc06d\"},\"description\":\"JP CENTAR ZA KULTURU NP QENDRA E KULTUR\u00cbS Ulcinj-Ulqin Br.\/Nr. 19.12.3013 \u00a0 Kumtes\u00eb p\u00ebr media Problemet financiare n\u00eb Qendr\u00ebn e Kultur\u00ebs nuk jan\u00eb t\u00eb koh\u00ebs\",\"breadcrumb\":{\"@id\":\"https:\/\/www.visit-ulcinj.com\/blog\/2013\/12\/19\/draga-komuna-e-ulqinit-ne-hall-borxhet-e-trasheguara\/#breadcrumb\"},\"inLanguage\":\"en-US\",\"potentialAction\":[{\"@type\":\"ReadAction\",\"target\":[\"https:\/\/www.visit-ulcinj.com\/blog\/2013\/12\/19\/draga-komuna-e-ulqinit-ne-hall-borxhet-e-trasheguara\/\"]}]},{\"@type\":\"BreadcrumbList\",\"@id\":\"https:\/\/www.visit-ulcinj.com\/blog\/2013\/12\/19\/draga-komuna-e-ulqinit-ne-hall-borxhet-e-trasheguara\/#breadcrumb\",\"itemListElement\":[{\"@type\":\"ListItem\",\"position\":1,\"name\":\"Draga: Komuna e Ulqinit n\u00eb hall me borxhet e trash\u00ebguara\"}]},{\"@type\":\"Person\",\"@id\":\"https:\/\/www.visit-ulcinj.com\/blog\/#\/schema\/person\/dcab619c614d3038751c63bc2aadc06d\",\"name\":\"ulqini\",\"sameAs\":[\"http:\/\/www.visit-ulcinj.com\"],\"url\":\"https:\/\/www.visit-ulcinj.com\/blog\/author\/admin\/\"}]}<\/script>\n<!-- \/ Yoast SEO plugin. -->","yoast_head_json":{"title":"Draga: Komuna e Ulqinit n\u00eb hall me borxhet e trash\u00ebguara - Lajme nga Ulqini","description":"JP CENTAR ZA KULTURU NP QENDRA E KULTUR\u00cbS Ulcinj-Ulqin Br.\/Nr. 19.12.3013 \u00a0 Kumtes\u00eb p\u00ebr media Problemet financiare n\u00eb Qendr\u00ebn e Kultur\u00ebs nuk jan\u00eb t\u00eb koh\u00ebs","robots":{"index":"index","follow":"follow","max-snippet":"max-snippet:-1","max-image-preview":"max-image-preview:large","max-video-preview":"max-video-preview:-1"},"canonical":"https:\/\/www.visit-ulcinj.com\/blog\/2013\/12\/19\/draga-komuna-e-ulqinit-ne-hall-borxhet-e-trasheguara\/","og_locale":"en_US","og_type":"article","og_title":"Draga: Komuna e Ulqinit n\u00eb hall me borxhet e trash\u00ebguara - Lajme nga Ulqini","og_description":"JP CENTAR ZA KULTURU NP QENDRA E KULTUR\u00cbS Ulcinj-Ulqin Br.\/Nr. 19.12.3013 \u00a0 Kumtes\u00eb p\u00ebr media Problemet financiare n\u00eb Qendr\u00ebn e Kultur\u00ebs nuk jan\u00eb t\u00eb koh\u00ebs","og_url":"https:\/\/www.visit-ulcinj.com\/blog\/2013\/12\/19\/draga-komuna-e-ulqinit-ne-hall-borxhet-e-trasheguara\/","og_site_name":"Lajme nga Ulqini","article_published_time":"2013-12-19T16:16:14+00:00","article_modified_time":"2013-12-21T15:09:35+00:00","og_image":[{"url":"http:\/\/www.visit-ulcinj.com\/blog\/wp-content\/uploads\/2013\/12\/Nail-Draga.jpg"}],"twitter_misc":{"Written by":"ulqini","Est. reading time":"2 minutes"},"schema":{"@context":"https:\/\/schema.org","@graph":[{"@type":"WebSite","@id":"https:\/\/www.visit-ulcinj.com\/blog\/#website","url":"https:\/\/www.visit-ulcinj.com\/blog\/","name":"Lajme nga Ulqini","description":"Lajme,Vijesti,Ulqini,Ulqin,Crna Gora,Mali i Zi","potentialAction":[{"@type":"SearchAction","target":{"@type":"EntryPoint","urlTemplate":"https:\/\/www.visit-ulcinj.com\/blog\/?s={search_term_string}"},"query-input":"required name=search_term_string"}],"inLanguage":"en-US"},{"@type":"ImageObject","inLanguage":"en-US","@id":"https:\/\/www.visit-ulcinj.com\/blog\/2013\/12\/19\/draga-komuna-e-ulqinit-ne-hall-borxhet-e-trasheguara\/#primaryimage","url":"https:\/\/www.visit-ulcinj.com\/blog\/wp-content\/uploads\/2013\/12\/Nail-Draga.jpg","contentUrl":"https:\/\/www.visit-ulcinj.com\/blog\/wp-content\/uploads\/2013\/12\/Nail-Draga.jpg","width":933,"height":659},{"@type":"WebPage","@id":"https:\/\/www.visit-ulcinj.com\/blog\/2013\/12\/19\/draga-komuna-e-ulqinit-ne-hall-borxhet-e-trasheguara\/#webpage","url":"https:\/\/www.visit-ulcinj.com\/blog\/2013\/12\/19\/draga-komuna-e-ulqinit-ne-hall-borxhet-e-trasheguara\/","name":"Draga: Komuna e Ulqinit n\u00eb hall me borxhet e trash\u00ebguara - Lajme nga Ulqini","isPartOf":{"@id":"https:\/\/www.visit-ulcinj.com\/blog\/#website"},"primaryImageOfPage":{"@id":"https:\/\/www.visit-ulcinj.com\/blog\/2013\/12\/19\/draga-komuna-e-ulqinit-ne-hall-borxhet-e-trasheguara\/#primaryimage"},"datePublished":"2013-12-19T16:16:14+00:00","dateModified":"2013-12-21T15:09:35+00:00","author":{"@id":"https:\/\/www.visit-ulcinj.com\/blog\/#\/schema\/person\/dcab619c614d3038751c63bc2aadc06d"},"description":"JP CENTAR ZA KULTURU NP QENDRA E KULTUR\u00cbS Ulcinj-Ulqin Br.\/Nr. 19.12.3013 \u00a0 Kumtes\u00eb p\u00ebr media Problemet financiare n\u00eb Qendr\u00ebn e Kultur\u00ebs nuk jan\u00eb t\u00eb koh\u00ebs","breadcrumb":{"@id":"https:\/\/www.visit-ulcinj.com\/blog\/2013\/12\/19\/draga-komuna-e-ulqinit-ne-hall-borxhet-e-trasheguara\/#breadcrumb"},"inLanguage":"en-US","potentialAction":[{"@type":"ReadAction","target":["https:\/\/www.visit-ulcinj.com\/blog\/2013\/12\/19\/draga-komuna-e-ulqinit-ne-hall-borxhet-e-trasheguara\/"]}]},{"@type":"BreadcrumbList","@id":"https:\/\/www.visit-ulcinj.com\/blog\/2013\/12\/19\/draga-komuna-e-ulqinit-ne-hall-borxhet-e-trasheguara\/#breadcrumb","itemListElement":[{"@type":"ListItem","position":1,"name":"Draga: Komuna e Ulqinit n\u00eb hall me borxhet e trash\u00ebguara"}]},{"@type":"Person","@id":"https:\/\/www.visit-ulcinj.com\/blog\/#\/schema\/person\/dcab619c614d3038751c63bc2aadc06d","name":"ulqini","sameAs":["http:\/\/www.visit-ulcinj.com"],"url":"https:\/\/www.visit-ulcinj.com\/blog\/author\/admin\/"}]}},"jetpack_featured_media_url":"","jetpack_sharing_enabled":true,"jetpack_shortlink":"https:\/\/wp.me\/pe6lTn-k7f","_links":{"self":[{"href":"https:\/\/www.visit-ulcinj.com\/blog\/wp-json\/wp\/v2\/posts\/77329"}],"collection":[{"href":"https:\/\/www.visit-ulcinj.com\/blog\/wp-json\/wp\/v2\/posts"}],"about":[{"href":"https:\/\/www.visit-ulcinj.com\/blog\/wp-json\/wp\/v2\/types\/post"}],"author":[{"embeddable":true,"href":"https:\/\/www.visit-ulcinj.com\/blog\/wp-json\/wp\/v2\/users\/1"}],"replies":[{"embeddable":true,"href":"https:\/\/www.visit-ulcinj.com\/blog\/wp-json\/wp\/v2\/comments?post=77329"}],"version-history":[{"count":2,"href":"https:\/\/www.visit-ulcinj.com\/blog\/wp-json\/wp\/v2\/posts\/77329\/revisions"}],"predecessor-version":[{"id":77344,"href":"https:\/\/www.visit-ulcinj.com\/blog\/wp-json\/wp\/v2\/posts\/77329\/revisions\/77344"}],"wp:attachment":[{"href":"https:\/\/www.visit-ulcinj.com\/blog\/wp-json\/wp\/v2\/media?parent=77329"}],"wp:term":[{"taxonomy":"category","embeddable":true,"href":"https:\/\/www.visit-ulcinj.com\/blog\/wp-json\/wp\/v2\/categories?post=77329"},{"taxonomy":"post_tag","embeddable":true,"href":"https:\/\/www.visit-ulcinj.com\/blog\/wp-json\/wp\/v2\/tags?post=77329"}],"curies":[{"name":"wp","href":"https:\/\/api.w.org\/{rel}","templated":true}]}}