{"id":77333,"date":"2013-12-19T17:27:52","date_gmt":"2013-12-19T16:27:52","guid":{"rendered":"http:\/\/www.visit-ulcinj.com\/blog\/?p=77333"},"modified":"2013-12-19T17:27:52","modified_gmt":"2013-12-19T16:27:52","slug":"draga-glavni-problem-je-naslijedeni-dug-opstine-ulcinj","status":"publish","type":"post","link":"https:\/\/www.visit-ulcinj.com\/blog\/2013\/12\/19\/draga-glavni-problem-je-naslijedeni-dug-opstine-ulcinj\/","title":{"rendered":"Draga: Glavni problem je naslije\u0111eni dug Op\u0161tine Ulcinj"},"content":{"rendered":"<p><b><a href=\"http:\/\/www.visit-ulcinj.com\/blog\/wp-content\/uploads\/2013\/12\/Nail-Draga-1.jpg\"><img loading=\"lazy\" class=\"alignleft  wp-image-77334\" alt=\"Nail-Draga-1\" src=\"http:\/\/www.visit-ulcinj.com\/blog\/wp-content\/uploads\/2013\/12\/Nail-Draga-1.jpg\" width=\"508\" height=\"360\" \/><\/a>JP CENTAR ZA KULTURU<\/b><\/p>\n<p><b>NP QENDRA E KULTUR<\/b><b>\u00cb<\/b><b>S<\/b><\/p>\n<p><b>Ulcinj-Ulqin<\/b><\/p>\n<p><b>Br.\/Nr.<\/b><\/p>\n<p><b>19.12.3013<\/b><\/p>\n<p><b>\u00a0<\/b><\/p>\n<p align=\"center\"><b>S<\/b><b>aop\u0161tenje za medije<\/b><\/p>\n<p>Kao je \u0161to poznato finansijski problemi Centra za kulturu nijesu novijeg vremena, jer oni nastavljaju godinama i kao takvi su prisutni i\u00a0 danas. Od kada sam uzeo du\u017enost direktora ove ustanove 01.11.2011.godine, zaposleni u Centru su bili u minusu 8 plata i bez upla\u0107ivanja poreza i doprinosa od 01.9.2010.godine. Iako osniva\u010d-Op\u0161tina Ulcinj je poku\u0161ala da elimini\u0161e taj dug na\u017ealost on \u00a0je ostao isti. Ali, poslije \u0161trajka zaposlenih u organizaciji Sindikalne organizacije zaposlenima je upla\u0107eno 4 plate, i u ovom momentu osniva\u010d nam duguje jo\u0161 4 plate.<\/p>\n<p>Poseban problem za Centar predstavlaju naslijedjeni dugovi od prethodne parlamentare lokalne ve\u0107ine koje su realizovani prije novembra 2011.godine.<\/p>\n<p>Ovako smo naslijedili dug vode za period od 22 godine\u00a0 u iznosu od <b>27.948 <\/b><b>euro<\/b>, prema Vodovodu i kanalizaciji. Takodje smo naslijedili dug za potro\u0161enu elektri\u010dnu energiju u iznosu od <b>40.000 <\/b><b>eura<\/b>, a zadnja uplata struje je bila u 2008.godini. Poseban dug predstavlja za \u010dlanove Upravnog Odbora za period od 2007-2011.godine u iznosu od <b>39.300 <\/b><b>eura<\/b>. Takodje smo nasledili I dug za hotel Albatros od <b>9.173 euro.<\/b> Takodje informi\u0161em javnost da u medjuvremenu se vodi sudski postupak sa nekim pravnim subjektima i individima koje tra\u017ee svoje dugove, gdje iz tog razloga ove godine \u017eiro-ra\u010dun Centra dva puta je bio u blokadi.<\/p>\n<p>Informi\u0161emo javnost da Op\u0161tina je preuzela da naplati poreze i doprinose za zapoljene u Centru, pa tro\u0161keve elektri\u010dne energije, naknade \u010dlanovima Upravnog odbora kao i hotelski smje\u0161taj. Takodje\u00a0 Op\u0161tina je pokrivala tro\u0161keve organizacije <b>Festivala pjesme za djecu, Sajma knjiga, Letnje scene <\/b>i drugih kulturnih manifestacija.<\/p>\n<p>Ovim povodom isti\u010dem da od strane Ministarstva Kulture ove godine nije finansiran Festival \u2013ljetnja scena-Ulcinj 2013, iako smo konkurisali u objavlenom konkursu, \u0161to predstavlja poseban slu\u010daj.<\/p>\n<p>I na kraju u vezi pripreme bud\u017eeta Op\u0161tine za 2014.godinu, tra\u017ei\u0107emo da se ozbiljno tretiraju na\u0161i zahtjevi, da bud\u017eet mora biti ve\u0107i za Centar, jer samo na taj na\u010din postoji mogu\u0107nost da se elimini\u0161u finansijske anomalije iz pro\u0161log perioda. Takodje isti\u010demo da\u00a0 Centar za kulturu razlikuje se od drugih ustanova koje je osnivala Op\u0161tina, jer se ona finansira sto po sto od bud\u017eeta op\u0161tine, jer po zakonu\u00a0\u00a0 kultura je neprofitabilna\u00a0 djelatnost.<\/p>\n<p>&nbsp;<\/p>\n<p align=\"right\">Direktor<\/p>\n<p align=\"right\"><b>Dr.Nail\u00a0 Draga<\/b><\/p>\n","protected":false},"excerpt":{"rendered":"<p>JP CENTAR ZA KULTURU NP QENDRA E KULTUR\u00cbS Ulcinj-Ulqin Br.\/Nr. 19.12.3013 \u00a0 Saop\u0161tenje za medije Kao je \u0161to poznato finansijski problemi Centra za kulturu nijesu novijeg vremena, jer oni nastavljaju godinama i kao takvi su prisutni i\u00a0 danas. Od kada sam uzeo du\u017enost direktora ove ustanove 01.11.2011.godine, zaposleni u Centru su bili u minusu 8 [&hellip;]<\/p>\n","protected":false},"author":1,"featured_media":0,"comment_status":"closed","ping_status":"closed","sticky":false,"template":"","format":"standard","meta":{"spay_email":"","jetpack_publicize_message":"","jetpack_is_tweetstorm":false,"jetpack_publicize_feature_enabled":true},"categories":[8337],"tags":[],"jetpack_publicize_connections":[],"yoast_head":"<!-- This site is optimized with the Yoast SEO plugin v19.1 - https:\/\/yoast.com\/wordpress\/plugins\/seo\/ -->\n<title>Draga: Glavni problem je naslije\u0111eni dug Op\u0161tine Ulcinj - Lajme nga Ulqini<\/title>\n<meta name=\"description\" content=\"JP CENTAR ZA KULTURU NP QENDRA E KULTUR\u00cbS Ulcinj-Ulqin Br.\/Nr. 19.12.3013 \u00a0 Saop\u0161tenje za medije Kao je \u0161to poznato finansijski problemi Centra za kulturu\" \/>\n<meta name=\"robots\" content=\"index, follow, max-snippet:-1, max-image-preview:large, max-video-preview:-1\" \/>\n<link rel=\"canonical\" href=\"https:\/\/www.visit-ulcinj.com\/blog\/2013\/12\/19\/draga-glavni-problem-je-naslijedeni-dug-opstine-ulcinj\/\" \/>\n<meta property=\"og:locale\" content=\"en_US\" \/>\n<meta property=\"og:type\" content=\"article\" \/>\n<meta property=\"og:title\" content=\"Draga: Glavni problem je naslije\u0111eni dug Op\u0161tine Ulcinj - Lajme nga Ulqini\" \/>\n<meta property=\"og:description\" content=\"JP CENTAR ZA KULTURU NP QENDRA E KULTUR\u00cbS Ulcinj-Ulqin Br.\/Nr. 19.12.3013 \u00a0 Saop\u0161tenje za medije Kao je \u0161to poznato finansijski problemi Centra za kulturu\" \/>\n<meta property=\"og:url\" content=\"https:\/\/www.visit-ulcinj.com\/blog\/2013\/12\/19\/draga-glavni-problem-je-naslijedeni-dug-opstine-ulcinj\/\" \/>\n<meta property=\"og:site_name\" content=\"Lajme nga Ulqini\" \/>\n<meta property=\"article:published_time\" content=\"2013-12-19T16:27:52+00:00\" \/>\n<meta property=\"og:image\" content=\"http:\/\/www.visit-ulcinj.com\/blog\/wp-content\/uploads\/2013\/12\/Nail-Draga-1.jpg\" \/>\n<meta name=\"twitter:label1\" content=\"Written by\" \/>\n\t<meta name=\"twitter:data1\" content=\"ulqini\" \/>\n\t<meta name=\"twitter:label2\" content=\"Est. reading time\" \/>\n\t<meta name=\"twitter:data2\" content=\"2 minutes\" \/>\n<script type=\"application\/ld+json\" class=\"yoast-schema-graph\">{\"@context\":\"https:\/\/schema.org\",\"@graph\":[{\"@type\":\"WebSite\",\"@id\":\"https:\/\/www.visit-ulcinj.com\/blog\/#website\",\"url\":\"https:\/\/www.visit-ulcinj.com\/blog\/\",\"name\":\"Lajme nga Ulqini\",\"description\":\"Lajme,Vijesti,Ulqini,Ulqin,Crna Gora,Mali i Zi\",\"potentialAction\":[{\"@type\":\"SearchAction\",\"target\":{\"@type\":\"EntryPoint\",\"urlTemplate\":\"https:\/\/www.visit-ulcinj.com\/blog\/?s={search_term_string}\"},\"query-input\":\"required name=search_term_string\"}],\"inLanguage\":\"en-US\"},{\"@type\":\"ImageObject\",\"inLanguage\":\"en-US\",\"@id\":\"https:\/\/www.visit-ulcinj.com\/blog\/2013\/12\/19\/draga-glavni-problem-je-naslijedeni-dug-opstine-ulcinj\/#primaryimage\",\"url\":\"https:\/\/www.visit-ulcinj.com\/blog\/wp-content\/uploads\/2013\/12\/Nail-Draga-1.jpg\",\"contentUrl\":\"https:\/\/www.visit-ulcinj.com\/blog\/wp-content\/uploads\/2013\/12\/Nail-Draga-1.jpg\",\"width\":960,\"height\":720},{\"@type\":\"WebPage\",\"@id\":\"https:\/\/www.visit-ulcinj.com\/blog\/2013\/12\/19\/draga-glavni-problem-je-naslijedeni-dug-opstine-ulcinj\/#webpage\",\"url\":\"https:\/\/www.visit-ulcinj.com\/blog\/2013\/12\/19\/draga-glavni-problem-je-naslijedeni-dug-opstine-ulcinj\/\",\"name\":\"Draga: Glavni problem je naslije\u0111eni dug Op\u0161tine Ulcinj - Lajme nga Ulqini\",\"isPartOf\":{\"@id\":\"https:\/\/www.visit-ulcinj.com\/blog\/#website\"},\"primaryImageOfPage\":{\"@id\":\"https:\/\/www.visit-ulcinj.com\/blog\/2013\/12\/19\/draga-glavni-problem-je-naslijedeni-dug-opstine-ulcinj\/#primaryimage\"},\"datePublished\":\"2013-12-19T16:27:52+00:00\",\"dateModified\":\"2013-12-19T16:27:52+00:00\",\"author\":{\"@id\":\"https:\/\/www.visit-ulcinj.com\/blog\/#\/schema\/person\/dcab619c614d3038751c63bc2aadc06d\"},\"description\":\"JP CENTAR ZA KULTURU NP QENDRA E KULTUR\u00cbS Ulcinj-Ulqin Br.\/Nr. 19.12.3013 \u00a0 Saop\u0161tenje za medije Kao je \u0161to poznato finansijski problemi Centra za kulturu\",\"breadcrumb\":{\"@id\":\"https:\/\/www.visit-ulcinj.com\/blog\/2013\/12\/19\/draga-glavni-problem-je-naslijedeni-dug-opstine-ulcinj\/#breadcrumb\"},\"inLanguage\":\"en-US\",\"potentialAction\":[{\"@type\":\"ReadAction\",\"target\":[\"https:\/\/www.visit-ulcinj.com\/blog\/2013\/12\/19\/draga-glavni-problem-je-naslijedeni-dug-opstine-ulcinj\/\"]}]},{\"@type\":\"BreadcrumbList\",\"@id\":\"https:\/\/www.visit-ulcinj.com\/blog\/2013\/12\/19\/draga-glavni-problem-je-naslijedeni-dug-opstine-ulcinj\/#breadcrumb\",\"itemListElement\":[{\"@type\":\"ListItem\",\"position\":1,\"name\":\"Draga: Glavni problem je naslije\u0111eni dug Op\u0161tine Ulcinj\"}]},{\"@type\":\"Person\",\"@id\":\"https:\/\/www.visit-ulcinj.com\/blog\/#\/schema\/person\/dcab619c614d3038751c63bc2aadc06d\",\"name\":\"ulqini\",\"sameAs\":[\"http:\/\/www.visit-ulcinj.com\"],\"url\":\"https:\/\/www.visit-ulcinj.com\/blog\/author\/admin\/\"}]}<\/script>\n<!-- \/ Yoast SEO plugin. -->","yoast_head_json":{"title":"Draga: Glavni problem je naslije\u0111eni dug Op\u0161tine Ulcinj - Lajme nga Ulqini","description":"JP CENTAR ZA KULTURU NP QENDRA E KULTUR\u00cbS Ulcinj-Ulqin Br.\/Nr. 19.12.3013 \u00a0 Saop\u0161tenje za medije Kao je \u0161to poznato finansijski problemi Centra za kulturu","robots":{"index":"index","follow":"follow","max-snippet":"max-snippet:-1","max-image-preview":"max-image-preview:large","max-video-preview":"max-video-preview:-1"},"canonical":"https:\/\/www.visit-ulcinj.com\/blog\/2013\/12\/19\/draga-glavni-problem-je-naslijedeni-dug-opstine-ulcinj\/","og_locale":"en_US","og_type":"article","og_title":"Draga: Glavni problem je naslije\u0111eni dug Op\u0161tine Ulcinj - Lajme nga Ulqini","og_description":"JP CENTAR ZA KULTURU NP QENDRA E KULTUR\u00cbS Ulcinj-Ulqin Br.\/Nr. 19.12.3013 \u00a0 Saop\u0161tenje za medije Kao je \u0161to poznato finansijski problemi Centra za kulturu","og_url":"https:\/\/www.visit-ulcinj.com\/blog\/2013\/12\/19\/draga-glavni-problem-je-naslijedeni-dug-opstine-ulcinj\/","og_site_name":"Lajme nga Ulqini","article_published_time":"2013-12-19T16:27:52+00:00","og_image":[{"url":"http:\/\/www.visit-ulcinj.com\/blog\/wp-content\/uploads\/2013\/12\/Nail-Draga-1.jpg"}],"twitter_misc":{"Written by":"ulqini","Est. reading time":"2 minutes"},"schema":{"@context":"https:\/\/schema.org","@graph":[{"@type":"WebSite","@id":"https:\/\/www.visit-ulcinj.com\/blog\/#website","url":"https:\/\/www.visit-ulcinj.com\/blog\/","name":"Lajme nga Ulqini","description":"Lajme,Vijesti,Ulqini,Ulqin,Crna Gora,Mali i Zi","potentialAction":[{"@type":"SearchAction","target":{"@type":"EntryPoint","urlTemplate":"https:\/\/www.visit-ulcinj.com\/blog\/?s={search_term_string}"},"query-input":"required name=search_term_string"}],"inLanguage":"en-US"},{"@type":"ImageObject","inLanguage":"en-US","@id":"https:\/\/www.visit-ulcinj.com\/blog\/2013\/12\/19\/draga-glavni-problem-je-naslijedeni-dug-opstine-ulcinj\/#primaryimage","url":"https:\/\/www.visit-ulcinj.com\/blog\/wp-content\/uploads\/2013\/12\/Nail-Draga-1.jpg","contentUrl":"https:\/\/www.visit-ulcinj.com\/blog\/wp-content\/uploads\/2013\/12\/Nail-Draga-1.jpg","width":960,"height":720},{"@type":"WebPage","@id":"https:\/\/www.visit-ulcinj.com\/blog\/2013\/12\/19\/draga-glavni-problem-je-naslijedeni-dug-opstine-ulcinj\/#webpage","url":"https:\/\/www.visit-ulcinj.com\/blog\/2013\/12\/19\/draga-glavni-problem-je-naslijedeni-dug-opstine-ulcinj\/","name":"Draga: Glavni problem je naslije\u0111eni dug Op\u0161tine Ulcinj - Lajme nga Ulqini","isPartOf":{"@id":"https:\/\/www.visit-ulcinj.com\/blog\/#website"},"primaryImageOfPage":{"@id":"https:\/\/www.visit-ulcinj.com\/blog\/2013\/12\/19\/draga-glavni-problem-je-naslijedeni-dug-opstine-ulcinj\/#primaryimage"},"datePublished":"2013-12-19T16:27:52+00:00","dateModified":"2013-12-19T16:27:52+00:00","author":{"@id":"https:\/\/www.visit-ulcinj.com\/blog\/#\/schema\/person\/dcab619c614d3038751c63bc2aadc06d"},"description":"JP CENTAR ZA KULTURU NP QENDRA E KULTUR\u00cbS Ulcinj-Ulqin Br.\/Nr. 19.12.3013 \u00a0 Saop\u0161tenje za medije Kao je \u0161to poznato finansijski problemi Centra za kulturu","breadcrumb":{"@id":"https:\/\/www.visit-ulcinj.com\/blog\/2013\/12\/19\/draga-glavni-problem-je-naslijedeni-dug-opstine-ulcinj\/#breadcrumb"},"inLanguage":"en-US","potentialAction":[{"@type":"ReadAction","target":["https:\/\/www.visit-ulcinj.com\/blog\/2013\/12\/19\/draga-glavni-problem-je-naslijedeni-dug-opstine-ulcinj\/"]}]},{"@type":"BreadcrumbList","@id":"https:\/\/www.visit-ulcinj.com\/blog\/2013\/12\/19\/draga-glavni-problem-je-naslijedeni-dug-opstine-ulcinj\/#breadcrumb","itemListElement":[{"@type":"ListItem","position":1,"name":"Draga: Glavni problem je naslije\u0111eni dug Op\u0161tine Ulcinj"}]},{"@type":"Person","@id":"https:\/\/www.visit-ulcinj.com\/blog\/#\/schema\/person\/dcab619c614d3038751c63bc2aadc06d","name":"ulqini","sameAs":["http:\/\/www.visit-ulcinj.com"],"url":"https:\/\/www.visit-ulcinj.com\/blog\/author\/admin\/"}]}},"jetpack_featured_media_url":"","jetpack_sharing_enabled":true,"jetpack_shortlink":"https:\/\/wp.me\/pe6lTn-k7j","_links":{"self":[{"href":"https:\/\/www.visit-ulcinj.com\/blog\/wp-json\/wp\/v2\/posts\/77333"}],"collection":[{"href":"https:\/\/www.visit-ulcinj.com\/blog\/wp-json\/wp\/v2\/posts"}],"about":[{"href":"https:\/\/www.visit-ulcinj.com\/blog\/wp-json\/wp\/v2\/types\/post"}],"author":[{"embeddable":true,"href":"https:\/\/www.visit-ulcinj.com\/blog\/wp-json\/wp\/v2\/users\/1"}],"replies":[{"embeddable":true,"href":"https:\/\/www.visit-ulcinj.com\/blog\/wp-json\/wp\/v2\/comments?post=77333"}],"version-history":[{"count":1,"href":"https:\/\/www.visit-ulcinj.com\/blog\/wp-json\/wp\/v2\/posts\/77333\/revisions"}],"predecessor-version":[{"id":77335,"href":"https:\/\/www.visit-ulcinj.com\/blog\/wp-json\/wp\/v2\/posts\/77333\/revisions\/77335"}],"wp:attachment":[{"href":"https:\/\/www.visit-ulcinj.com\/blog\/wp-json\/wp\/v2\/media?parent=77333"}],"wp:term":[{"taxonomy":"category","embeddable":true,"href":"https:\/\/www.visit-ulcinj.com\/blog\/wp-json\/wp\/v2\/categories?post=77333"},{"taxonomy":"post_tag","embeddable":true,"href":"https:\/\/www.visit-ulcinj.com\/blog\/wp-json\/wp\/v2\/tags?post=77333"}],"curies":[{"name":"wp","href":"https:\/\/api.w.org\/{rel}","templated":true}]}}