{"id":77336,"date":"2013-12-19T17:44:25","date_gmt":"2013-12-19T16:44:25","guid":{"rendered":"http:\/\/www.visit-ulcinj.com\/blog\/?p=77336"},"modified":"2013-12-20T19:37:19","modified_gmt":"2013-12-20T18:37:19","slug":"ftese-per-pjesemarrje-ne-koktej-nga-partia-demokratike-22-12-2013","status":"publish","type":"post","link":"https:\/\/www.visit-ulcinj.com\/blog\/2013\/12\/19\/ftese-per-pjesemarrje-ne-koktej-nga-partia-demokratike-22-12-2013\/","title":{"rendered":"Ftes\u00eb p\u00ebr pjes\u00ebmarrje n\u00eb koktej nga Partia Demokratike m\u00eb 22.12.2013"},"content":{"rendered":"<p><a href=\"http:\/\/www.visit-ulcinj.com\/blog\/wp-content\/uploads\/2013\/12\/Koktej-nga-Partia-Demokratike-m\u00eb-22.12.2013.jpg\"><img loading=\"lazy\" class=\"alignleft  wp-image-77337\" alt=\"Koktej nga Partia Demokratike m\u00eb 22.12.2013\" src=\"http:\/\/www.visit-ulcinj.com\/blog\/wp-content\/uploads\/2013\/12\/Koktej-nga-Partia-Demokratike-m\u00eb-22.12.2013.jpg\" width=\"508\" height=\"360\" \/><\/a>T\u00eb nderuar,<\/p>\n<p>Partia Demokratike ka nderin dhe privilegjin t\u2019ju ftoj n\u00eb nj\u00eb koktej rasti q\u00eb do t\u00eb organizohet me rastin e dy vjetorit t\u00eb themelimit dhe me rastin e festave te fundvitit fton gjithe simpatizuesit e saj.<\/p>\n<p>Kokteji do t\u00eb organizohet n\u00eb ambientet e Hotel &#8220;Bellevue&#8221;, m\u00eb dat\u00eb 22 dhjetor 2013 (e diel), n\u00eb ora 19:00.<\/p>\n<p>Ju mir\u00ebpresim<\/p>\n","protected":false},"excerpt":{"rendered":"<p>T\u00eb nderuar, Partia Demokratike ka nderin dhe privilegjin t\u2019ju ftoj n\u00eb nj\u00eb koktej rasti q\u00eb do t\u00eb organizohet me rastin e dy vjetorit t\u00eb themelimit dhe me rastin e festave te fundvitit fton gjithe simpatizuesit e saj. Kokteji do t\u00eb organizohet n\u00eb ambientet e Hotel &#8220;Bellevue&#8221;, m\u00eb dat\u00eb 22 dhjetor 2013 (e diel), n\u00eb ora [&hellip;]<\/p>\n","protected":false},"author":1,"featured_media":0,"comment_status":"closed","ping_status":"closed","sticky":false,"template":"","format":"standard","meta":{"spay_email":"","jetpack_publicize_message":"","jetpack_is_tweetstorm":false,"jetpack_publicize_feature_enabled":true},"categories":[6950,13],"tags":[],"jetpack_publicize_connections":[],"yoast_head":"<!-- This site is optimized with the Yoast SEO plugin v19.1 - https:\/\/yoast.com\/wordpress\/plugins\/seo\/ -->\n<title>Ftes\u00eb p\u00ebr pjes\u00ebmarrje n\u00eb koktej nga Partia Demokratike m\u00eb 22.12.2013 - Lajme nga Ulqini<\/title>\n<meta name=\"description\" content=\"T\u00eb nderuar, Partia Demokratike ka nderin dhe privilegjin t\u2019ju ftoj n\u00eb nj\u00eb koktej rasti q\u00eb do t\u00eb organizohet me rastin e dy vjetorit t\u00eb themelimit dhe me\" \/>\n<meta name=\"robots\" content=\"index, follow, max-snippet:-1, max-image-preview:large, max-video-preview:-1\" \/>\n<link rel=\"canonical\" href=\"https:\/\/www.visit-ulcinj.com\/blog\/2013\/12\/19\/ftese-per-pjesemarrje-ne-koktej-nga-partia-demokratike-22-12-2013\/\" \/>\n<meta property=\"og:locale\" content=\"en_US\" \/>\n<meta property=\"og:type\" content=\"article\" \/>\n<meta property=\"og:title\" content=\"Ftes\u00eb p\u00ebr pjes\u00ebmarrje n\u00eb koktej nga Partia Demokratike m\u00eb 22.12.2013 - Lajme nga Ulqini\" \/>\n<meta property=\"og:description\" content=\"T\u00eb nderuar, Partia Demokratike ka nderin dhe privilegjin t\u2019ju ftoj n\u00eb nj\u00eb koktej rasti q\u00eb do t\u00eb organizohet me rastin e dy vjetorit t\u00eb themelimit dhe me\" \/>\n<meta property=\"og:url\" content=\"https:\/\/www.visit-ulcinj.com\/blog\/2013\/12\/19\/ftese-per-pjesemarrje-ne-koktej-nga-partia-demokratike-22-12-2013\/\" \/>\n<meta property=\"og:site_name\" content=\"Lajme nga Ulqini\" \/>\n<meta property=\"article:published_time\" content=\"2013-12-19T16:44:25+00:00\" \/>\n<meta property=\"article:modified_time\" content=\"2013-12-20T18:37:19+00:00\" \/>\n<meta name=\"twitter:label1\" content=\"Written by\" \/>\n\t<meta name=\"twitter:data1\" content=\"ulqini\" \/>\n<script type=\"application\/ld+json\" class=\"yoast-schema-graph\">{\"@context\":\"https:\/\/schema.org\",\"@graph\":[{\"@type\":\"WebSite\",\"@id\":\"https:\/\/www.visit-ulcinj.com\/blog\/#website\",\"url\":\"https:\/\/www.visit-ulcinj.com\/blog\/\",\"name\":\"Lajme nga Ulqini\",\"description\":\"Lajme,Vijesti,Ulqini,Ulqin,Crna Gora,Mali i Zi\",\"potentialAction\":[{\"@type\":\"SearchAction\",\"target\":{\"@type\":\"EntryPoint\",\"urlTemplate\":\"https:\/\/www.visit-ulcinj.com\/blog\/?s={search_term_string}\"},\"query-input\":\"required name=search_term_string\"}],\"inLanguage\":\"en-US\"},{\"@type\":\"WebPage\",\"@id\":\"https:\/\/www.visit-ulcinj.com\/blog\/2013\/12\/19\/ftese-per-pjesemarrje-ne-koktej-nga-partia-demokratike-22-12-2013\/#webpage\",\"url\":\"https:\/\/www.visit-ulcinj.com\/blog\/2013\/12\/19\/ftese-per-pjesemarrje-ne-koktej-nga-partia-demokratike-22-12-2013\/\",\"name\":\"Ftes\u00eb p\u00ebr pjes\u00ebmarrje n\u00eb koktej nga Partia Demokratike m\u00eb 22.12.2013 - Lajme nga Ulqini\",\"isPartOf\":{\"@id\":\"https:\/\/www.visit-ulcinj.com\/blog\/#website\"},\"datePublished\":\"2013-12-19T16:44:25+00:00\",\"dateModified\":\"2013-12-20T18:37:19+00:00\",\"author\":{\"@id\":\"https:\/\/www.visit-ulcinj.com\/blog\/#\/schema\/person\/dcab619c614d3038751c63bc2aadc06d\"},\"description\":\"T\u00eb nderuar, Partia Demokratike ka nderin dhe privilegjin t\u2019ju ftoj n\u00eb nj\u00eb koktej rasti q\u00eb do t\u00eb organizohet me rastin e dy vjetorit t\u00eb themelimit dhe me\",\"breadcrumb\":{\"@id\":\"https:\/\/www.visit-ulcinj.com\/blog\/2013\/12\/19\/ftese-per-pjesemarrje-ne-koktej-nga-partia-demokratike-22-12-2013\/#breadcrumb\"},\"inLanguage\":\"en-US\",\"potentialAction\":[{\"@type\":\"ReadAction\",\"target\":[\"https:\/\/www.visit-ulcinj.com\/blog\/2013\/12\/19\/ftese-per-pjesemarrje-ne-koktej-nga-partia-demokratike-22-12-2013\/\"]}]},{\"@type\":\"BreadcrumbList\",\"@id\":\"https:\/\/www.visit-ulcinj.com\/blog\/2013\/12\/19\/ftese-per-pjesemarrje-ne-koktej-nga-partia-demokratike-22-12-2013\/#breadcrumb\",\"itemListElement\":[{\"@type\":\"ListItem\",\"position\":1,\"name\":\"Ftes\u00eb p\u00ebr pjes\u00ebmarrje n\u00eb koktej nga Partia Demokratike m\u00eb 22.12.2013\"}]},{\"@type\":\"Person\",\"@id\":\"https:\/\/www.visit-ulcinj.com\/blog\/#\/schema\/person\/dcab619c614d3038751c63bc2aadc06d\",\"name\":\"ulqini\",\"sameAs\":[\"http:\/\/www.visit-ulcinj.com\"],\"url\":\"https:\/\/www.visit-ulcinj.com\/blog\/author\/admin\/\"}]}<\/script>\n<!-- \/ Yoast SEO plugin. -->","yoast_head_json":{"title":"Ftes\u00eb p\u00ebr pjes\u00ebmarrje n\u00eb koktej nga Partia Demokratike m\u00eb 22.12.2013 - Lajme nga Ulqini","description":"T\u00eb nderuar, Partia Demokratike ka nderin dhe privilegjin t\u2019ju ftoj n\u00eb nj\u00eb koktej rasti q\u00eb do t\u00eb organizohet me rastin e dy vjetorit t\u00eb themelimit dhe me","robots":{"index":"index","follow":"follow","max-snippet":"max-snippet:-1","max-image-preview":"max-image-preview:large","max-video-preview":"max-video-preview:-1"},"canonical":"https:\/\/www.visit-ulcinj.com\/blog\/2013\/12\/19\/ftese-per-pjesemarrje-ne-koktej-nga-partia-demokratike-22-12-2013\/","og_locale":"en_US","og_type":"article","og_title":"Ftes\u00eb p\u00ebr pjes\u00ebmarrje n\u00eb koktej nga Partia Demokratike m\u00eb 22.12.2013 - Lajme nga Ulqini","og_description":"T\u00eb nderuar, Partia Demokratike ka nderin dhe privilegjin t\u2019ju ftoj n\u00eb nj\u00eb koktej rasti q\u00eb do t\u00eb organizohet me rastin e dy vjetorit t\u00eb themelimit dhe me","og_url":"https:\/\/www.visit-ulcinj.com\/blog\/2013\/12\/19\/ftese-per-pjesemarrje-ne-koktej-nga-partia-demokratike-22-12-2013\/","og_site_name":"Lajme nga Ulqini","article_published_time":"2013-12-19T16:44:25+00:00","article_modified_time":"2013-12-20T18:37:19+00:00","twitter_misc":{"Written by":"ulqini"},"schema":{"@context":"https:\/\/schema.org","@graph":[{"@type":"WebSite","@id":"https:\/\/www.visit-ulcinj.com\/blog\/#website","url":"https:\/\/www.visit-ulcinj.com\/blog\/","name":"Lajme nga Ulqini","description":"Lajme,Vijesti,Ulqini,Ulqin,Crna Gora,Mali i Zi","potentialAction":[{"@type":"SearchAction","target":{"@type":"EntryPoint","urlTemplate":"https:\/\/www.visit-ulcinj.com\/blog\/?s={search_term_string}"},"query-input":"required name=search_term_string"}],"inLanguage":"en-US"},{"@type":"WebPage","@id":"https:\/\/www.visit-ulcinj.com\/blog\/2013\/12\/19\/ftese-per-pjesemarrje-ne-koktej-nga-partia-demokratike-22-12-2013\/#webpage","url":"https:\/\/www.visit-ulcinj.com\/blog\/2013\/12\/19\/ftese-per-pjesemarrje-ne-koktej-nga-partia-demokratike-22-12-2013\/","name":"Ftes\u00eb p\u00ebr pjes\u00ebmarrje n\u00eb koktej nga Partia Demokratike m\u00eb 22.12.2013 - Lajme nga Ulqini","isPartOf":{"@id":"https:\/\/www.visit-ulcinj.com\/blog\/#website"},"datePublished":"2013-12-19T16:44:25+00:00","dateModified":"2013-12-20T18:37:19+00:00","author":{"@id":"https:\/\/www.visit-ulcinj.com\/blog\/#\/schema\/person\/dcab619c614d3038751c63bc2aadc06d"},"description":"T\u00eb nderuar, Partia Demokratike ka nderin dhe privilegjin t\u2019ju ftoj n\u00eb nj\u00eb koktej rasti q\u00eb do t\u00eb organizohet me rastin e dy vjetorit t\u00eb themelimit dhe me","breadcrumb":{"@id":"https:\/\/www.visit-ulcinj.com\/blog\/2013\/12\/19\/ftese-per-pjesemarrje-ne-koktej-nga-partia-demokratike-22-12-2013\/#breadcrumb"},"inLanguage":"en-US","potentialAction":[{"@type":"ReadAction","target":["https:\/\/www.visit-ulcinj.com\/blog\/2013\/12\/19\/ftese-per-pjesemarrje-ne-koktej-nga-partia-demokratike-22-12-2013\/"]}]},{"@type":"BreadcrumbList","@id":"https:\/\/www.visit-ulcinj.com\/blog\/2013\/12\/19\/ftese-per-pjesemarrje-ne-koktej-nga-partia-demokratike-22-12-2013\/#breadcrumb","itemListElement":[{"@type":"ListItem","position":1,"name":"Ftes\u00eb p\u00ebr pjes\u00ebmarrje n\u00eb koktej nga Partia Demokratike m\u00eb 22.12.2013"}]},{"@type":"Person","@id":"https:\/\/www.visit-ulcinj.com\/blog\/#\/schema\/person\/dcab619c614d3038751c63bc2aadc06d","name":"ulqini","sameAs":["http:\/\/www.visit-ulcinj.com"],"url":"https:\/\/www.visit-ulcinj.com\/blog\/author\/admin\/"}]}},"jetpack_featured_media_url":"","jetpack_sharing_enabled":true,"jetpack_shortlink":"https:\/\/wp.me\/pe6lTn-k7m","_links":{"self":[{"href":"https:\/\/www.visit-ulcinj.com\/blog\/wp-json\/wp\/v2\/posts\/77336"}],"collection":[{"href":"https:\/\/www.visit-ulcinj.com\/blog\/wp-json\/wp\/v2\/posts"}],"about":[{"href":"https:\/\/www.visit-ulcinj.com\/blog\/wp-json\/wp\/v2\/types\/post"}],"author":[{"embeddable":true,"href":"https:\/\/www.visit-ulcinj.com\/blog\/wp-json\/wp\/v2\/users\/1"}],"replies":[{"embeddable":true,"href":"https:\/\/www.visit-ulcinj.com\/blog\/wp-json\/wp\/v2\/comments?post=77336"}],"version-history":[{"count":1,"href":"https:\/\/www.visit-ulcinj.com\/blog\/wp-json\/wp\/v2\/posts\/77336\/revisions"}],"predecessor-version":[{"id":77338,"href":"https:\/\/www.visit-ulcinj.com\/blog\/wp-json\/wp\/v2\/posts\/77336\/revisions\/77338"}],"wp:attachment":[{"href":"https:\/\/www.visit-ulcinj.com\/blog\/wp-json\/wp\/v2\/media?parent=77336"}],"wp:term":[{"taxonomy":"category","embeddable":true,"href":"https:\/\/www.visit-ulcinj.com\/blog\/wp-json\/wp\/v2\/categories?post=77336"},{"taxonomy":"post_tag","embeddable":true,"href":"https:\/\/www.visit-ulcinj.com\/blog\/wp-json\/wp\/v2\/tags?post=77336"}],"curies":[{"name":"wp","href":"https:\/\/api.w.org\/{rel}","templated":true}]}}