{"id":77339,"date":"2013-12-19T18:11:35","date_gmt":"2013-12-19T17:11:35","guid":{"rendered":"http:\/\/www.visit-ulcinj.com\/blog\/?p=77339"},"modified":"2013-12-20T16:32:16","modified_gmt":"2013-12-20T15:32:16","slug":"ndihme-per-ali-jahja","status":"publish","type":"post","link":"https:\/\/www.visit-ulcinj.com\/blog\/2013\/12\/19\/ndihme-per-ali-jahja\/","title":{"rendered":"Ndihme p\u00ebr Ali Jahja"},"content":{"rendered":"<p><a href=\"http:\/\/www.visit-ulcinj.com\/blog\/wp-content\/uploads\/2013\/12\/Ndihme-p\u00ebr-Ali-Jahja-nga-Milla-Ulqin.jpg\"><img loading=\"lazy\" class=\"alignleft  wp-image-77340\" alt=\"Ndihme p\u00ebr Ali Jahja nga Milla-Ulqin\" src=\"http:\/\/www.visit-ulcinj.com\/blog\/wp-content\/uploads\/2013\/12\/Ndihme-p\u00ebr-Ali-Jahja-nga-Milla-Ulqin.jpg\" width=\"508\" height=\"208\" \/><\/a>T\u00eb nderuar njerz t\u00eb vulentit t\u00eb mire, t\u00eb nderuar milla\u00e7ak, anamalas, ulqinak, t\u00eb nderuar bashkvendas, kudo q\u00eb ndodheni, n\u00eb An\u00eb t\u00eb Malit, Ulqin, Europ\u00eb, Amerik\u00eb apo gjetiu, apelojm\u00eb p\u00ebr ndihm\u00eb p\u00ebr shokun ton\u00eb fqiun ton\u00eb dhe mikun ton\u00eb Ali Jahja nga Milla.<\/p>\n<p>Aliu \u00ebsht pothuajse paralizuar nga nj\u00eb s\u00ebmundje e papritur dhe ka nevoj\u00eb p\u00ebr sh\u00ebrim t\u00eb gjat\u00eb, shpresa e tij\u00eb \u00ebsht\u00eb q\u00eb n\u00ebp\u00ebrmjet\u00eb nj\u00eb terapie intenzive n\u00eb Igalo t\u00eb rikthej\u00eb mobilitetin dhe t\u00eb normalizohet.<\/p>\n<p>Ju apelojm\u00eb sipas mund\u00ebsis tuaj t\u00eb ndihmojm\u00eb shokun ton\u00eb, Zoti ju bekoft\u00eb.<\/p>\n<p>N\u00eb New York mund t\u00eb kontaktoni p\u00ebr ndihm\u00eb k\u00ebto persona:<\/p>\n<p>Zaim Halili \u2013 917 608-6804<br \/>\nDaut Ibroci \u2013 917 916-2046<br \/>\nRamazan Gjeloshi \u2013 718 687-2031<br \/>\nLatif Lleshi 347 268-1919<\/p>\n<p>&nbsp;<\/p>\n<p>Ne Ulqin mund te kontaktoni<\/p>\n<p>Naser Halilin ne kete numer 069 038 430<br \/>\nNe Ane Te Malit mund te Kontaktoni n\u00eb keto numra:<\/p>\n<p>Halil \u00c7obin 067 280 121<\/p>\n<p>Besart \u00c7obin 067 280 123<\/p>\n<p>&nbsp;<\/p>\n<p>Ju lutem shp\u00ebrndajeni<\/p>\n<p><a title=\"Ndihm\u00eb p\u00ebr Ali Jahja\" href=\"http:\/\/anaemalit.com\/ali-jahja\/\" target=\"_blank\"><img loading=\"lazy\" class=\"alignleft  wp-image-77341\" alt=\"Donacion-Ali-Jahja\" src=\"http:\/\/www.visit-ulcinj.com\/blog\/wp-content\/uploads\/2013\/12\/Donacion-Ali-Jahja.jpg\" width=\"212\" height=\"162\" \/><\/a><strong>Kliko p\u00ebr pages\u00eb n\u00eb Donate<\/strong><\/p>\n","protected":false},"excerpt":{"rendered":"<p>T\u00eb nderuar njerz t\u00eb vulentit t\u00eb mire, t\u00eb nderuar milla\u00e7ak, anamalas, ulqinak, t\u00eb nderuar bashkvendas, kudo q\u00eb ndodheni, n\u00eb An\u00eb t\u00eb Malit, Ulqin, Europ\u00eb, Amerik\u00eb apo gjetiu, apelojm\u00eb p\u00ebr ndihm\u00eb p\u00ebr shokun ton\u00eb fqiun ton\u00eb dhe mikun ton\u00eb Ali Jahja nga Milla. Aliu \u00ebsht pothuajse paralizuar nga nj\u00eb s\u00ebmundje e papritur dhe ka nevoj\u00eb p\u00ebr [&hellip;]<\/p>\n","protected":false},"author":1,"featured_media":0,"comment_status":"closed","ping_status":"closed","sticky":false,"template":"","format":"standard","meta":{"spay_email":"","jetpack_publicize_message":"","jetpack_is_tweetstorm":false,"jetpack_publicize_feature_enabled":true},"categories":[5,1],"tags":[],"jetpack_publicize_connections":[],"yoast_head":"<!-- This site is optimized with the Yoast SEO plugin v19.1 - https:\/\/yoast.com\/wordpress\/plugins\/seo\/ -->\n<title>Ndihme p\u00ebr Ali Jahja - Lajme nga Ulqini<\/title>\n<meta name=\"description\" content=\"T\u00eb nderuar njerz t\u00eb vulentit t\u00eb mire, t\u00eb nderuar milla\u00e7ak, anamalas, ulqinak, t\u00eb nderuar bashkvendas, kudo q\u00eb ndodheni, n\u00eb An\u00eb t\u00eb Malit, Ulqin, Europ\u00eb,\" \/>\n<meta name=\"robots\" content=\"index, follow, max-snippet:-1, max-image-preview:large, max-video-preview:-1\" \/>\n<link rel=\"canonical\" href=\"https:\/\/www.visit-ulcinj.com\/blog\/2013\/12\/19\/ndihme-per-ali-jahja\/\" \/>\n<meta property=\"og:locale\" content=\"en_US\" \/>\n<meta property=\"og:type\" content=\"article\" \/>\n<meta property=\"og:title\" content=\"Ndihme p\u00ebr Ali Jahja - Lajme nga Ulqini\" \/>\n<meta property=\"og:description\" content=\"T\u00eb nderuar njerz t\u00eb vulentit t\u00eb mire, t\u00eb nderuar milla\u00e7ak, anamalas, ulqinak, t\u00eb nderuar bashkvendas, kudo q\u00eb ndodheni, n\u00eb An\u00eb t\u00eb Malit, Ulqin, Europ\u00eb,\" \/>\n<meta property=\"og:url\" content=\"https:\/\/www.visit-ulcinj.com\/blog\/2013\/12\/19\/ndihme-per-ali-jahja\/\" \/>\n<meta property=\"og:site_name\" content=\"Lajme nga Ulqini\" \/>\n<meta property=\"article:published_time\" content=\"2013-12-19T17:11:35+00:00\" \/>\n<meta property=\"article:modified_time\" content=\"2013-12-20T15:32:16+00:00\" \/>\n<meta property=\"og:image\" content=\"http:\/\/www.visit-ulcinj.com\/blog\/wp-content\/uploads\/2013\/12\/Donacion-Ali-Jahja.jpg\" \/>\n<meta name=\"twitter:label1\" content=\"Written by\" \/>\n\t<meta name=\"twitter:data1\" content=\"ulqini\" \/>\n\t<meta name=\"twitter:label2\" content=\"Est. reading time\" \/>\n\t<meta name=\"twitter:data2\" content=\"1 minute\" \/>\n<script type=\"application\/ld+json\" class=\"yoast-schema-graph\">{\"@context\":\"https:\/\/schema.org\",\"@graph\":[{\"@type\":\"WebSite\",\"@id\":\"https:\/\/www.visit-ulcinj.com\/blog\/#website\",\"url\":\"https:\/\/www.visit-ulcinj.com\/blog\/\",\"name\":\"Lajme nga Ulqini\",\"description\":\"Lajme,Vijesti,Ulqini,Ulqin,Crna Gora,Mali i Zi\",\"potentialAction\":[{\"@type\":\"SearchAction\",\"target\":{\"@type\":\"EntryPoint\",\"urlTemplate\":\"https:\/\/www.visit-ulcinj.com\/blog\/?s={search_term_string}\"},\"query-input\":\"required name=search_term_string\"}],\"inLanguage\":\"en-US\"},{\"@type\":\"ImageObject\",\"inLanguage\":\"en-US\",\"@id\":\"https:\/\/www.visit-ulcinj.com\/blog\/2013\/12\/19\/ndihme-per-ali-jahja\/#primaryimage\",\"url\":\"https:\/\/www.visit-ulcinj.com\/blog\/wp-content\/uploads\/2013\/12\/Donacion-Ali-Jahja.jpg\",\"contentUrl\":\"https:\/\/www.visit-ulcinj.com\/blog\/wp-content\/uploads\/2013\/12\/Donacion-Ali-Jahja.jpg\",\"width\":312,\"height\":162},{\"@type\":\"WebPage\",\"@id\":\"https:\/\/www.visit-ulcinj.com\/blog\/2013\/12\/19\/ndihme-per-ali-jahja\/#webpage\",\"url\":\"https:\/\/www.visit-ulcinj.com\/blog\/2013\/12\/19\/ndihme-per-ali-jahja\/\",\"name\":\"Ndihme p\u00ebr Ali Jahja - Lajme nga Ulqini\",\"isPartOf\":{\"@id\":\"https:\/\/www.visit-ulcinj.com\/blog\/#website\"},\"primaryImageOfPage\":{\"@id\":\"https:\/\/www.visit-ulcinj.com\/blog\/2013\/12\/19\/ndihme-per-ali-jahja\/#primaryimage\"},\"datePublished\":\"2013-12-19T17:11:35+00:00\",\"dateModified\":\"2013-12-20T15:32:16+00:00\",\"author\":{\"@id\":\"https:\/\/www.visit-ulcinj.com\/blog\/#\/schema\/person\/dcab619c614d3038751c63bc2aadc06d\"},\"description\":\"T\u00eb nderuar njerz t\u00eb vulentit t\u00eb mire, t\u00eb nderuar milla\u00e7ak, anamalas, ulqinak, t\u00eb nderuar bashkvendas, kudo q\u00eb ndodheni, n\u00eb An\u00eb t\u00eb Malit, Ulqin, Europ\u00eb,\",\"breadcrumb\":{\"@id\":\"https:\/\/www.visit-ulcinj.com\/blog\/2013\/12\/19\/ndihme-per-ali-jahja\/#breadcrumb\"},\"inLanguage\":\"en-US\",\"potentialAction\":[{\"@type\":\"ReadAction\",\"target\":[\"https:\/\/www.visit-ulcinj.com\/blog\/2013\/12\/19\/ndihme-per-ali-jahja\/\"]}]},{\"@type\":\"BreadcrumbList\",\"@id\":\"https:\/\/www.visit-ulcinj.com\/blog\/2013\/12\/19\/ndihme-per-ali-jahja\/#breadcrumb\",\"itemListElement\":[{\"@type\":\"ListItem\",\"position\":1,\"name\":\"Ndihme p\u00ebr Ali Jahja\"}]},{\"@type\":\"Person\",\"@id\":\"https:\/\/www.visit-ulcinj.com\/blog\/#\/schema\/person\/dcab619c614d3038751c63bc2aadc06d\",\"name\":\"ulqini\",\"sameAs\":[\"http:\/\/www.visit-ulcinj.com\"],\"url\":\"https:\/\/www.visit-ulcinj.com\/blog\/author\/admin\/\"}]}<\/script>\n<!-- \/ Yoast SEO plugin. -->","yoast_head_json":{"title":"Ndihme p\u00ebr Ali Jahja - Lajme nga Ulqini","description":"T\u00eb nderuar njerz t\u00eb vulentit t\u00eb mire, t\u00eb nderuar milla\u00e7ak, anamalas, ulqinak, t\u00eb nderuar bashkvendas, kudo q\u00eb ndodheni, n\u00eb An\u00eb t\u00eb Malit, Ulqin, Europ\u00eb,","robots":{"index":"index","follow":"follow","max-snippet":"max-snippet:-1","max-image-preview":"max-image-preview:large","max-video-preview":"max-video-preview:-1"},"canonical":"https:\/\/www.visit-ulcinj.com\/blog\/2013\/12\/19\/ndihme-per-ali-jahja\/","og_locale":"en_US","og_type":"article","og_title":"Ndihme p\u00ebr Ali Jahja - Lajme nga Ulqini","og_description":"T\u00eb nderuar njerz t\u00eb vulentit t\u00eb mire, t\u00eb nderuar milla\u00e7ak, anamalas, ulqinak, t\u00eb nderuar bashkvendas, kudo q\u00eb ndodheni, n\u00eb An\u00eb t\u00eb Malit, Ulqin, Europ\u00eb,","og_url":"https:\/\/www.visit-ulcinj.com\/blog\/2013\/12\/19\/ndihme-per-ali-jahja\/","og_site_name":"Lajme nga Ulqini","article_published_time":"2013-12-19T17:11:35+00:00","article_modified_time":"2013-12-20T15:32:16+00:00","og_image":[{"url":"http:\/\/www.visit-ulcinj.com\/blog\/wp-content\/uploads\/2013\/12\/Donacion-Ali-Jahja.jpg"}],"twitter_misc":{"Written by":"ulqini","Est. reading time":"1 minute"},"schema":{"@context":"https:\/\/schema.org","@graph":[{"@type":"WebSite","@id":"https:\/\/www.visit-ulcinj.com\/blog\/#website","url":"https:\/\/www.visit-ulcinj.com\/blog\/","name":"Lajme nga Ulqini","description":"Lajme,Vijesti,Ulqini,Ulqin,Crna Gora,Mali i Zi","potentialAction":[{"@type":"SearchAction","target":{"@type":"EntryPoint","urlTemplate":"https:\/\/www.visit-ulcinj.com\/blog\/?s={search_term_string}"},"query-input":"required name=search_term_string"}],"inLanguage":"en-US"},{"@type":"ImageObject","inLanguage":"en-US","@id":"https:\/\/www.visit-ulcinj.com\/blog\/2013\/12\/19\/ndihme-per-ali-jahja\/#primaryimage","url":"https:\/\/www.visit-ulcinj.com\/blog\/wp-content\/uploads\/2013\/12\/Donacion-Ali-Jahja.jpg","contentUrl":"https:\/\/www.visit-ulcinj.com\/blog\/wp-content\/uploads\/2013\/12\/Donacion-Ali-Jahja.jpg","width":312,"height":162},{"@type":"WebPage","@id":"https:\/\/www.visit-ulcinj.com\/blog\/2013\/12\/19\/ndihme-per-ali-jahja\/#webpage","url":"https:\/\/www.visit-ulcinj.com\/blog\/2013\/12\/19\/ndihme-per-ali-jahja\/","name":"Ndihme p\u00ebr Ali Jahja - Lajme nga Ulqini","isPartOf":{"@id":"https:\/\/www.visit-ulcinj.com\/blog\/#website"},"primaryImageOfPage":{"@id":"https:\/\/www.visit-ulcinj.com\/blog\/2013\/12\/19\/ndihme-per-ali-jahja\/#primaryimage"},"datePublished":"2013-12-19T17:11:35+00:00","dateModified":"2013-12-20T15:32:16+00:00","author":{"@id":"https:\/\/www.visit-ulcinj.com\/blog\/#\/schema\/person\/dcab619c614d3038751c63bc2aadc06d"},"description":"T\u00eb nderuar njerz t\u00eb vulentit t\u00eb mire, t\u00eb nderuar milla\u00e7ak, anamalas, ulqinak, t\u00eb nderuar bashkvendas, kudo q\u00eb ndodheni, n\u00eb An\u00eb t\u00eb Malit, Ulqin, Europ\u00eb,","breadcrumb":{"@id":"https:\/\/www.visit-ulcinj.com\/blog\/2013\/12\/19\/ndihme-per-ali-jahja\/#breadcrumb"},"inLanguage":"en-US","potentialAction":[{"@type":"ReadAction","target":["https:\/\/www.visit-ulcinj.com\/blog\/2013\/12\/19\/ndihme-per-ali-jahja\/"]}]},{"@type":"BreadcrumbList","@id":"https:\/\/www.visit-ulcinj.com\/blog\/2013\/12\/19\/ndihme-per-ali-jahja\/#breadcrumb","itemListElement":[{"@type":"ListItem","position":1,"name":"Ndihme p\u00ebr Ali Jahja"}]},{"@type":"Person","@id":"https:\/\/www.visit-ulcinj.com\/blog\/#\/schema\/person\/dcab619c614d3038751c63bc2aadc06d","name":"ulqini","sameAs":["http:\/\/www.visit-ulcinj.com"],"url":"https:\/\/www.visit-ulcinj.com\/blog\/author\/admin\/"}]}},"jetpack_featured_media_url":"","jetpack_sharing_enabled":true,"jetpack_shortlink":"https:\/\/wp.me\/pe6lTn-k7p","_links":{"self":[{"href":"https:\/\/www.visit-ulcinj.com\/blog\/wp-json\/wp\/v2\/posts\/77339"}],"collection":[{"href":"https:\/\/www.visit-ulcinj.com\/blog\/wp-json\/wp\/v2\/posts"}],"about":[{"href":"https:\/\/www.visit-ulcinj.com\/blog\/wp-json\/wp\/v2\/types\/post"}],"author":[{"embeddable":true,"href":"https:\/\/www.visit-ulcinj.com\/blog\/wp-json\/wp\/v2\/users\/1"}],"replies":[{"embeddable":true,"href":"https:\/\/www.visit-ulcinj.com\/blog\/wp-json\/wp\/v2\/comments?post=77339"}],"version-history":[{"count":2,"href":"https:\/\/www.visit-ulcinj.com\/blog\/wp-json\/wp\/v2\/posts\/77339\/revisions"}],"predecessor-version":[{"id":77343,"href":"https:\/\/www.visit-ulcinj.com\/blog\/wp-json\/wp\/v2\/posts\/77339\/revisions\/77343"}],"wp:attachment":[{"href":"https:\/\/www.visit-ulcinj.com\/blog\/wp-json\/wp\/v2\/media?parent=77339"}],"wp:term":[{"taxonomy":"category","embeddable":true,"href":"https:\/\/www.visit-ulcinj.com\/blog\/wp-json\/wp\/v2\/categories?post=77339"},{"taxonomy":"post_tag","embeddable":true,"href":"https:\/\/www.visit-ulcinj.com\/blog\/wp-json\/wp\/v2\/tags?post=77339"}],"curies":[{"name":"wp","href":"https:\/\/api.w.org\/{rel}","templated":true}]}}