{"id":77353,"date":"2013-12-19T19:38:08","date_gmt":"2013-12-19T18:38:08","guid":{"rendered":"http:\/\/www.visit-ulcinj.com\/blog\/?p=77353"},"modified":"2013-12-19T19:38:08","modified_gmt":"2013-12-19T18:38:08","slug":"sdp-ulcinj-nece-biti-kao-sjever","status":"publish","type":"post","link":"https:\/\/www.visit-ulcinj.com\/blog\/2013\/12\/19\/sdp-ulcinj-nece-biti-kao-sjever\/","title":{"rendered":"SDP: Ulcinj ne\u0107e biti kao sjever"},"content":{"rendered":"<p><a href=\"http:\/\/www.visit-ulcinj.com\/blog\/wp-content\/uploads\/2013\/12\/sdp-ulcinj.jpg\"><img loading=\"lazy\" class=\"alignleft  wp-image-77354\" alt=\"sdp-ulcinj\" src=\"http:\/\/www.visit-ulcinj.com\/blog\/wp-content\/uploads\/2013\/12\/sdp-ulcinj.jpg\" width=\"508\" height=\"360\" \/><\/a>Socijaldemokratska partija u Ulcinju vodi\u0107e pozitivnu kampanju sa sloganom \u201eMo\u017eemo bolje\u201c jer smatramo da mo\u017eemo bolje od ovoga \u0161to smo radili u prethodnom periodu i sigurno bolje od konkurencije, na predstoje\u0107im izborima zakazanim za 26. januar, izjavio je ju\u010de portparol te partije Mirko Stani\u0107, povodom zvani\u010dnog po\u010detka izborne kampanje SDP-a. On je sa predsjednikom OO Selimom Resulbegovi\u0107em i funkcionerom te stranke Skenderom Elezagi\u0107em na radnom doru\u010dku sa novinarima govorio o planovima SDP-a i situaciji u najju\u017enijoj op\u0161tini.<\/p>\n<p>\u2013 Svi \u0107e jednako preidentifikovati probleme u ovoj op\u0161tini ali, za razliku od drugih partija, mi \u0107emo ponuditi ljude koji mogu da odgovore zahtjevima za rje\u0161avanje problema, kako bi Ulcinj kona\u010dno dobio mjesto koje zaslu\u017euje. Ovdje su najmanje plate, a nezaposlenost je iznad prosjeka. Sa ogromnim potencijalima u turizmu i poljoprivredi ova op\u0161tina ne zaslu\u017euje da bude na nivou gradova u sjevernoj regiji. Mi imamo ljude koji mogu da se uhvate u ko\u0161tac sa problemima i da ih rje\u0161avaju. To potvr\u0111uju i na\u0161i rezulati iz prethodne vlasti, posebno u resoru urbanizma koji smo vodili, i gdje su za dvije godine podpredsjednik op\u0161tine i resorni sekretar pripremili za usvajanje 17 prostornih planova, koji su omogu\u0107ili da ljudi rade na legalan na\u010din \u2013 rekao je Stani\u0107 i dodao da imaju sa \u010dim da iza\u0111u pred bira\u010de.<br \/>\n<strong> M.K.<\/strong><br \/>\n<strong>Izvor: DAN<\/strong><\/p>\n","protected":false},"excerpt":{"rendered":"<p>Socijaldemokratska partija u Ulcinju vodi\u0107e pozitivnu kampanju sa sloganom \u201eMo\u017eemo bolje\u201c jer smatramo da mo\u017eemo bolje od ovoga \u0161to smo radili u prethodnom periodu i sigurno bolje od konkurencije, na predstoje\u0107im izborima zakazanim za 26. januar, izjavio je ju\u010de portparol te partije Mirko Stani\u0107, povodom zvani\u010dnog po\u010detka izborne kampanje SDP-a. On je sa predsjednikom OO [&hellip;]<\/p>\n","protected":false},"author":1,"featured_media":0,"comment_status":"closed","ping_status":"closed","sticky":false,"template":"","format":"standard","meta":{"spay_email":"","jetpack_publicize_message":"","jetpack_is_tweetstorm":false,"jetpack_publicize_feature_enabled":true},"categories":[6950],"tags":[],"jetpack_publicize_connections":[],"yoast_head":"<!-- This site is optimized with the Yoast SEO plugin v19.1 - https:\/\/yoast.com\/wordpress\/plugins\/seo\/ -->\n<title>SDP: Ulcinj ne\u0107e biti kao sjever - Lajme nga Ulqini<\/title>\n<meta name=\"description\" content=\"Socijaldemokratska partija u Ulcinju vodi\u0107e pozitivnu kampanju sa sloganom \u201eMo\u017eemo bolje\u201c jer smatramo da mo\u017eemo bolje od ovoga \u0161to smo radili u\" \/>\n<meta name=\"robots\" content=\"index, follow, max-snippet:-1, max-image-preview:large, max-video-preview:-1\" \/>\n<link rel=\"canonical\" href=\"https:\/\/www.visit-ulcinj.com\/blog\/2013\/12\/19\/sdp-ulcinj-nece-biti-kao-sjever\/\" \/>\n<meta property=\"og:locale\" content=\"en_US\" \/>\n<meta property=\"og:type\" content=\"article\" \/>\n<meta property=\"og:title\" content=\"SDP: Ulcinj ne\u0107e biti kao sjever - Lajme nga Ulqini\" \/>\n<meta property=\"og:description\" content=\"Socijaldemokratska partija u Ulcinju vodi\u0107e pozitivnu kampanju sa sloganom \u201eMo\u017eemo bolje\u201c jer smatramo da mo\u017eemo bolje od ovoga \u0161to smo radili u\" \/>\n<meta property=\"og:url\" content=\"https:\/\/www.visit-ulcinj.com\/blog\/2013\/12\/19\/sdp-ulcinj-nece-biti-kao-sjever\/\" \/>\n<meta property=\"og:site_name\" content=\"Lajme nga Ulqini\" \/>\n<meta property=\"article:published_time\" content=\"2013-12-19T18:38:08+00:00\" \/>\n<meta property=\"og:image\" content=\"http:\/\/www.visit-ulcinj.com\/blog\/wp-content\/uploads\/2013\/12\/sdp-ulcinj.jpg\" \/>\n<meta name=\"twitter:label1\" content=\"Written by\" \/>\n\t<meta name=\"twitter:data1\" content=\"ulqini\" \/>\n\t<meta name=\"twitter:label2\" content=\"Est. reading time\" \/>\n\t<meta name=\"twitter:data2\" content=\"1 minute\" \/>\n<script type=\"application\/ld+json\" class=\"yoast-schema-graph\">{\"@context\":\"https:\/\/schema.org\",\"@graph\":[{\"@type\":\"WebSite\",\"@id\":\"https:\/\/www.visit-ulcinj.com\/blog\/#website\",\"url\":\"https:\/\/www.visit-ulcinj.com\/blog\/\",\"name\":\"Lajme nga Ulqini\",\"description\":\"Lajme,Vijesti,Ulqini,Ulqin,Crna Gora,Mali i Zi\",\"potentialAction\":[{\"@type\":\"SearchAction\",\"target\":{\"@type\":\"EntryPoint\",\"urlTemplate\":\"https:\/\/www.visit-ulcinj.com\/blog\/?s={search_term_string}\"},\"query-input\":\"required name=search_term_string\"}],\"inLanguage\":\"en-US\"},{\"@type\":\"ImageObject\",\"inLanguage\":\"en-US\",\"@id\":\"https:\/\/www.visit-ulcinj.com\/blog\/2013\/12\/19\/sdp-ulcinj-nece-biti-kao-sjever\/#primaryimage\",\"url\":\"https:\/\/www.visit-ulcinj.com\/blog\/wp-content\/uploads\/2013\/12\/sdp-ulcinj.jpg\",\"contentUrl\":\"https:\/\/www.visit-ulcinj.com\/blog\/wp-content\/uploads\/2013\/12\/sdp-ulcinj.jpg\",\"width\":670,\"height\":389},{\"@type\":\"WebPage\",\"@id\":\"https:\/\/www.visit-ulcinj.com\/blog\/2013\/12\/19\/sdp-ulcinj-nece-biti-kao-sjever\/#webpage\",\"url\":\"https:\/\/www.visit-ulcinj.com\/blog\/2013\/12\/19\/sdp-ulcinj-nece-biti-kao-sjever\/\",\"name\":\"SDP: Ulcinj ne\u0107e biti kao sjever - Lajme nga Ulqini\",\"isPartOf\":{\"@id\":\"https:\/\/www.visit-ulcinj.com\/blog\/#website\"},\"primaryImageOfPage\":{\"@id\":\"https:\/\/www.visit-ulcinj.com\/blog\/2013\/12\/19\/sdp-ulcinj-nece-biti-kao-sjever\/#primaryimage\"},\"datePublished\":\"2013-12-19T18:38:08+00:00\",\"dateModified\":\"2013-12-19T18:38:08+00:00\",\"author\":{\"@id\":\"https:\/\/www.visit-ulcinj.com\/blog\/#\/schema\/person\/dcab619c614d3038751c63bc2aadc06d\"},\"description\":\"Socijaldemokratska partija u Ulcinju vodi\u0107e pozitivnu kampanju sa sloganom \u201eMo\u017eemo bolje\u201c jer smatramo da mo\u017eemo bolje od ovoga \u0161to smo radili u\",\"breadcrumb\":{\"@id\":\"https:\/\/www.visit-ulcinj.com\/blog\/2013\/12\/19\/sdp-ulcinj-nece-biti-kao-sjever\/#breadcrumb\"},\"inLanguage\":\"en-US\",\"potentialAction\":[{\"@type\":\"ReadAction\",\"target\":[\"https:\/\/www.visit-ulcinj.com\/blog\/2013\/12\/19\/sdp-ulcinj-nece-biti-kao-sjever\/\"]}]},{\"@type\":\"BreadcrumbList\",\"@id\":\"https:\/\/www.visit-ulcinj.com\/blog\/2013\/12\/19\/sdp-ulcinj-nece-biti-kao-sjever\/#breadcrumb\",\"itemListElement\":[{\"@type\":\"ListItem\",\"position\":1,\"name\":\"SDP: Ulcinj ne\u0107e biti kao sjever\"}]},{\"@type\":\"Person\",\"@id\":\"https:\/\/www.visit-ulcinj.com\/blog\/#\/schema\/person\/dcab619c614d3038751c63bc2aadc06d\",\"name\":\"ulqini\",\"sameAs\":[\"http:\/\/www.visit-ulcinj.com\"],\"url\":\"https:\/\/www.visit-ulcinj.com\/blog\/author\/admin\/\"}]}<\/script>\n<!-- \/ Yoast SEO plugin. -->","yoast_head_json":{"title":"SDP: Ulcinj ne\u0107e biti kao sjever - Lajme nga Ulqini","description":"Socijaldemokratska partija u Ulcinju vodi\u0107e pozitivnu kampanju sa sloganom \u201eMo\u017eemo bolje\u201c jer smatramo da mo\u017eemo bolje od ovoga \u0161to smo radili u","robots":{"index":"index","follow":"follow","max-snippet":"max-snippet:-1","max-image-preview":"max-image-preview:large","max-video-preview":"max-video-preview:-1"},"canonical":"https:\/\/www.visit-ulcinj.com\/blog\/2013\/12\/19\/sdp-ulcinj-nece-biti-kao-sjever\/","og_locale":"en_US","og_type":"article","og_title":"SDP: Ulcinj ne\u0107e biti kao sjever - Lajme nga Ulqini","og_description":"Socijaldemokratska partija u Ulcinju vodi\u0107e pozitivnu kampanju sa sloganom \u201eMo\u017eemo bolje\u201c jer smatramo da mo\u017eemo bolje od ovoga \u0161to smo radili u","og_url":"https:\/\/www.visit-ulcinj.com\/blog\/2013\/12\/19\/sdp-ulcinj-nece-biti-kao-sjever\/","og_site_name":"Lajme nga Ulqini","article_published_time":"2013-12-19T18:38:08+00:00","og_image":[{"url":"http:\/\/www.visit-ulcinj.com\/blog\/wp-content\/uploads\/2013\/12\/sdp-ulcinj.jpg"}],"twitter_misc":{"Written by":"ulqini","Est. reading time":"1 minute"},"schema":{"@context":"https:\/\/schema.org","@graph":[{"@type":"WebSite","@id":"https:\/\/www.visit-ulcinj.com\/blog\/#website","url":"https:\/\/www.visit-ulcinj.com\/blog\/","name":"Lajme nga Ulqini","description":"Lajme,Vijesti,Ulqini,Ulqin,Crna Gora,Mali i Zi","potentialAction":[{"@type":"SearchAction","target":{"@type":"EntryPoint","urlTemplate":"https:\/\/www.visit-ulcinj.com\/blog\/?s={search_term_string}"},"query-input":"required name=search_term_string"}],"inLanguage":"en-US"},{"@type":"ImageObject","inLanguage":"en-US","@id":"https:\/\/www.visit-ulcinj.com\/blog\/2013\/12\/19\/sdp-ulcinj-nece-biti-kao-sjever\/#primaryimage","url":"https:\/\/www.visit-ulcinj.com\/blog\/wp-content\/uploads\/2013\/12\/sdp-ulcinj.jpg","contentUrl":"https:\/\/www.visit-ulcinj.com\/blog\/wp-content\/uploads\/2013\/12\/sdp-ulcinj.jpg","width":670,"height":389},{"@type":"WebPage","@id":"https:\/\/www.visit-ulcinj.com\/blog\/2013\/12\/19\/sdp-ulcinj-nece-biti-kao-sjever\/#webpage","url":"https:\/\/www.visit-ulcinj.com\/blog\/2013\/12\/19\/sdp-ulcinj-nece-biti-kao-sjever\/","name":"SDP: Ulcinj ne\u0107e biti kao sjever - Lajme nga Ulqini","isPartOf":{"@id":"https:\/\/www.visit-ulcinj.com\/blog\/#website"},"primaryImageOfPage":{"@id":"https:\/\/www.visit-ulcinj.com\/blog\/2013\/12\/19\/sdp-ulcinj-nece-biti-kao-sjever\/#primaryimage"},"datePublished":"2013-12-19T18:38:08+00:00","dateModified":"2013-12-19T18:38:08+00:00","author":{"@id":"https:\/\/www.visit-ulcinj.com\/blog\/#\/schema\/person\/dcab619c614d3038751c63bc2aadc06d"},"description":"Socijaldemokratska partija u Ulcinju vodi\u0107e pozitivnu kampanju sa sloganom \u201eMo\u017eemo bolje\u201c jer smatramo da mo\u017eemo bolje od ovoga \u0161to smo radili u","breadcrumb":{"@id":"https:\/\/www.visit-ulcinj.com\/blog\/2013\/12\/19\/sdp-ulcinj-nece-biti-kao-sjever\/#breadcrumb"},"inLanguage":"en-US","potentialAction":[{"@type":"ReadAction","target":["https:\/\/www.visit-ulcinj.com\/blog\/2013\/12\/19\/sdp-ulcinj-nece-biti-kao-sjever\/"]}]},{"@type":"BreadcrumbList","@id":"https:\/\/www.visit-ulcinj.com\/blog\/2013\/12\/19\/sdp-ulcinj-nece-biti-kao-sjever\/#breadcrumb","itemListElement":[{"@type":"ListItem","position":1,"name":"SDP: Ulcinj ne\u0107e biti kao sjever"}]},{"@type":"Person","@id":"https:\/\/www.visit-ulcinj.com\/blog\/#\/schema\/person\/dcab619c614d3038751c63bc2aadc06d","name":"ulqini","sameAs":["http:\/\/www.visit-ulcinj.com"],"url":"https:\/\/www.visit-ulcinj.com\/blog\/author\/admin\/"}]}},"jetpack_featured_media_url":"","jetpack_sharing_enabled":true,"jetpack_shortlink":"https:\/\/wp.me\/pe6lTn-k7D","_links":{"self":[{"href":"https:\/\/www.visit-ulcinj.com\/blog\/wp-json\/wp\/v2\/posts\/77353"}],"collection":[{"href":"https:\/\/www.visit-ulcinj.com\/blog\/wp-json\/wp\/v2\/posts"}],"about":[{"href":"https:\/\/www.visit-ulcinj.com\/blog\/wp-json\/wp\/v2\/types\/post"}],"author":[{"embeddable":true,"href":"https:\/\/www.visit-ulcinj.com\/blog\/wp-json\/wp\/v2\/users\/1"}],"replies":[{"embeddable":true,"href":"https:\/\/www.visit-ulcinj.com\/blog\/wp-json\/wp\/v2\/comments?post=77353"}],"version-history":[{"count":1,"href":"https:\/\/www.visit-ulcinj.com\/blog\/wp-json\/wp\/v2\/posts\/77353\/revisions"}],"predecessor-version":[{"id":77355,"href":"https:\/\/www.visit-ulcinj.com\/blog\/wp-json\/wp\/v2\/posts\/77353\/revisions\/77355"}],"wp:attachment":[{"href":"https:\/\/www.visit-ulcinj.com\/blog\/wp-json\/wp\/v2\/media?parent=77353"}],"wp:term":[{"taxonomy":"category","embeddable":true,"href":"https:\/\/www.visit-ulcinj.com\/blog\/wp-json\/wp\/v2\/categories?post=77353"},{"taxonomy":"post_tag","embeddable":true,"href":"https:\/\/www.visit-ulcinj.com\/blog\/wp-json\/wp\/v2\/tags?post=77353"}],"curies":[{"name":"wp","href":"https:\/\/api.w.org\/{rel}","templated":true}]}}