{"id":77357,"date":"2013-12-20T16:25:21","date_gmt":"2013-12-20T15:25:21","guid":{"rendered":"http:\/\/www.visit-ulcinj.com\/blog\/?p=77357"},"modified":"2013-12-22T11:30:16","modified_gmt":"2013-12-22T10:30:16","slug":"haxhibeti-qendrimi-kryetarit-kuvendit-per-tu-cuditur","status":"publish","type":"post","link":"https:\/\/www.visit-ulcinj.com\/blog\/2013\/12\/20\/haxhibeti-qendrimi-kryetarit-kuvendit-per-tu-cuditur\/","title":{"rendered":"Haxhibeti: Q\u00ebndrimi i kryetarit t\u00eb kuvendit per tu \u00e7uditur"},"content":{"rendered":"<p><b><a href=\"http:\/\/www.visit-ulcinj.com\/blog\/wp-content\/uploads\/2013\/12\/Fuad-Haxhibeti.jpg\"><img loading=\"lazy\" class=\"alignleft  wp-image-77358\" alt=\"Fuad-Haxhibeti\" src=\"http:\/\/www.visit-ulcinj.com\/blog\/wp-content\/uploads\/2013\/12\/Fuad-Haxhibeti.jpg\" width=\"350\" height=\"250\" \/><\/a>Konferenc\u00eb per media<\/b><\/p>\n<p align=\"right\">Ulqin, 20.12.2013<\/p>\n<p>&nbsp;<\/p>\n<p>Para Klubit t\u00eb k\u00ebshilltar\u00ebve t\u00eb Forc\u00ebs s\u00eb re demokratike mund t\u00eb them q\u00eb jemi t\u00eb befasuar me q\u00ebndrimin e Kryetarit t\u00eb Kuvendit p\u00ebr pik\u00ebn e rendit dit\u00ebs p\u00ebr p\u00ebrcaktimin e numrit t\u00eb k\u00ebshilltar\u00ebve p\u00ebr zgjedhjet e ardh\u00ebshme lokale<\/p>\n<p>Sipas Klubit t\u00eb k\u00ebshilltar\u00ebve t\u00eb Forc\u00ebs i nderuari Kryetar apo Kolegium, gj\u00ebrat duhen marre ashtu si\u00e7 jan\u00eb e jon t\u00eb b\u00ebhet p\u00ebrpjkje p\u00ebr ti b\u00ebr\u00eb ashtu si\u00e7 ju konvenon<\/p>\n<p>Pra, e v\u00ebrteta \u00ebsht\u00eb se egzekutivi konkretisht, Sekretarijati p\u00ebr veprimtari t\u00eb p\u00ebrgjithshme e ka pregaditur vendimin per seanc\u00ebn e 12 n\u00ebntorit<\/p>\n<p>Poashtu e v\u00ebrteta \u00ebsht\u00eb se nga vet\u00eb kryetari i kuvendit \u00ebsht\u00eb nxjerr\u00eb jasht\u00eb nga propozimi i rendit t\u00eb dit\u00ebs<\/p>\n<p>Pra, p\u00ebrgjegj\u00ebsia q\u00eb kjo pike e rendit t\u00eb dit\u00ebs nuk u miratua \u00ebsht\u00eb te sh\u00ebrbimi i Kuvendit si dhe vet\u00eb Kryetari i Kuvendit e jo nga ekzekutivi gjejg\u00ebsisht nga Sekretarijati p\u00ebrkat\u00ebs apo klubi i k\u00ebshilltar\u00ebve s\u00eb Forc\u00ebs se re demokratike<\/p>\n<p>Vendimi p\u00ebr numrin e k\u00ebshilltar\u00ebve egziston nga 29 korriku 2006 i cili poashtu e p\u00ebrcakton q\u00eb n\u00eb Komun\u00eb zgjidhen 33 k\u00ebshilltare e kjo bazohet n\u00eb numrin e votues\u00ebve i cili nuk \u00ebsht\u00eb rritur n\u00eb at\u00eb mas\u00eb q\u00eb t\u00eb ndryshohet numri ( 5000 votues nj\u00eb k\u00ebshilltar\u00eb i ri). Me logjik\u00ebn e kryetarit t\u00eb Kuvendit edhe zgjedhjet e 2010 poashtu do t\u00eb ishin t\u00eb paligjsh\u00ebme sepse edhe p\u00ebr ato zgjedhje nuk ka patur vendim\u00a0 t\u00eb ri. Gjithashtu edhe votimet e k\u00ebtij viti n\u00eb Cetine do t\u00eb ishin t\u00eb paligjshme sepse atje votimet jane mbajtur ne baz\u00eb t\u00eb vendimit nga viti 2009<\/p>\n<p>K\u00ebshilltar\u00ebt e Forc\u00ebs presin q\u00eb kjo \u00e7\u00ebshtje t\u00eb zgjidhet pa dramatizim mediatik\u00eb si\u00e7 kemi vepruar shum\u00eb her\u00eb m\u00eb par\u00eb.<\/p>\n<p>&nbsp;<\/p>\n<p><strong>Kryetari i Klubit t\u00eb Forc\u00ebs<\/strong><\/p>\n<p><strong>Mr. Fuad Haxhibeti<\/strong><\/p>\n","protected":false},"excerpt":{"rendered":"<p>Konferenc\u00eb per media Ulqin, 20.12.2013 &nbsp; Para Klubit t\u00eb k\u00ebshilltar\u00ebve t\u00eb Forc\u00ebs s\u00eb re demokratike mund t\u00eb them q\u00eb jemi t\u00eb befasuar me q\u00ebndrimin e Kryetarit t\u00eb Kuvendit p\u00ebr pik\u00ebn e rendit dit\u00ebs p\u00ebr p\u00ebrcaktimin e numrit t\u00eb k\u00ebshilltar\u00ebve p\u00ebr zgjedhjet e ardh\u00ebshme lokale Sipas Klubit t\u00eb k\u00ebshilltar\u00ebve t\u00eb Forc\u00ebs i nderuari Kryetar apo Kolegium, [&hellip;]<\/p>\n","protected":false},"author":1,"featured_media":0,"comment_status":"closed","ping_status":"closed","sticky":false,"template":"","format":"standard","meta":{"spay_email":"","jetpack_publicize_message":"","jetpack_is_tweetstorm":false,"jetpack_publicize_feature_enabled":true},"categories":[1,13],"tags":[],"jetpack_publicize_connections":[],"yoast_head":"<!-- This site is optimized with the Yoast SEO plugin v19.1 - https:\/\/yoast.com\/wordpress\/plugins\/seo\/ -->\n<title>Haxhibeti: Q\u00ebndrimi i kryetarit t\u00eb kuvendit per tu \u00e7uditur - Lajme nga Ulqini<\/title>\n<meta name=\"description\" content=\"Konferenc\u00eb per media Ulqin, 20.12.2013 &nbsp; Para Klubit t\u00eb k\u00ebshilltar\u00ebve t\u00eb Forc\u00ebs s\u00eb re demokratike mund t\u00eb them q\u00eb jemi t\u00eb befasuar me q\u00ebndrimin e\" \/>\n<meta name=\"robots\" content=\"index, follow, max-snippet:-1, max-image-preview:large, max-video-preview:-1\" \/>\n<link rel=\"canonical\" href=\"https:\/\/www.visit-ulcinj.com\/blog\/2013\/12\/20\/haxhibeti-qendrimi-kryetarit-kuvendit-per-tu-cuditur\/\" \/>\n<meta property=\"og:locale\" content=\"en_US\" \/>\n<meta property=\"og:type\" content=\"article\" \/>\n<meta property=\"og:title\" content=\"Haxhibeti: Q\u00ebndrimi i kryetarit t\u00eb kuvendit per tu \u00e7uditur - Lajme nga Ulqini\" \/>\n<meta property=\"og:description\" content=\"Konferenc\u00eb per media Ulqin, 20.12.2013 &nbsp; Para Klubit t\u00eb k\u00ebshilltar\u00ebve t\u00eb Forc\u00ebs s\u00eb re demokratike mund t\u00eb them q\u00eb jemi t\u00eb befasuar me q\u00ebndrimin e\" \/>\n<meta property=\"og:url\" content=\"https:\/\/www.visit-ulcinj.com\/blog\/2013\/12\/20\/haxhibeti-qendrimi-kryetarit-kuvendit-per-tu-cuditur\/\" \/>\n<meta property=\"og:site_name\" content=\"Lajme nga Ulqini\" \/>\n<meta property=\"article:published_time\" content=\"2013-12-20T15:25:21+00:00\" \/>\n<meta property=\"article:modified_time\" content=\"2013-12-22T10:30:16+00:00\" \/>\n<meta property=\"og:image\" content=\"http:\/\/www.visit-ulcinj.com\/blog\/wp-content\/uploads\/2013\/12\/Fuad-Haxhibeti.jpg\" \/>\n<meta name=\"twitter:label1\" content=\"Written by\" \/>\n\t<meta name=\"twitter:data1\" content=\"ulqini\" \/>\n\t<meta name=\"twitter:label2\" content=\"Est. reading time\" \/>\n\t<meta name=\"twitter:data2\" content=\"2 minutes\" \/>\n<script type=\"application\/ld+json\" class=\"yoast-schema-graph\">{\"@context\":\"https:\/\/schema.org\",\"@graph\":[{\"@type\":\"WebSite\",\"@id\":\"https:\/\/www.visit-ulcinj.com\/blog\/#website\",\"url\":\"https:\/\/www.visit-ulcinj.com\/blog\/\",\"name\":\"Lajme nga Ulqini\",\"description\":\"Lajme,Vijesti,Ulqini,Ulqin,Crna Gora,Mali i Zi\",\"potentialAction\":[{\"@type\":\"SearchAction\",\"target\":{\"@type\":\"EntryPoint\",\"urlTemplate\":\"https:\/\/www.visit-ulcinj.com\/blog\/?s={search_term_string}\"},\"query-input\":\"required name=search_term_string\"}],\"inLanguage\":\"en-US\"},{\"@type\":\"ImageObject\",\"inLanguage\":\"en-US\",\"@id\":\"https:\/\/www.visit-ulcinj.com\/blog\/2013\/12\/20\/haxhibeti-qendrimi-kryetarit-kuvendit-per-tu-cuditur\/#primaryimage\",\"url\":\"https:\/\/www.visit-ulcinj.com\/blog\/wp-content\/uploads\/2013\/12\/Fuad-Haxhibeti.jpg\",\"contentUrl\":\"https:\/\/www.visit-ulcinj.com\/blog\/wp-content\/uploads\/2013\/12\/Fuad-Haxhibeti.jpg\",\"width\":384,\"height\":297},{\"@type\":\"WebPage\",\"@id\":\"https:\/\/www.visit-ulcinj.com\/blog\/2013\/12\/20\/haxhibeti-qendrimi-kryetarit-kuvendit-per-tu-cuditur\/#webpage\",\"url\":\"https:\/\/www.visit-ulcinj.com\/blog\/2013\/12\/20\/haxhibeti-qendrimi-kryetarit-kuvendit-per-tu-cuditur\/\",\"name\":\"Haxhibeti: Q\u00ebndrimi i kryetarit t\u00eb kuvendit per tu \u00e7uditur - Lajme nga Ulqini\",\"isPartOf\":{\"@id\":\"https:\/\/www.visit-ulcinj.com\/blog\/#website\"},\"primaryImageOfPage\":{\"@id\":\"https:\/\/www.visit-ulcinj.com\/blog\/2013\/12\/20\/haxhibeti-qendrimi-kryetarit-kuvendit-per-tu-cuditur\/#primaryimage\"},\"datePublished\":\"2013-12-20T15:25:21+00:00\",\"dateModified\":\"2013-12-22T10:30:16+00:00\",\"author\":{\"@id\":\"https:\/\/www.visit-ulcinj.com\/blog\/#\/schema\/person\/dcab619c614d3038751c63bc2aadc06d\"},\"description\":\"Konferenc\u00eb per media Ulqin, 20.12.2013 &nbsp; Para Klubit t\u00eb k\u00ebshilltar\u00ebve t\u00eb Forc\u00ebs s\u00eb re demokratike mund t\u00eb them q\u00eb jemi t\u00eb befasuar me q\u00ebndrimin e\",\"breadcrumb\":{\"@id\":\"https:\/\/www.visit-ulcinj.com\/blog\/2013\/12\/20\/haxhibeti-qendrimi-kryetarit-kuvendit-per-tu-cuditur\/#breadcrumb\"},\"inLanguage\":\"en-US\",\"potentialAction\":[{\"@type\":\"ReadAction\",\"target\":[\"https:\/\/www.visit-ulcinj.com\/blog\/2013\/12\/20\/haxhibeti-qendrimi-kryetarit-kuvendit-per-tu-cuditur\/\"]}]},{\"@type\":\"BreadcrumbList\",\"@id\":\"https:\/\/www.visit-ulcinj.com\/blog\/2013\/12\/20\/haxhibeti-qendrimi-kryetarit-kuvendit-per-tu-cuditur\/#breadcrumb\",\"itemListElement\":[{\"@type\":\"ListItem\",\"position\":1,\"name\":\"Haxhibeti: Q\u00ebndrimi i kryetarit t\u00eb kuvendit per tu \u00e7uditur\"}]},{\"@type\":\"Person\",\"@id\":\"https:\/\/www.visit-ulcinj.com\/blog\/#\/schema\/person\/dcab619c614d3038751c63bc2aadc06d\",\"name\":\"ulqini\",\"sameAs\":[\"http:\/\/www.visit-ulcinj.com\"],\"url\":\"https:\/\/www.visit-ulcinj.com\/blog\/author\/admin\/\"}]}<\/script>\n<!-- \/ Yoast SEO plugin. -->","yoast_head_json":{"title":"Haxhibeti: Q\u00ebndrimi i kryetarit t\u00eb kuvendit per tu \u00e7uditur - Lajme nga Ulqini","description":"Konferenc\u00eb per media Ulqin, 20.12.2013 &nbsp; Para Klubit t\u00eb k\u00ebshilltar\u00ebve t\u00eb Forc\u00ebs s\u00eb re demokratike mund t\u00eb them q\u00eb jemi t\u00eb befasuar me q\u00ebndrimin e","robots":{"index":"index","follow":"follow","max-snippet":"max-snippet:-1","max-image-preview":"max-image-preview:large","max-video-preview":"max-video-preview:-1"},"canonical":"https:\/\/www.visit-ulcinj.com\/blog\/2013\/12\/20\/haxhibeti-qendrimi-kryetarit-kuvendit-per-tu-cuditur\/","og_locale":"en_US","og_type":"article","og_title":"Haxhibeti: Q\u00ebndrimi i kryetarit t\u00eb kuvendit per tu \u00e7uditur - Lajme nga Ulqini","og_description":"Konferenc\u00eb per media Ulqin, 20.12.2013 &nbsp; Para Klubit t\u00eb k\u00ebshilltar\u00ebve t\u00eb Forc\u00ebs s\u00eb re demokratike mund t\u00eb them q\u00eb jemi t\u00eb befasuar me q\u00ebndrimin e","og_url":"https:\/\/www.visit-ulcinj.com\/blog\/2013\/12\/20\/haxhibeti-qendrimi-kryetarit-kuvendit-per-tu-cuditur\/","og_site_name":"Lajme nga Ulqini","article_published_time":"2013-12-20T15:25:21+00:00","article_modified_time":"2013-12-22T10:30:16+00:00","og_image":[{"url":"http:\/\/www.visit-ulcinj.com\/blog\/wp-content\/uploads\/2013\/12\/Fuad-Haxhibeti.jpg"}],"twitter_misc":{"Written by":"ulqini","Est. reading time":"2 minutes"},"schema":{"@context":"https:\/\/schema.org","@graph":[{"@type":"WebSite","@id":"https:\/\/www.visit-ulcinj.com\/blog\/#website","url":"https:\/\/www.visit-ulcinj.com\/blog\/","name":"Lajme nga Ulqini","description":"Lajme,Vijesti,Ulqini,Ulqin,Crna Gora,Mali i Zi","potentialAction":[{"@type":"SearchAction","target":{"@type":"EntryPoint","urlTemplate":"https:\/\/www.visit-ulcinj.com\/blog\/?s={search_term_string}"},"query-input":"required name=search_term_string"}],"inLanguage":"en-US"},{"@type":"ImageObject","inLanguage":"en-US","@id":"https:\/\/www.visit-ulcinj.com\/blog\/2013\/12\/20\/haxhibeti-qendrimi-kryetarit-kuvendit-per-tu-cuditur\/#primaryimage","url":"https:\/\/www.visit-ulcinj.com\/blog\/wp-content\/uploads\/2013\/12\/Fuad-Haxhibeti.jpg","contentUrl":"https:\/\/www.visit-ulcinj.com\/blog\/wp-content\/uploads\/2013\/12\/Fuad-Haxhibeti.jpg","width":384,"height":297},{"@type":"WebPage","@id":"https:\/\/www.visit-ulcinj.com\/blog\/2013\/12\/20\/haxhibeti-qendrimi-kryetarit-kuvendit-per-tu-cuditur\/#webpage","url":"https:\/\/www.visit-ulcinj.com\/blog\/2013\/12\/20\/haxhibeti-qendrimi-kryetarit-kuvendit-per-tu-cuditur\/","name":"Haxhibeti: Q\u00ebndrimi i kryetarit t\u00eb kuvendit per tu \u00e7uditur - Lajme nga Ulqini","isPartOf":{"@id":"https:\/\/www.visit-ulcinj.com\/blog\/#website"},"primaryImageOfPage":{"@id":"https:\/\/www.visit-ulcinj.com\/blog\/2013\/12\/20\/haxhibeti-qendrimi-kryetarit-kuvendit-per-tu-cuditur\/#primaryimage"},"datePublished":"2013-12-20T15:25:21+00:00","dateModified":"2013-12-22T10:30:16+00:00","author":{"@id":"https:\/\/www.visit-ulcinj.com\/blog\/#\/schema\/person\/dcab619c614d3038751c63bc2aadc06d"},"description":"Konferenc\u00eb per media Ulqin, 20.12.2013 &nbsp; Para Klubit t\u00eb k\u00ebshilltar\u00ebve t\u00eb Forc\u00ebs s\u00eb re demokratike mund t\u00eb them q\u00eb jemi t\u00eb befasuar me q\u00ebndrimin e","breadcrumb":{"@id":"https:\/\/www.visit-ulcinj.com\/blog\/2013\/12\/20\/haxhibeti-qendrimi-kryetarit-kuvendit-per-tu-cuditur\/#breadcrumb"},"inLanguage":"en-US","potentialAction":[{"@type":"ReadAction","target":["https:\/\/www.visit-ulcinj.com\/blog\/2013\/12\/20\/haxhibeti-qendrimi-kryetarit-kuvendit-per-tu-cuditur\/"]}]},{"@type":"BreadcrumbList","@id":"https:\/\/www.visit-ulcinj.com\/blog\/2013\/12\/20\/haxhibeti-qendrimi-kryetarit-kuvendit-per-tu-cuditur\/#breadcrumb","itemListElement":[{"@type":"ListItem","position":1,"name":"Haxhibeti: Q\u00ebndrimi i kryetarit t\u00eb kuvendit per tu \u00e7uditur"}]},{"@type":"Person","@id":"https:\/\/www.visit-ulcinj.com\/blog\/#\/schema\/person\/dcab619c614d3038751c63bc2aadc06d","name":"ulqini","sameAs":["http:\/\/www.visit-ulcinj.com"],"url":"https:\/\/www.visit-ulcinj.com\/blog\/author\/admin\/"}]}},"jetpack_featured_media_url":"","jetpack_sharing_enabled":true,"jetpack_shortlink":"https:\/\/wp.me\/pe6lTn-k7H","_links":{"self":[{"href":"https:\/\/www.visit-ulcinj.com\/blog\/wp-json\/wp\/v2\/posts\/77357"}],"collection":[{"href":"https:\/\/www.visit-ulcinj.com\/blog\/wp-json\/wp\/v2\/posts"}],"about":[{"href":"https:\/\/www.visit-ulcinj.com\/blog\/wp-json\/wp\/v2\/types\/post"}],"author":[{"embeddable":true,"href":"https:\/\/www.visit-ulcinj.com\/blog\/wp-json\/wp\/v2\/users\/1"}],"replies":[{"embeddable":true,"href":"https:\/\/www.visit-ulcinj.com\/blog\/wp-json\/wp\/v2\/comments?post=77357"}],"version-history":[{"count":2,"href":"https:\/\/www.visit-ulcinj.com\/blog\/wp-json\/wp\/v2\/posts\/77357\/revisions"}],"predecessor-version":[{"id":77374,"href":"https:\/\/www.visit-ulcinj.com\/blog\/wp-json\/wp\/v2\/posts\/77357\/revisions\/77374"}],"wp:attachment":[{"href":"https:\/\/www.visit-ulcinj.com\/blog\/wp-json\/wp\/v2\/media?parent=77357"}],"wp:term":[{"taxonomy":"category","embeddable":true,"href":"https:\/\/www.visit-ulcinj.com\/blog\/wp-json\/wp\/v2\/categories?post=77357"},{"taxonomy":"post_tag","embeddable":true,"href":"https:\/\/www.visit-ulcinj.com\/blog\/wp-json\/wp\/v2\/tags?post=77357"}],"curies":[{"name":"wp","href":"https:\/\/api.w.org\/{rel}","templated":true}]}}