{"id":77375,"date":"2013-12-21T00:15:34","date_gmt":"2013-12-20T23:15:34","guid":{"rendered":"http:\/\/www.visit-ulcinj.com\/blog\/?p=77375"},"modified":"2013-12-21T00:15:54","modified_gmt":"2013-12-20T23:15:54","slug":"nje-liber-qe-ben-nder-kombit-shqiptar","status":"publish","type":"post","link":"https:\/\/www.visit-ulcinj.com\/blog\/2013\/12\/21\/nje-liber-qe-ben-nder-kombit-shqiptar\/","title":{"rendered":"Nj\u00eb lib\u00ebr q\u00eb i b\u00ebn nder kombit shqiptar"},"content":{"rendered":"<p><b><a href=\"http:\/\/www.visit-ulcinj.com\/blog\/wp-content\/uploads\/2013\/12\/SHAI-Art-Club-Ndri\u00e7im-Kull\u00ebs-Ylli-i-shkrimtarit-2.jpg\"><img loading=\"lazy\" class=\"alignleft  wp-image-77377\" alt=\"SHAI-Art Club-Ndri\u00e7im Kull\u00ebs-Ylli i shkrimtarit-2\" src=\"http:\/\/www.visit-ulcinj.com\/blog\/wp-content\/uploads\/2013\/12\/SHAI-Art-Club-Ndri\u00e7im-Kull\u00ebs-Ylli-i-shkrimtarit-2.jpg\" width=\"508\" height=\"360\" \/><\/a>SHAI \u201eArt Club\u201c organizoi p\u00ebrurimin e librit t\u00eb Ndri\u00e7im Kull\u00ebs \u201eYlli i shkrimtarit &#8211; Biografi e Ismail Kadares\u00eb, nga koha e tiranis\u00eb deri m\u00eb sot\u201c<\/b><\/p>\n<p>\u201eMendoj se \u00ebsht\u00eb nj\u00eb pun\u00eb e mir\u00eb p\u00ebr gjeneratat e reja, p\u00ebr ata q\u00eb do t\u00eb studiojn\u00eb vepr\u00ebn e Kadares\u00eb, p\u00ebr t\u00eb cil\u00ebt libri i Kull\u00ebs do t\u00eb jet\u00eb nj\u00eb pik\u00eb reference p\u00ebr t\u00eb kuptuar nj\u00eb autor t\u00eb madh\u201c, ka th\u00ebn\u00eb prof. Dr. Gjergj Sinani.<\/p>\n<p>Shoqata e Artist\u00ebve dhe Intelektual\u00ebve \u201eArt Club\u201c organizoi t\u00eb enjten mbr\u00ebma n\u00eb hotelin \u201eMediteran\u201c n\u00eb Ulqin p\u00ebrurimin e librit \u201eYlli i shkrimtarit &#8211; Biografi e Ismail Kadares\u00eb, nga koha e tiranis\u00eb deri m\u00eb sot\u201c t\u00eb autorit Ndri\u00e7im Kulla.<\/p>\n<p>Ky lib\u00ebr p\u00ebrb\u00ebn biografin\u00eb e par\u00eb analitike mbi jet\u00ebn dhe vepr\u00ebn e shkrimtarit m\u00eb t\u00eb madh shqiptar t\u00eb dit\u00ebve tona, kandidat p\u00ebr \u00c7mimin \u201cNobel\u201d.<br \/>\n<a href=\"http:\/\/www.visit-ulcinj.com\/blog\/wp-content\/uploads\/2013\/12\/SHAI-Art-Club-Ndri\u00e7im-Kull\u00ebs-Ylli-i-shkrimtarit.jpg\"><img loading=\"lazy\" class=\"alignleft  wp-image-77376\" alt=\"SHAI-Art Club-Ndri\u00e7im Kull\u00ebs-Ylli i shkrimtarit\" src=\"http:\/\/www.visit-ulcinj.com\/blog\/wp-content\/uploads\/2013\/12\/SHAI-Art-Club-Ndri\u00e7im-Kull\u00ebs-Ylli-i-shkrimtarit.jpg\" width=\"508\" height=\"360\" \/><\/a><\/p>\n<p>Kryetari i SHAI \u201eArt Club\u201c, Ali Salaj, ka th\u00ebn\u00eb se me k\u00ebt\u00eb prezantim kjo shoqat\u00eb vazhdon misionin e vet n\u00eb afirmimin e kultur\u00ebs dhe artit letrar duke i ofruar publikut n\u00eb Mal t\u00eb Zi nj\u00eb udh\u00ebtim imagjinar n\u00ebp\u00ebr librat m\u00eb t\u00eb arritur n\u00eb hap\u00ebsir\u00ebn mbar\u00ebshqiptare.<\/p>\n<p>Duke folur p\u00ebr librin, ai ka th\u00ebn\u00eb se Ndri\u00e7im Kulla \u201cvuri n\u00eb nj\u00eb sprov\u00eb t\u00eb v\u00ebshtir\u00eb \u2018yllin\u2019 e tij duke e shkruar k\u00ebt\u00eb lib\u00ebr q\u00eb do t\u00eb mbetet nj\u00eb thesar i \u00e7muar n\u00eb zhanrin e biografis\u00eb, por edhe nj\u00eb literatur\u00eb interesante n\u00eb fush\u00ebn e let\u00ebrsis\u00eb shqiptare\u201d.<\/p>\n<p>Sipas Salajt, autoriteti i pakontestuesh\u00ebm i Kadares\u00eb dhe q\u00ebndrimi i tij q\u00eb ndonj\u00ebher\u00eb \u00ebsht\u00eb cil\u00ebsuar edhe kontravers, ngjall\u00eb respekt, por shpesh her\u00eb mbart dilema t\u00eb shumta dhe frik\u00eb tek krijuesit, t\u00eb cil\u00ebt p\u00ebrpiqen t\u00eb merren me jet\u00ebn dhe veprimtarin\u00eb e tij letrare.<\/p>\n<p>\u201cMir\u00ebpo, Ndri\u00e7im Kulla si nj\u00eb intelektual i ve\u00e7ant\u00eb, i tejkalon k\u00ebto sfida me sukses duke mos r\u00ebn\u00eb n\u00ebn ndikimin as t\u00eb kund\u00ebrshtar\u00ebve t\u00eb Kadares\u00eb, por as duke u b\u00ebr\u00eb ithtar i verb\u00ebr i tij\u201d, ka theksuar ai para publikut t\u00eb shumt\u00eb.<\/p>\n<p>Profesori i filozofis\u00eb, Gjergj Sinani, ka th\u00ebn\u00eb se p\u00ebrkund\u00ebr asaj q\u00eb thuhet shpesh se me k\u00ebt\u00eb lib\u00ebr Ndri\u00e7im Kulla i b\u00ebn nder t\u00eb madh Kadares\u00eb, ai mendon se Kulla i b\u00ebn nj\u00eb nder t\u00eb madh kombit shqiptar \u201csepse ne dhe t\u00eb tjer\u00ebt, jo vet\u00ebm shqiptar\u00ebt, kan\u00eb nevoj\u00eb t\u00eb njohin jo vet\u00ebm thjesht krijimtarin\u00eb e Ismail Kadares\u00eb, por duhet t\u00eb njohin edhe kontekstin kur ka shkruar Ismail Kadareja p\u00ebr t\u00eb kuptuar vepr\u00ebn\u201c.<\/p>\n<p>Sipas tij, Kulla ka arritur q\u00eb n\u00eb vepr\u00ebn e vet, \u201eduke ndjekur rrug\u00ebn artistike t\u00eb Ismail Kadares\u00eb dhe duke e par\u00eb at\u00eb n\u00eb nj\u00eb paraleliz\u00ebm t\u00eb ngusht\u00eb qoft\u00eb me zhvillimet politike brenda Shqip\u00ebris\u00eb, por qoft\u00eb edhe zhvillimet nd\u00ebrkomb\u00ebtare, t\u00eb p\u00ebrshkruaj nj\u00eb mesazh t\u00eb madh t\u00eb vepr\u00ebs s\u00eb Kadares\u00eb, q\u00eb \u00ebsht\u00eb mesazhi i liris\u00eb\u201c, gj\u00eb q\u00eb p\u00ebr t\u00eb p\u00ebrb\u00ebn nj\u00eb nga vlerat m\u00eb t\u00eb m\u00ebdha t\u00eb k\u00ebtij libri.<\/p>\n<p>\u201eMendoj se \u00ebsht\u00eb nj\u00eb pun\u00eb e mir\u00eb p\u00ebr gjeneratat e reja, p\u00ebr ata q\u00eb do t\u00eb studiojn\u00eb vepr\u00ebn e Kadares\u00eb, p\u00ebr t\u00eb cil\u00ebt libri i Kull\u00ebs do t\u00eb jet\u00eb nj\u00eb pik\u00eb reference p\u00ebr t\u00eb kuptuar nj\u00eb autor t\u00eb madh\u201c, ka theksuar studiuesi prof. Dr. Gjergj Sinani.<\/p>\n<p>Dorian Nepravishta, redaktor n\u00eb Sht\u00ebpin\u00eb Botuese \u201cPlejad\u201d, e cila e ka botuar k\u00ebt\u00eb lib\u00ebr, ka th\u00ebn\u00eb se Kadareja e meritonte nj\u00eb biografi t\u00eb till\u00eb, q\u00eb p\u00ebr t\u00eb \u00ebsht\u00eb shum\u00eb e vonuar.<\/p>\n<p>Duke e cil\u00ebsuar librin si kulmin e krijimtaris\u00eb krijuese t\u00eb autorit Kulla, ai ka th\u00ebn\u00eb se biografia e Ismail Kadares\u00eb \u00ebsht\u00eb kuror\u00ebzim i nj\u00eb pune t\u00eb tij 20-vje\u00e7are.<br \/>\n<a href=\"http:\/\/www.visit-ulcinj.com\/blog\/wp-content\/uploads\/2013\/12\/SHAI-Art-Club-Ndri\u00e7im-Kull\u00ebs-Ylli-i-shkrimtarit-1.jpg\"><img loading=\"lazy\" class=\"alignleft  wp-image-77378\" alt=\"SHAI-Art Club-Ndri\u00e7im Kull\u00ebs-Ylli i shkrimtarit-1\" src=\"http:\/\/www.visit-ulcinj.com\/blog\/wp-content\/uploads\/2013\/12\/SHAI-Art-Club-Ndri\u00e7im-Kull\u00ebs-Ylli-i-shkrimtarit-1.jpg\" width=\"508\" height=\"360\" \/><\/a><\/p>\n<p>Nepravishta ka th\u00ebn\u00eb se libri \u00ebsht\u00eb shkruar me nj\u00eb stil shum\u00eb t\u00eb k\u00ebndsh\u00ebm.<\/p>\n<p>\u201eNuk \u00ebsht\u00eb nj\u00eb lib\u00ebr studimor n\u00eb kuptimin e thelluar shkencor, \u00ebsht\u00eb nj\u00eb biografi e letrarizuar\u201c, \u00ebsht\u00eb shprehur ai.<\/p>\n<p>Autori i librit \u201eYlli i shkrimtarit &#8211; Biografi e Ismail Kadares\u00eb, nga koha e tiranis\u00eb deri m\u00eb sot\u201c, Ndri\u00e7im Kulla ka shpjeguar se pse dhe si e shkroi biografin\u00eb e shkrimtarit shqiptar me fam\u00eb qart\u00ebsisht nd\u00ebrkomb\u00ebtare, Ismail Kadare.<\/p>\n<p>\u201eN\u00eb pun\u00ebn time krijuese, un\u00eb n\u00eb heshtje po shikoja se po ballafaqohesha me nj\u00eb luft\u00eb t\u00eb paskrupullt ndaj k\u00ebtij shkrimtari. Nuk e kuptoja se pse b\u00ebhej lufta ndaj Kadares\u00eb! At\u00ebher\u00eb e kuptova se sekreti ishte zilia. Kjo \u00ebsht\u00eb natyra e shqiptarit, \u00ebsht\u00eb nj\u00eb s\u00ebmundje e vjet\u00ebr q\u00eb kan\u00eb shqiptar\u00ebt, ndjenja e individualizmit\u201c, ka th\u00ebn\u00eb ai.<\/p>\n<p>Sipas Kull\u00ebs, kjo \u201eluft\u00eb\u201c si dhe polemikat n\u00eb media t\u00eb Kadares\u00eb p\u00ebr Kosov\u00ebn gjat\u00eb koh\u00ebs s\u00eb luft\u00ebs, por edhe para dhe pas saj, kan\u00eb pasur ndikim q\u00eb ai t\u00eb mos e fitonte \u00c7mimin \u201eNobel\u201c.<\/p>\n<p>\u201eMe nj\u00eb Shqip\u00ebri me Ismail Kadaren\u00eb Nobelist, do t\u00eb ishte ndryshe edhe kombi shqiptar\u201c, ka th\u00ebn\u00eb ai.<\/p>\n<p>Autori ka folur edhe p\u00ebr rrug\u00ebn e gjat\u00eb t\u00eb shkrimit t\u00eb biografis\u00eb s\u00eb Kadares\u00eb, q\u00eb nga lindja e ides\u00eb pothuajse 20 vjet m\u00eb par\u00eb, kur ai filloi t\u00eb mbante skeda, takimi me Kadaren\u00eb i cili ishte mosbesues, natyr\u00ebn e v\u00ebshtir\u00eb t\u00eb shkrimtarit e deri te reagimi pozitiv pas botimit t\u00eb vepr\u00ebs.<\/p>\n<p>\u201eV\u00ebshtir\u00ebsia e Kadares\u00eb q\u00ebndron tek gjenialiteti i tij\u201c, ka th\u00ebn\u00eb Kulla.<\/p>\n<p>Studiuesi Ndri\u00e7im Kulla \u00ebsht\u00eb autor i disa librave n\u00eb gjini t\u00eb ndryshme. Ka drejtuar p\u00ebr mbi 15 vjet me radh\u00eb pun\u00ebn studimore dhe bibliografike p\u00ebr mbledhjen, strukturimin dhe botimin e mjaft librave t\u00eb mendimit shqiptar. Rreth 20 vjet ka qene drejtor i Sht\u00ebpis\u00eb Botuese \u201cPhoenix\u201d dhe \u201cPlejad\u201d, nd\u00ebrsa aktualisht punon si ndihm\u00ebs i Presidentit t\u00eb Republik\u00ebs s\u00eb Shqip\u00ebris\u00eb.<\/p>\n<p>i.k.<\/p>\n","protected":false},"excerpt":{"rendered":"<p>SHAI \u201eArt Club\u201c organizoi p\u00ebrurimin e librit t\u00eb Ndri\u00e7im Kull\u00ebs \u201eYlli i shkrimtarit &#8211; Biografi e Ismail Kadares\u00eb, nga koha e tiranis\u00eb deri m\u00eb sot\u201c \u201eMendoj se \u00ebsht\u00eb nj\u00eb pun\u00eb e mir\u00eb p\u00ebr gjeneratat e reja, p\u00ebr ata q\u00eb do t\u00eb studiojn\u00eb vepr\u00ebn e Kadares\u00eb, p\u00ebr t\u00eb cil\u00ebt libri i Kull\u00ebs do t\u00eb jet\u00eb nj\u00eb [&hellip;]<\/p>\n","protected":false},"author":1,"featured_media":0,"comment_status":"closed","ping_status":"closed","sticky":false,"template":"","format":"standard","meta":{"spay_email":"","jetpack_publicize_message":"","jetpack_is_tweetstorm":false,"jetpack_publicize_feature_enabled":true},"categories":[4],"tags":[],"jetpack_publicize_connections":[],"yoast_head":"<!-- This site is optimized with the Yoast SEO plugin v19.1 - https:\/\/yoast.com\/wordpress\/plugins\/seo\/ -->\n<title>Nj\u00eb lib\u00ebr q\u00eb i b\u00ebn nder kombit shqiptar - Lajme nga Ulqini<\/title>\n<meta name=\"description\" content=\"SHAI \u201eArt Club\u201c organizoi p\u00ebrurimin e librit t\u00eb Ndri\u00e7im Kull\u00ebs \u201eYlli i shkrimtarit - Biografi e Ismail Kadares\u00eb, nga koha e tiranis\u00eb deri m\u00eb sot\u201c \u201eMendoj\" \/>\n<meta name=\"robots\" content=\"index, follow, max-snippet:-1, max-image-preview:large, max-video-preview:-1\" \/>\n<link rel=\"canonical\" href=\"https:\/\/www.visit-ulcinj.com\/blog\/2013\/12\/21\/nje-liber-qe-ben-nder-kombit-shqiptar\/\" \/>\n<meta property=\"og:locale\" content=\"en_US\" \/>\n<meta property=\"og:type\" content=\"article\" \/>\n<meta property=\"og:title\" content=\"Nj\u00eb lib\u00ebr q\u00eb i b\u00ebn nder kombit shqiptar - Lajme nga Ulqini\" \/>\n<meta property=\"og:description\" content=\"SHAI \u201eArt Club\u201c organizoi p\u00ebrurimin e librit t\u00eb Ndri\u00e7im Kull\u00ebs \u201eYlli i shkrimtarit - Biografi e Ismail Kadares\u00eb, nga koha e tiranis\u00eb deri m\u00eb sot\u201c \u201eMendoj\" \/>\n<meta property=\"og:url\" content=\"https:\/\/www.visit-ulcinj.com\/blog\/2013\/12\/21\/nje-liber-qe-ben-nder-kombit-shqiptar\/\" \/>\n<meta property=\"og:site_name\" content=\"Lajme nga Ulqini\" \/>\n<meta property=\"article:published_time\" content=\"2013-12-20T23:15:34+00:00\" \/>\n<meta property=\"article:modified_time\" content=\"2013-12-20T23:15:54+00:00\" \/>\n<meta name=\"twitter:label1\" content=\"Written by\" \/>\n\t<meta name=\"twitter:data1\" content=\"ulqini\" \/>\n\t<meta name=\"twitter:label2\" content=\"Est. reading time\" \/>\n\t<meta name=\"twitter:data2\" content=\"5 minutes\" \/>\n<script type=\"application\/ld+json\" class=\"yoast-schema-graph\">{\"@context\":\"https:\/\/schema.org\",\"@graph\":[{\"@type\":\"WebSite\",\"@id\":\"https:\/\/www.visit-ulcinj.com\/blog\/#website\",\"url\":\"https:\/\/www.visit-ulcinj.com\/blog\/\",\"name\":\"Lajme nga Ulqini\",\"description\":\"Lajme,Vijesti,Ulqini,Ulqin,Crna Gora,Mali i Zi\",\"potentialAction\":[{\"@type\":\"SearchAction\",\"target\":{\"@type\":\"EntryPoint\",\"urlTemplate\":\"https:\/\/www.visit-ulcinj.com\/blog\/?s={search_term_string}\"},\"query-input\":\"required name=search_term_string\"}],\"inLanguage\":\"en-US\"},{\"@type\":\"WebPage\",\"@id\":\"https:\/\/www.visit-ulcinj.com\/blog\/2013\/12\/21\/nje-liber-qe-ben-nder-kombit-shqiptar\/#webpage\",\"url\":\"https:\/\/www.visit-ulcinj.com\/blog\/2013\/12\/21\/nje-liber-qe-ben-nder-kombit-shqiptar\/\",\"name\":\"Nj\u00eb lib\u00ebr q\u00eb i b\u00ebn nder kombit shqiptar - Lajme nga Ulqini\",\"isPartOf\":{\"@id\":\"https:\/\/www.visit-ulcinj.com\/blog\/#website\"},\"datePublished\":\"2013-12-20T23:15:34+00:00\",\"dateModified\":\"2013-12-20T23:15:54+00:00\",\"author\":{\"@id\":\"https:\/\/www.visit-ulcinj.com\/blog\/#\/schema\/person\/dcab619c614d3038751c63bc2aadc06d\"},\"description\":\"SHAI \u201eArt Club\u201c organizoi p\u00ebrurimin e librit t\u00eb Ndri\u00e7im Kull\u00ebs \u201eYlli i shkrimtarit - Biografi e Ismail Kadares\u00eb, nga koha e tiranis\u00eb deri m\u00eb sot\u201c \u201eMendoj\",\"breadcrumb\":{\"@id\":\"https:\/\/www.visit-ulcinj.com\/blog\/2013\/12\/21\/nje-liber-qe-ben-nder-kombit-shqiptar\/#breadcrumb\"},\"inLanguage\":\"en-US\",\"potentialAction\":[{\"@type\":\"ReadAction\",\"target\":[\"https:\/\/www.visit-ulcinj.com\/blog\/2013\/12\/21\/nje-liber-qe-ben-nder-kombit-shqiptar\/\"]}]},{\"@type\":\"BreadcrumbList\",\"@id\":\"https:\/\/www.visit-ulcinj.com\/blog\/2013\/12\/21\/nje-liber-qe-ben-nder-kombit-shqiptar\/#breadcrumb\",\"itemListElement\":[{\"@type\":\"ListItem\",\"position\":1,\"name\":\"Nj\u00eb lib\u00ebr q\u00eb i b\u00ebn nder kombit shqiptar\"}]},{\"@type\":\"Person\",\"@id\":\"https:\/\/www.visit-ulcinj.com\/blog\/#\/schema\/person\/dcab619c614d3038751c63bc2aadc06d\",\"name\":\"ulqini\",\"sameAs\":[\"http:\/\/www.visit-ulcinj.com\"],\"url\":\"https:\/\/www.visit-ulcinj.com\/blog\/author\/admin\/\"}]}<\/script>\n<!-- \/ Yoast SEO plugin. -->","yoast_head_json":{"title":"Nj\u00eb lib\u00ebr q\u00eb i b\u00ebn nder kombit shqiptar - Lajme nga Ulqini","description":"SHAI \u201eArt Club\u201c organizoi p\u00ebrurimin e librit t\u00eb Ndri\u00e7im Kull\u00ebs \u201eYlli i shkrimtarit - Biografi e Ismail Kadares\u00eb, nga koha e tiranis\u00eb deri m\u00eb sot\u201c \u201eMendoj","robots":{"index":"index","follow":"follow","max-snippet":"max-snippet:-1","max-image-preview":"max-image-preview:large","max-video-preview":"max-video-preview:-1"},"canonical":"https:\/\/www.visit-ulcinj.com\/blog\/2013\/12\/21\/nje-liber-qe-ben-nder-kombit-shqiptar\/","og_locale":"en_US","og_type":"article","og_title":"Nj\u00eb lib\u00ebr q\u00eb i b\u00ebn nder kombit shqiptar - Lajme nga Ulqini","og_description":"SHAI \u201eArt Club\u201c organizoi p\u00ebrurimin e librit t\u00eb Ndri\u00e7im Kull\u00ebs \u201eYlli i shkrimtarit - Biografi e Ismail Kadares\u00eb, nga koha e tiranis\u00eb deri m\u00eb sot\u201c \u201eMendoj","og_url":"https:\/\/www.visit-ulcinj.com\/blog\/2013\/12\/21\/nje-liber-qe-ben-nder-kombit-shqiptar\/","og_site_name":"Lajme nga Ulqini","article_published_time":"2013-12-20T23:15:34+00:00","article_modified_time":"2013-12-20T23:15:54+00:00","twitter_misc":{"Written by":"ulqini","Est. reading time":"5 minutes"},"schema":{"@context":"https:\/\/schema.org","@graph":[{"@type":"WebSite","@id":"https:\/\/www.visit-ulcinj.com\/blog\/#website","url":"https:\/\/www.visit-ulcinj.com\/blog\/","name":"Lajme nga Ulqini","description":"Lajme,Vijesti,Ulqini,Ulqin,Crna Gora,Mali i Zi","potentialAction":[{"@type":"SearchAction","target":{"@type":"EntryPoint","urlTemplate":"https:\/\/www.visit-ulcinj.com\/blog\/?s={search_term_string}"},"query-input":"required name=search_term_string"}],"inLanguage":"en-US"},{"@type":"WebPage","@id":"https:\/\/www.visit-ulcinj.com\/blog\/2013\/12\/21\/nje-liber-qe-ben-nder-kombit-shqiptar\/#webpage","url":"https:\/\/www.visit-ulcinj.com\/blog\/2013\/12\/21\/nje-liber-qe-ben-nder-kombit-shqiptar\/","name":"Nj\u00eb lib\u00ebr q\u00eb i b\u00ebn nder kombit shqiptar - Lajme nga Ulqini","isPartOf":{"@id":"https:\/\/www.visit-ulcinj.com\/blog\/#website"},"datePublished":"2013-12-20T23:15:34+00:00","dateModified":"2013-12-20T23:15:54+00:00","author":{"@id":"https:\/\/www.visit-ulcinj.com\/blog\/#\/schema\/person\/dcab619c614d3038751c63bc2aadc06d"},"description":"SHAI \u201eArt Club\u201c organizoi p\u00ebrurimin e librit t\u00eb Ndri\u00e7im Kull\u00ebs \u201eYlli i shkrimtarit - Biografi e Ismail Kadares\u00eb, nga koha e tiranis\u00eb deri m\u00eb sot\u201c \u201eMendoj","breadcrumb":{"@id":"https:\/\/www.visit-ulcinj.com\/blog\/2013\/12\/21\/nje-liber-qe-ben-nder-kombit-shqiptar\/#breadcrumb"},"inLanguage":"en-US","potentialAction":[{"@type":"ReadAction","target":["https:\/\/www.visit-ulcinj.com\/blog\/2013\/12\/21\/nje-liber-qe-ben-nder-kombit-shqiptar\/"]}]},{"@type":"BreadcrumbList","@id":"https:\/\/www.visit-ulcinj.com\/blog\/2013\/12\/21\/nje-liber-qe-ben-nder-kombit-shqiptar\/#breadcrumb","itemListElement":[{"@type":"ListItem","position":1,"name":"Nj\u00eb lib\u00ebr q\u00eb i b\u00ebn nder kombit shqiptar"}]},{"@type":"Person","@id":"https:\/\/www.visit-ulcinj.com\/blog\/#\/schema\/person\/dcab619c614d3038751c63bc2aadc06d","name":"ulqini","sameAs":["http:\/\/www.visit-ulcinj.com"],"url":"https:\/\/www.visit-ulcinj.com\/blog\/author\/admin\/"}]}},"jetpack_featured_media_url":"","jetpack_sharing_enabled":true,"jetpack_shortlink":"https:\/\/wp.me\/pe6lTn-k7Z","_links":{"self":[{"href":"https:\/\/www.visit-ulcinj.com\/blog\/wp-json\/wp\/v2\/posts\/77375"}],"collection":[{"href":"https:\/\/www.visit-ulcinj.com\/blog\/wp-json\/wp\/v2\/posts"}],"about":[{"href":"https:\/\/www.visit-ulcinj.com\/blog\/wp-json\/wp\/v2\/types\/post"}],"author":[{"embeddable":true,"href":"https:\/\/www.visit-ulcinj.com\/blog\/wp-json\/wp\/v2\/users\/1"}],"replies":[{"embeddable":true,"href":"https:\/\/www.visit-ulcinj.com\/blog\/wp-json\/wp\/v2\/comments?post=77375"}],"version-history":[{"count":2,"href":"https:\/\/www.visit-ulcinj.com\/blog\/wp-json\/wp\/v2\/posts\/77375\/revisions"}],"predecessor-version":[{"id":77381,"href":"https:\/\/www.visit-ulcinj.com\/blog\/wp-json\/wp\/v2\/posts\/77375\/revisions\/77381"}],"wp:attachment":[{"href":"https:\/\/www.visit-ulcinj.com\/blog\/wp-json\/wp\/v2\/media?parent=77375"}],"wp:term":[{"taxonomy":"category","embeddable":true,"href":"https:\/\/www.visit-ulcinj.com\/blog\/wp-json\/wp\/v2\/categories?post=77375"},{"taxonomy":"post_tag","embeddable":true,"href":"https:\/\/www.visit-ulcinj.com\/blog\/wp-json\/wp\/v2\/tags?post=77375"}],"curies":[{"name":"wp","href":"https:\/\/api.w.org\/{rel}","templated":true}]}}