{"id":77386,"date":"2013-12-21T18:18:22","date_gmt":"2013-12-21T17:18:22","guid":{"rendered":"http:\/\/www.visit-ulcinj.com\/blog\/?p=77386"},"modified":"2013-12-21T18:58:45","modified_gmt":"2013-12-21T17:58:45","slug":"abazovic-zugicu-obracunajte-se-sa-organizovanim-kriminalom-video","status":"publish","type":"post","link":"https:\/\/www.visit-ulcinj.com\/blog\/2013\/12\/21\/abazovic-zugicu-obracunajte-se-sa-organizovanim-kriminalom-video\/","title":{"rendered":"Abazovi\u0107 &#8211; \u017dugi\u0107u: Za\u0161to je u Ulcinju najmanja prosje\u010dna zarada"},"content":{"rendered":"<p><strong><a href=\"http:\/\/www.visit-ulcinj.com\/blog\/wp-content\/uploads\/2013\/07\/dritan-abazovic-skupstina.jpg\"><img loading=\"lazy\" class=\"alignleft  wp-image-73916\" alt=\"dritan-abazovic-skupstina\" src=\"http:\/\/www.visit-ulcinj.com\/blog\/wp-content\/uploads\/2013\/07\/dritan-abazovic-skupstina.jpg\" width=\"508\" height=\"300\" \/><\/a><\/strong><strong>Izlaganje poslanika Dritana Abazovi\u0107a povodom Predloga zakona o bud\u017eetu Crne Gore- sjednica Skup\u0161tine Crne Gore, 20.12.2013.<\/strong><\/p>\n<p>\u201cNakon \u0161to ste povukli rebalans, \u010desto pjevate pjesmu \u201eZaustavite januar\u201c, \u00a0jer vam nije lako da branite poziciju novog Bud\u017eeta, odnosno da branite ono \u0161to su va\u0161e kolege napravile, a vas ostavile da vadite kestenje iz vatre.<\/p>\n<p>Gospodine \u017dugi\u0107u , vi uporno glumite vatrogasca, oko kojeg je vatrena stihija, dok \u00a0uporno prskate vodom, vjerujete da \u0107e pasti ki\u0161a. Poku\u0161ajte da glumite indijanca, da prizivate ki\u0161u, jer \u0107e vam ubrzo ponestati vode da gasite tu vatru.<\/p>\n<p>Da li je pravedno da Ulcinj ima najmanji prosjek plate u Crnoj Gori?Da li ste ijedan zapisnik napravili na albanskom jeziku ? To je jezik u slu\u017ebenoj upotrebi, a ne postoji ni jedan zapisnik na albanskom jeziku.<\/p>\n<p>Krenite u borbu protiv organizovanog kriminala i ne\u0107e biti potrebno da pove\u0107avate PDV i zamrzavate penzije.<\/p>\n<p>Ova zemlja ima mnogo vi\u0161e kapitalnog potencijala, ali joj lo\u0161a ekonomska politika ne dozvoljava da poka\u017ee taj potencijal\u201d.<\/p>\n<p><strong>Izvor: Pozitivna Crna Gora<br \/>\n<\/strong><\/p>\n<h4><strong>Abazovi\u0107 pita \u0110ukanovi\u0107a o resursima Ulcinja<\/strong><\/h4>\n<p>Premijeru \u0107e pitanje postaviti i Pozitivna Crna Gora, koja je napustila pro\u0161lu sjednicu zbog verbalnog incidenta poslanika Dritana Abazovi\u0107a sa premijerom Milom \u0110ukanovi\u0107em. Pitanje premijeru postavi\u0107e upravo Abazovi\u0107.<\/p>\n<p>&#8211; Koje aktivnosti \u0107e preduzeti Vlada Crne Gore kako bi se bolje iskoristili privredni i prirodni resursi Ulcinja \u2013 pita\u0107e Abazovi\u0107.<\/p>\n<p><strong>Genci Nimanbegu<\/strong> iz Force premijera \u0107e pitati da li \u0107e se usvajanjem i primjenom novog Zakona o morskom dobru granica obuhvata morskog dobra u Ulcinju promijeniti.<\/p>\n<p>&#8211; Koji su najrealniji rokovi za sprovo\u0111enje ovog zakona \u2013 pita\u0107e Nimanbegu.<\/p>\n<p><strong>Izvor: Pobjeda<\/strong><\/p>\n<!--YouTube Error: bad URL entered-->\n","protected":false},"excerpt":{"rendered":"<p>Izlaganje poslanika Dritana Abazovi\u0107a povodom Predloga zakona o bud\u017eetu Crne Gore- sjednica Skup\u0161tine Crne Gore, 20.12.2013. \u201cNakon \u0161to ste povukli rebalans, \u010desto pjevate pjesmu \u201eZaustavite januar\u201c, \u00a0jer vam nije lako da branite poziciju novog Bud\u017eeta, odnosno da branite ono \u0161to su va\u0161e kolege napravile, a vas ostavile da vadite kestenje iz vatre. Gospodine \u017dugi\u0107u , [&hellip;]<\/p>\n","protected":false},"author":1,"featured_media":0,"comment_status":"closed","ping_status":"closed","sticky":false,"template":"","format":"standard","meta":{"spay_email":"","jetpack_publicize_message":"","jetpack_is_tweetstorm":false,"jetpack_publicize_feature_enabled":true},"categories":[8337],"tags":[],"jetpack_publicize_connections":[],"yoast_head":"<!-- This site is optimized with the Yoast SEO plugin v19.1 - https:\/\/yoast.com\/wordpress\/plugins\/seo\/ -->\n<title>Abazovi\u0107 - \u017dugi\u0107u: Za\u0161to je u Ulcinju najmanja prosje\u010dna zarada - Lajme nga Ulqini<\/title>\n<meta name=\"description\" content=\"Izlaganje poslanika Dritana Abazovi\u0107a povodom Predloga zakona o bud\u017eetu Crne Gore- sjednica Skup\u0161tine Crne Gore, 20.12.2013. \u201cNakon \u0161to ste povukli\" \/>\n<meta name=\"robots\" content=\"index, follow, max-snippet:-1, max-image-preview:large, max-video-preview:-1\" \/>\n<link rel=\"canonical\" href=\"https:\/\/www.visit-ulcinj.com\/blog\/2013\/12\/21\/abazovic-zugicu-obracunajte-se-sa-organizovanim-kriminalom-video\/\" \/>\n<meta property=\"og:locale\" content=\"en_US\" \/>\n<meta property=\"og:type\" content=\"article\" \/>\n<meta property=\"og:title\" content=\"Abazovi\u0107 - \u017dugi\u0107u: Za\u0161to je u Ulcinju najmanja prosje\u010dna zarada - Lajme nga Ulqini\" \/>\n<meta property=\"og:description\" content=\"Izlaganje poslanika Dritana Abazovi\u0107a povodom Predloga zakona o bud\u017eetu Crne Gore- sjednica Skup\u0161tine Crne Gore, 20.12.2013. \u201cNakon \u0161to ste povukli\" \/>\n<meta property=\"og:url\" content=\"https:\/\/www.visit-ulcinj.com\/blog\/2013\/12\/21\/abazovic-zugicu-obracunajte-se-sa-organizovanim-kriminalom-video\/\" \/>\n<meta property=\"og:site_name\" content=\"Lajme nga Ulqini\" \/>\n<meta property=\"article:published_time\" content=\"2013-12-21T17:18:22+00:00\" \/>\n<meta property=\"article:modified_time\" content=\"2013-12-21T17:58:45+00:00\" \/>\n<meta property=\"og:image\" content=\"http:\/\/www.visit-ulcinj.com\/blog\/wp-content\/uploads\/2013\/07\/dritan-abazovic-skupstina.jpg\" \/>\n<meta name=\"twitter:label1\" content=\"Written by\" \/>\n\t<meta name=\"twitter:data1\" content=\"ulqini\" \/>\n\t<meta name=\"twitter:label2\" content=\"Est. reading time\" \/>\n\t<meta name=\"twitter:data2\" content=\"1 minute\" \/>\n<script type=\"application\/ld+json\" class=\"yoast-schema-graph\">{\"@context\":\"https:\/\/schema.org\",\"@graph\":[{\"@type\":\"WebSite\",\"@id\":\"https:\/\/www.visit-ulcinj.com\/blog\/#website\",\"url\":\"https:\/\/www.visit-ulcinj.com\/blog\/\",\"name\":\"Lajme nga Ulqini\",\"description\":\"Lajme,Vijesti,Ulqini,Ulqin,Crna Gora,Mali i Zi\",\"potentialAction\":[{\"@type\":\"SearchAction\",\"target\":{\"@type\":\"EntryPoint\",\"urlTemplate\":\"https:\/\/www.visit-ulcinj.com\/blog\/?s={search_term_string}\"},\"query-input\":\"required name=search_term_string\"}],\"inLanguage\":\"en-US\"},{\"@type\":\"ImageObject\",\"inLanguage\":\"en-US\",\"@id\":\"https:\/\/www.visit-ulcinj.com\/blog\/2013\/12\/21\/abazovic-zugicu-obracunajte-se-sa-organizovanim-kriminalom-video\/#primaryimage\",\"url\":\"https:\/\/www.visit-ulcinj.com\/blog\/wp-content\/uploads\/2013\/07\/dritan-abazovic-skupstina.jpg\",\"contentUrl\":\"https:\/\/www.visit-ulcinj.com\/blog\/wp-content\/uploads\/2013\/07\/dritan-abazovic-skupstina.jpg\",\"width\":560,\"height\":300},{\"@type\":\"WebPage\",\"@id\":\"https:\/\/www.visit-ulcinj.com\/blog\/2013\/12\/21\/abazovic-zugicu-obracunajte-se-sa-organizovanim-kriminalom-video\/#webpage\",\"url\":\"https:\/\/www.visit-ulcinj.com\/blog\/2013\/12\/21\/abazovic-zugicu-obracunajte-se-sa-organizovanim-kriminalom-video\/\",\"name\":\"Abazovi\u0107 - \u017dugi\u0107u: Za\u0161to je u Ulcinju najmanja prosje\u010dna zarada - Lajme nga Ulqini\",\"isPartOf\":{\"@id\":\"https:\/\/www.visit-ulcinj.com\/blog\/#website\"},\"primaryImageOfPage\":{\"@id\":\"https:\/\/www.visit-ulcinj.com\/blog\/2013\/12\/21\/abazovic-zugicu-obracunajte-se-sa-organizovanim-kriminalom-video\/#primaryimage\"},\"datePublished\":\"2013-12-21T17:18:22+00:00\",\"dateModified\":\"2013-12-21T17:58:45+00:00\",\"author\":{\"@id\":\"https:\/\/www.visit-ulcinj.com\/blog\/#\/schema\/person\/dcab619c614d3038751c63bc2aadc06d\"},\"description\":\"Izlaganje poslanika Dritana Abazovi\u0107a povodom Predloga zakona o bud\u017eetu Crne Gore- sjednica Skup\u0161tine Crne Gore, 20.12.2013. \u201cNakon \u0161to ste povukli\",\"breadcrumb\":{\"@id\":\"https:\/\/www.visit-ulcinj.com\/blog\/2013\/12\/21\/abazovic-zugicu-obracunajte-se-sa-organizovanim-kriminalom-video\/#breadcrumb\"},\"inLanguage\":\"en-US\",\"potentialAction\":[{\"@type\":\"ReadAction\",\"target\":[\"https:\/\/www.visit-ulcinj.com\/blog\/2013\/12\/21\/abazovic-zugicu-obracunajte-se-sa-organizovanim-kriminalom-video\/\"]}]},{\"@type\":\"BreadcrumbList\",\"@id\":\"https:\/\/www.visit-ulcinj.com\/blog\/2013\/12\/21\/abazovic-zugicu-obracunajte-se-sa-organizovanim-kriminalom-video\/#breadcrumb\",\"itemListElement\":[{\"@type\":\"ListItem\",\"position\":1,\"name\":\"Abazovi\u0107 &#8211; \u017dugi\u0107u: Za\u0161to je u Ulcinju najmanja prosje\u010dna zarada\"}]},{\"@type\":\"Person\",\"@id\":\"https:\/\/www.visit-ulcinj.com\/blog\/#\/schema\/person\/dcab619c614d3038751c63bc2aadc06d\",\"name\":\"ulqini\",\"sameAs\":[\"http:\/\/www.visit-ulcinj.com\"],\"url\":\"https:\/\/www.visit-ulcinj.com\/blog\/author\/admin\/\"}]}<\/script>\n<!-- \/ Yoast SEO plugin. -->","yoast_head_json":{"title":"Abazovi\u0107 - \u017dugi\u0107u: Za\u0161to je u Ulcinju najmanja prosje\u010dna zarada - Lajme nga Ulqini","description":"Izlaganje poslanika Dritana Abazovi\u0107a povodom Predloga zakona o bud\u017eetu Crne Gore- sjednica Skup\u0161tine Crne Gore, 20.12.2013. \u201cNakon \u0161to ste povukli","robots":{"index":"index","follow":"follow","max-snippet":"max-snippet:-1","max-image-preview":"max-image-preview:large","max-video-preview":"max-video-preview:-1"},"canonical":"https:\/\/www.visit-ulcinj.com\/blog\/2013\/12\/21\/abazovic-zugicu-obracunajte-se-sa-organizovanim-kriminalom-video\/","og_locale":"en_US","og_type":"article","og_title":"Abazovi\u0107 - \u017dugi\u0107u: Za\u0161to je u Ulcinju najmanja prosje\u010dna zarada - Lajme nga Ulqini","og_description":"Izlaganje poslanika Dritana Abazovi\u0107a povodom Predloga zakona o bud\u017eetu Crne Gore- sjednica Skup\u0161tine Crne Gore, 20.12.2013. \u201cNakon \u0161to ste povukli","og_url":"https:\/\/www.visit-ulcinj.com\/blog\/2013\/12\/21\/abazovic-zugicu-obracunajte-se-sa-organizovanim-kriminalom-video\/","og_site_name":"Lajme nga Ulqini","article_published_time":"2013-12-21T17:18:22+00:00","article_modified_time":"2013-12-21T17:58:45+00:00","og_image":[{"url":"http:\/\/www.visit-ulcinj.com\/blog\/wp-content\/uploads\/2013\/07\/dritan-abazovic-skupstina.jpg"}],"twitter_misc":{"Written by":"ulqini","Est. reading time":"1 minute"},"schema":{"@context":"https:\/\/schema.org","@graph":[{"@type":"WebSite","@id":"https:\/\/www.visit-ulcinj.com\/blog\/#website","url":"https:\/\/www.visit-ulcinj.com\/blog\/","name":"Lajme nga Ulqini","description":"Lajme,Vijesti,Ulqini,Ulqin,Crna Gora,Mali i Zi","potentialAction":[{"@type":"SearchAction","target":{"@type":"EntryPoint","urlTemplate":"https:\/\/www.visit-ulcinj.com\/blog\/?s={search_term_string}"},"query-input":"required name=search_term_string"}],"inLanguage":"en-US"},{"@type":"ImageObject","inLanguage":"en-US","@id":"https:\/\/www.visit-ulcinj.com\/blog\/2013\/12\/21\/abazovic-zugicu-obracunajte-se-sa-organizovanim-kriminalom-video\/#primaryimage","url":"https:\/\/www.visit-ulcinj.com\/blog\/wp-content\/uploads\/2013\/07\/dritan-abazovic-skupstina.jpg","contentUrl":"https:\/\/www.visit-ulcinj.com\/blog\/wp-content\/uploads\/2013\/07\/dritan-abazovic-skupstina.jpg","width":560,"height":300},{"@type":"WebPage","@id":"https:\/\/www.visit-ulcinj.com\/blog\/2013\/12\/21\/abazovic-zugicu-obracunajte-se-sa-organizovanim-kriminalom-video\/#webpage","url":"https:\/\/www.visit-ulcinj.com\/blog\/2013\/12\/21\/abazovic-zugicu-obracunajte-se-sa-organizovanim-kriminalom-video\/","name":"Abazovi\u0107 - \u017dugi\u0107u: Za\u0161to je u Ulcinju najmanja prosje\u010dna zarada - Lajme nga Ulqini","isPartOf":{"@id":"https:\/\/www.visit-ulcinj.com\/blog\/#website"},"primaryImageOfPage":{"@id":"https:\/\/www.visit-ulcinj.com\/blog\/2013\/12\/21\/abazovic-zugicu-obracunajte-se-sa-organizovanim-kriminalom-video\/#primaryimage"},"datePublished":"2013-12-21T17:18:22+00:00","dateModified":"2013-12-21T17:58:45+00:00","author":{"@id":"https:\/\/www.visit-ulcinj.com\/blog\/#\/schema\/person\/dcab619c614d3038751c63bc2aadc06d"},"description":"Izlaganje poslanika Dritana Abazovi\u0107a povodom Predloga zakona o bud\u017eetu Crne Gore- sjednica Skup\u0161tine Crne Gore, 20.12.2013. \u201cNakon \u0161to ste povukli","breadcrumb":{"@id":"https:\/\/www.visit-ulcinj.com\/blog\/2013\/12\/21\/abazovic-zugicu-obracunajte-se-sa-organizovanim-kriminalom-video\/#breadcrumb"},"inLanguage":"en-US","potentialAction":[{"@type":"ReadAction","target":["https:\/\/www.visit-ulcinj.com\/blog\/2013\/12\/21\/abazovic-zugicu-obracunajte-se-sa-organizovanim-kriminalom-video\/"]}]},{"@type":"BreadcrumbList","@id":"https:\/\/www.visit-ulcinj.com\/blog\/2013\/12\/21\/abazovic-zugicu-obracunajte-se-sa-organizovanim-kriminalom-video\/#breadcrumb","itemListElement":[{"@type":"ListItem","position":1,"name":"Abazovi\u0107 &#8211; \u017dugi\u0107u: Za\u0161to je u Ulcinju najmanja prosje\u010dna zarada"}]},{"@type":"Person","@id":"https:\/\/www.visit-ulcinj.com\/blog\/#\/schema\/person\/dcab619c614d3038751c63bc2aadc06d","name":"ulqini","sameAs":["http:\/\/www.visit-ulcinj.com"],"url":"https:\/\/www.visit-ulcinj.com\/blog\/author\/admin\/"}]}},"jetpack_featured_media_url":"","jetpack_sharing_enabled":true,"jetpack_shortlink":"https:\/\/wp.me\/pe6lTn-k8a","_links":{"self":[{"href":"https:\/\/www.visit-ulcinj.com\/blog\/wp-json\/wp\/v2\/posts\/77386"}],"collection":[{"href":"https:\/\/www.visit-ulcinj.com\/blog\/wp-json\/wp\/v2\/posts"}],"about":[{"href":"https:\/\/www.visit-ulcinj.com\/blog\/wp-json\/wp\/v2\/types\/post"}],"author":[{"embeddable":true,"href":"https:\/\/www.visit-ulcinj.com\/blog\/wp-json\/wp\/v2\/users\/1"}],"replies":[{"embeddable":true,"href":"https:\/\/www.visit-ulcinj.com\/blog\/wp-json\/wp\/v2\/comments?post=77386"}],"version-history":[{"count":5,"href":"https:\/\/www.visit-ulcinj.com\/blog\/wp-json\/wp\/v2\/posts\/77386\/revisions"}],"predecessor-version":[{"id":77391,"href":"https:\/\/www.visit-ulcinj.com\/blog\/wp-json\/wp\/v2\/posts\/77386\/revisions\/77391"}],"wp:attachment":[{"href":"https:\/\/www.visit-ulcinj.com\/blog\/wp-json\/wp\/v2\/media?parent=77386"}],"wp:term":[{"taxonomy":"category","embeddable":true,"href":"https:\/\/www.visit-ulcinj.com\/blog\/wp-json\/wp\/v2\/categories?post=77386"},{"taxonomy":"post_tag","embeddable":true,"href":"https:\/\/www.visit-ulcinj.com\/blog\/wp-json\/wp\/v2\/tags?post=77386"}],"curies":[{"name":"wp","href":"https:\/\/api.w.org\/{rel}","templated":true}]}}