{"id":77401,"date":"2013-12-22T10:35:48","date_gmt":"2013-12-22T09:35:48","guid":{"rendered":"http:\/\/www.visit-ulcinj.com\/blog\/?p=77401"},"modified":"2013-12-23T12:41:24","modified_gmt":"2013-12-23T11:41:24","slug":"abazoviqi-zhugiqit-pse-rrogat-ne-ulqin-jane-te-uleta-ne-rajon","status":"publish","type":"post","link":"https:\/\/www.visit-ulcinj.com\/blog\/2013\/12\/22\/abazoviqi-zhugiqit-pse-rrogat-ne-ulqin-jane-te-uleta-ne-rajon\/","title":{"rendered":"Abazoviqi &#8211; Zhugiqit: Pse rrogat n\u00eb Ulqin jan\u00eb m\u00eb t\u00eb ul\u00ebta n\u00eb rajon"},"content":{"rendered":"<p><a href=\"http:\/\/www.visit-ulcinj.com\/blog\/wp-content\/uploads\/2013\/12\/dritan-abazoviq.jpg\"><img loading=\"lazy\" class=\"alignleft  wp-image-77402\" alt=\"dritan-abazoviq\" src=\"http:\/\/www.visit-ulcinj.com\/blog\/wp-content\/uploads\/2013\/12\/dritan-abazoviq.jpg\" width=\"508\" height=\"360\" \/><\/a>Me \u00a0fakte shum\u00eb interesante para dy diteve gjat\u00eb fjalimit t\u00eb tij n\u00eb paralamentin e Malit t\u00eb Zi ka paraqitur deputeti i Malit t\u00eb Zi Pozitiv Dritan Abazoviq ndaj ministrit p\u00ebr financa ne qeveri Radoje Zhugiq.<\/p>\n<p>Ai ka pyetur ministrin e financave Zhugiq q\u00eb t\u00eb tregoj\u00eb se sa t\u00eb holla jan\u00eb mbledhur n\u00eb Ulqin gjat\u00eb sezonit nga TVSH-ja dhe inspekcionet q\u00eb kan denuar tregetaret e Ulqinit.<\/p>\n<p>Gjat\u00eb fjalimit ai pyeti ministrin e financave pse rrogat n\u00eb Ulqin p\u00ebr dallim nga vendet tjera n\u00eb Mal t\u00eb Zi jan\u00a0 akoma m\u00eb e ul\u00ebta n\u00eb vend.<\/p>\n<p>Dritani poashtu shton se si \u00ebsht\u00eb e mundur q\u00eb komuna e Ulqinit \u00ebsht\u00eb komuna me varf\u00ebr duke pasur krejt resurset natyrore.<\/p>\n<p><strong>P\u00ebr me tep\u00ebr ju ftojm\u00eb t\u00eb ndiqni Videon<\/strong><\/p>\n<!--YouTube Error: bad URL entered-->\n","protected":false},"excerpt":{"rendered":"<p>Me \u00a0fakte shum\u00eb interesante para dy diteve gjat\u00eb fjalimit t\u00eb tij n\u00eb paralamentin e Malit t\u00eb Zi ka paraqitur deputeti i Malit t\u00eb Zi Pozitiv Dritan Abazoviq ndaj ministrit p\u00ebr financa ne qeveri Radoje Zhugiq. Ai ka pyetur ministrin e financave Zhugiq q\u00eb t\u00eb tregoj\u00eb se sa t\u00eb holla jan\u00eb mbledhur n\u00eb Ulqin gjat\u00eb sezonit [&hellip;]<\/p>\n","protected":false},"author":1,"featured_media":0,"comment_status":"closed","ping_status":"closed","sticky":false,"template":"","format":"standard","meta":{"spay_email":"","jetpack_publicize_message":"","jetpack_is_tweetstorm":false,"jetpack_publicize_feature_enabled":true},"categories":[7,1],"tags":[],"jetpack_publicize_connections":[],"yoast_head":"<!-- This site is optimized with the Yoast SEO plugin v19.1 - https:\/\/yoast.com\/wordpress\/plugins\/seo\/ -->\n<title>Abazoviqi - Zhugiqit: Pse rrogat n\u00eb Ulqin jan\u00eb m\u00eb t\u00eb ul\u00ebta n\u00eb rajon - Lajme nga Ulqini<\/title>\n<meta name=\"description\" content=\"Me \u00a0fakte shum\u00eb interesante para dy diteve gjat\u00eb fjalimit t\u00eb tij n\u00eb paralamentin e Malit t\u00eb Zi ka paraqitur deputeti i Malit t\u00eb Zi Pozitiv Dritan Abazoviq\" \/>\n<meta name=\"robots\" content=\"index, follow, max-snippet:-1, max-image-preview:large, max-video-preview:-1\" \/>\n<link rel=\"canonical\" href=\"https:\/\/www.visit-ulcinj.com\/blog\/2013\/12\/22\/abazoviqi-zhugiqit-pse-rrogat-ne-ulqin-jane-te-uleta-ne-rajon\/\" \/>\n<meta property=\"og:locale\" content=\"en_US\" \/>\n<meta property=\"og:type\" content=\"article\" \/>\n<meta property=\"og:title\" content=\"Abazoviqi - Zhugiqit: Pse rrogat n\u00eb Ulqin jan\u00eb m\u00eb t\u00eb ul\u00ebta n\u00eb rajon - Lajme nga Ulqini\" \/>\n<meta property=\"og:description\" content=\"Me \u00a0fakte shum\u00eb interesante para dy diteve gjat\u00eb fjalimit t\u00eb tij n\u00eb paralamentin e Malit t\u00eb Zi ka paraqitur deputeti i Malit t\u00eb Zi Pozitiv Dritan Abazoviq\" \/>\n<meta property=\"og:url\" content=\"https:\/\/www.visit-ulcinj.com\/blog\/2013\/12\/22\/abazoviqi-zhugiqit-pse-rrogat-ne-ulqin-jane-te-uleta-ne-rajon\/\" \/>\n<meta property=\"og:site_name\" content=\"Lajme nga Ulqini\" \/>\n<meta property=\"article:published_time\" content=\"2013-12-22T09:35:48+00:00\" \/>\n<meta property=\"article:modified_time\" content=\"2013-12-23T11:41:24+00:00\" \/>\n<meta property=\"og:image\" content=\"http:\/\/www.visit-ulcinj.com\/blog\/wp-content\/uploads\/2013\/12\/dritan-abazoviq.jpg\" \/>\n<meta name=\"twitter:label1\" content=\"Written by\" \/>\n\t<meta name=\"twitter:data1\" content=\"ulqini\" \/>\n\t<meta name=\"twitter:label2\" content=\"Est. reading time\" \/>\n\t<meta name=\"twitter:data2\" content=\"1 minute\" \/>\n<script type=\"application\/ld+json\" class=\"yoast-schema-graph\">{\"@context\":\"https:\/\/schema.org\",\"@graph\":[{\"@type\":\"WebSite\",\"@id\":\"https:\/\/www.visit-ulcinj.com\/blog\/#website\",\"url\":\"https:\/\/www.visit-ulcinj.com\/blog\/\",\"name\":\"Lajme nga Ulqini\",\"description\":\"Lajme,Vijesti,Ulqini,Ulqin,Crna Gora,Mali i Zi\",\"potentialAction\":[{\"@type\":\"SearchAction\",\"target\":{\"@type\":\"EntryPoint\",\"urlTemplate\":\"https:\/\/www.visit-ulcinj.com\/blog\/?s={search_term_string}\"},\"query-input\":\"required name=search_term_string\"}],\"inLanguage\":\"en-US\"},{\"@type\":\"ImageObject\",\"inLanguage\":\"en-US\",\"@id\":\"https:\/\/www.visit-ulcinj.com\/blog\/2013\/12\/22\/abazoviqi-zhugiqit-pse-rrogat-ne-ulqin-jane-te-uleta-ne-rajon\/#primaryimage\",\"url\":\"https:\/\/www.visit-ulcinj.com\/blog\/wp-content\/uploads\/2013\/12\/dritan-abazoviq.jpg\",\"contentUrl\":\"https:\/\/www.visit-ulcinj.com\/blog\/wp-content\/uploads\/2013\/12\/dritan-abazoviq.jpg\",\"width\":580,\"height\":389},{\"@type\":\"WebPage\",\"@id\":\"https:\/\/www.visit-ulcinj.com\/blog\/2013\/12\/22\/abazoviqi-zhugiqit-pse-rrogat-ne-ulqin-jane-te-uleta-ne-rajon\/#webpage\",\"url\":\"https:\/\/www.visit-ulcinj.com\/blog\/2013\/12\/22\/abazoviqi-zhugiqit-pse-rrogat-ne-ulqin-jane-te-uleta-ne-rajon\/\",\"name\":\"Abazoviqi - Zhugiqit: Pse rrogat n\u00eb Ulqin jan\u00eb m\u00eb t\u00eb ul\u00ebta n\u00eb rajon - Lajme nga Ulqini\",\"isPartOf\":{\"@id\":\"https:\/\/www.visit-ulcinj.com\/blog\/#website\"},\"primaryImageOfPage\":{\"@id\":\"https:\/\/www.visit-ulcinj.com\/blog\/2013\/12\/22\/abazoviqi-zhugiqit-pse-rrogat-ne-ulqin-jane-te-uleta-ne-rajon\/#primaryimage\"},\"datePublished\":\"2013-12-22T09:35:48+00:00\",\"dateModified\":\"2013-12-23T11:41:24+00:00\",\"author\":{\"@id\":\"https:\/\/www.visit-ulcinj.com\/blog\/#\/schema\/person\/dcab619c614d3038751c63bc2aadc06d\"},\"description\":\"Me \u00a0fakte shum\u00eb interesante para dy diteve gjat\u00eb fjalimit t\u00eb tij n\u00eb paralamentin e Malit t\u00eb Zi ka paraqitur deputeti i Malit t\u00eb Zi Pozitiv Dritan Abazoviq\",\"breadcrumb\":{\"@id\":\"https:\/\/www.visit-ulcinj.com\/blog\/2013\/12\/22\/abazoviqi-zhugiqit-pse-rrogat-ne-ulqin-jane-te-uleta-ne-rajon\/#breadcrumb\"},\"inLanguage\":\"en-US\",\"potentialAction\":[{\"@type\":\"ReadAction\",\"target\":[\"https:\/\/www.visit-ulcinj.com\/blog\/2013\/12\/22\/abazoviqi-zhugiqit-pse-rrogat-ne-ulqin-jane-te-uleta-ne-rajon\/\"]}]},{\"@type\":\"BreadcrumbList\",\"@id\":\"https:\/\/www.visit-ulcinj.com\/blog\/2013\/12\/22\/abazoviqi-zhugiqit-pse-rrogat-ne-ulqin-jane-te-uleta-ne-rajon\/#breadcrumb\",\"itemListElement\":[{\"@type\":\"ListItem\",\"position\":1,\"name\":\"Abazoviqi &#8211; Zhugiqit: Pse rrogat n\u00eb Ulqin jan\u00eb m\u00eb t\u00eb ul\u00ebta n\u00eb rajon\"}]},{\"@type\":\"Person\",\"@id\":\"https:\/\/www.visit-ulcinj.com\/blog\/#\/schema\/person\/dcab619c614d3038751c63bc2aadc06d\",\"name\":\"ulqini\",\"sameAs\":[\"http:\/\/www.visit-ulcinj.com\"],\"url\":\"https:\/\/www.visit-ulcinj.com\/blog\/author\/admin\/\"}]}<\/script>\n<!-- \/ Yoast SEO plugin. -->","yoast_head_json":{"title":"Abazoviqi - Zhugiqit: Pse rrogat n\u00eb Ulqin jan\u00eb m\u00eb t\u00eb ul\u00ebta n\u00eb rajon - Lajme nga Ulqini","description":"Me \u00a0fakte shum\u00eb interesante para dy diteve gjat\u00eb fjalimit t\u00eb tij n\u00eb paralamentin e Malit t\u00eb Zi ka paraqitur deputeti i Malit t\u00eb Zi Pozitiv Dritan Abazoviq","robots":{"index":"index","follow":"follow","max-snippet":"max-snippet:-1","max-image-preview":"max-image-preview:large","max-video-preview":"max-video-preview:-1"},"canonical":"https:\/\/www.visit-ulcinj.com\/blog\/2013\/12\/22\/abazoviqi-zhugiqit-pse-rrogat-ne-ulqin-jane-te-uleta-ne-rajon\/","og_locale":"en_US","og_type":"article","og_title":"Abazoviqi - Zhugiqit: Pse rrogat n\u00eb Ulqin jan\u00eb m\u00eb t\u00eb ul\u00ebta n\u00eb rajon - Lajme nga Ulqini","og_description":"Me \u00a0fakte shum\u00eb interesante para dy diteve gjat\u00eb fjalimit t\u00eb tij n\u00eb paralamentin e Malit t\u00eb Zi ka paraqitur deputeti i Malit t\u00eb Zi Pozitiv Dritan Abazoviq","og_url":"https:\/\/www.visit-ulcinj.com\/blog\/2013\/12\/22\/abazoviqi-zhugiqit-pse-rrogat-ne-ulqin-jane-te-uleta-ne-rajon\/","og_site_name":"Lajme nga Ulqini","article_published_time":"2013-12-22T09:35:48+00:00","article_modified_time":"2013-12-23T11:41:24+00:00","og_image":[{"url":"http:\/\/www.visit-ulcinj.com\/blog\/wp-content\/uploads\/2013\/12\/dritan-abazoviq.jpg"}],"twitter_misc":{"Written by":"ulqini","Est. reading time":"1 minute"},"schema":{"@context":"https:\/\/schema.org","@graph":[{"@type":"WebSite","@id":"https:\/\/www.visit-ulcinj.com\/blog\/#website","url":"https:\/\/www.visit-ulcinj.com\/blog\/","name":"Lajme nga Ulqini","description":"Lajme,Vijesti,Ulqini,Ulqin,Crna Gora,Mali i Zi","potentialAction":[{"@type":"SearchAction","target":{"@type":"EntryPoint","urlTemplate":"https:\/\/www.visit-ulcinj.com\/blog\/?s={search_term_string}"},"query-input":"required name=search_term_string"}],"inLanguage":"en-US"},{"@type":"ImageObject","inLanguage":"en-US","@id":"https:\/\/www.visit-ulcinj.com\/blog\/2013\/12\/22\/abazoviqi-zhugiqit-pse-rrogat-ne-ulqin-jane-te-uleta-ne-rajon\/#primaryimage","url":"https:\/\/www.visit-ulcinj.com\/blog\/wp-content\/uploads\/2013\/12\/dritan-abazoviq.jpg","contentUrl":"https:\/\/www.visit-ulcinj.com\/blog\/wp-content\/uploads\/2013\/12\/dritan-abazoviq.jpg","width":580,"height":389},{"@type":"WebPage","@id":"https:\/\/www.visit-ulcinj.com\/blog\/2013\/12\/22\/abazoviqi-zhugiqit-pse-rrogat-ne-ulqin-jane-te-uleta-ne-rajon\/#webpage","url":"https:\/\/www.visit-ulcinj.com\/blog\/2013\/12\/22\/abazoviqi-zhugiqit-pse-rrogat-ne-ulqin-jane-te-uleta-ne-rajon\/","name":"Abazoviqi - Zhugiqit: Pse rrogat n\u00eb Ulqin jan\u00eb m\u00eb t\u00eb ul\u00ebta n\u00eb rajon - Lajme nga Ulqini","isPartOf":{"@id":"https:\/\/www.visit-ulcinj.com\/blog\/#website"},"primaryImageOfPage":{"@id":"https:\/\/www.visit-ulcinj.com\/blog\/2013\/12\/22\/abazoviqi-zhugiqit-pse-rrogat-ne-ulqin-jane-te-uleta-ne-rajon\/#primaryimage"},"datePublished":"2013-12-22T09:35:48+00:00","dateModified":"2013-12-23T11:41:24+00:00","author":{"@id":"https:\/\/www.visit-ulcinj.com\/blog\/#\/schema\/person\/dcab619c614d3038751c63bc2aadc06d"},"description":"Me \u00a0fakte shum\u00eb interesante para dy diteve gjat\u00eb fjalimit t\u00eb tij n\u00eb paralamentin e Malit t\u00eb Zi ka paraqitur deputeti i Malit t\u00eb Zi Pozitiv Dritan Abazoviq","breadcrumb":{"@id":"https:\/\/www.visit-ulcinj.com\/blog\/2013\/12\/22\/abazoviqi-zhugiqit-pse-rrogat-ne-ulqin-jane-te-uleta-ne-rajon\/#breadcrumb"},"inLanguage":"en-US","potentialAction":[{"@type":"ReadAction","target":["https:\/\/www.visit-ulcinj.com\/blog\/2013\/12\/22\/abazoviqi-zhugiqit-pse-rrogat-ne-ulqin-jane-te-uleta-ne-rajon\/"]}]},{"@type":"BreadcrumbList","@id":"https:\/\/www.visit-ulcinj.com\/blog\/2013\/12\/22\/abazoviqi-zhugiqit-pse-rrogat-ne-ulqin-jane-te-uleta-ne-rajon\/#breadcrumb","itemListElement":[{"@type":"ListItem","position":1,"name":"Abazoviqi &#8211; Zhugiqit: Pse rrogat n\u00eb Ulqin jan\u00eb m\u00eb t\u00eb ul\u00ebta n\u00eb rajon"}]},{"@type":"Person","@id":"https:\/\/www.visit-ulcinj.com\/blog\/#\/schema\/person\/dcab619c614d3038751c63bc2aadc06d","name":"ulqini","sameAs":["http:\/\/www.visit-ulcinj.com"],"url":"https:\/\/www.visit-ulcinj.com\/blog\/author\/admin\/"}]}},"jetpack_featured_media_url":"","jetpack_sharing_enabled":true,"jetpack_shortlink":"https:\/\/wp.me\/pe6lTn-k8p","_links":{"self":[{"href":"https:\/\/www.visit-ulcinj.com\/blog\/wp-json\/wp\/v2\/posts\/77401"}],"collection":[{"href":"https:\/\/www.visit-ulcinj.com\/blog\/wp-json\/wp\/v2\/posts"}],"about":[{"href":"https:\/\/www.visit-ulcinj.com\/blog\/wp-json\/wp\/v2\/types\/post"}],"author":[{"embeddable":true,"href":"https:\/\/www.visit-ulcinj.com\/blog\/wp-json\/wp\/v2\/users\/1"}],"replies":[{"embeddable":true,"href":"https:\/\/www.visit-ulcinj.com\/blog\/wp-json\/wp\/v2\/comments?post=77401"}],"version-history":[{"count":1,"href":"https:\/\/www.visit-ulcinj.com\/blog\/wp-json\/wp\/v2\/posts\/77401\/revisions"}],"predecessor-version":[{"id":77403,"href":"https:\/\/www.visit-ulcinj.com\/blog\/wp-json\/wp\/v2\/posts\/77401\/revisions\/77403"}],"wp:attachment":[{"href":"https:\/\/www.visit-ulcinj.com\/blog\/wp-json\/wp\/v2\/media?parent=77401"}],"wp:term":[{"taxonomy":"category","embeddable":true,"href":"https:\/\/www.visit-ulcinj.com\/blog\/wp-json\/wp\/v2\/categories?post=77401"},{"taxonomy":"post_tag","embeddable":true,"href":"https:\/\/www.visit-ulcinj.com\/blog\/wp-json\/wp\/v2\/tags?post=77401"}],"curies":[{"name":"wp","href":"https:\/\/api.w.org\/{rel}","templated":true}]}}