{"id":77414,"date":"2013-12-22T12:18:53","date_gmt":"2013-12-22T11:18:53","guid":{"rendered":"http:\/\/www.visit-ulcinj.com\/blog\/?p=77414"},"modified":"2013-12-22T12:19:12","modified_gmt":"2013-12-22T11:19:12","slug":"ulcinj-zene-su-izjednacene-sa-muskarcima-ali","status":"publish","type":"post","link":"https:\/\/www.visit-ulcinj.com\/blog\/2013\/12\/22\/ulcinj-zene-su-izjednacene-sa-muskarcima-ali\/","title":{"rendered":"Ulcinj: \u017dene su izjedna\u010dene sa mu\u0161karcima, ali&#8230;"},"content":{"rendered":"<p><strong>ULCINJ \u2013 Odavno su i u Ulcinju pro\u0161la vremena kada je mu\u0161karac zara\u0111ivao za cijelu porodicu, a \u017eena vodila brigu o doma\u0107instvu. Ekonomska situacija vi\u0161e ne dozvoljava ovakvu podjelu uloga i kada bi je neko htio. Posljednjih godina \u017eene se izjedna\u010davaju sa mu\u0161karcima na mnogim poljima i vi\u0161e im niko ne brani da se obrazuju, zapo\u0161ljavju i biraju, ali ipak tri sfere \u017eivota \u2013 politi\u010dka, ekonomska i porodi\u010dna su oblasti gdje su \u017eene diskriminisane uprkos \u010dinjenici da je 21. vijek odavno po\u010deo.<br \/>\n<a href=\"http:\/\/www.visit-ulcinj.com\/blog\/wp-content\/uploads\/2013\/12\/ILMIRA-LIKA.jpg\"><img loading=\"lazy\" class=\"alignleft  wp-image-77415\" alt=\"ILMIRA-LIKA\" src=\"http:\/\/www.visit-ulcinj.com\/blog\/wp-content\/uploads\/2013\/12\/ILMIRA-LIKA.jpg\" width=\"508\" height=\"360\" \/><\/a><br \/>\n<\/strong><\/p>\n<p>Najvi\u0161e \u017eena zaposleno je u op\u0161tini, \u0161kolstvu, zdravstvu i privatnom sektoru. Ipak u Ulcinju koji broji oko 20.000 stanovnika, samo tri \u017eene su na direktorskim pozicijama: imamo direktorku pred\u0161kolske ustanove, direktorku \u0161kole, a od nedavno i izvr\u0161nu direktorku privatne televizije. U politici je situacija tako\u0111e nesrazmjerna \u2013 u odborni\u010dkim klupama sjede samo tri \u017eene. U ovom slu\u010daju tri i tri su pet jer jedna izuzetna \u017eena je uspjela da bude i izvr\u0161na direktorka i da sjedi u odborni\u010dkoj klupi. Ona je i majka petoro djece. Njeno ime je Ilmira Lika.<\/p>\n<p><strong>\u017dene imaju mo\u0107\u2026<\/strong><\/p>\n<p>&#8211; Apsolutno se ne sla\u017eem sa tim da je politika mu\u0161ko pitanje. \u017dene su oduvjek bile faktor u dru\u0161tvu, ali su u\u0107utkivane zbog mu\u0161kih sujeta. U politici i sada ogroman dio posla rade \u017eene, ali one su u pozadini. One su tu jer odli\u010dno obavljaju poslove, a za fotografiju i intervjue zna se ko je u prvom planu \u2013 govori Ilmira i dodaje \u201e\u017dene imaju mo\u0107 i li\u010dnu mogu\u0107nost, ali im treba ja\u010da podr\u0161ka dru\u0161tva.\u201c<\/p>\n<p>Prema njenim rije\u010dima, u ekonomiji je takodje lo\u0161a situacija, jer samo 9% \u017eena ima svoj biznis, one rade na najmanje pla\u0107enim mjestima, pogotovo u privatnom sektoru i samim tim \u0161to manje zara\u0111uju ekonomski su nestabilnije.<\/p>\n<p>&#8211; Mu\u0161karci vi\u0161e zara\u0111uju, na boljim su polo\u017eajima. Mi se za njih udajemo, \u017eivimo u njihovim ku\u0107ama, nosimo njihova prezimena. Oni se vrate sa posla i odmaraju, a \u017eena se vrati sa posla i do\u010deka je drugi posao \u2013 govori Sne\u017eana \u017divanovi\u0107 (31) iz Ulcinja, profesor crnogorskog jezika u srednjoj \u0161koli.<\/p>\n<p>&#8211; I pored \u010dinjenice da postoje brojni propisi i na\u010dela kojima se te\u017ei unapre\u0111enju i afirmaciji \u017eena, treba vi\u0161e da se radi na promovisanju \u017eenskog uspjeha. I bez obzira na to \u0161to je situacija bolja nego prije 50 ili vi\u0161e godina, jo\u0161 postoje primjeri razli\u010ditih oblika diskriminacije \u017eena u oblasti rada i zapo\u0161ljavanja i jo\u0161 mu\u0161karci vode glavnu rije\u010d \u2013 govori nam Emina Dervi\u0161i (29), poslovno tehni\u010dki sekretar Turisti\u010dke organizacije Ulcinja.<br \/>\n<a href=\"http:\/\/www.visit-ulcinj.com\/blog\/wp-content\/uploads\/2013\/12\/Emina-Dervisi.jpg\"><img loading=\"lazy\" class=\"alignleft  wp-image-77416\" alt=\"Emina Dervisi\" src=\"http:\/\/www.visit-ulcinj.com\/blog\/wp-content\/uploads\/2013\/12\/Emina-Dervisi.jpg\" width=\"508\" height=\"360\" \/><\/a><\/p>\n<p><strong>I ako vozi avion\u2026<\/strong><\/p>\n<p>Mo\u017ee\u0161 ti da radi\u0161 i na gra\u0111evini, ali zna se ko pere sudove.<\/p>\n<p>Kada se \u017eena vrati sa posla, pa makar radila cio dan, kada do\u0111e ku\u0107i sa\u010dekaju je iste one du\u017enosti kakve su je \u010dekale i kada je bila samo doma\u0107ica prije vi\u0161e od pola vijeka. Nerijetko je sa\u010dekaju i oni \u201emu\u0161ki\u201c poslovi. Sa ovim se sla\u017eu sve na\u0161e sagovornice. Koliko su \u017eene napredovale, toliko su se i opteretile. Niko njima ni\u0161ta ne brani, neka \u017eena vozi avion ako ho\u0107e, ali kad do\u0111e doma \u2013 zna se ko se na raboti opu\u010dio.<\/p>\n<p>&#8211; Ku\u0107ni poslovi i obaveze oko djece su podru\u010dje gdje se mu\u0161karac nikad ne buni da \u017eena sve zavr\u0161i sama i da bude u prvom planu. Sve to \u017eene mnogo bolje rade od mu\u0161karaca, jer to njima naravno odgovara \u2013 govori Ilmira.<\/p>\n<p><strong>Institucije<\/strong><\/p>\n<p>Gledaju\u0107i pravnu stranu ove pri\u010de \u2013 prema onome \u0161to je usvojeno formalno \u2013 \u017eene su za\u0161ti\u0107ene kao bijeli medvjedi, ali mrtvo slovo na papiru ne zna\u010di ba\u0161 ni\u0161ta.<\/p>\n<p>&#8211; Prema statistikama ra\u0111enim 2012. godine od strane UNDP-a svaka tre\u0107a \u017eena u CG trpi nasilje ili diskriminaciju u raznim oblastima, a svaki 4 gra\u0111anin je spreman da potvrdi da nasilje postoji i da je ono opravdano \u2013 ka\u017ee Ilmira. Hej, nasilje je opravdano?!<\/p>\n<p>&#8211; \u017dena ne mora ,,pustiti jezik\u201c za svoja prava. Za sva\u010dija prava, treba da se bore institucije i da sprovode zakone I druge akte\u00a0 koje su sami donijeli. Klju\u010dnu uloga imaju institucije sistema koje treba da\u00a0 sprovode mjere \u2013 govori Ilmira.<\/p>\n<p>&#8211; Patrijarhalno vaspitanje takvog je karaktera da odra\u017eava dominaciju mu\u0161karaca nad \u017eenama. Koliko god se govorilo o napretku \u017eena, svjesni smo \u010dinjenice i treba je prihvatiti da u Crnoj Gori mu\u0161karci sve mogu bolje, imaju vi\u0161e \u0161ansi da napreduju, bolje zara\u0111uju\u2026itd. \u2013 ka\u017ee Emina Dervi\u0161i i dodaje da je posebno\u00a0 zabrinjavaju\u0107i podatak da raste nasilje prema \u017eenama.<\/p>\n<p>Da li \u017eene dana\u0161njice trpe vi\u0161e nasilja ili samo vi\u0161e pri\u010daju o pretrpljenom, te\u0161ko je utvrditi. Ipak, procesuirani slu\u010dajevi nasilja su jo\u0161 na nivou statisti\u010dke gre\u0161ke.<\/p>\n<h4>Sin jedinac<\/h4>\n<p>Korijeni neravnopravnosti vjerovatno le\u017ee u samom vaspitanju. Kada se rodi sin, jo\u0161 ako je \u201ejedinac\u201c on u\u017eiva posebne privilegije. Kada mu\u0161ko zasnuje porodicu, on o\u010dekuje, a naj\u010de\u0161\u0107e i dobija isti onaj tretman kakav je imao od primarne porodice. Ako ovaj tretman ne dobije \u2013 \u017eena je za svaku osudu. Mnoge osobine koje se \u017eeni ne pra\u0161taju, za mu\u0161karca su po\u017eeljne i od njega se o\u010dekuju. Ako je mu\u0161karac alkoholi\u010dar \u2013 on je \u201epopio\u201c. Ako je \u017eena popila \u010da\u0161u vina na javnom mestu \u2013 ona se napila. Ako je na bilo koji na\u010din originalna i druga\u010dija, ona je neprihvatljiva. Od nje se o\u010dekuje da misli, pona\u0161a se i reaguje po utvr\u0111enim pravilima.<br \/>\n<a href=\"http:\/\/www.visit-ulcinj.com\/blog\/wp-content\/uploads\/2013\/12\/snezana-zivanovic-ulcinj.jpg\"><img loading=\"lazy\" class=\"alignleft  wp-image-77417\" alt=\"snezana zivanovic ulcinj\" src=\"http:\/\/www.visit-ulcinj.com\/blog\/wp-content\/uploads\/2013\/12\/snezana-zivanovic-ulcinj.jpg\" width=\"508\" height=\"360\" \/><\/a><\/p>\n<p>&#8211; Mnogo je lak\u0161e li\u010diti na druge i biti ono \u0161to sredina od tebe o\u010dekuje nego boriti se da bude\u0161 druga\u010diji. Veoma rano \u017eene nau\u010de da se uklapaju i prihvate sve ono \u0161to im \u017eivot i dru\u0161tvo nametnu \u2013 govori Sne\u017eana \u017divanovi\u0107.<\/p>\n<h4>Bez odmora<\/h4>\n<p>&#8211; Svaki dan mi je jako naporan, ali volim svoj posao i to me uvijek gura dalje. Priroda posla je takva da nikad nemam odmora. Za potrebe djece se uskla\u0111ujem sa suprugom i njegovom majkom, koji mi puno poma\u017eu. Trudimo se da sve odradimo u najboljem duhu i kao roditelji i kao poslovno anga\u017eovani ljudi. Najbitnija je dobra organizacija i vremenska uskladjenost \u2013 govori nam Ilmira Lika.<\/p>\n<p><strong>Ana \u017divanovi\u0107<br \/>\nIzvor: POBJEDA<\/strong><\/p>\n","protected":false},"excerpt":{"rendered":"<p>ULCINJ \u2013 Odavno su i u Ulcinju pro\u0161la vremena kada je mu\u0161karac zara\u0111ivao za cijelu porodicu, a \u017eena vodila brigu o doma\u0107instvu. Ekonomska situacija vi\u0161e ne dozvoljava ovakvu podjelu uloga i kada bi je neko htio. Posljednjih godina \u017eene se izjedna\u010davaju sa mu\u0161karcima na mnogim poljima i vi\u0161e im niko ne brani da se obrazuju, [&hellip;]<\/p>\n","protected":false},"author":1,"featured_media":0,"comment_status":"closed","ping_status":"closed","sticky":false,"template":"","format":"standard","meta":{"spay_email":"","jetpack_publicize_message":"","jetpack_is_tweetstorm":false,"jetpack_publicize_feature_enabled":true},"categories":[8337],"tags":[],"jetpack_publicize_connections":[],"yoast_head":"<!-- This site is optimized with the Yoast SEO plugin v19.1 - https:\/\/yoast.com\/wordpress\/plugins\/seo\/ -->\n<title>Ulcinj: \u017dene su izjedna\u010dene sa mu\u0161karcima, ali... - Lajme nga Ulqini<\/title>\n<meta name=\"description\" content=\"ULCINJ \u2013 Odavno su i u Ulcinju pro\u0161la vremena kada je mu\u0161karac zara\u0111ivao za cijelu porodicu, a \u017eena vodila brigu o doma\u0107instvu. Ekonomska situacija vi\u0161e\" \/>\n<meta name=\"robots\" content=\"index, follow, max-snippet:-1, max-image-preview:large, max-video-preview:-1\" \/>\n<link rel=\"canonical\" href=\"https:\/\/www.visit-ulcinj.com\/blog\/2013\/12\/22\/ulcinj-zene-su-izjednacene-sa-muskarcima-ali\/\" \/>\n<meta property=\"og:locale\" content=\"en_US\" \/>\n<meta property=\"og:type\" content=\"article\" \/>\n<meta property=\"og:title\" content=\"Ulcinj: \u017dene su izjedna\u010dene sa mu\u0161karcima, ali... - Lajme nga Ulqini\" \/>\n<meta property=\"og:description\" content=\"ULCINJ \u2013 Odavno su i u Ulcinju pro\u0161la vremena kada je mu\u0161karac zara\u0111ivao za cijelu porodicu, a \u017eena vodila brigu o doma\u0107instvu. Ekonomska situacija vi\u0161e\" \/>\n<meta property=\"og:url\" content=\"https:\/\/www.visit-ulcinj.com\/blog\/2013\/12\/22\/ulcinj-zene-su-izjednacene-sa-muskarcima-ali\/\" \/>\n<meta property=\"og:site_name\" content=\"Lajme nga Ulqini\" \/>\n<meta property=\"article:published_time\" content=\"2013-12-22T11:18:53+00:00\" \/>\n<meta property=\"article:modified_time\" content=\"2013-12-22T11:19:12+00:00\" \/>\n<meta property=\"og:image\" content=\"http:\/\/www.visit-ulcinj.com\/blog\/wp-content\/uploads\/2013\/12\/ILMIRA-LIKA.jpg\" \/>\n<meta name=\"twitter:label1\" content=\"Written by\" \/>\n\t<meta name=\"twitter:data1\" content=\"ulqini\" \/>\n\t<meta name=\"twitter:label2\" content=\"Est. reading time\" \/>\n\t<meta name=\"twitter:data2\" content=\"5 minutes\" \/>\n<script type=\"application\/ld+json\" class=\"yoast-schema-graph\">{\"@context\":\"https:\/\/schema.org\",\"@graph\":[{\"@type\":\"WebSite\",\"@id\":\"https:\/\/www.visit-ulcinj.com\/blog\/#website\",\"url\":\"https:\/\/www.visit-ulcinj.com\/blog\/\",\"name\":\"Lajme nga Ulqini\",\"description\":\"Lajme,Vijesti,Ulqini,Ulqin,Crna Gora,Mali i Zi\",\"potentialAction\":[{\"@type\":\"SearchAction\",\"target\":{\"@type\":\"EntryPoint\",\"urlTemplate\":\"https:\/\/www.visit-ulcinj.com\/blog\/?s={search_term_string}\"},\"query-input\":\"required name=search_term_string\"}],\"inLanguage\":\"en-US\"},{\"@type\":\"ImageObject\",\"inLanguage\":\"en-US\",\"@id\":\"https:\/\/www.visit-ulcinj.com\/blog\/2013\/12\/22\/ulcinj-zene-su-izjednacene-sa-muskarcima-ali\/#primaryimage\",\"url\":\"https:\/\/www.visit-ulcinj.com\/blog\/wp-content\/uploads\/2013\/12\/ILMIRA-LIKA.jpg\",\"contentUrl\":\"https:\/\/www.visit-ulcinj.com\/blog\/wp-content\/uploads\/2013\/12\/ILMIRA-LIKA.jpg\",\"width\":960,\"height\":540},{\"@type\":\"WebPage\",\"@id\":\"https:\/\/www.visit-ulcinj.com\/blog\/2013\/12\/22\/ulcinj-zene-su-izjednacene-sa-muskarcima-ali\/#webpage\",\"url\":\"https:\/\/www.visit-ulcinj.com\/blog\/2013\/12\/22\/ulcinj-zene-su-izjednacene-sa-muskarcima-ali\/\",\"name\":\"Ulcinj: \u017dene su izjedna\u010dene sa mu\u0161karcima, ali... - Lajme nga Ulqini\",\"isPartOf\":{\"@id\":\"https:\/\/www.visit-ulcinj.com\/blog\/#website\"},\"primaryImageOfPage\":{\"@id\":\"https:\/\/www.visit-ulcinj.com\/blog\/2013\/12\/22\/ulcinj-zene-su-izjednacene-sa-muskarcima-ali\/#primaryimage\"},\"datePublished\":\"2013-12-22T11:18:53+00:00\",\"dateModified\":\"2013-12-22T11:19:12+00:00\",\"author\":{\"@id\":\"https:\/\/www.visit-ulcinj.com\/blog\/#\/schema\/person\/dcab619c614d3038751c63bc2aadc06d\"},\"description\":\"ULCINJ \u2013 Odavno su i u Ulcinju pro\u0161la vremena kada je mu\u0161karac zara\u0111ivao za cijelu porodicu, a \u017eena vodila brigu o doma\u0107instvu. Ekonomska situacija vi\u0161e\",\"breadcrumb\":{\"@id\":\"https:\/\/www.visit-ulcinj.com\/blog\/2013\/12\/22\/ulcinj-zene-su-izjednacene-sa-muskarcima-ali\/#breadcrumb\"},\"inLanguage\":\"en-US\",\"potentialAction\":[{\"@type\":\"ReadAction\",\"target\":[\"https:\/\/www.visit-ulcinj.com\/blog\/2013\/12\/22\/ulcinj-zene-su-izjednacene-sa-muskarcima-ali\/\"]}]},{\"@type\":\"BreadcrumbList\",\"@id\":\"https:\/\/www.visit-ulcinj.com\/blog\/2013\/12\/22\/ulcinj-zene-su-izjednacene-sa-muskarcima-ali\/#breadcrumb\",\"itemListElement\":[{\"@type\":\"ListItem\",\"position\":1,\"name\":\"Ulcinj: \u017dene su izjedna\u010dene sa mu\u0161karcima, ali&#8230;\"}]},{\"@type\":\"Person\",\"@id\":\"https:\/\/www.visit-ulcinj.com\/blog\/#\/schema\/person\/dcab619c614d3038751c63bc2aadc06d\",\"name\":\"ulqini\",\"sameAs\":[\"http:\/\/www.visit-ulcinj.com\"],\"url\":\"https:\/\/www.visit-ulcinj.com\/blog\/author\/admin\/\"}]}<\/script>\n<!-- \/ Yoast SEO plugin. -->","yoast_head_json":{"title":"Ulcinj: \u017dene su izjedna\u010dene sa mu\u0161karcima, ali... - Lajme nga Ulqini","description":"ULCINJ \u2013 Odavno su i u Ulcinju pro\u0161la vremena kada je mu\u0161karac zara\u0111ivao za cijelu porodicu, a \u017eena vodila brigu o doma\u0107instvu. Ekonomska situacija vi\u0161e","robots":{"index":"index","follow":"follow","max-snippet":"max-snippet:-1","max-image-preview":"max-image-preview:large","max-video-preview":"max-video-preview:-1"},"canonical":"https:\/\/www.visit-ulcinj.com\/blog\/2013\/12\/22\/ulcinj-zene-su-izjednacene-sa-muskarcima-ali\/","og_locale":"en_US","og_type":"article","og_title":"Ulcinj: \u017dene su izjedna\u010dene sa mu\u0161karcima, ali... - Lajme nga Ulqini","og_description":"ULCINJ \u2013 Odavno su i u Ulcinju pro\u0161la vremena kada je mu\u0161karac zara\u0111ivao za cijelu porodicu, a \u017eena vodila brigu o doma\u0107instvu. Ekonomska situacija vi\u0161e","og_url":"https:\/\/www.visit-ulcinj.com\/blog\/2013\/12\/22\/ulcinj-zene-su-izjednacene-sa-muskarcima-ali\/","og_site_name":"Lajme nga Ulqini","article_published_time":"2013-12-22T11:18:53+00:00","article_modified_time":"2013-12-22T11:19:12+00:00","og_image":[{"url":"http:\/\/www.visit-ulcinj.com\/blog\/wp-content\/uploads\/2013\/12\/ILMIRA-LIKA.jpg"}],"twitter_misc":{"Written by":"ulqini","Est. reading time":"5 minutes"},"schema":{"@context":"https:\/\/schema.org","@graph":[{"@type":"WebSite","@id":"https:\/\/www.visit-ulcinj.com\/blog\/#website","url":"https:\/\/www.visit-ulcinj.com\/blog\/","name":"Lajme nga Ulqini","description":"Lajme,Vijesti,Ulqini,Ulqin,Crna Gora,Mali i Zi","potentialAction":[{"@type":"SearchAction","target":{"@type":"EntryPoint","urlTemplate":"https:\/\/www.visit-ulcinj.com\/blog\/?s={search_term_string}"},"query-input":"required name=search_term_string"}],"inLanguage":"en-US"},{"@type":"ImageObject","inLanguage":"en-US","@id":"https:\/\/www.visit-ulcinj.com\/blog\/2013\/12\/22\/ulcinj-zene-su-izjednacene-sa-muskarcima-ali\/#primaryimage","url":"https:\/\/www.visit-ulcinj.com\/blog\/wp-content\/uploads\/2013\/12\/ILMIRA-LIKA.jpg","contentUrl":"https:\/\/www.visit-ulcinj.com\/blog\/wp-content\/uploads\/2013\/12\/ILMIRA-LIKA.jpg","width":960,"height":540},{"@type":"WebPage","@id":"https:\/\/www.visit-ulcinj.com\/blog\/2013\/12\/22\/ulcinj-zene-su-izjednacene-sa-muskarcima-ali\/#webpage","url":"https:\/\/www.visit-ulcinj.com\/blog\/2013\/12\/22\/ulcinj-zene-su-izjednacene-sa-muskarcima-ali\/","name":"Ulcinj: \u017dene su izjedna\u010dene sa mu\u0161karcima, ali... - Lajme nga Ulqini","isPartOf":{"@id":"https:\/\/www.visit-ulcinj.com\/blog\/#website"},"primaryImageOfPage":{"@id":"https:\/\/www.visit-ulcinj.com\/blog\/2013\/12\/22\/ulcinj-zene-su-izjednacene-sa-muskarcima-ali\/#primaryimage"},"datePublished":"2013-12-22T11:18:53+00:00","dateModified":"2013-12-22T11:19:12+00:00","author":{"@id":"https:\/\/www.visit-ulcinj.com\/blog\/#\/schema\/person\/dcab619c614d3038751c63bc2aadc06d"},"description":"ULCINJ \u2013 Odavno su i u Ulcinju pro\u0161la vremena kada je mu\u0161karac zara\u0111ivao za cijelu porodicu, a \u017eena vodila brigu o doma\u0107instvu. Ekonomska situacija vi\u0161e","breadcrumb":{"@id":"https:\/\/www.visit-ulcinj.com\/blog\/2013\/12\/22\/ulcinj-zene-su-izjednacene-sa-muskarcima-ali\/#breadcrumb"},"inLanguage":"en-US","potentialAction":[{"@type":"ReadAction","target":["https:\/\/www.visit-ulcinj.com\/blog\/2013\/12\/22\/ulcinj-zene-su-izjednacene-sa-muskarcima-ali\/"]}]},{"@type":"BreadcrumbList","@id":"https:\/\/www.visit-ulcinj.com\/blog\/2013\/12\/22\/ulcinj-zene-su-izjednacene-sa-muskarcima-ali\/#breadcrumb","itemListElement":[{"@type":"ListItem","position":1,"name":"Ulcinj: \u017dene su izjedna\u010dene sa mu\u0161karcima, ali&#8230;"}]},{"@type":"Person","@id":"https:\/\/www.visit-ulcinj.com\/blog\/#\/schema\/person\/dcab619c614d3038751c63bc2aadc06d","name":"ulqini","sameAs":["http:\/\/www.visit-ulcinj.com"],"url":"https:\/\/www.visit-ulcinj.com\/blog\/author\/admin\/"}]}},"jetpack_featured_media_url":"","jetpack_sharing_enabled":true,"jetpack_shortlink":"https:\/\/wp.me\/pe6lTn-k8C","_links":{"self":[{"href":"https:\/\/www.visit-ulcinj.com\/blog\/wp-json\/wp\/v2\/posts\/77414"}],"collection":[{"href":"https:\/\/www.visit-ulcinj.com\/blog\/wp-json\/wp\/v2\/posts"}],"about":[{"href":"https:\/\/www.visit-ulcinj.com\/blog\/wp-json\/wp\/v2\/types\/post"}],"author":[{"embeddable":true,"href":"https:\/\/www.visit-ulcinj.com\/blog\/wp-json\/wp\/v2\/users\/1"}],"replies":[{"embeddable":true,"href":"https:\/\/www.visit-ulcinj.com\/blog\/wp-json\/wp\/v2\/comments?post=77414"}],"version-history":[{"count":1,"href":"https:\/\/www.visit-ulcinj.com\/blog\/wp-json\/wp\/v2\/posts\/77414\/revisions"}],"predecessor-version":[{"id":77418,"href":"https:\/\/www.visit-ulcinj.com\/blog\/wp-json\/wp\/v2\/posts\/77414\/revisions\/77418"}],"wp:attachment":[{"href":"https:\/\/www.visit-ulcinj.com\/blog\/wp-json\/wp\/v2\/media?parent=77414"}],"wp:term":[{"taxonomy":"category","embeddable":true,"href":"https:\/\/www.visit-ulcinj.com\/blog\/wp-json\/wp\/v2\/categories?post=77414"},{"taxonomy":"post_tag","embeddable":true,"href":"https:\/\/www.visit-ulcinj.com\/blog\/wp-json\/wp\/v2\/tags?post=77414"}],"curies":[{"name":"wp","href":"https:\/\/api.w.org\/{rel}","templated":true}]}}