{"id":77429,"date":"2013-12-22T20:39:57","date_gmt":"2013-12-22T19:39:57","guid":{"rendered":"http:\/\/www.visit-ulcinj.com\/blog\/?p=77429"},"modified":"2013-12-22T20:39:57","modified_gmt":"2013-12-22T19:39:57","slug":"salaj-thesar-cmuar-ne-zhanrin-e-biografise","status":"publish","type":"post","link":"https:\/\/www.visit-ulcinj.com\/blog\/2013\/12\/22\/salaj-thesar-cmuar-ne-zhanrin-e-biografise\/","title":{"rendered":"Salaj:  Thesar i \u00e7muar n\u00eb zhanrin e biografis\u00eb"},"content":{"rendered":"<p><strong><a href=\"http:\/\/www.visit-ulcinj.com\/blog\/wp-content\/uploads\/2013\/12\/SHAI-Art-Club-Ndri\u00e7im-Kull\u00ebs-Ylli-i-shkrimtarit-2.jpg\"><img loading=\"lazy\" class=\"alignleft  wp-image-77377\" alt=\"SHAI-Art Club-Ndri\u00e7im Kull\u00ebs-Ylli i shkrimtarit-2\" src=\"http:\/\/www.visit-ulcinj.com\/blog\/wp-content\/uploads\/2013\/12\/SHAI-Art-Club-Ndri\u00e7im-Kull\u00ebs-Ylli-i-shkrimtarit-2.jpg\" width=\"508\" height=\"360\" \/><\/a>Nga Ali Salaj<\/strong><\/p>\n<p>Shkrimtari, studiuesi dhe politologu i njohur Ndri\u00e7im Kulla paraqitet me nj\u00eb vep\u00ebr biografike shum\u00eb t\u00eb guximshme, por edhe tunduese pasi b\u00ebhet fjal\u00eb p\u00ebr biografin\u00eb e nj\u00eb figure t\u00eb madhe letrare t\u00eb njohur bot\u00ebrisht, i cili tash sa vite gjendet nj\u00eb hap pran\u00eb \u00c7mimit Nobel. \u00cbsht\u00eb kjo biografia p\u00ebr Ismail Kadaren\u00eb, t\u00eb cil\u00ebn autori Ndri\u00e7im Kulla e konsideron si nj\u00eb biografi gjysm\u00eb t\u00eb autorizuar duke marr\u00eb parasysh faktin se \u201cNj\u00eb shkrimtar i till\u00eb (Kadareja) ka arsye p\u00ebr t\u00eb qen\u00eb dyshues ndaj kujtdo q\u00eb do t\u00eb guxoj\u00eb t\u00eb shkruaj biografin\u00eb e tij\u201d.<\/p>\n<p>Autoriteti i pakontestuesh\u00ebm i Kadares\u00eb dhe q\u00ebndrimi i tij q\u00eb ndonj\u00ebher\u00eb \u00ebsht\u00eb cil\u00ebsuar edhe kontravers, ngjall respekt por shpesh her\u00eb mbart dilema t\u00eb shumta dhe frik\u00eb tek krijuesit, t\u00eb cil\u00ebt p\u00ebrpiqen t\u00eb merren me jet\u00ebn dhe veprimtarin\u00eb e tij letrare. Mir\u00ebpo, Ndri\u00e7im Kulla si nj\u00eb intelektual i ve\u00e7ant\u00eb, i tejkalon k\u00ebto sfida me sukses duke mos r\u00ebn\u00eb n\u00ebn ndikimin as t\u00eb kund\u00ebrshtar\u00ebve t\u00eb Kadares\u00eb, por as duke u b\u00ebr\u00eb ithtar i verb\u00ebr i tij. K\u00ebt\u00eb qasje poeti Primo Shllaku do ta quante \u201cekskursion n\u00eb zon\u00ebn e rrept\u00ebsis\u00eb\u201d. K\u00ebshtu, Ndri\u00e7im Kulla, si\u00e7 e thekson edhe vet\u00eb, vuri n\u00eb nj\u00eb sprov\u00eb t\u00eb v\u00ebshtir\u00eb \u201cyllin\u201d e tij duke e shkruar k\u00ebt\u00eb lib\u00ebr q\u00eb do t\u00eb mbetet nj\u00eb thesar i \u00e7muar n\u00eb zhanrin e biografis\u00eb, por edhe nj\u00eb literatur\u00eb interesante n\u00eb fush\u00ebn e let\u00ebrsis\u00eb shqiptare.<\/p>\n<p>Prandaj, n\u00eb k\u00ebt\u00eb kuad\u00ebr e konsideroj k\u00ebnaq\u00ebsi dhe nder q\u00eb Shoqata e Artist\u00ebve dhe Intelektual\u00ebve \u201cArt Club\u201d t\u00eb b\u00ebj\u00eb p\u00ebrurimin e k\u00ebtij botimi cil\u00ebsor, me aksesor\u00ebt e domosdosh\u00ebm t\u00eb nj\u00eb sht\u00ebpie botuese dinjitoze si\u00e7 \u00ebsht\u00eb \u201cPlejad\u201d. Me k\u00ebt\u00eb prezantim \u201cArt Club\u201d-i vazhdon misionin e vet n\u00eb afirmimin e kultur\u00ebs dhe artit letrar duke i ofruar publikut n\u00eb Mal t\u00eb Zi nj\u00eb udh\u00ebtim imagjinar n\u00ebp\u00ebr librat m\u00eb t\u00eb arritur n\u00eb hap\u00ebsir\u00ebn mbar\u00ebshqiptare.<\/p>\n","protected":false},"excerpt":{"rendered":"<p>Nga Ali Salaj Shkrimtari, studiuesi dhe politologu i njohur Ndri\u00e7im Kulla paraqitet me nj\u00eb vep\u00ebr biografike shum\u00eb t\u00eb guximshme, por edhe tunduese pasi b\u00ebhet fjal\u00eb p\u00ebr biografin\u00eb e nj\u00eb figure t\u00eb madhe letrare t\u00eb njohur bot\u00ebrisht, i cili tash sa vite gjendet nj\u00eb hap pran\u00eb \u00c7mimit Nobel. \u00cbsht\u00eb kjo biografia p\u00ebr Ismail Kadaren\u00eb, t\u00eb cil\u00ebn [&hellip;]<\/p>\n","protected":false},"author":1,"featured_media":0,"comment_status":"closed","ping_status":"closed","sticky":false,"template":"","format":"standard","meta":{"spay_email":"","jetpack_publicize_message":"","jetpack_is_tweetstorm":false,"jetpack_publicize_feature_enabled":true},"categories":[4],"tags":[],"jetpack_publicize_connections":[],"yoast_head":"<!-- This site is optimized with the Yoast SEO plugin v19.1 - https:\/\/yoast.com\/wordpress\/plugins\/seo\/ -->\n<title>Salaj: Thesar i \u00e7muar n\u00eb zhanrin e biografis\u00eb - Lajme nga Ulqini<\/title>\n<meta name=\"description\" content=\"Nga Ali Salaj Shkrimtari, studiuesi dhe politologu i njohur Ndri\u00e7im Kulla paraqitet me nj\u00eb vep\u00ebr biografike shum\u00eb t\u00eb guximshme, por edhe tunduese pasi\" \/>\n<meta name=\"robots\" content=\"index, follow, max-snippet:-1, max-image-preview:large, max-video-preview:-1\" \/>\n<link rel=\"canonical\" href=\"https:\/\/www.visit-ulcinj.com\/blog\/2013\/12\/22\/salaj-thesar-cmuar-ne-zhanrin-e-biografise\/\" \/>\n<meta property=\"og:locale\" content=\"en_US\" \/>\n<meta property=\"og:type\" content=\"article\" \/>\n<meta property=\"og:title\" content=\"Salaj: Thesar i \u00e7muar n\u00eb zhanrin e biografis\u00eb - Lajme nga Ulqini\" \/>\n<meta property=\"og:description\" content=\"Nga Ali Salaj Shkrimtari, studiuesi dhe politologu i njohur Ndri\u00e7im Kulla paraqitet me nj\u00eb vep\u00ebr biografike shum\u00eb t\u00eb guximshme, por edhe tunduese pasi\" \/>\n<meta property=\"og:url\" content=\"https:\/\/www.visit-ulcinj.com\/blog\/2013\/12\/22\/salaj-thesar-cmuar-ne-zhanrin-e-biografise\/\" \/>\n<meta property=\"og:site_name\" content=\"Lajme nga Ulqini\" \/>\n<meta property=\"article:published_time\" content=\"2013-12-22T19:39:57+00:00\" \/>\n<meta name=\"twitter:label1\" content=\"Written by\" \/>\n\t<meta name=\"twitter:data1\" content=\"ulqini\" \/>\n\t<meta name=\"twitter:label2\" content=\"Est. reading time\" \/>\n\t<meta name=\"twitter:data2\" content=\"2 minutes\" \/>\n<script type=\"application\/ld+json\" class=\"yoast-schema-graph\">{\"@context\":\"https:\/\/schema.org\",\"@graph\":[{\"@type\":\"WebSite\",\"@id\":\"https:\/\/www.visit-ulcinj.com\/blog\/#website\",\"url\":\"https:\/\/www.visit-ulcinj.com\/blog\/\",\"name\":\"Lajme nga Ulqini\",\"description\":\"Lajme,Vijesti,Ulqini,Ulqin,Crna Gora,Mali i Zi\",\"potentialAction\":[{\"@type\":\"SearchAction\",\"target\":{\"@type\":\"EntryPoint\",\"urlTemplate\":\"https:\/\/www.visit-ulcinj.com\/blog\/?s={search_term_string}\"},\"query-input\":\"required name=search_term_string\"}],\"inLanguage\":\"en-US\"},{\"@type\":\"WebPage\",\"@id\":\"https:\/\/www.visit-ulcinj.com\/blog\/2013\/12\/22\/salaj-thesar-cmuar-ne-zhanrin-e-biografise\/#webpage\",\"url\":\"https:\/\/www.visit-ulcinj.com\/blog\/2013\/12\/22\/salaj-thesar-cmuar-ne-zhanrin-e-biografise\/\",\"name\":\"Salaj: Thesar i \u00e7muar n\u00eb zhanrin e biografis\u00eb - Lajme nga Ulqini\",\"isPartOf\":{\"@id\":\"https:\/\/www.visit-ulcinj.com\/blog\/#website\"},\"datePublished\":\"2013-12-22T19:39:57+00:00\",\"dateModified\":\"2013-12-22T19:39:57+00:00\",\"author\":{\"@id\":\"https:\/\/www.visit-ulcinj.com\/blog\/#\/schema\/person\/dcab619c614d3038751c63bc2aadc06d\"},\"description\":\"Nga Ali Salaj Shkrimtari, studiuesi dhe politologu i njohur Ndri\u00e7im Kulla paraqitet me nj\u00eb vep\u00ebr biografike shum\u00eb t\u00eb guximshme, por edhe tunduese pasi\",\"breadcrumb\":{\"@id\":\"https:\/\/www.visit-ulcinj.com\/blog\/2013\/12\/22\/salaj-thesar-cmuar-ne-zhanrin-e-biografise\/#breadcrumb\"},\"inLanguage\":\"en-US\",\"potentialAction\":[{\"@type\":\"ReadAction\",\"target\":[\"https:\/\/www.visit-ulcinj.com\/blog\/2013\/12\/22\/salaj-thesar-cmuar-ne-zhanrin-e-biografise\/\"]}]},{\"@type\":\"BreadcrumbList\",\"@id\":\"https:\/\/www.visit-ulcinj.com\/blog\/2013\/12\/22\/salaj-thesar-cmuar-ne-zhanrin-e-biografise\/#breadcrumb\",\"itemListElement\":[{\"@type\":\"ListItem\",\"position\":1,\"name\":\"Salaj: Thesar i \u00e7muar n\u00eb zhanrin e biografis\u00eb\"}]},{\"@type\":\"Person\",\"@id\":\"https:\/\/www.visit-ulcinj.com\/blog\/#\/schema\/person\/dcab619c614d3038751c63bc2aadc06d\",\"name\":\"ulqini\",\"sameAs\":[\"http:\/\/www.visit-ulcinj.com\"],\"url\":\"https:\/\/www.visit-ulcinj.com\/blog\/author\/admin\/\"}]}<\/script>\n<!-- \/ Yoast SEO plugin. -->","yoast_head_json":{"title":"Salaj: Thesar i \u00e7muar n\u00eb zhanrin e biografis\u00eb - Lajme nga Ulqini","description":"Nga Ali Salaj Shkrimtari, studiuesi dhe politologu i njohur Ndri\u00e7im Kulla paraqitet me nj\u00eb vep\u00ebr biografike shum\u00eb t\u00eb guximshme, por edhe tunduese pasi","robots":{"index":"index","follow":"follow","max-snippet":"max-snippet:-1","max-image-preview":"max-image-preview:large","max-video-preview":"max-video-preview:-1"},"canonical":"https:\/\/www.visit-ulcinj.com\/blog\/2013\/12\/22\/salaj-thesar-cmuar-ne-zhanrin-e-biografise\/","og_locale":"en_US","og_type":"article","og_title":"Salaj: Thesar i \u00e7muar n\u00eb zhanrin e biografis\u00eb - Lajme nga Ulqini","og_description":"Nga Ali Salaj Shkrimtari, studiuesi dhe politologu i njohur Ndri\u00e7im Kulla paraqitet me nj\u00eb vep\u00ebr biografike shum\u00eb t\u00eb guximshme, por edhe tunduese pasi","og_url":"https:\/\/www.visit-ulcinj.com\/blog\/2013\/12\/22\/salaj-thesar-cmuar-ne-zhanrin-e-biografise\/","og_site_name":"Lajme nga Ulqini","article_published_time":"2013-12-22T19:39:57+00:00","twitter_misc":{"Written by":"ulqini","Est. reading time":"2 minutes"},"schema":{"@context":"https:\/\/schema.org","@graph":[{"@type":"WebSite","@id":"https:\/\/www.visit-ulcinj.com\/blog\/#website","url":"https:\/\/www.visit-ulcinj.com\/blog\/","name":"Lajme nga Ulqini","description":"Lajme,Vijesti,Ulqini,Ulqin,Crna Gora,Mali i Zi","potentialAction":[{"@type":"SearchAction","target":{"@type":"EntryPoint","urlTemplate":"https:\/\/www.visit-ulcinj.com\/blog\/?s={search_term_string}"},"query-input":"required name=search_term_string"}],"inLanguage":"en-US"},{"@type":"WebPage","@id":"https:\/\/www.visit-ulcinj.com\/blog\/2013\/12\/22\/salaj-thesar-cmuar-ne-zhanrin-e-biografise\/#webpage","url":"https:\/\/www.visit-ulcinj.com\/blog\/2013\/12\/22\/salaj-thesar-cmuar-ne-zhanrin-e-biografise\/","name":"Salaj: Thesar i \u00e7muar n\u00eb zhanrin e biografis\u00eb - Lajme nga Ulqini","isPartOf":{"@id":"https:\/\/www.visit-ulcinj.com\/blog\/#website"},"datePublished":"2013-12-22T19:39:57+00:00","dateModified":"2013-12-22T19:39:57+00:00","author":{"@id":"https:\/\/www.visit-ulcinj.com\/blog\/#\/schema\/person\/dcab619c614d3038751c63bc2aadc06d"},"description":"Nga Ali Salaj Shkrimtari, studiuesi dhe politologu i njohur Ndri\u00e7im Kulla paraqitet me nj\u00eb vep\u00ebr biografike shum\u00eb t\u00eb guximshme, por edhe tunduese pasi","breadcrumb":{"@id":"https:\/\/www.visit-ulcinj.com\/blog\/2013\/12\/22\/salaj-thesar-cmuar-ne-zhanrin-e-biografise\/#breadcrumb"},"inLanguage":"en-US","potentialAction":[{"@type":"ReadAction","target":["https:\/\/www.visit-ulcinj.com\/blog\/2013\/12\/22\/salaj-thesar-cmuar-ne-zhanrin-e-biografise\/"]}]},{"@type":"BreadcrumbList","@id":"https:\/\/www.visit-ulcinj.com\/blog\/2013\/12\/22\/salaj-thesar-cmuar-ne-zhanrin-e-biografise\/#breadcrumb","itemListElement":[{"@type":"ListItem","position":1,"name":"Salaj: Thesar i \u00e7muar n\u00eb zhanrin e biografis\u00eb"}]},{"@type":"Person","@id":"https:\/\/www.visit-ulcinj.com\/blog\/#\/schema\/person\/dcab619c614d3038751c63bc2aadc06d","name":"ulqini","sameAs":["http:\/\/www.visit-ulcinj.com"],"url":"https:\/\/www.visit-ulcinj.com\/blog\/author\/admin\/"}]}},"jetpack_featured_media_url":"","jetpack_sharing_enabled":true,"jetpack_shortlink":"https:\/\/wp.me\/pe6lTn-k8R","_links":{"self":[{"href":"https:\/\/www.visit-ulcinj.com\/blog\/wp-json\/wp\/v2\/posts\/77429"}],"collection":[{"href":"https:\/\/www.visit-ulcinj.com\/blog\/wp-json\/wp\/v2\/posts"}],"about":[{"href":"https:\/\/www.visit-ulcinj.com\/blog\/wp-json\/wp\/v2\/types\/post"}],"author":[{"embeddable":true,"href":"https:\/\/www.visit-ulcinj.com\/blog\/wp-json\/wp\/v2\/users\/1"}],"replies":[{"embeddable":true,"href":"https:\/\/www.visit-ulcinj.com\/blog\/wp-json\/wp\/v2\/comments?post=77429"}],"version-history":[{"count":1,"href":"https:\/\/www.visit-ulcinj.com\/blog\/wp-json\/wp\/v2\/posts\/77429\/revisions"}],"predecessor-version":[{"id":77430,"href":"https:\/\/www.visit-ulcinj.com\/blog\/wp-json\/wp\/v2\/posts\/77429\/revisions\/77430"}],"wp:attachment":[{"href":"https:\/\/www.visit-ulcinj.com\/blog\/wp-json\/wp\/v2\/media?parent=77429"}],"wp:term":[{"taxonomy":"category","embeddable":true,"href":"https:\/\/www.visit-ulcinj.com\/blog\/wp-json\/wp\/v2\/categories?post=77429"},{"taxonomy":"post_tag","embeddable":true,"href":"https:\/\/www.visit-ulcinj.com\/blog\/wp-json\/wp\/v2\/tags?post=77429"}],"curies":[{"name":"wp","href":"https:\/\/api.w.org\/{rel}","templated":true}]}}