{"id":77432,"date":"2013-12-22T21:58:58","date_gmt":"2013-12-22T20:58:58","guid":{"rendered":"http:\/\/www.visit-ulcinj.com\/blog\/?p=77432"},"modified":"2013-12-23T07:48:08","modified_gmt":"2013-12-23T06:48:08","slug":"pritja-e-vitit-te-ri-ne-ulqin-2014","status":"publish","type":"post","link":"https:\/\/www.visit-ulcinj.com\/blog\/2013\/12\/22\/pritja-e-vitit-te-ri-ne-ulqin-2014\/","title":{"rendered":"Pritja e Vitit t\u00eb Ri n\u00eb Ulqin 2014"},"content":{"rendered":"<p><a href=\"http:\/\/www.visit-ulcinj.com\/blog\/wp-content\/uploads\/2013\/12\/Pritja-e-Vitit-t\u00eb-Ri-n\u00eb-Ulqin-2014.jpg\"><img loading=\"lazy\" class=\"alignleft  wp-image-77433\" alt=\"Pritja e Vitit t\u00eb Ri n\u00eb Ulqin 2014\" src=\"http:\/\/www.visit-ulcinj.com\/blog\/wp-content\/uploads\/2013\/12\/Pritja-e-Vitit-t\u00eb-Ri-n\u00eb-Ulqin-2014.jpg\" width=\"508\" height=\"360\" \/><\/a>Pritja e Vitit t\u00eb Ri n\u00eb sheshet e qyteteve tashm\u00eb \u00ebsht\u00eb b\u00ebr\u00eb tradicionale p\u00ebr metropolet evropiane, por k\u00ebt\u00eb vit, n\u00ebn patronatin e Komun\u00ebs s\u00eb Ulqinit, nj\u00eb pritje e till\u00eb do t\u00eb organizohet edhe n\u00eb Ulqin. Me nj\u00eb mega-koncert edhe ulqinak\u00ebt kan\u00eb vendosur q\u00eb t\u00eb p\u00ebrsh\u00ebndeten me t\u00eb vjetrin dhe t\u00eb presin Vitin e Ri n\u00eb ambient t\u00eb hapur n\u00eb Plazh te vogel, ku mysafir specijal do te jete grupi i njohur Elita 5.<\/p>\n<p>P\u00ebr pritjen e Vitit t\u00eb Ri 2014 p\u00ebrfshire stolisjen e qytetit, si dhe spektaklin, jan\u00eb ndar\u00eb rreth disa mij\u00ebra euro, mjete k\u00ebto q\u00eb nuk do r\u00ebndojn\u00eb shum\u00eb buxhetin e Komun\u00ebs s\u00eb Ulqinit.<br \/>\n<a href=\"http:\/\/www.visit-ulcinj.com\/blog\/wp-content\/uploads\/2013\/11\/Elita-5-koncert-LIVE-per-vitin-e-ri-ne-Ulqin.jpg\"><img loading=\"lazy\" class=\"alignleft  wp-image-76525\" alt=\"Elita 5 koncert LIVE per vitin e ri ne Ulqin\" src=\"http:\/\/www.visit-ulcinj.com\/blog\/wp-content\/uploads\/2013\/11\/Elita-5-koncert-LIVE-per-vitin-e-ri-ne-Ulqin.jpg\" width=\"508\" height=\"360\" \/><\/a><\/p>\n<p>Organizata Turistike ne bashkepunim me Komunen e Ulqinit i ka ftuar t\u00eb gjith\u00eb qytetar\u00ebt pa dallim n\u00eb ngjyrat politike , q\u00eb t\u00eb bashkuar dhe t\u00eb buz\u00ebqeshur t\u00eb presin Vitin e Ri 2014.<\/p>\n<p>Ftojme te gjithe te jene pjese e programit tone ku se bashku do te presim Vitin e ri 2014. Gjithashtu, n\u00eb nat\u00ebn e nd\u00ebrrimit t\u00eb viteve Komuna e Ulqinit ka parapar\u00eb nj\u00eb program t\u00eb begatsh\u00ebm festiv p\u00ebr qytetar\u00ebt.<\/p>\n<p><iframe loading=\"lazy\" src=\"http:\/\/www.dailymotion.com\/embed\/video\/xss1io?autoPlay=1\" height=\"286\" width=\"508\" frameborder=\"0\"><\/iframe><\/p>\n","protected":false},"excerpt":{"rendered":"<p>Pritja e Vitit t\u00eb Ri n\u00eb sheshet e qyteteve tashm\u00eb \u00ebsht\u00eb b\u00ebr\u00eb tradicionale p\u00ebr metropolet evropiane, por k\u00ebt\u00eb vit, n\u00ebn patronatin e Komun\u00ebs s\u00eb Ulqinit, nj\u00eb pritje e till\u00eb do t\u00eb organizohet edhe n\u00eb Ulqin. Me nj\u00eb mega-koncert edhe ulqinak\u00ebt kan\u00eb vendosur q\u00eb t\u00eb p\u00ebrsh\u00ebndeten me t\u00eb vjetrin dhe t\u00eb presin Vitin e Ri n\u00eb [&hellip;]<\/p>\n","protected":false},"author":1,"featured_media":0,"comment_status":"closed","ping_status":"closed","sticky":false,"template":"","format":"standard","meta":{"spay_email":"","jetpack_publicize_message":"","jetpack_is_tweetstorm":false,"jetpack_publicize_feature_enabled":true},"categories":[1],"tags":[],"jetpack_publicize_connections":[],"yoast_head":"<!-- This site is optimized with the Yoast SEO plugin v19.1 - https:\/\/yoast.com\/wordpress\/plugins\/seo\/ -->\n<title>Pritja e Vitit t\u00eb Ri n\u00eb Ulqin 2014 - Lajme nga Ulqini<\/title>\n<meta name=\"description\" content=\"Pritja e Vitit t\u00eb Ri n\u00eb sheshet e qyteteve tashm\u00eb \u00ebsht\u00eb b\u00ebr\u00eb tradicionale p\u00ebr metropolet evropiane, por k\u00ebt\u00eb vit, n\u00ebn patronatin e Komun\u00ebs s\u00eb Ulqinit, nj\u00eb\" \/>\n<meta name=\"robots\" content=\"index, follow, max-snippet:-1, max-image-preview:large, max-video-preview:-1\" \/>\n<link rel=\"canonical\" href=\"https:\/\/www.visit-ulcinj.com\/blog\/2013\/12\/22\/pritja-e-vitit-te-ri-ne-ulqin-2014\/\" \/>\n<meta property=\"og:locale\" content=\"en_US\" \/>\n<meta property=\"og:type\" content=\"article\" \/>\n<meta property=\"og:title\" content=\"Pritja e Vitit t\u00eb Ri n\u00eb Ulqin 2014 - Lajme nga Ulqini\" \/>\n<meta property=\"og:description\" content=\"Pritja e Vitit t\u00eb Ri n\u00eb sheshet e qyteteve tashm\u00eb \u00ebsht\u00eb b\u00ebr\u00eb tradicionale p\u00ebr metropolet evropiane, por k\u00ebt\u00eb vit, n\u00ebn patronatin e Komun\u00ebs s\u00eb Ulqinit, nj\u00eb\" \/>\n<meta property=\"og:url\" content=\"https:\/\/www.visit-ulcinj.com\/blog\/2013\/12\/22\/pritja-e-vitit-te-ri-ne-ulqin-2014\/\" \/>\n<meta property=\"og:site_name\" content=\"Lajme nga Ulqini\" \/>\n<meta property=\"article:published_time\" content=\"2013-12-22T20:58:58+00:00\" \/>\n<meta property=\"article:modified_time\" content=\"2013-12-23T06:48:08+00:00\" \/>\n<meta property=\"og:image\" content=\"http:\/\/www.visit-ulcinj.com\/blog\/wp-content\/uploads\/2013\/11\/Elita-5-koncert-LIVE-per-vitin-e-ri-ne-Ulqin.jpg\" \/>\n<meta name=\"twitter:label1\" content=\"Written by\" \/>\n\t<meta name=\"twitter:data1\" content=\"ulqini\" \/>\n\t<meta name=\"twitter:label2\" content=\"Est. reading time\" \/>\n\t<meta name=\"twitter:data2\" content=\"1 minute\" \/>\n<script type=\"application\/ld+json\" class=\"yoast-schema-graph\">{\"@context\":\"https:\/\/schema.org\",\"@graph\":[{\"@type\":\"WebSite\",\"@id\":\"https:\/\/www.visit-ulcinj.com\/blog\/#website\",\"url\":\"https:\/\/www.visit-ulcinj.com\/blog\/\",\"name\":\"Lajme nga Ulqini\",\"description\":\"Lajme,Vijesti,Ulqini,Ulqin,Crna Gora,Mali i Zi\",\"potentialAction\":[{\"@type\":\"SearchAction\",\"target\":{\"@type\":\"EntryPoint\",\"urlTemplate\":\"https:\/\/www.visit-ulcinj.com\/blog\/?s={search_term_string}\"},\"query-input\":\"required name=search_term_string\"}],\"inLanguage\":\"en-US\"},{\"@type\":\"ImageObject\",\"inLanguage\":\"en-US\",\"@id\":\"https:\/\/www.visit-ulcinj.com\/blog\/2013\/12\/22\/pritja-e-vitit-te-ri-ne-ulqin-2014\/#primaryimage\",\"url\":\"https:\/\/www.visit-ulcinj.com\/blog\/wp-content\/uploads\/2013\/11\/Elita-5-koncert-LIVE-per-vitin-e-ri-ne-Ulqin.jpg\",\"contentUrl\":\"https:\/\/www.visit-ulcinj.com\/blog\/wp-content\/uploads\/2013\/11\/Elita-5-koncert-LIVE-per-vitin-e-ri-ne-Ulqin.jpg\",\"width\":1205,\"height\":1100},{\"@type\":\"WebPage\",\"@id\":\"https:\/\/www.visit-ulcinj.com\/blog\/2013\/12\/22\/pritja-e-vitit-te-ri-ne-ulqin-2014\/#webpage\",\"url\":\"https:\/\/www.visit-ulcinj.com\/blog\/2013\/12\/22\/pritja-e-vitit-te-ri-ne-ulqin-2014\/\",\"name\":\"Pritja e Vitit t\u00eb Ri n\u00eb Ulqin 2014 - Lajme nga Ulqini\",\"isPartOf\":{\"@id\":\"https:\/\/www.visit-ulcinj.com\/blog\/#website\"},\"primaryImageOfPage\":{\"@id\":\"https:\/\/www.visit-ulcinj.com\/blog\/2013\/12\/22\/pritja-e-vitit-te-ri-ne-ulqin-2014\/#primaryimage\"},\"datePublished\":\"2013-12-22T20:58:58+00:00\",\"dateModified\":\"2013-12-23T06:48:08+00:00\",\"author\":{\"@id\":\"https:\/\/www.visit-ulcinj.com\/blog\/#\/schema\/person\/dcab619c614d3038751c63bc2aadc06d\"},\"description\":\"Pritja e Vitit t\u00eb Ri n\u00eb sheshet e qyteteve tashm\u00eb \u00ebsht\u00eb b\u00ebr\u00eb tradicionale p\u00ebr metropolet evropiane, por k\u00ebt\u00eb vit, n\u00ebn patronatin e Komun\u00ebs s\u00eb Ulqinit, nj\u00eb\",\"breadcrumb\":{\"@id\":\"https:\/\/www.visit-ulcinj.com\/blog\/2013\/12\/22\/pritja-e-vitit-te-ri-ne-ulqin-2014\/#breadcrumb\"},\"inLanguage\":\"en-US\",\"potentialAction\":[{\"@type\":\"ReadAction\",\"target\":[\"https:\/\/www.visit-ulcinj.com\/blog\/2013\/12\/22\/pritja-e-vitit-te-ri-ne-ulqin-2014\/\"]}]},{\"@type\":\"BreadcrumbList\",\"@id\":\"https:\/\/www.visit-ulcinj.com\/blog\/2013\/12\/22\/pritja-e-vitit-te-ri-ne-ulqin-2014\/#breadcrumb\",\"itemListElement\":[{\"@type\":\"ListItem\",\"position\":1,\"name\":\"Pritja e Vitit t\u00eb Ri n\u00eb Ulqin 2014\"}]},{\"@type\":\"Person\",\"@id\":\"https:\/\/www.visit-ulcinj.com\/blog\/#\/schema\/person\/dcab619c614d3038751c63bc2aadc06d\",\"name\":\"ulqini\",\"sameAs\":[\"http:\/\/www.visit-ulcinj.com\"],\"url\":\"https:\/\/www.visit-ulcinj.com\/blog\/author\/admin\/\"}]}<\/script>\n<!-- \/ Yoast SEO plugin. -->","yoast_head_json":{"title":"Pritja e Vitit t\u00eb Ri n\u00eb Ulqin 2014 - Lajme nga Ulqini","description":"Pritja e Vitit t\u00eb Ri n\u00eb sheshet e qyteteve tashm\u00eb \u00ebsht\u00eb b\u00ebr\u00eb tradicionale p\u00ebr metropolet evropiane, por k\u00ebt\u00eb vit, n\u00ebn patronatin e Komun\u00ebs s\u00eb Ulqinit, nj\u00eb","robots":{"index":"index","follow":"follow","max-snippet":"max-snippet:-1","max-image-preview":"max-image-preview:large","max-video-preview":"max-video-preview:-1"},"canonical":"https:\/\/www.visit-ulcinj.com\/blog\/2013\/12\/22\/pritja-e-vitit-te-ri-ne-ulqin-2014\/","og_locale":"en_US","og_type":"article","og_title":"Pritja e Vitit t\u00eb Ri n\u00eb Ulqin 2014 - Lajme nga Ulqini","og_description":"Pritja e Vitit t\u00eb Ri n\u00eb sheshet e qyteteve tashm\u00eb \u00ebsht\u00eb b\u00ebr\u00eb tradicionale p\u00ebr metropolet evropiane, por k\u00ebt\u00eb vit, n\u00ebn patronatin e Komun\u00ebs s\u00eb Ulqinit, nj\u00eb","og_url":"https:\/\/www.visit-ulcinj.com\/blog\/2013\/12\/22\/pritja-e-vitit-te-ri-ne-ulqin-2014\/","og_site_name":"Lajme nga Ulqini","article_published_time":"2013-12-22T20:58:58+00:00","article_modified_time":"2013-12-23T06:48:08+00:00","og_image":[{"url":"http:\/\/www.visit-ulcinj.com\/blog\/wp-content\/uploads\/2013\/11\/Elita-5-koncert-LIVE-per-vitin-e-ri-ne-Ulqin.jpg"}],"twitter_misc":{"Written by":"ulqini","Est. reading time":"1 minute"},"schema":{"@context":"https:\/\/schema.org","@graph":[{"@type":"WebSite","@id":"https:\/\/www.visit-ulcinj.com\/blog\/#website","url":"https:\/\/www.visit-ulcinj.com\/blog\/","name":"Lajme nga Ulqini","description":"Lajme,Vijesti,Ulqini,Ulqin,Crna Gora,Mali i Zi","potentialAction":[{"@type":"SearchAction","target":{"@type":"EntryPoint","urlTemplate":"https:\/\/www.visit-ulcinj.com\/blog\/?s={search_term_string}"},"query-input":"required name=search_term_string"}],"inLanguage":"en-US"},{"@type":"ImageObject","inLanguage":"en-US","@id":"https:\/\/www.visit-ulcinj.com\/blog\/2013\/12\/22\/pritja-e-vitit-te-ri-ne-ulqin-2014\/#primaryimage","url":"https:\/\/www.visit-ulcinj.com\/blog\/wp-content\/uploads\/2013\/11\/Elita-5-koncert-LIVE-per-vitin-e-ri-ne-Ulqin.jpg","contentUrl":"https:\/\/www.visit-ulcinj.com\/blog\/wp-content\/uploads\/2013\/11\/Elita-5-koncert-LIVE-per-vitin-e-ri-ne-Ulqin.jpg","width":1205,"height":1100},{"@type":"WebPage","@id":"https:\/\/www.visit-ulcinj.com\/blog\/2013\/12\/22\/pritja-e-vitit-te-ri-ne-ulqin-2014\/#webpage","url":"https:\/\/www.visit-ulcinj.com\/blog\/2013\/12\/22\/pritja-e-vitit-te-ri-ne-ulqin-2014\/","name":"Pritja e Vitit t\u00eb Ri n\u00eb Ulqin 2014 - Lajme nga Ulqini","isPartOf":{"@id":"https:\/\/www.visit-ulcinj.com\/blog\/#website"},"primaryImageOfPage":{"@id":"https:\/\/www.visit-ulcinj.com\/blog\/2013\/12\/22\/pritja-e-vitit-te-ri-ne-ulqin-2014\/#primaryimage"},"datePublished":"2013-12-22T20:58:58+00:00","dateModified":"2013-12-23T06:48:08+00:00","author":{"@id":"https:\/\/www.visit-ulcinj.com\/blog\/#\/schema\/person\/dcab619c614d3038751c63bc2aadc06d"},"description":"Pritja e Vitit t\u00eb Ri n\u00eb sheshet e qyteteve tashm\u00eb \u00ebsht\u00eb b\u00ebr\u00eb tradicionale p\u00ebr metropolet evropiane, por k\u00ebt\u00eb vit, n\u00ebn patronatin e Komun\u00ebs s\u00eb Ulqinit, nj\u00eb","breadcrumb":{"@id":"https:\/\/www.visit-ulcinj.com\/blog\/2013\/12\/22\/pritja-e-vitit-te-ri-ne-ulqin-2014\/#breadcrumb"},"inLanguage":"en-US","potentialAction":[{"@type":"ReadAction","target":["https:\/\/www.visit-ulcinj.com\/blog\/2013\/12\/22\/pritja-e-vitit-te-ri-ne-ulqin-2014\/"]}]},{"@type":"BreadcrumbList","@id":"https:\/\/www.visit-ulcinj.com\/blog\/2013\/12\/22\/pritja-e-vitit-te-ri-ne-ulqin-2014\/#breadcrumb","itemListElement":[{"@type":"ListItem","position":1,"name":"Pritja e Vitit t\u00eb Ri n\u00eb Ulqin 2014"}]},{"@type":"Person","@id":"https:\/\/www.visit-ulcinj.com\/blog\/#\/schema\/person\/dcab619c614d3038751c63bc2aadc06d","name":"ulqini","sameAs":["http:\/\/www.visit-ulcinj.com"],"url":"https:\/\/www.visit-ulcinj.com\/blog\/author\/admin\/"}]}},"jetpack_featured_media_url":"","jetpack_sharing_enabled":true,"jetpack_shortlink":"https:\/\/wp.me\/pe6lTn-k8U","_links":{"self":[{"href":"https:\/\/www.visit-ulcinj.com\/blog\/wp-json\/wp\/v2\/posts\/77432"}],"collection":[{"href":"https:\/\/www.visit-ulcinj.com\/blog\/wp-json\/wp\/v2\/posts"}],"about":[{"href":"https:\/\/www.visit-ulcinj.com\/blog\/wp-json\/wp\/v2\/types\/post"}],"author":[{"embeddable":true,"href":"https:\/\/www.visit-ulcinj.com\/blog\/wp-json\/wp\/v2\/users\/1"}],"replies":[{"embeddable":true,"href":"https:\/\/www.visit-ulcinj.com\/blog\/wp-json\/wp\/v2\/comments?post=77432"}],"version-history":[{"count":3,"href":"https:\/\/www.visit-ulcinj.com\/blog\/wp-json\/wp\/v2\/posts\/77432\/revisions"}],"predecessor-version":[{"id":77446,"href":"https:\/\/www.visit-ulcinj.com\/blog\/wp-json\/wp\/v2\/posts\/77432\/revisions\/77446"}],"wp:attachment":[{"href":"https:\/\/www.visit-ulcinj.com\/blog\/wp-json\/wp\/v2\/media?parent=77432"}],"wp:term":[{"taxonomy":"category","embeddable":true,"href":"https:\/\/www.visit-ulcinj.com\/blog\/wp-json\/wp\/v2\/categories?post=77432"},{"taxonomy":"post_tag","embeddable":true,"href":"https:\/\/www.visit-ulcinj.com\/blog\/wp-json\/wp\/v2\/tags?post=77432"}],"curies":[{"name":"wp","href":"https:\/\/api.w.org\/{rel}","templated":true}]}}