{"id":77437,"date":"2013-12-22T23:07:40","date_gmt":"2013-12-22T22:07:40","guid":{"rendered":"http:\/\/www.visit-ulcinj.com\/blog\/?p=77437"},"modified":"2013-12-22T23:08:23","modified_gmt":"2013-12-22T22:08:23","slug":"abazovic-vlada-oduzima-privatnu-imovinu","status":"publish","type":"post","link":"https:\/\/www.visit-ulcinj.com\/blog\/2013\/12\/22\/abazovic-vlada-oduzima-privatnu-imovinu\/","title":{"rendered":"Abazovic: Vlada oduzima privatnu imovinu"},"content":{"rendered":"<p><a href=\"http:\/\/www.visit-ulcinj.com\/blog\/wp-content\/uploads\/2013\/12\/Dritan-Abazovic-1.jpg\"><img loading=\"lazy\" class=\"alignleft  wp-image-77438\" alt=\"Dritan-Abazovic-1\" src=\"http:\/\/www.visit-ulcinj.com\/blog\/wp-content\/uploads\/2013\/12\/Dritan-Abazovic-1.jpg\" width=\"509\" height=\"332\" \/><\/a>Novi predlog zakona o morskom dobru predstavlja\u0107e najve\u0107u otima\u010dinu i plja\u010dku privatne svojine, ukoliko ostane odredba da je morsko dobro dobro od op\u0161teg interesa samo i isklju\u010divo u dr\u017eavnoj svojini, ocijenio je za \u201eDan\u201d predsjednik podgori\u010dkog Udru\u017eenja za povra\u0107aj oduzete i za\u0161titu privatne svojine Veselin Uskokovi\u0107.<br \/>\n\u2013 \u010clanom 58 Ustava jem\u010di se pravo svojine. Niko ne mo\u017ee biti li\u0161en ili ograni\u010den prava svojine, osim kada to zahtijeva javni interes, uz pravi\u010dnu naknadu. U dr\u017eavnoj svojini su prirodna bogatstva i dobra u op\u0161toj upotrebi \u2013 rekao je Uskokovi\u0107.<br \/>\nVlada novim predlogom zakona o morskom dobru, koji \u0107e uskoro uputiti u Skup\u0161tinu, \u017eeli da uredi svojinski re\u017eim, dok je prethodnim zakonom usvojenim polovinom 2011. godine cilj bio ure\u0111enje upravljanja morskim dobrom.<br \/>\nPoslanik Dritan Abazovi\u0107 (Pozitivna) tako\u0111e smatra da je novi predlog zakona neustavan. Prema njegovom mi\u0161ljenju, najve\u0107i problem zakona je granica morskog dobra.<br \/>\n\u2013 Prosto je nevjerovatno da morsko dobro mo\u017ee da bude najmanje \u0161est metara od dopiranja najve\u0107eg talasa. Valjda bi trebalo da pi\u0161e najvi\u0161e \u0161est metara \u2013 rekao je Abazovi\u0107.<br \/>\nVlada novim zakonom, kako je istakao, poku\u0161ava da legalizuje \u201eneokolonijalni\u201d sistem prema najve\u0107im resursima na primorju, onemogu\u0107i op\u0161tine da uti\u010du na sopstveni razvoj i nastavi da isisava novac od gra\u0111ana sa primorja.<br \/>\n\u2013 U suprotnom zakon bi mogao d\u017eentlmenski da rije\u0161i problem. Povu\u0107i granicu tamo gdje ona logi\u010dno treba da stoji i prepustiti da primorske op\u0161tine upravljaju svojim najatraktivnijim lokacijama i razvijaju se \u2013 naveo je Abazovi\u0107, koji smatra da gra\u0111ani koji imaju svojinu u zonama blizu obale, moraju biti izuzeti iz zone morskog dobra.<br \/>\n\u2013 Nisam siguran da ovaj zakon ima takvu namjeru, stoga ga je potrebno modifikovati ili odbaciti u cjelini. Kada do\u0111e na dnevni red djelova\u0107u amandmanski, to je sigurno \u2013 poru\u010dio je Abazovi\u0107.<br \/>\nPrema njegovim rije\u010dima, jasna je tendencija Vlade da zakonom zadr\u017ei sada\u0161nje stanje u upravljanju morskim doborom, tako \u0161to \u0107e nastaviti diskriminatorski odnos prema op\u0161tinama i privatnim vlasnicima na primorju.<br \/>\n\u2013 Tome u prilog ide i stav Vrhovnog suda, koji je najavio \u010dime \u0107e se voditi kada je tretiranje imovine u tom podru\u010dju u pitanju. Potaknut tim antiustavnim stavom, koji kr\u0161i osnovno ljudsko pravo, pravo na privatnu svojinu, ulo\u017eio sam amandman koji je usvojen na zajedni\u010dkoj sjednici Evropskog i crnogorskog parlamenta (POSP), koji poziva na rje\u0161avanje ovoga spora. On u ta\u010dki 14, pored ostalog, ukazuje na \u201e.. nepovredivost privatnog vlasni\u0161tva, u svjetlu spornosti kori\u0161\u0107enja svojinskih prava u zoni morskog dobra\u201d \u2013 precizirao je najmla\u0111i poslanik u Skup\u0161tini.<br \/>\nPredlog zakona o morskom dobru dugo se najavljivao, ali s obzirom na brojna negodovanja gra\u0111ana i lokalnih samouprava, Vlada je nekoliko puta povla\u010dila predlog i vra\u0107ala ga na doradu.<br \/>\n\u2013 Ova verzija je ne\u0161to bolja nego prethodne, ali su\u0161tinski ne\u0107e promijeniti stvari \u2013 zaklju\u010dio je Abazovi\u0107.<br \/>\nD.M.<\/p>\n<p><strong> Granicu treba da odre\u0111uje Skup\u0161tina<\/strong><\/p>\n<p>Abazovi\u0107u je sporno i \u0161to su morskim dobrom obuhva\u0107ene obale Bojane.<br \/>\n\u2013 Sporno je sve osim u\u0161\u0107a \u2013 rekao je Abazovi\u0107 i dodao da granicu ne treba da odre\u0111uje Vlada nego Skup\u0161tina na predlog op\u0161tina, sli\u010dno kao \u0161to je to u Hrvatskoj, gdje glavnu rije\u010d imaju op\u0161tine i \u017eupanije.<br \/>\nVlada zakonom planira da osnuje Agenciju za upravljanje morskim dobrom. Poslaniku Pozitivne je sporan sastav savjeta koji \u0107e upravljati agencijom, a koji \u0107e birati Vlada. Op\u0161tine \u0107e mo\u0107i da predlo\u017ee tri od sedam \u010dlanova.<br \/>\n\u2013 Nije dobro da sve op\u0161tine nisu zastupljene u tom tijelu, jer se ovaj zakon odnosi na njihovu teritoriju \u2013 istakao je Abazovi\u0107.<\/p>\n<p><strong>Jedna od tema premijerskog sata<\/strong><\/p>\n<p>Predlog zakona o morskom dobru bi\u0107e jedna od tema sjutra\u0161njeg premijerskog sata. Poslanik Genci Nimanbegu (Forca) pitao je premijera Mila \u0110ukanovi\u0107a da li \u0107e se granica koja obuhvata morsko dobro promijeniti i vratiti na \u0161est metara od linije talasa od najve\u0107eg nevremena i u Ulcinju.<br \/>\nNimanbegua interesuje i koji su najrealniji rokovi za sprovo\u0111enje novog zakona.<\/p>\n<p><strong>Izvor: DAN<\/strong><\/p>\n<!--YouTube Error: bad URL entered-->\n","protected":false},"excerpt":{"rendered":"<p>Novi predlog zakona o morskom dobru predstavlja\u0107e najve\u0107u otima\u010dinu i plja\u010dku privatne svojine, ukoliko ostane odredba da je morsko dobro dobro od op\u0161teg interesa samo i isklju\u010divo u dr\u017eavnoj svojini, ocijenio je za \u201eDan\u201d predsjednik podgori\u010dkog Udru\u017eenja za povra\u0107aj oduzete i za\u0161titu privatne svojine Veselin Uskokovi\u0107. \u2013 \u010clanom 58 Ustava jem\u010di se pravo svojine. Niko [&hellip;]<\/p>\n","protected":false},"author":1,"featured_media":0,"comment_status":"closed","ping_status":"closed","sticky":false,"template":"","format":"standard","meta":{"spay_email":"","jetpack_publicize_message":"","jetpack_is_tweetstorm":false,"jetpack_publicize_feature_enabled":true},"categories":[6950],"tags":[],"jetpack_publicize_connections":[],"yoast_head":"<!-- This site is optimized with the Yoast SEO plugin v19.1 - https:\/\/yoast.com\/wordpress\/plugins\/seo\/ -->\n<title>Abazovic: Vlada oduzima privatnu imovinu - Lajme nga Ulqini<\/title>\n<meta name=\"description\" content=\"Novi predlog zakona o morskom dobru predstavlja\u0107e najve\u0107u otima\u010dinu i plja\u010dku privatne svojine, ukoliko ostane odredba da je morsko dobro dobro od op\u0161teg\" \/>\n<meta name=\"robots\" content=\"index, follow, max-snippet:-1, max-image-preview:large, max-video-preview:-1\" \/>\n<link rel=\"canonical\" href=\"https:\/\/www.visit-ulcinj.com\/blog\/2013\/12\/22\/abazovic-vlada-oduzima-privatnu-imovinu\/\" \/>\n<meta property=\"og:locale\" content=\"en_US\" \/>\n<meta property=\"og:type\" content=\"article\" \/>\n<meta property=\"og:title\" content=\"Abazovic: Vlada oduzima privatnu imovinu - Lajme nga Ulqini\" \/>\n<meta property=\"og:description\" content=\"Novi predlog zakona o morskom dobru predstavlja\u0107e najve\u0107u otima\u010dinu i plja\u010dku privatne svojine, ukoliko ostane odredba da je morsko dobro dobro od op\u0161teg\" \/>\n<meta property=\"og:url\" content=\"https:\/\/www.visit-ulcinj.com\/blog\/2013\/12\/22\/abazovic-vlada-oduzima-privatnu-imovinu\/\" \/>\n<meta property=\"og:site_name\" content=\"Lajme nga Ulqini\" \/>\n<meta property=\"article:published_time\" content=\"2013-12-22T22:07:40+00:00\" \/>\n<meta property=\"article:modified_time\" content=\"2013-12-22T22:08:23+00:00\" \/>\n<meta property=\"og:image\" content=\"http:\/\/www.visit-ulcinj.com\/blog\/wp-content\/uploads\/2013\/12\/Dritan-Abazovic-1.jpg\" \/>\n<meta name=\"twitter:label1\" content=\"Written by\" \/>\n\t<meta name=\"twitter:data1\" content=\"ulqini\" \/>\n\t<meta name=\"twitter:label2\" content=\"Est. reading time\" \/>\n\t<meta name=\"twitter:data2\" content=\"3 minutes\" \/>\n<script type=\"application\/ld+json\" class=\"yoast-schema-graph\">{\"@context\":\"https:\/\/schema.org\",\"@graph\":[{\"@type\":\"WebSite\",\"@id\":\"https:\/\/www.visit-ulcinj.com\/blog\/#website\",\"url\":\"https:\/\/www.visit-ulcinj.com\/blog\/\",\"name\":\"Lajme nga Ulqini\",\"description\":\"Lajme,Vijesti,Ulqini,Ulqin,Crna Gora,Mali i Zi\",\"potentialAction\":[{\"@type\":\"SearchAction\",\"target\":{\"@type\":\"EntryPoint\",\"urlTemplate\":\"https:\/\/www.visit-ulcinj.com\/blog\/?s={search_term_string}\"},\"query-input\":\"required name=search_term_string\"}],\"inLanguage\":\"en-US\"},{\"@type\":\"ImageObject\",\"inLanguage\":\"en-US\",\"@id\":\"https:\/\/www.visit-ulcinj.com\/blog\/2013\/12\/22\/abazovic-vlada-oduzima-privatnu-imovinu\/#primaryimage\",\"url\":\"https:\/\/www.visit-ulcinj.com\/blog\/wp-content\/uploads\/2013\/12\/Dritan-Abazovic-1.jpg\",\"contentUrl\":\"https:\/\/www.visit-ulcinj.com\/blog\/wp-content\/uploads\/2013\/12\/Dritan-Abazovic-1.jpg\",\"width\":500,\"height\":332},{\"@type\":\"WebPage\",\"@id\":\"https:\/\/www.visit-ulcinj.com\/blog\/2013\/12\/22\/abazovic-vlada-oduzima-privatnu-imovinu\/#webpage\",\"url\":\"https:\/\/www.visit-ulcinj.com\/blog\/2013\/12\/22\/abazovic-vlada-oduzima-privatnu-imovinu\/\",\"name\":\"Abazovic: Vlada oduzima privatnu imovinu - Lajme nga Ulqini\",\"isPartOf\":{\"@id\":\"https:\/\/www.visit-ulcinj.com\/blog\/#website\"},\"primaryImageOfPage\":{\"@id\":\"https:\/\/www.visit-ulcinj.com\/blog\/2013\/12\/22\/abazovic-vlada-oduzima-privatnu-imovinu\/#primaryimage\"},\"datePublished\":\"2013-12-22T22:07:40+00:00\",\"dateModified\":\"2013-12-22T22:08:23+00:00\",\"author\":{\"@id\":\"https:\/\/www.visit-ulcinj.com\/blog\/#\/schema\/person\/dcab619c614d3038751c63bc2aadc06d\"},\"description\":\"Novi predlog zakona o morskom dobru predstavlja\u0107e najve\u0107u otima\u010dinu i plja\u010dku privatne svojine, ukoliko ostane odredba da je morsko dobro dobro od op\u0161teg\",\"breadcrumb\":{\"@id\":\"https:\/\/www.visit-ulcinj.com\/blog\/2013\/12\/22\/abazovic-vlada-oduzima-privatnu-imovinu\/#breadcrumb\"},\"inLanguage\":\"en-US\",\"potentialAction\":[{\"@type\":\"ReadAction\",\"target\":[\"https:\/\/www.visit-ulcinj.com\/blog\/2013\/12\/22\/abazovic-vlada-oduzima-privatnu-imovinu\/\"]}]},{\"@type\":\"BreadcrumbList\",\"@id\":\"https:\/\/www.visit-ulcinj.com\/blog\/2013\/12\/22\/abazovic-vlada-oduzima-privatnu-imovinu\/#breadcrumb\",\"itemListElement\":[{\"@type\":\"ListItem\",\"position\":1,\"name\":\"Abazovic: Vlada oduzima privatnu imovinu\"}]},{\"@type\":\"Person\",\"@id\":\"https:\/\/www.visit-ulcinj.com\/blog\/#\/schema\/person\/dcab619c614d3038751c63bc2aadc06d\",\"name\":\"ulqini\",\"sameAs\":[\"http:\/\/www.visit-ulcinj.com\"],\"url\":\"https:\/\/www.visit-ulcinj.com\/blog\/author\/admin\/\"}]}<\/script>\n<!-- \/ Yoast SEO plugin. -->","yoast_head_json":{"title":"Abazovic: Vlada oduzima privatnu imovinu - Lajme nga Ulqini","description":"Novi predlog zakona o morskom dobru predstavlja\u0107e najve\u0107u otima\u010dinu i plja\u010dku privatne svojine, ukoliko ostane odredba da je morsko dobro dobro od op\u0161teg","robots":{"index":"index","follow":"follow","max-snippet":"max-snippet:-1","max-image-preview":"max-image-preview:large","max-video-preview":"max-video-preview:-1"},"canonical":"https:\/\/www.visit-ulcinj.com\/blog\/2013\/12\/22\/abazovic-vlada-oduzima-privatnu-imovinu\/","og_locale":"en_US","og_type":"article","og_title":"Abazovic: Vlada oduzima privatnu imovinu - Lajme nga Ulqini","og_description":"Novi predlog zakona o morskom dobru predstavlja\u0107e najve\u0107u otima\u010dinu i plja\u010dku privatne svojine, ukoliko ostane odredba da je morsko dobro dobro od op\u0161teg","og_url":"https:\/\/www.visit-ulcinj.com\/blog\/2013\/12\/22\/abazovic-vlada-oduzima-privatnu-imovinu\/","og_site_name":"Lajme nga Ulqini","article_published_time":"2013-12-22T22:07:40+00:00","article_modified_time":"2013-12-22T22:08:23+00:00","og_image":[{"url":"http:\/\/www.visit-ulcinj.com\/blog\/wp-content\/uploads\/2013\/12\/Dritan-Abazovic-1.jpg"}],"twitter_misc":{"Written by":"ulqini","Est. reading time":"3 minutes"},"schema":{"@context":"https:\/\/schema.org","@graph":[{"@type":"WebSite","@id":"https:\/\/www.visit-ulcinj.com\/blog\/#website","url":"https:\/\/www.visit-ulcinj.com\/blog\/","name":"Lajme nga Ulqini","description":"Lajme,Vijesti,Ulqini,Ulqin,Crna Gora,Mali i Zi","potentialAction":[{"@type":"SearchAction","target":{"@type":"EntryPoint","urlTemplate":"https:\/\/www.visit-ulcinj.com\/blog\/?s={search_term_string}"},"query-input":"required name=search_term_string"}],"inLanguage":"en-US"},{"@type":"ImageObject","inLanguage":"en-US","@id":"https:\/\/www.visit-ulcinj.com\/blog\/2013\/12\/22\/abazovic-vlada-oduzima-privatnu-imovinu\/#primaryimage","url":"https:\/\/www.visit-ulcinj.com\/blog\/wp-content\/uploads\/2013\/12\/Dritan-Abazovic-1.jpg","contentUrl":"https:\/\/www.visit-ulcinj.com\/blog\/wp-content\/uploads\/2013\/12\/Dritan-Abazovic-1.jpg","width":500,"height":332},{"@type":"WebPage","@id":"https:\/\/www.visit-ulcinj.com\/blog\/2013\/12\/22\/abazovic-vlada-oduzima-privatnu-imovinu\/#webpage","url":"https:\/\/www.visit-ulcinj.com\/blog\/2013\/12\/22\/abazovic-vlada-oduzima-privatnu-imovinu\/","name":"Abazovic: Vlada oduzima privatnu imovinu - Lajme nga Ulqini","isPartOf":{"@id":"https:\/\/www.visit-ulcinj.com\/blog\/#website"},"primaryImageOfPage":{"@id":"https:\/\/www.visit-ulcinj.com\/blog\/2013\/12\/22\/abazovic-vlada-oduzima-privatnu-imovinu\/#primaryimage"},"datePublished":"2013-12-22T22:07:40+00:00","dateModified":"2013-12-22T22:08:23+00:00","author":{"@id":"https:\/\/www.visit-ulcinj.com\/blog\/#\/schema\/person\/dcab619c614d3038751c63bc2aadc06d"},"description":"Novi predlog zakona o morskom dobru predstavlja\u0107e najve\u0107u otima\u010dinu i plja\u010dku privatne svojine, ukoliko ostane odredba da je morsko dobro dobro od op\u0161teg","breadcrumb":{"@id":"https:\/\/www.visit-ulcinj.com\/blog\/2013\/12\/22\/abazovic-vlada-oduzima-privatnu-imovinu\/#breadcrumb"},"inLanguage":"en-US","potentialAction":[{"@type":"ReadAction","target":["https:\/\/www.visit-ulcinj.com\/blog\/2013\/12\/22\/abazovic-vlada-oduzima-privatnu-imovinu\/"]}]},{"@type":"BreadcrumbList","@id":"https:\/\/www.visit-ulcinj.com\/blog\/2013\/12\/22\/abazovic-vlada-oduzima-privatnu-imovinu\/#breadcrumb","itemListElement":[{"@type":"ListItem","position":1,"name":"Abazovic: Vlada oduzima privatnu imovinu"}]},{"@type":"Person","@id":"https:\/\/www.visit-ulcinj.com\/blog\/#\/schema\/person\/dcab619c614d3038751c63bc2aadc06d","name":"ulqini","sameAs":["http:\/\/www.visit-ulcinj.com"],"url":"https:\/\/www.visit-ulcinj.com\/blog\/author\/admin\/"}]}},"jetpack_featured_media_url":"","jetpack_sharing_enabled":true,"jetpack_shortlink":"https:\/\/wp.me\/pe6lTn-k8Z","_links":{"self":[{"href":"https:\/\/www.visit-ulcinj.com\/blog\/wp-json\/wp\/v2\/posts\/77437"}],"collection":[{"href":"https:\/\/www.visit-ulcinj.com\/blog\/wp-json\/wp\/v2\/posts"}],"about":[{"href":"https:\/\/www.visit-ulcinj.com\/blog\/wp-json\/wp\/v2\/types\/post"}],"author":[{"embeddable":true,"href":"https:\/\/www.visit-ulcinj.com\/blog\/wp-json\/wp\/v2\/users\/1"}],"replies":[{"embeddable":true,"href":"https:\/\/www.visit-ulcinj.com\/blog\/wp-json\/wp\/v2\/comments?post=77437"}],"version-history":[{"count":2,"href":"https:\/\/www.visit-ulcinj.com\/blog\/wp-json\/wp\/v2\/posts\/77437\/revisions"}],"predecessor-version":[{"id":77440,"href":"https:\/\/www.visit-ulcinj.com\/blog\/wp-json\/wp\/v2\/posts\/77437\/revisions\/77440"}],"wp:attachment":[{"href":"https:\/\/www.visit-ulcinj.com\/blog\/wp-json\/wp\/v2\/media?parent=77437"}],"wp:term":[{"taxonomy":"category","embeddable":true,"href":"https:\/\/www.visit-ulcinj.com\/blog\/wp-json\/wp\/v2\/categories?post=77437"},{"taxonomy":"post_tag","embeddable":true,"href":"https:\/\/www.visit-ulcinj.com\/blog\/wp-json\/wp\/v2\/tags?post=77437"}],"curies":[{"name":"wp","href":"https:\/\/api.w.org\/{rel}","templated":true}]}}