{"id":77452,"date":"2013-12-23T08:59:07","date_gmt":"2013-12-23T07:59:07","guid":{"rendered":"http:\/\/www.visit-ulcinj.com\/blog\/?p=77452"},"modified":"2013-12-23T08:59:07","modified_gmt":"2013-12-23T07:59:07","slug":"ne-kufirin-kroaci-mali-zi-shtate-ore-pritje","status":"publish","type":"post","link":"https:\/\/www.visit-ulcinj.com\/blog\/2013\/12\/23\/ne-kufirin-kroaci-mali-zi-shtate-ore-pritje\/","title":{"rendered":"N\u00eb kufirin Kroaci-Mali i Zi, shtat\u00eb or\u00eb pritje"},"content":{"rendered":"<p><strong>N\u00eb kufirin Kroaci-Mali i Zi \u00ebsht\u00eb paraqitur i nj\u00ebjti problem sikurse n\u00eb kufirin Kroaci-Serbi. Pritjet e bashkatdhetar\u00ebve, p\u00ebr ta kaluar kufirin, zgjasin deri n\u00eb shtat\u00eb or\u00eb<br \/>\n<a href=\"http:\/\/www.visit-ulcinj.com\/blog\/wp-content\/uploads\/2013\/12\/debeli_brijeg_Mali-i-Zi.jpg\"><img loading=\"lazy\" class=\"alignleft  wp-image-77453\" alt=\"debeli_brijeg_Mali i Zi\" src=\"http:\/\/www.visit-ulcinj.com\/blog\/wp-content\/uploads\/2013\/12\/debeli_brijeg_Mali-i-Zi.jpg\" width=\"508\" height=\"360\" \/><\/a><br \/>\n<\/strong><\/p>\n<p>M\u00ebrgimtar\u00ebt kosovar\u00eb q\u00eb po vijn\u00eb n\u00eb vendlindje p\u00ebr t\u2019i kaluar festat e fundvitit, po ballafaqohen me pritje t\u00eb gjata pothuajse n\u00eb t\u00eb gjitha kufijt\u00eb q\u00eb i kalojn\u00eb. P\u00ebrve\u00e7 kolonave t\u00eb gjata q\u00eb jan\u00eb raportuar n\u00eb kufirin Kroaci-Serbi, pothuajse i nj\u00ebjti kaos po ndodh\u00eb edhe n\u00eb Autostrad\u00ebn e Adriatikut.<\/p>\n<p>N\u00eb kufirin Kroaci-Mali i Zi \u00ebsht\u00eb paraqitur i nj\u00ebjti problem. Pritjet e bashkatdhetar\u00ebve, p\u00ebr ta kaluar kufirin, zgjasin deri n\u00eb shtat\u00eb or\u00eb, raportojn\u00eb mediet n\u00eb Prishtin\u00eb.<\/p>\n<p>Po ashtu kolona t\u00eb gjata po paraqiten edhe n\u00eb hyre t\u00eb Kosov\u00ebs, nga t\u00eb gjitha an\u00ebt, Kon\u00e7ul, Merdar e Morin\u00eb. K\u00ebto kolona zakonisht b\u00ebhen edhe nga taksat kufitare q\u00eb duhet t\u2019i paguajn\u00eb bashkatdhetar\u00ebt, p\u00ebr t\u00eb cilat \u00ebsht\u00eb k\u00ebrkuar disa her\u00eb q\u00eb t\u00eb hiqen.<\/p>\n<p>Ndryshe, edhe n\u00eb Kon\u00e7ul e Merdar hyrjet n\u00eb Kosov\u00eb kan\u00eb zgjatur minimum, 2 or\u00eb, nd\u00ebrsa Policia u ka rekomanduar bashkatdhetar\u00ebve q\u00eb t\u2019i shfryt\u00ebzojn\u00eb edhe pik\u00ebkalimet tjera me Serbin\u00eb, Mutivod\u00ebn dhe Mu\u00e7ibab\u00ebn, me q\u00ebllim q\u00eb t\u2019i ikin kolonave.<\/p>\n<p><strong>albinfo.ch<\/strong><\/p>\n<p>&nbsp;<\/p>\n","protected":false},"excerpt":{"rendered":"<p>N\u00eb kufirin Kroaci-Mali i Zi \u00ebsht\u00eb paraqitur i nj\u00ebjti problem sikurse n\u00eb kufirin Kroaci-Serbi. Pritjet e bashkatdhetar\u00ebve, p\u00ebr ta kaluar kufirin, zgjasin deri n\u00eb shtat\u00eb or\u00eb M\u00ebrgimtar\u00ebt kosovar\u00eb q\u00eb po vijn\u00eb n\u00eb vendlindje p\u00ebr t\u2019i kaluar festat e fundvitit, po ballafaqohen me pritje t\u00eb gjata pothuajse n\u00eb t\u00eb gjitha kufijt\u00eb q\u00eb i kalojn\u00eb. P\u00ebrve\u00e7 kolonave [&hellip;]<\/p>\n","protected":false},"author":1,"featured_media":0,"comment_status":"closed","ping_status":"closed","sticky":false,"template":"","format":"standard","meta":{"spay_email":"","jetpack_publicize_message":"","jetpack_is_tweetstorm":false,"jetpack_publicize_feature_enabled":true},"categories":[14],"tags":[],"jetpack_publicize_connections":[],"yoast_head":"<!-- This site is optimized with the Yoast SEO plugin v19.1 - https:\/\/yoast.com\/wordpress\/plugins\/seo\/ -->\n<title>N\u00eb kufirin Kroaci-Mali i Zi, shtat\u00eb or\u00eb pritje - Lajme nga Ulqini<\/title>\n<meta name=\"description\" content=\"N\u00eb kufirin Kroaci-Mali i Zi \u00ebsht\u00eb paraqitur i nj\u00ebjti problem sikurse n\u00eb kufirin Kroaci-Serbi. Pritjet e bashkatdhetar\u00ebve, p\u00ebr ta kaluar kufirin, zgjasin\" \/>\n<meta name=\"robots\" content=\"index, follow, max-snippet:-1, max-image-preview:large, max-video-preview:-1\" \/>\n<link rel=\"canonical\" href=\"https:\/\/www.visit-ulcinj.com\/blog\/2013\/12\/23\/ne-kufirin-kroaci-mali-zi-shtate-ore-pritje\/\" \/>\n<meta property=\"og:locale\" content=\"en_US\" \/>\n<meta property=\"og:type\" content=\"article\" \/>\n<meta property=\"og:title\" content=\"N\u00eb kufirin Kroaci-Mali i Zi, shtat\u00eb or\u00eb pritje - Lajme nga Ulqini\" \/>\n<meta property=\"og:description\" content=\"N\u00eb kufirin Kroaci-Mali i Zi \u00ebsht\u00eb paraqitur i nj\u00ebjti problem sikurse n\u00eb kufirin Kroaci-Serbi. Pritjet e bashkatdhetar\u00ebve, p\u00ebr ta kaluar kufirin, zgjasin\" \/>\n<meta property=\"og:url\" content=\"https:\/\/www.visit-ulcinj.com\/blog\/2013\/12\/23\/ne-kufirin-kroaci-mali-zi-shtate-ore-pritje\/\" \/>\n<meta property=\"og:site_name\" content=\"Lajme nga Ulqini\" \/>\n<meta property=\"article:published_time\" content=\"2013-12-23T07:59:07+00:00\" \/>\n<meta property=\"og:image\" content=\"http:\/\/www.visit-ulcinj.com\/blog\/wp-content\/uploads\/2013\/12\/debeli_brijeg_Mali-i-Zi.jpg\" \/>\n<meta name=\"twitter:label1\" content=\"Written by\" \/>\n\t<meta name=\"twitter:data1\" content=\"ulqini\" \/>\n\t<meta name=\"twitter:label2\" content=\"Est. reading time\" \/>\n\t<meta name=\"twitter:data2\" content=\"1 minute\" \/>\n<script type=\"application\/ld+json\" class=\"yoast-schema-graph\">{\"@context\":\"https:\/\/schema.org\",\"@graph\":[{\"@type\":\"WebSite\",\"@id\":\"https:\/\/www.visit-ulcinj.com\/blog\/#website\",\"url\":\"https:\/\/www.visit-ulcinj.com\/blog\/\",\"name\":\"Lajme nga Ulqini\",\"description\":\"Lajme,Vijesti,Ulqini,Ulqin,Crna Gora,Mali i Zi\",\"potentialAction\":[{\"@type\":\"SearchAction\",\"target\":{\"@type\":\"EntryPoint\",\"urlTemplate\":\"https:\/\/www.visit-ulcinj.com\/blog\/?s={search_term_string}\"},\"query-input\":\"required name=search_term_string\"}],\"inLanguage\":\"en-US\"},{\"@type\":\"ImageObject\",\"inLanguage\":\"en-US\",\"@id\":\"https:\/\/www.visit-ulcinj.com\/blog\/2013\/12\/23\/ne-kufirin-kroaci-mali-zi-shtate-ore-pritje\/#primaryimage\",\"url\":\"https:\/\/www.visit-ulcinj.com\/blog\/wp-content\/uploads\/2013\/12\/debeli_brijeg_Mali-i-Zi.jpg\",\"contentUrl\":\"https:\/\/www.visit-ulcinj.com\/blog\/wp-content\/uploads\/2013\/12\/debeli_brijeg_Mali-i-Zi.jpg\",\"width\":519,\"height\":389},{\"@type\":\"WebPage\",\"@id\":\"https:\/\/www.visit-ulcinj.com\/blog\/2013\/12\/23\/ne-kufirin-kroaci-mali-zi-shtate-ore-pritje\/#webpage\",\"url\":\"https:\/\/www.visit-ulcinj.com\/blog\/2013\/12\/23\/ne-kufirin-kroaci-mali-zi-shtate-ore-pritje\/\",\"name\":\"N\u00eb kufirin Kroaci-Mali i Zi, shtat\u00eb or\u00eb pritje - Lajme nga Ulqini\",\"isPartOf\":{\"@id\":\"https:\/\/www.visit-ulcinj.com\/blog\/#website\"},\"primaryImageOfPage\":{\"@id\":\"https:\/\/www.visit-ulcinj.com\/blog\/2013\/12\/23\/ne-kufirin-kroaci-mali-zi-shtate-ore-pritje\/#primaryimage\"},\"datePublished\":\"2013-12-23T07:59:07+00:00\",\"dateModified\":\"2013-12-23T07:59:07+00:00\",\"author\":{\"@id\":\"https:\/\/www.visit-ulcinj.com\/blog\/#\/schema\/person\/dcab619c614d3038751c63bc2aadc06d\"},\"description\":\"N\u00eb kufirin Kroaci-Mali i Zi \u00ebsht\u00eb paraqitur i nj\u00ebjti problem sikurse n\u00eb kufirin Kroaci-Serbi. Pritjet e bashkatdhetar\u00ebve, p\u00ebr ta kaluar kufirin, zgjasin\",\"breadcrumb\":{\"@id\":\"https:\/\/www.visit-ulcinj.com\/blog\/2013\/12\/23\/ne-kufirin-kroaci-mali-zi-shtate-ore-pritje\/#breadcrumb\"},\"inLanguage\":\"en-US\",\"potentialAction\":[{\"@type\":\"ReadAction\",\"target\":[\"https:\/\/www.visit-ulcinj.com\/blog\/2013\/12\/23\/ne-kufirin-kroaci-mali-zi-shtate-ore-pritje\/\"]}]},{\"@type\":\"BreadcrumbList\",\"@id\":\"https:\/\/www.visit-ulcinj.com\/blog\/2013\/12\/23\/ne-kufirin-kroaci-mali-zi-shtate-ore-pritje\/#breadcrumb\",\"itemListElement\":[{\"@type\":\"ListItem\",\"position\":1,\"name\":\"N\u00eb kufirin Kroaci-Mali i Zi, shtat\u00eb or\u00eb pritje\"}]},{\"@type\":\"Person\",\"@id\":\"https:\/\/www.visit-ulcinj.com\/blog\/#\/schema\/person\/dcab619c614d3038751c63bc2aadc06d\",\"name\":\"ulqini\",\"sameAs\":[\"http:\/\/www.visit-ulcinj.com\"],\"url\":\"https:\/\/www.visit-ulcinj.com\/blog\/author\/admin\/\"}]}<\/script>\n<!-- \/ Yoast SEO plugin. -->","yoast_head_json":{"title":"N\u00eb kufirin Kroaci-Mali i Zi, shtat\u00eb or\u00eb pritje - Lajme nga Ulqini","description":"N\u00eb kufirin Kroaci-Mali i Zi \u00ebsht\u00eb paraqitur i nj\u00ebjti problem sikurse n\u00eb kufirin Kroaci-Serbi. Pritjet e bashkatdhetar\u00ebve, p\u00ebr ta kaluar kufirin, zgjasin","robots":{"index":"index","follow":"follow","max-snippet":"max-snippet:-1","max-image-preview":"max-image-preview:large","max-video-preview":"max-video-preview:-1"},"canonical":"https:\/\/www.visit-ulcinj.com\/blog\/2013\/12\/23\/ne-kufirin-kroaci-mali-zi-shtate-ore-pritje\/","og_locale":"en_US","og_type":"article","og_title":"N\u00eb kufirin Kroaci-Mali i Zi, shtat\u00eb or\u00eb pritje - Lajme nga Ulqini","og_description":"N\u00eb kufirin Kroaci-Mali i Zi \u00ebsht\u00eb paraqitur i nj\u00ebjti problem sikurse n\u00eb kufirin Kroaci-Serbi. Pritjet e bashkatdhetar\u00ebve, p\u00ebr ta kaluar kufirin, zgjasin","og_url":"https:\/\/www.visit-ulcinj.com\/blog\/2013\/12\/23\/ne-kufirin-kroaci-mali-zi-shtate-ore-pritje\/","og_site_name":"Lajme nga Ulqini","article_published_time":"2013-12-23T07:59:07+00:00","og_image":[{"url":"http:\/\/www.visit-ulcinj.com\/blog\/wp-content\/uploads\/2013\/12\/debeli_brijeg_Mali-i-Zi.jpg"}],"twitter_misc":{"Written by":"ulqini","Est. reading time":"1 minute"},"schema":{"@context":"https:\/\/schema.org","@graph":[{"@type":"WebSite","@id":"https:\/\/www.visit-ulcinj.com\/blog\/#website","url":"https:\/\/www.visit-ulcinj.com\/blog\/","name":"Lajme nga Ulqini","description":"Lajme,Vijesti,Ulqini,Ulqin,Crna Gora,Mali i Zi","potentialAction":[{"@type":"SearchAction","target":{"@type":"EntryPoint","urlTemplate":"https:\/\/www.visit-ulcinj.com\/blog\/?s={search_term_string}"},"query-input":"required name=search_term_string"}],"inLanguage":"en-US"},{"@type":"ImageObject","inLanguage":"en-US","@id":"https:\/\/www.visit-ulcinj.com\/blog\/2013\/12\/23\/ne-kufirin-kroaci-mali-zi-shtate-ore-pritje\/#primaryimage","url":"https:\/\/www.visit-ulcinj.com\/blog\/wp-content\/uploads\/2013\/12\/debeli_brijeg_Mali-i-Zi.jpg","contentUrl":"https:\/\/www.visit-ulcinj.com\/blog\/wp-content\/uploads\/2013\/12\/debeli_brijeg_Mali-i-Zi.jpg","width":519,"height":389},{"@type":"WebPage","@id":"https:\/\/www.visit-ulcinj.com\/blog\/2013\/12\/23\/ne-kufirin-kroaci-mali-zi-shtate-ore-pritje\/#webpage","url":"https:\/\/www.visit-ulcinj.com\/blog\/2013\/12\/23\/ne-kufirin-kroaci-mali-zi-shtate-ore-pritje\/","name":"N\u00eb kufirin Kroaci-Mali i Zi, shtat\u00eb or\u00eb pritje - Lajme nga Ulqini","isPartOf":{"@id":"https:\/\/www.visit-ulcinj.com\/blog\/#website"},"primaryImageOfPage":{"@id":"https:\/\/www.visit-ulcinj.com\/blog\/2013\/12\/23\/ne-kufirin-kroaci-mali-zi-shtate-ore-pritje\/#primaryimage"},"datePublished":"2013-12-23T07:59:07+00:00","dateModified":"2013-12-23T07:59:07+00:00","author":{"@id":"https:\/\/www.visit-ulcinj.com\/blog\/#\/schema\/person\/dcab619c614d3038751c63bc2aadc06d"},"description":"N\u00eb kufirin Kroaci-Mali i Zi \u00ebsht\u00eb paraqitur i nj\u00ebjti problem sikurse n\u00eb kufirin Kroaci-Serbi. Pritjet e bashkatdhetar\u00ebve, p\u00ebr ta kaluar kufirin, zgjasin","breadcrumb":{"@id":"https:\/\/www.visit-ulcinj.com\/blog\/2013\/12\/23\/ne-kufirin-kroaci-mali-zi-shtate-ore-pritje\/#breadcrumb"},"inLanguage":"en-US","potentialAction":[{"@type":"ReadAction","target":["https:\/\/www.visit-ulcinj.com\/blog\/2013\/12\/23\/ne-kufirin-kroaci-mali-zi-shtate-ore-pritje\/"]}]},{"@type":"BreadcrumbList","@id":"https:\/\/www.visit-ulcinj.com\/blog\/2013\/12\/23\/ne-kufirin-kroaci-mali-zi-shtate-ore-pritje\/#breadcrumb","itemListElement":[{"@type":"ListItem","position":1,"name":"N\u00eb kufirin Kroaci-Mali i Zi, shtat\u00eb or\u00eb pritje"}]},{"@type":"Person","@id":"https:\/\/www.visit-ulcinj.com\/blog\/#\/schema\/person\/dcab619c614d3038751c63bc2aadc06d","name":"ulqini","sameAs":["http:\/\/www.visit-ulcinj.com"],"url":"https:\/\/www.visit-ulcinj.com\/blog\/author\/admin\/"}]}},"jetpack_featured_media_url":"","jetpack_sharing_enabled":true,"jetpack_shortlink":"https:\/\/wp.me\/pe6lTn-k9e","_links":{"self":[{"href":"https:\/\/www.visit-ulcinj.com\/blog\/wp-json\/wp\/v2\/posts\/77452"}],"collection":[{"href":"https:\/\/www.visit-ulcinj.com\/blog\/wp-json\/wp\/v2\/posts"}],"about":[{"href":"https:\/\/www.visit-ulcinj.com\/blog\/wp-json\/wp\/v2\/types\/post"}],"author":[{"embeddable":true,"href":"https:\/\/www.visit-ulcinj.com\/blog\/wp-json\/wp\/v2\/users\/1"}],"replies":[{"embeddable":true,"href":"https:\/\/www.visit-ulcinj.com\/blog\/wp-json\/wp\/v2\/comments?post=77452"}],"version-history":[{"count":1,"href":"https:\/\/www.visit-ulcinj.com\/blog\/wp-json\/wp\/v2\/posts\/77452\/revisions"}],"predecessor-version":[{"id":77454,"href":"https:\/\/www.visit-ulcinj.com\/blog\/wp-json\/wp\/v2\/posts\/77452\/revisions\/77454"}],"wp:attachment":[{"href":"https:\/\/www.visit-ulcinj.com\/blog\/wp-json\/wp\/v2\/media?parent=77452"}],"wp:term":[{"taxonomy":"category","embeddable":true,"href":"https:\/\/www.visit-ulcinj.com\/blog\/wp-json\/wp\/v2\/categories?post=77452"},{"taxonomy":"post_tag","embeddable":true,"href":"https:\/\/www.visit-ulcinj.com\/blog\/wp-json\/wp\/v2\/tags?post=77452"}],"curies":[{"name":"wp","href":"https:\/\/api.w.org\/{rel}","templated":true}]}}