{"id":77458,"date":"2013-12-23T09:52:52","date_gmt":"2013-12-23T08:52:52","guid":{"rendered":"http:\/\/www.visit-ulcinj.com\/blog\/?p=77458"},"modified":"2013-12-23T12:42:49","modified_gmt":"2013-12-23T11:42:49","slug":"komuna-ulqinit-shpallje-publike","status":"publish","type":"post","link":"https:\/\/www.visit-ulcinj.com\/blog\/2013\/12\/23\/komuna-ulqinit-shpallje-publike\/","title":{"rendered":"Komuna Ulqinit &#8211; Shpallje Publike"},"content":{"rendered":"<p><strong><a href=\"http:\/\/www.visit-ulcinj.com\/blog\/wp-content\/uploads\/2013\/12\/Adriatic-Welfare-Mix-Ulcinj-Ulqin-Montenegro.jpg\"><img loading=\"lazy\" class=\"alignleft size-full wp-image-77459\" alt=\"Adriatic Welfare Mix - Ulcinj-Ulqin -Montenegro\" src=\"http:\/\/www.visit-ulcinj.com\/blog\/wp-content\/uploads\/2013\/12\/Adriatic-Welfare-Mix-Ulcinj-Ulqin-Montenegro.jpg\" width=\"508\" height=\"142\" srcset=\"https:\/\/www.visit-ulcinj.com\/blog\/wp-content\/uploads\/2013\/12\/Adriatic-Welfare-Mix-Ulcinj-Ulqin-Montenegro.jpg 508w, https:\/\/www.visit-ulcinj.com\/blog\/wp-content\/uploads\/2013\/12\/Adriatic-Welfare-Mix-Ulcinj-Ulqin-Montenegro-300x83.jpg 300w\" sizes=\"(max-width: 508px) 100vw, 508px\" \/><\/a><a href=\"http:\/\/www.visit-ulcinj.com\/blog\/wp-content\/uploads\/2012\/08\/komuna-ulqinit.png\"><img loading=\"lazy\" class=\"alignleft size-full wp-image-62982\" alt=\"komuna ulqinit\" src=\"http:\/\/www.visit-ulcinj.com\/blog\/wp-content\/uploads\/2012\/08\/komuna-ulqinit.png\" width=\"132\" height=\"157\" \/><\/a>Bashk\u00ebpun\u00ebtor i jasht\u00ebm (ekspert) p\u00ebr projektin Adriatic Welfare Mix<\/strong><\/p>\n<p>&nbsp;<\/p>\n<p>CRNA GORA<br \/>\nMALI I ZI<br \/>\nOP\u0160TINA ULCINJ<br \/>\nKOMUNA E ULQINIT<\/p>\n<p>Sekretarijat za privredu i ekonomski razvoj<br \/>\nSekretariati p\u00ebr ekonomi dhe zhvillim ekonomik<br \/>\nUlcinj\/Ulqin,19.12.2013 godine<\/p>\n<p>&nbsp;<\/p>\n<p style=\"text-align: center;\"><strong>SHPALLJE PUBLIKE<\/strong><\/p>\n<p>(Bashk\u00ebpun\u00ebtor i jasht\u00ebm p\u00ebr projektin Adriatic Welfare Mix)<br \/>\nKomuna e Ulqinit si shfryt\u00ebzuese e projektit &#8221;Developing and Integrating the Welfare System toward a Welfare Mix System Locally Managed in the Adriatic Area \u2013 ADRIATIC WELFARE MIX (2\u00b0ord.\/0225\/0)&#8221;, t\u00eb cilin e financon Unioni Europian p\u00ebrmes IPA Adriatic fondit, fton kandidat\u00ebt e interesuar q\u00eb t\u00eb aplikojn\u00eb p\u00ebr k\u00ebt\u00eb pozit\u00eb pune:<br \/>\n&#8211; Bashk\u00ebpun\u00ebtor i jasht\u00ebm (ekspert) p\u00ebr projektin Adriatic Welfare Mix 1 person<br \/>\nKoh\u00ebzgjatja e angazhimit: 12 muaj me koh\u00eb t\u00eb pjesshme<br \/>\nSistemi social \u00ebsht\u00eb nj\u00eb prej dallimeve themelore n\u00eb mes vendeve t\u00eb Bashkimit Europian dhe atyre n\u00eb zon\u00ebn e Adriatikut q\u00eb nuk jan\u00eb. Modeli i plitikave t\u00eb kombinuara sociale dhe programeve (i ashtuquajturi model Welfare Mix) \u00ebsht\u00eb modeli themelor i vendeve t\u00eb BE. P\u00ebr ndryshim nga modeli i sistemit shtet\u00ebror social (ashtuquajturi Welfare State) i cili \u00ebsht\u00eb karakteristik\u00eb e vendeve jasht\u00eb BE. Parimet kryesore t\u00eb sistemit Welfare Mix \u00ebsht\u00eb kalimi I roleve dhe funksioneve n\u00eb institucionet m\u00eb t\u00eb ul\u00ebta, njohja e vlerave dhe roleve t\u00eb familjes drejt ofruesit t\u00eb ndihm\u00ebs. Krijimi i mekanizmave rregullues i promovimit t\u00eb konkurrueshm\u00ebris\u00eb dhe t\u00eb ashtuquajturit 3D \u2013 deinstitucionalizimit.<\/p>\n<p><strong>Diversifikimi dhe decentralizimi<\/strong><\/p>\n<p>Adriatic Welfare Mix \u00ebsht\u00eb e orientuar n\u00eb ndryshimin e kornizave politike, pun\u00ebn n\u00eb decentralizimin e v\u00ebrtet\u00eb t\u00eb ndihm\u00ebs sociale sipas WM modelit, zhvillimin e modeleve innovative t\u00eb sip\u00ebrmarrjes sociale, mb\u00ebshtetjen e programeve cil\u00ebsore t\u00eb tranzicionit t\u00eb t\u00eb rinjve n\u00eb fush\u00ebn e arsimit n\u00eb tregun e pun\u00ebs dhe rritjen e p\u00ebrfshirjes s\u00eb tyre n\u00eb shoq\u00ebri dhe ekonomi.<br \/>\nObjektivat e projektit jan\u00eb q\u00eb t\u00eb krijohet nj\u00eb korniz\u00eb e p\u00ebrshtatshme inovative rregullatore p\u00ebr sistemin lokal t\u00eb ndihm\u00ebs sociale, t\u00eb rritet efikasiteti i sh\u00ebrbimeve sociale p\u00ebrmes partneritetit<br \/>\nprivat \u2013 publik dhe p\u00ebrfshirjen m\u00eb t\u00eb madhe t\u00eb ofruesve privat t\u00eb sh\u00ebrbimeve (fitimprur\u00ebse dhe jo fitimprur\u00ebse), t\u00eb nxiten dhe p\u00ebrkrahen bizneset sociale permes krijimit t\u00eb 2 \u2013 3 nd\u00ebrmarrjeve sociale n\u00eb Tiran\u00eb dhe ofrimi i trajnimit profesional me theks t\u00eb ve\u00e7ant\u00eb tek t\u00eb rinjt\u00eb n\u00eb pozit\u00eb t\u00eb pavolitshme (t\u00eb varf\u00ebrit, t\u00eb rinjt\u00eb q\u00eb jan\u00eb p\u00ebrjashtuar nga sistemi, viktimave t\u00eb trafikut me njer\u00ebz, t\u00eb rinjt\u00eb me dosje krimi dhe delikuent\u00ebt, etj.) dhe t\u00eb krijohet opservatori shoq\u00ebror\/social i Adriatikut i cili do t\u00eb veproj\u00eb s\u00eb bashku me trupat shtet\u00ebror p\u00ebr avancimin e analiz\u00ebs dhe nd\u00ebrtimin e politikave sociale.<\/p>\n<p><strong>Rezultatet e pritura:<\/strong><br \/>\n\u2022 bashk\u00ebpunimi i p\u00ebrmir\u00ebsuar i territoreve t\u00eb Adriatikut n\u00eb zhvillimin e q\u00ebndruesh\u00ebm t\u00eb regjionit;<br \/>\n\u2022 p\u00ebrfshirja e t\u00eb gjith\u00eb pal\u00ebve t\u00eb r\u00ebnd\u00ebsishme;<br \/>\n\u2022 avancimi i politikave t\u00eb sistemit t\u00eb ndihm\u00ebs sociale;<br \/>\n\u2022 realizimi i modelit t\u00eb agjencis\u00eb p\u00ebr ofrimin e ndihm\u00ebs sociale;<br \/>\n\u2022 nd\u00ebrtimi i kapaciteteve t\u00eb administrative lokale;<br \/>\n\u2022 nd\u00ebrtimi i modelit t\u00eb nd\u00ebrmarrjes sociale me t\u00eb cil\u00ebn do ta menaxhojn\u00eb t\u00eb rinjt\u00eb n\u00eb pozita t\u00eb pavolitshme;<br \/>\n\u2022 nd\u00ebrtimi i kapaciteteve t\u00eb sektorit privat ndaj cultures dhe praktik\u00ebs participuese;<br \/>\n\u2022 nd\u00ebrtimi i modeleve specifike t\u00eb zgjidhjes s\u00eb \u00e7\u00ebshtjeve sociale perms bashk\u00ebpunimit nd\u00ebrsektorial;<br \/>\n<strong><br \/>\nP\u00ebrshkrimi i pun\u00ebve:<br \/>\nAdministrimi i projektit ADRIATIC WELFARE MIX<\/strong><\/p>\n<p>a) Implementimi i aktiviteteve projektuese n\u00eb pajtim me rolin e Komun\u00ebs s\u00eb Ulqinit q\u00eb \u00ebsht\u00eb definuar n\u00eb aplikimin projektues (Application Form);<br \/>\nb) Zbatimi i procedurave t\u00eb tenderimit n\u00eb p\u00ebrputhje me PRAG-u;<br \/>\nc) P\u00ebrgatitja e raporteve narrative dhe financiare dhe komunikimi me Zyr\u00ebn e nivelit t\u00eb par\u00eb t\u00eb kontrollit;<br \/>\nd) Pjes\u00ebmarrja n\u00eb mbledhjet e K\u00ebshillit drejtues dhe mbledhjet e tjera t\u00eb projektit;<br \/>\ne) Zbatimin e procedurave t\u00eb tjera t\u00eb cilat i n\u00ebnkupton implementimi i EU;<br \/>\n<strong><br \/>\nKandidati \u00ebsht\u00eb i obliguar t\u00eb plot\u00ebsoj\u00eb kushtet n\u00eb vijim:<\/strong><br \/>\n&#8211; P\u00ebrgatitja e lart\u00eb profesionale ose s\u00eb paku 3 vjet p\u00ebrvoj\u00eb pune n\u00eb fush\u00ebn e problematik\u00ebs sociale (ve\u00e7mas n\u00eb pjes\u00ebn e pun\u00ebsimit);<br \/>\n&#8211; S\u00eb paku 2 vjet p\u00ebrvoj\u00eb n\u00eb administrimin e projekteve t\u00eb BE (ve\u00e7mas prejektet e IPA Adriatic fondit);<br \/>\n&#8211; T\u00eb njihet mir\u00eb puna n\u00eb kompjuter (themelore MS Office, e-mail dhe interneti);<br \/>\n&#8211; Njohje aktive e gjuh\u00ebs angleze (e shkruar e avancuar dhe niveli bisedor);<br \/>\n&#8211; Njohja e gjuh\u00ebs shqipe dhe italiane \u00ebsht\u00eb p\u00ebrpar\u00ebsi.<\/p>\n<p><strong>Me aplikimin n\u00eb konkurs kandidati duhet t\u00eb paraqes\u00eb:<\/strong><br \/>\n&#8211; CV dhe letr\u00ebn p\u00ebrcjell\u00ebse;<br \/>\n&#8211; Fotokopjen e v\u00ebrtetuar t\u00eb diplom\u00ebs ose fotokopjen e v\u00ebrtetuar t\u00eb librez\u00ebs s\u00eb pun\u00ebs;<br \/>\n&#8211; Dokumentet e tjer\u00eb q\u00eb d\u00ebshmojn\u00eb plot\u00ebsimin e kushteve.<\/p>\n<p>Afati i fundit p\u00ebr dor\u00ebzimin e aplikimeve \u00ebsht\u00eb e h\u00ebn\u00eb, 30 dhjetor 2013. Aplikimet mund t\u00eb dor\u00ebzohen n\u00eb form\u00eb elektronike, personalisht ose me post\u00eb n\u00eb adres\u00ebn:<\/p>\n<p><strong>Komuna e Ulqinit<\/strong><br \/>\nSekretariati p\u00ebr ekonomi dhe zhvillim ekonomik<br \/>\nZyra p\u00ebr bashk\u00ebpunim nd\u00ebrkomb\u00ebtar dhe projekte<br \/>\nBul. Gjergj Kastrioti Skenderbeu pn<br \/>\n85360 Ulqin, Mali i Zi<br \/>\nose:<br \/>\nE-mail: <strong><a href=\"mailto: arsllan.hajdinaga@ul-gov.me\" target=\"_blank\">arsllan.hajdinaga@ul-gov.me<\/a><\/strong><br \/>\nVet\u00ebm kandidat\u00ebt t\u00eb cil\u00ebt e kalojn\u00eb rrethin e par\u00eb t\u00eb vler\u00ebsimit, do t\u00eb ftohen n\u00eb intervist\u00eb!<\/p>\n","protected":false},"excerpt":{"rendered":"<p>Bashk\u00ebpun\u00ebtor i jasht\u00ebm (ekspert) p\u00ebr projektin Adriatic Welfare Mix &nbsp; CRNA GORA MALI I ZI OP\u0160TINA ULCINJ KOMUNA E ULQINIT Sekretarijat za privredu i ekonomski razvoj Sekretariati p\u00ebr ekonomi dhe zhvillim ekonomik Ulcinj\/Ulqin,19.12.2013 godine &nbsp; SHPALLJE PUBLIKE (Bashk\u00ebpun\u00ebtor i jasht\u00ebm p\u00ebr projektin Adriatic Welfare Mix) Komuna e Ulqinit si shfryt\u00ebzuese e projektit &#8221;Developing and Integrating [&hellip;]<\/p>\n","protected":false},"author":1,"featured_media":0,"comment_status":"closed","ping_status":"closed","sticky":false,"template":"","format":"standard","meta":{"spay_email":"","jetpack_publicize_message":"","jetpack_is_tweetstorm":false,"jetpack_publicize_feature_enabled":true},"categories":[1,6950],"tags":[],"jetpack_publicize_connections":[],"yoast_head":"<!-- This site is optimized with the Yoast SEO plugin v19.1 - https:\/\/yoast.com\/wordpress\/plugins\/seo\/ -->\n<title>Komuna Ulqinit - Shpallje Publike - Lajme nga Ulqini<\/title>\n<meta name=\"description\" content=\"Bashk\u00ebpun\u00ebtor i jasht\u00ebm (ekspert) p\u00ebr projektin Adriatic Welfare Mix &nbsp; CRNA GORA MALI I ZI OP\u0160TINA ULCINJ KOMUNA E ULQINIT Sekretarijat za privredu i\" \/>\n<meta name=\"robots\" content=\"index, follow, max-snippet:-1, max-image-preview:large, max-video-preview:-1\" \/>\n<link rel=\"canonical\" href=\"https:\/\/www.visit-ulcinj.com\/blog\/2013\/12\/23\/komuna-ulqinit-shpallje-publike\/\" \/>\n<meta property=\"og:locale\" content=\"en_US\" \/>\n<meta property=\"og:type\" content=\"article\" \/>\n<meta property=\"og:title\" content=\"Komuna Ulqinit - Shpallje Publike - Lajme nga Ulqini\" \/>\n<meta property=\"og:description\" content=\"Bashk\u00ebpun\u00ebtor i jasht\u00ebm (ekspert) p\u00ebr projektin Adriatic Welfare Mix &nbsp; CRNA GORA MALI I ZI OP\u0160TINA ULCINJ KOMUNA E ULQINIT Sekretarijat za privredu i\" \/>\n<meta property=\"og:url\" content=\"https:\/\/www.visit-ulcinj.com\/blog\/2013\/12\/23\/komuna-ulqinit-shpallje-publike\/\" \/>\n<meta property=\"og:site_name\" content=\"Lajme nga Ulqini\" \/>\n<meta property=\"article:published_time\" content=\"2013-12-23T08:52:52+00:00\" \/>\n<meta property=\"article:modified_time\" content=\"2013-12-23T11:42:49+00:00\" \/>\n<meta property=\"og:image\" content=\"http:\/\/www.visit-ulcinj.com\/blog\/wp-content\/uploads\/2013\/12\/Adriatic-Welfare-Mix-Ulcinj-Ulqin-Montenegro.jpg\" \/>\n<meta name=\"twitter:label1\" content=\"Written by\" \/>\n\t<meta name=\"twitter:data1\" content=\"ulqini\" \/>\n\t<meta name=\"twitter:label2\" content=\"Est. reading time\" \/>\n\t<meta name=\"twitter:data2\" content=\"4 minutes\" \/>\n<script type=\"application\/ld+json\" class=\"yoast-schema-graph\">{\"@context\":\"https:\/\/schema.org\",\"@graph\":[{\"@type\":\"WebSite\",\"@id\":\"https:\/\/www.visit-ulcinj.com\/blog\/#website\",\"url\":\"https:\/\/www.visit-ulcinj.com\/blog\/\",\"name\":\"Lajme nga Ulqini\",\"description\":\"Lajme,Vijesti,Ulqini,Ulqin,Crna Gora,Mali i Zi\",\"potentialAction\":[{\"@type\":\"SearchAction\",\"target\":{\"@type\":\"EntryPoint\",\"urlTemplate\":\"https:\/\/www.visit-ulcinj.com\/blog\/?s={search_term_string}\"},\"query-input\":\"required name=search_term_string\"}],\"inLanguage\":\"en-US\"},{\"@type\":\"ImageObject\",\"inLanguage\":\"en-US\",\"@id\":\"https:\/\/www.visit-ulcinj.com\/blog\/2013\/12\/23\/komuna-ulqinit-shpallje-publike\/#primaryimage\",\"url\":\"https:\/\/www.visit-ulcinj.com\/blog\/wp-content\/uploads\/2013\/12\/Adriatic-Welfare-Mix-Ulcinj-Ulqin-Montenegro.jpg\",\"contentUrl\":\"https:\/\/www.visit-ulcinj.com\/blog\/wp-content\/uploads\/2013\/12\/Adriatic-Welfare-Mix-Ulcinj-Ulqin-Montenegro.jpg\",\"width\":508,\"height\":142},{\"@type\":\"WebPage\",\"@id\":\"https:\/\/www.visit-ulcinj.com\/blog\/2013\/12\/23\/komuna-ulqinit-shpallje-publike\/#webpage\",\"url\":\"https:\/\/www.visit-ulcinj.com\/blog\/2013\/12\/23\/komuna-ulqinit-shpallje-publike\/\",\"name\":\"Komuna Ulqinit - Shpallje Publike - Lajme nga Ulqini\",\"isPartOf\":{\"@id\":\"https:\/\/www.visit-ulcinj.com\/blog\/#website\"},\"primaryImageOfPage\":{\"@id\":\"https:\/\/www.visit-ulcinj.com\/blog\/2013\/12\/23\/komuna-ulqinit-shpallje-publike\/#primaryimage\"},\"datePublished\":\"2013-12-23T08:52:52+00:00\",\"dateModified\":\"2013-12-23T11:42:49+00:00\",\"author\":{\"@id\":\"https:\/\/www.visit-ulcinj.com\/blog\/#\/schema\/person\/dcab619c614d3038751c63bc2aadc06d\"},\"description\":\"Bashk\u00ebpun\u00ebtor i jasht\u00ebm (ekspert) p\u00ebr projektin Adriatic Welfare Mix &nbsp; CRNA GORA MALI I ZI OP\u0160TINA ULCINJ KOMUNA E ULQINIT Sekretarijat za privredu i\",\"breadcrumb\":{\"@id\":\"https:\/\/www.visit-ulcinj.com\/blog\/2013\/12\/23\/komuna-ulqinit-shpallje-publike\/#breadcrumb\"},\"inLanguage\":\"en-US\",\"potentialAction\":[{\"@type\":\"ReadAction\",\"target\":[\"https:\/\/www.visit-ulcinj.com\/blog\/2013\/12\/23\/komuna-ulqinit-shpallje-publike\/\"]}]},{\"@type\":\"BreadcrumbList\",\"@id\":\"https:\/\/www.visit-ulcinj.com\/blog\/2013\/12\/23\/komuna-ulqinit-shpallje-publike\/#breadcrumb\",\"itemListElement\":[{\"@type\":\"ListItem\",\"position\":1,\"name\":\"Komuna Ulqinit &#8211; Shpallje Publike\"}]},{\"@type\":\"Person\",\"@id\":\"https:\/\/www.visit-ulcinj.com\/blog\/#\/schema\/person\/dcab619c614d3038751c63bc2aadc06d\",\"name\":\"ulqini\",\"sameAs\":[\"http:\/\/www.visit-ulcinj.com\"],\"url\":\"https:\/\/www.visit-ulcinj.com\/blog\/author\/admin\/\"}]}<\/script>\n<!-- \/ Yoast SEO plugin. -->","yoast_head_json":{"title":"Komuna Ulqinit - Shpallje Publike - Lajme nga Ulqini","description":"Bashk\u00ebpun\u00ebtor i jasht\u00ebm (ekspert) p\u00ebr projektin Adriatic Welfare Mix &nbsp; CRNA GORA MALI I ZI OP\u0160TINA ULCINJ KOMUNA E ULQINIT Sekretarijat za privredu i","robots":{"index":"index","follow":"follow","max-snippet":"max-snippet:-1","max-image-preview":"max-image-preview:large","max-video-preview":"max-video-preview:-1"},"canonical":"https:\/\/www.visit-ulcinj.com\/blog\/2013\/12\/23\/komuna-ulqinit-shpallje-publike\/","og_locale":"en_US","og_type":"article","og_title":"Komuna Ulqinit - Shpallje Publike - Lajme nga Ulqini","og_description":"Bashk\u00ebpun\u00ebtor i jasht\u00ebm (ekspert) p\u00ebr projektin Adriatic Welfare Mix &nbsp; CRNA GORA MALI I ZI OP\u0160TINA ULCINJ KOMUNA E ULQINIT Sekretarijat za privredu i","og_url":"https:\/\/www.visit-ulcinj.com\/blog\/2013\/12\/23\/komuna-ulqinit-shpallje-publike\/","og_site_name":"Lajme nga Ulqini","article_published_time":"2013-12-23T08:52:52+00:00","article_modified_time":"2013-12-23T11:42:49+00:00","og_image":[{"url":"http:\/\/www.visit-ulcinj.com\/blog\/wp-content\/uploads\/2013\/12\/Adriatic-Welfare-Mix-Ulcinj-Ulqin-Montenegro.jpg"}],"twitter_misc":{"Written by":"ulqini","Est. reading time":"4 minutes"},"schema":{"@context":"https:\/\/schema.org","@graph":[{"@type":"WebSite","@id":"https:\/\/www.visit-ulcinj.com\/blog\/#website","url":"https:\/\/www.visit-ulcinj.com\/blog\/","name":"Lajme nga Ulqini","description":"Lajme,Vijesti,Ulqini,Ulqin,Crna Gora,Mali i Zi","potentialAction":[{"@type":"SearchAction","target":{"@type":"EntryPoint","urlTemplate":"https:\/\/www.visit-ulcinj.com\/blog\/?s={search_term_string}"},"query-input":"required name=search_term_string"}],"inLanguage":"en-US"},{"@type":"ImageObject","inLanguage":"en-US","@id":"https:\/\/www.visit-ulcinj.com\/blog\/2013\/12\/23\/komuna-ulqinit-shpallje-publike\/#primaryimage","url":"https:\/\/www.visit-ulcinj.com\/blog\/wp-content\/uploads\/2013\/12\/Adriatic-Welfare-Mix-Ulcinj-Ulqin-Montenegro.jpg","contentUrl":"https:\/\/www.visit-ulcinj.com\/blog\/wp-content\/uploads\/2013\/12\/Adriatic-Welfare-Mix-Ulcinj-Ulqin-Montenegro.jpg","width":508,"height":142},{"@type":"WebPage","@id":"https:\/\/www.visit-ulcinj.com\/blog\/2013\/12\/23\/komuna-ulqinit-shpallje-publike\/#webpage","url":"https:\/\/www.visit-ulcinj.com\/blog\/2013\/12\/23\/komuna-ulqinit-shpallje-publike\/","name":"Komuna Ulqinit - Shpallje Publike - Lajme nga Ulqini","isPartOf":{"@id":"https:\/\/www.visit-ulcinj.com\/blog\/#website"},"primaryImageOfPage":{"@id":"https:\/\/www.visit-ulcinj.com\/blog\/2013\/12\/23\/komuna-ulqinit-shpallje-publike\/#primaryimage"},"datePublished":"2013-12-23T08:52:52+00:00","dateModified":"2013-12-23T11:42:49+00:00","author":{"@id":"https:\/\/www.visit-ulcinj.com\/blog\/#\/schema\/person\/dcab619c614d3038751c63bc2aadc06d"},"description":"Bashk\u00ebpun\u00ebtor i jasht\u00ebm (ekspert) p\u00ebr projektin Adriatic Welfare Mix &nbsp; CRNA GORA MALI I ZI OP\u0160TINA ULCINJ KOMUNA E ULQINIT Sekretarijat za privredu i","breadcrumb":{"@id":"https:\/\/www.visit-ulcinj.com\/blog\/2013\/12\/23\/komuna-ulqinit-shpallje-publike\/#breadcrumb"},"inLanguage":"en-US","potentialAction":[{"@type":"ReadAction","target":["https:\/\/www.visit-ulcinj.com\/blog\/2013\/12\/23\/komuna-ulqinit-shpallje-publike\/"]}]},{"@type":"BreadcrumbList","@id":"https:\/\/www.visit-ulcinj.com\/blog\/2013\/12\/23\/komuna-ulqinit-shpallje-publike\/#breadcrumb","itemListElement":[{"@type":"ListItem","position":1,"name":"Komuna Ulqinit &#8211; Shpallje Publike"}]},{"@type":"Person","@id":"https:\/\/www.visit-ulcinj.com\/blog\/#\/schema\/person\/dcab619c614d3038751c63bc2aadc06d","name":"ulqini","sameAs":["http:\/\/www.visit-ulcinj.com"],"url":"https:\/\/www.visit-ulcinj.com\/blog\/author\/admin\/"}]}},"jetpack_featured_media_url":"","jetpack_sharing_enabled":true,"jetpack_shortlink":"https:\/\/wp.me\/pe6lTn-k9k","_links":{"self":[{"href":"https:\/\/www.visit-ulcinj.com\/blog\/wp-json\/wp\/v2\/posts\/77458"}],"collection":[{"href":"https:\/\/www.visit-ulcinj.com\/blog\/wp-json\/wp\/v2\/posts"}],"about":[{"href":"https:\/\/www.visit-ulcinj.com\/blog\/wp-json\/wp\/v2\/types\/post"}],"author":[{"embeddable":true,"href":"https:\/\/www.visit-ulcinj.com\/blog\/wp-json\/wp\/v2\/users\/1"}],"replies":[{"embeddable":true,"href":"https:\/\/www.visit-ulcinj.com\/blog\/wp-json\/wp\/v2\/comments?post=77458"}],"version-history":[{"count":4,"href":"https:\/\/www.visit-ulcinj.com\/blog\/wp-json\/wp\/v2\/posts\/77458\/revisions"}],"predecessor-version":[{"id":77464,"href":"https:\/\/www.visit-ulcinj.com\/blog\/wp-json\/wp\/v2\/posts\/77458\/revisions\/77464"}],"wp:attachment":[{"href":"https:\/\/www.visit-ulcinj.com\/blog\/wp-json\/wp\/v2\/media?parent=77458"}],"wp:term":[{"taxonomy":"category","embeddable":true,"href":"https:\/\/www.visit-ulcinj.com\/blog\/wp-json\/wp\/v2\/categories?post=77458"},{"taxonomy":"post_tag","embeddable":true,"href":"https:\/\/www.visit-ulcinj.com\/blog\/wp-json\/wp\/v2\/tags?post=77458"}],"curies":[{"name":"wp","href":"https:\/\/api.w.org\/{rel}","templated":true}]}}