{"id":77465,"date":"2013-12-23T10:27:11","date_gmt":"2013-12-23T09:27:11","guid":{"rendered":"http:\/\/www.visit-ulcinj.com\/blog\/?p=77465"},"modified":"2013-12-23T10:27:11","modified_gmt":"2013-12-23T09:27:11","slug":"perurimi-numrit-jubilar-te-revistes-buzuku-40","status":"publish","type":"post","link":"https:\/\/www.visit-ulcinj.com\/blog\/2013\/12\/23\/perurimi-numrit-jubilar-te-revistes-buzuku-40\/","title":{"rendered":"P\u00ebrurimi i numrit jubilar t\u00eb revist\u00ebs BUZUKU 40"},"content":{"rendered":"<p><strong>T\u00eb shtun\u00ebn, me 28 dhjetor 2013, n\u00eb or\u00ebn 18:00 n\u00eb Ulqin<\/strong><\/p>\n<p><a href=\"http:\/\/www.visit-ulcinj.com\/blog\/wp-content\/uploads\/2013\/12\/P\u00ebrurimi-i-numrit-jubilar-t\u00eb-revist\u00ebs-BUZUKU-40-Ulqin.jpg\"><img loading=\"lazy\" class=\"alignleft  wp-image-77466\" alt=\"P\u00ebrurimi i numrit jubilar t\u00eb revist\u00ebs BUZUKU 40 -Ulqin\" src=\"http:\/\/www.visit-ulcinj.com\/blog\/wp-content\/uploads\/2013\/12\/P\u00ebrurimi-i-numrit-jubilar-t\u00eb-revist\u00ebs-BUZUKU-40-Ulqin.jpg\" width=\"508\" height=\"600\" \/><\/a><\/p>\n<p>P\u00ebrurimi do t\u00eb mbahet n\u00eb nd\u00ebrtesen e Sht\u00ebpis\u00eb s\u00eb Kultur\u00ebs, salla e Shkoll\u00ebs s\u00eb Muzik\u00ebs, ku do t\u00eb organizohet p\u00ebrurimi i numrit jubilar t\u00eb revist\u00ebs BUZUKU 40.<\/p>\n<p>Ju ftojm\u00eb q\u00eb t\u00eb merrni pjes\u00eb<\/p>\n<p>Ju mirpresim<\/p>\n","protected":false},"excerpt":{"rendered":"<p>T\u00eb shtun\u00ebn, me 28 dhjetor 2013, n\u00eb or\u00ebn 18:00 n\u00eb Ulqin P\u00ebrurimi do t\u00eb mbahet n\u00eb nd\u00ebrtesen e Sht\u00ebpis\u00eb s\u00eb Kultur\u00ebs, salla e Shkoll\u00ebs s\u00eb Muzik\u00ebs, ku do t\u00eb organizohet p\u00ebrurimi i numrit jubilar t\u00eb revist\u00ebs BUZUKU 40. Ju ftojm\u00eb q\u00eb t\u00eb merrni pjes\u00eb Ju mirpresim<\/p>\n","protected":false},"author":1,"featured_media":0,"comment_status":"closed","ping_status":"closed","sticky":false,"template":"","format":"standard","meta":{"spay_email":"","jetpack_publicize_message":"","jetpack_is_tweetstorm":false,"jetpack_publicize_feature_enabled":true},"categories":[6950],"tags":[],"jetpack_publicize_connections":[],"yoast_head":"<!-- This site is optimized with the Yoast SEO plugin v19.1 - https:\/\/yoast.com\/wordpress\/plugins\/seo\/ -->\n<title>P\u00ebrurimi i numrit jubilar t\u00eb revist\u00ebs BUZUKU 40 - Lajme nga Ulqini<\/title>\n<meta name=\"description\" content=\"T\u00eb shtun\u00ebn, me 28 dhjetor 2013, n\u00eb or\u00ebn 18:00 n\u00eb Ulqin P\u00ebrurimi do t\u00eb mbahet n\u00eb nd\u00ebrtesen e Sht\u00ebpis\u00eb s\u00eb Kultur\u00ebs, salla e Shkoll\u00ebs s\u00eb Muzik\u00ebs, ku do t\u00eb\" \/>\n<meta name=\"robots\" content=\"index, follow, max-snippet:-1, max-image-preview:large, max-video-preview:-1\" \/>\n<link rel=\"canonical\" href=\"https:\/\/www.visit-ulcinj.com\/blog\/2013\/12\/23\/perurimi-numrit-jubilar-te-revistes-buzuku-40\/\" \/>\n<meta property=\"og:locale\" content=\"en_US\" \/>\n<meta property=\"og:type\" content=\"article\" \/>\n<meta property=\"og:title\" content=\"P\u00ebrurimi i numrit jubilar t\u00eb revist\u00ebs BUZUKU 40 - Lajme nga Ulqini\" \/>\n<meta property=\"og:description\" content=\"T\u00eb shtun\u00ebn, me 28 dhjetor 2013, n\u00eb or\u00ebn 18:00 n\u00eb Ulqin P\u00ebrurimi do t\u00eb mbahet n\u00eb nd\u00ebrtesen e Sht\u00ebpis\u00eb s\u00eb Kultur\u00ebs, salla e Shkoll\u00ebs s\u00eb Muzik\u00ebs, ku do t\u00eb\" \/>\n<meta property=\"og:url\" content=\"https:\/\/www.visit-ulcinj.com\/blog\/2013\/12\/23\/perurimi-numrit-jubilar-te-revistes-buzuku-40\/\" \/>\n<meta property=\"og:site_name\" content=\"Lajme nga Ulqini\" \/>\n<meta property=\"article:published_time\" content=\"2013-12-23T09:27:11+00:00\" \/>\n<meta name=\"twitter:label1\" content=\"Written by\" \/>\n\t<meta name=\"twitter:data1\" content=\"ulqini\" \/>\n<script type=\"application\/ld+json\" class=\"yoast-schema-graph\">{\"@context\":\"https:\/\/schema.org\",\"@graph\":[{\"@type\":\"WebSite\",\"@id\":\"https:\/\/www.visit-ulcinj.com\/blog\/#website\",\"url\":\"https:\/\/www.visit-ulcinj.com\/blog\/\",\"name\":\"Lajme nga Ulqini\",\"description\":\"Lajme,Vijesti,Ulqini,Ulqin,Crna Gora,Mali i Zi\",\"potentialAction\":[{\"@type\":\"SearchAction\",\"target\":{\"@type\":\"EntryPoint\",\"urlTemplate\":\"https:\/\/www.visit-ulcinj.com\/blog\/?s={search_term_string}\"},\"query-input\":\"required name=search_term_string\"}],\"inLanguage\":\"en-US\"},{\"@type\":\"WebPage\",\"@id\":\"https:\/\/www.visit-ulcinj.com\/blog\/2013\/12\/23\/perurimi-numrit-jubilar-te-revistes-buzuku-40\/#webpage\",\"url\":\"https:\/\/www.visit-ulcinj.com\/blog\/2013\/12\/23\/perurimi-numrit-jubilar-te-revistes-buzuku-40\/\",\"name\":\"P\u00ebrurimi i numrit jubilar t\u00eb revist\u00ebs BUZUKU 40 - Lajme nga Ulqini\",\"isPartOf\":{\"@id\":\"https:\/\/www.visit-ulcinj.com\/blog\/#website\"},\"datePublished\":\"2013-12-23T09:27:11+00:00\",\"dateModified\":\"2013-12-23T09:27:11+00:00\",\"author\":{\"@id\":\"https:\/\/www.visit-ulcinj.com\/blog\/#\/schema\/person\/dcab619c614d3038751c63bc2aadc06d\"},\"description\":\"T\u00eb shtun\u00ebn, me 28 dhjetor 2013, n\u00eb or\u00ebn 18:00 n\u00eb Ulqin P\u00ebrurimi do t\u00eb mbahet n\u00eb nd\u00ebrtesen e Sht\u00ebpis\u00eb s\u00eb Kultur\u00ebs, salla e Shkoll\u00ebs s\u00eb Muzik\u00ebs, ku do t\u00eb\",\"breadcrumb\":{\"@id\":\"https:\/\/www.visit-ulcinj.com\/blog\/2013\/12\/23\/perurimi-numrit-jubilar-te-revistes-buzuku-40\/#breadcrumb\"},\"inLanguage\":\"en-US\",\"potentialAction\":[{\"@type\":\"ReadAction\",\"target\":[\"https:\/\/www.visit-ulcinj.com\/blog\/2013\/12\/23\/perurimi-numrit-jubilar-te-revistes-buzuku-40\/\"]}]},{\"@type\":\"BreadcrumbList\",\"@id\":\"https:\/\/www.visit-ulcinj.com\/blog\/2013\/12\/23\/perurimi-numrit-jubilar-te-revistes-buzuku-40\/#breadcrumb\",\"itemListElement\":[{\"@type\":\"ListItem\",\"position\":1,\"name\":\"P\u00ebrurimi i numrit jubilar t\u00eb revist\u00ebs BUZUKU 40\"}]},{\"@type\":\"Person\",\"@id\":\"https:\/\/www.visit-ulcinj.com\/blog\/#\/schema\/person\/dcab619c614d3038751c63bc2aadc06d\",\"name\":\"ulqini\",\"sameAs\":[\"http:\/\/www.visit-ulcinj.com\"],\"url\":\"https:\/\/www.visit-ulcinj.com\/blog\/author\/admin\/\"}]}<\/script>\n<!-- \/ Yoast SEO plugin. -->","yoast_head_json":{"title":"P\u00ebrurimi i numrit jubilar t\u00eb revist\u00ebs BUZUKU 40 - Lajme nga Ulqini","description":"T\u00eb shtun\u00ebn, me 28 dhjetor 2013, n\u00eb or\u00ebn 18:00 n\u00eb Ulqin P\u00ebrurimi do t\u00eb mbahet n\u00eb nd\u00ebrtesen e Sht\u00ebpis\u00eb s\u00eb Kultur\u00ebs, salla e Shkoll\u00ebs s\u00eb Muzik\u00ebs, ku do t\u00eb","robots":{"index":"index","follow":"follow","max-snippet":"max-snippet:-1","max-image-preview":"max-image-preview:large","max-video-preview":"max-video-preview:-1"},"canonical":"https:\/\/www.visit-ulcinj.com\/blog\/2013\/12\/23\/perurimi-numrit-jubilar-te-revistes-buzuku-40\/","og_locale":"en_US","og_type":"article","og_title":"P\u00ebrurimi i numrit jubilar t\u00eb revist\u00ebs BUZUKU 40 - Lajme nga Ulqini","og_description":"T\u00eb shtun\u00ebn, me 28 dhjetor 2013, n\u00eb or\u00ebn 18:00 n\u00eb Ulqin P\u00ebrurimi do t\u00eb mbahet n\u00eb nd\u00ebrtesen e Sht\u00ebpis\u00eb s\u00eb Kultur\u00ebs, salla e Shkoll\u00ebs s\u00eb Muzik\u00ebs, ku do t\u00eb","og_url":"https:\/\/www.visit-ulcinj.com\/blog\/2013\/12\/23\/perurimi-numrit-jubilar-te-revistes-buzuku-40\/","og_site_name":"Lajme nga Ulqini","article_published_time":"2013-12-23T09:27:11+00:00","twitter_misc":{"Written by":"ulqini"},"schema":{"@context":"https:\/\/schema.org","@graph":[{"@type":"WebSite","@id":"https:\/\/www.visit-ulcinj.com\/blog\/#website","url":"https:\/\/www.visit-ulcinj.com\/blog\/","name":"Lajme nga Ulqini","description":"Lajme,Vijesti,Ulqini,Ulqin,Crna Gora,Mali i Zi","potentialAction":[{"@type":"SearchAction","target":{"@type":"EntryPoint","urlTemplate":"https:\/\/www.visit-ulcinj.com\/blog\/?s={search_term_string}"},"query-input":"required name=search_term_string"}],"inLanguage":"en-US"},{"@type":"WebPage","@id":"https:\/\/www.visit-ulcinj.com\/blog\/2013\/12\/23\/perurimi-numrit-jubilar-te-revistes-buzuku-40\/#webpage","url":"https:\/\/www.visit-ulcinj.com\/blog\/2013\/12\/23\/perurimi-numrit-jubilar-te-revistes-buzuku-40\/","name":"P\u00ebrurimi i numrit jubilar t\u00eb revist\u00ebs BUZUKU 40 - Lajme nga Ulqini","isPartOf":{"@id":"https:\/\/www.visit-ulcinj.com\/blog\/#website"},"datePublished":"2013-12-23T09:27:11+00:00","dateModified":"2013-12-23T09:27:11+00:00","author":{"@id":"https:\/\/www.visit-ulcinj.com\/blog\/#\/schema\/person\/dcab619c614d3038751c63bc2aadc06d"},"description":"T\u00eb shtun\u00ebn, me 28 dhjetor 2013, n\u00eb or\u00ebn 18:00 n\u00eb Ulqin P\u00ebrurimi do t\u00eb mbahet n\u00eb nd\u00ebrtesen e Sht\u00ebpis\u00eb s\u00eb Kultur\u00ebs, salla e Shkoll\u00ebs s\u00eb Muzik\u00ebs, ku do t\u00eb","breadcrumb":{"@id":"https:\/\/www.visit-ulcinj.com\/blog\/2013\/12\/23\/perurimi-numrit-jubilar-te-revistes-buzuku-40\/#breadcrumb"},"inLanguage":"en-US","potentialAction":[{"@type":"ReadAction","target":["https:\/\/www.visit-ulcinj.com\/blog\/2013\/12\/23\/perurimi-numrit-jubilar-te-revistes-buzuku-40\/"]}]},{"@type":"BreadcrumbList","@id":"https:\/\/www.visit-ulcinj.com\/blog\/2013\/12\/23\/perurimi-numrit-jubilar-te-revistes-buzuku-40\/#breadcrumb","itemListElement":[{"@type":"ListItem","position":1,"name":"P\u00ebrurimi i numrit jubilar t\u00eb revist\u00ebs BUZUKU 40"}]},{"@type":"Person","@id":"https:\/\/www.visit-ulcinj.com\/blog\/#\/schema\/person\/dcab619c614d3038751c63bc2aadc06d","name":"ulqini","sameAs":["http:\/\/www.visit-ulcinj.com"],"url":"https:\/\/www.visit-ulcinj.com\/blog\/author\/admin\/"}]}},"jetpack_featured_media_url":"","jetpack_sharing_enabled":true,"jetpack_shortlink":"https:\/\/wp.me\/pe6lTn-k9r","_links":{"self":[{"href":"https:\/\/www.visit-ulcinj.com\/blog\/wp-json\/wp\/v2\/posts\/77465"}],"collection":[{"href":"https:\/\/www.visit-ulcinj.com\/blog\/wp-json\/wp\/v2\/posts"}],"about":[{"href":"https:\/\/www.visit-ulcinj.com\/blog\/wp-json\/wp\/v2\/types\/post"}],"author":[{"embeddable":true,"href":"https:\/\/www.visit-ulcinj.com\/blog\/wp-json\/wp\/v2\/users\/1"}],"replies":[{"embeddable":true,"href":"https:\/\/www.visit-ulcinj.com\/blog\/wp-json\/wp\/v2\/comments?post=77465"}],"version-history":[{"count":1,"href":"https:\/\/www.visit-ulcinj.com\/blog\/wp-json\/wp\/v2\/posts\/77465\/revisions"}],"predecessor-version":[{"id":77467,"href":"https:\/\/www.visit-ulcinj.com\/blog\/wp-json\/wp\/v2\/posts\/77465\/revisions\/77467"}],"wp:attachment":[{"href":"https:\/\/www.visit-ulcinj.com\/blog\/wp-json\/wp\/v2\/media?parent=77465"}],"wp:term":[{"taxonomy":"category","embeddable":true,"href":"https:\/\/www.visit-ulcinj.com\/blog\/wp-json\/wp\/v2\/categories?post=77465"},{"taxonomy":"post_tag","embeddable":true,"href":"https:\/\/www.visit-ulcinj.com\/blog\/wp-json\/wp\/v2\/tags?post=77465"}],"curies":[{"name":"wp","href":"https:\/\/api.w.org\/{rel}","templated":true}]}}